{"id":181619,"date":"2026-03-15T21:15:22","date_gmt":"2026-03-16T00:15:22","guid":{"rendered":"https:\/\/www.em.com.br\/emfoco\/?p=181619"},"modified":"2026-03-14T18:11:20","modified_gmt":"2026-03-14T21:11:20","slug":"o-que-significa-organizar-tudo-antes-de-dormir-segundo-a-psicologia","status":"publish","type":"post","link":"https:\/\/www.em.com.br\/emfoco\/2026\/03\/15\/o-que-significa-organizar-tudo-antes-de-dormir-segundo-a-psicologia\/","title":{"rendered":"O que significa organizar tudo antes de dormir, segundo a psicologia"},"content":{"rendered":"\n<p>Voc\u00ea j\u00e1 reparou como algumas pessoas s\u00f3 conseguem relaxar depois de deixar tudo em ordem antes de dormir? Arrumar a casa, separar a roupa do dia seguinte, checar a agenda e at\u00e9 limpar a mesa viraram pequenos rituais noturnos. Para muita gente, isso traz uma sensa\u00e7\u00e3o de <b>seguran\u00e7a<\/b> e de que o pr\u00f3ximo dia vai come\u00e7ar com mais <b>tranquilidade<\/b>.<\/p>\n\n\n\n<h2 class=\"wp-block-heading\">O que significa organizar tudo antes de dormir na pr\u00e1tica<\/h2>\n\n\n\n<p>Do ponto de vista do dia a dia, <b>organizar tudo<\/b> antes de dormir \u00e9 uma forma de diminuir as <b>incertezas<\/b>. Ao deixar objetos no lugar, planejar hor\u00e1rios e prever compromissos, a pessoa reduz decis\u00f5es logo ao acordar, quando ainda est\u00e1 com a mente mais lenta e a <b>aten\u00e7\u00e3o<\/b> meio sonolenta.<\/p>\n\n\n\n<p>Geralmente isso envolve tr\u00eas dimens\u00f5es: <b>ambiente<\/b>, tempo e pensamentos. No ambiente, \u00e9 arrumar quarto, cozinha ou local de trabalho; no tempo, definir prioridades e hor\u00e1rios; na mente, revisar o dia, anotar pend\u00eancias e imaginar os pr\u00f3ximos passos com mais <b>clareza<\/b> e leveza.<\/p>\n\n\n\n<figure class=\"wp-block-embed is-type-rich is-provider-pinterest wp-block-embed-pinterest\"><div class=\"wp-block-embed__wrapper\">\n<iframe loading=\"lazy\" title=\"Como dormir menos de 1 MINUTO\" src=\"https:\/\/assets.pinterest.com\/ext\/embed.html?id=326018460543154123&#038;src=oembed\" height=\"899\" width=\"450\" frameborder=\"0\" scrolling=\"no\" ><\/iframe>\n<\/div><\/figure>\n\n\n\n<p>Leia tamb\u00e9m:&nbsp;<a href=\"https:\/\/www.em.com.br\/emfoco\/2026\/03\/14\/o-que-significa-guardar-objetos-antigos-que-ninguem-mais-usa-segundo-a-psicologia\/\" target=\"_blank\" rel=\"noopener\">O que significa guardar objetos antigos que ningu\u00e9m mais usa, segundo a psicologia<\/a><\/p>\n\n\n\n<h2 class=\"wp-block-heading\">Por que o c\u00e9rebro gosta de organiza\u00e7\u00e3o \u00e0 noite<\/h2>\n\n\n\n<p>Nos bastidores, o c\u00e9rebro adora economizar <b>energia<\/b>. Quando voc\u00ea organiza tudo antes de dormir, diminui o \u201cru\u00eddo mental\u201d, ou seja, o monte de pequenas coisas abertas que ficam girando na <b>cabe\u00e7a<\/b>. Menos est\u00edmulos competindo pela aten\u00e7\u00e3o significam menos esfor\u00e7o e mais espa\u00e7o para <b>descansar<\/b>.<\/p>\n\n\n\n<p>Um ambiente muito bagun\u00e7ado pode aumentar a sensa\u00e7\u00e3o de peso interno, especialmente em quem j\u00e1 est\u00e1 <b>estressado<\/b>. Em contrapartida, um cen\u00e1rio mais organizado passa a impress\u00e3o de que as coisas est\u00e3o sob controle, o que ajuda o corpo a relaxar e a mente a se preparar para um sono mais <b>profundo<\/b>.<\/p>\n\n\n\n<p>Para voc\u00ea que sofre antes de dormir, separamos um v\u00eddeo do canal <a href=\"https:\/\/www.youtube.com\/@CienciaTodoDia\" target=\"_blank\" rel=\"noreferrer noopener\">Ci\u00eancia Todo Dia<\/a> com dicas para seguir para melhorar seu sono:<\/p>\n\n\n\n<figure class=\"wp-block-embed is-type-video is-provider-youtube wp-block-embed-youtube wp-embed-aspect-16-9 wp-has-aspect-ratio\"><div class=\"wp-block-embed__wrapper\">\n<div class=\"jeg_video_container jeg_video_content\"><iframe loading=\"lazy\" title=\"Como dormir melhor... de acordo com a ci\u00eancia\" width=\"500\" height=\"281\" src=\"https:\/\/www.youtube.com\/embed\/xSYkc9J8UjU?feature=oembed\" frameborder=\"0\" allow=\"accelerometer; autoplay; clipboard-write; encrypted-media; gyroscope; picture-in-picture; web-share\" referrerpolicy=\"strict-origin-when-cross-origin\" allowfullscreen><\/iframe><\/div>\n<\/div><\/figure>\n\n\n\n<h2 class=\"wp-block-heading\">Organizar tudo antes de dormir faz bem ou \u00e9 sinal de ansiedade<\/h2>\n\n\n\n<p>Organizar a noite n\u00e3o \u00e9, por si s\u00f3, um problema; na verdade, pode ser um h\u00e1bito bem <b>saud\u00e1vel<\/b>. Ele ajuda na gest\u00e3o do tempo, melhora a qualidade do sono e d\u00e1 uma sensa\u00e7\u00e3o de preparo, especialmente para quem acorda j\u00e1 com muitas <b>responsabilidades<\/b> na cabe\u00e7a e precisa de um pouco mais de estrutura.<\/p>\n\n\n\n<p>O cuidado come\u00e7a quando essa rotina vira algo r\u00edgido e inflex\u00edvel, gerando ang\u00fastia se algo foge do previsto. Se a pessoa sente muito <b>medo<\/b> de errar, precisa arrumar tudo \u201cperfeitamente\u201d ou fica tensa quando n\u00e3o consegue, pode haver um componente ansioso que vale observar com mais <b>aten\u00e7\u00e3o<\/b>.<\/p>\n\n\n\n<figure class=\"wp-block-embed is-type-rich is-provider-pinterest wp-block-embed-pinterest\"><div class=\"wp-block-embed__wrapper\">\n<iframe loading=\"lazy\" title=\"Ansiedade Noturna: O que \u00e9, Sintomas, Causas e Tratamento\" src=\"https:\/\/assets.pinterest.com\/ext\/embed.html?id=10977592834022185&#038;src=oembed\" height=\"791\" width=\"450\" frameborder=\"0\" scrolling=\"no\" ><\/iframe>\n<\/div><\/figure>\n\n\n\n<h2 class=\"wp-block-heading\">Como aplicar o h\u00e1bito de forma saud\u00e1vel no dia a dia<\/h2>\n\n\n\n<p>Para que esse ritual seja um aliado e n\u00e3o um peso, \u00e9 importante mant\u00ea-lo com <b>flexibilidade<\/b>. Em vez de tentar deixar tudo impec\u00e1vel, vale focar em poucos pontos que realmente fazem diferen\u00e7a na <b>rotina<\/b> e criar um clima de encerramento de dia, mais gentil e menos cobrador com voc\u00ea <b>mesmo<\/b>.<\/p>\n\n\n\n<p>Uma forma pr\u00e1tica de come\u00e7ar ou ajustar esse costume \u00e9 usar uma pequena lista de a\u00e7\u00f5es simples, que caibam na sua realidade sem virar mais uma fonte de <b>cobran\u00e7a<\/b> interna:<\/p>\n\n\n\n<ul class=\"wp-block-list\">\n<li>Separar a roupa e os principais objetos do dia seguinte, como chaves e carteira.<\/li>\n\n\n\n<li>Anotar de forma simples de duas a tr\u00eas tarefas importantes da manh\u00e3.<\/li>\n\n\n\n<li>Dar uma r\u00e1pida organizada nos ambientes que mais usa ao acordar.<\/li>\n\n\n\n<li>Encerrar com algo relaxante, como leitura leve, alongamento ou respira\u00e7\u00e3o.<\/li>\n<\/ul>\n","protected":false},"excerpt":{"rendered":"<p>Voc\u00ea j\u00e1 reparou como algumas pessoas s\u00f3 conseguem relaxar depois de deixar tudo em ordem antes de dormir? Arrumar a casa, separar a roupa do dia seguinte, checar a agenda e at\u00e9 limpar a mesa viraram pequenos rituais noturnos. Para muita gente, isso traz uma sensa\u00e7\u00e3o de seguran\u00e7a e de que o pr\u00f3ximo dia vai [&hellip;]<\/p>\n","protected":false},"author":9,"featured_media":172133,"comment_status":"open","ping_status":"open","sticky":false,"template":"","format":"standard","meta":{"jnews-multi-image_gallery":[],"jnews_single_post":{"format":"standard"},"jnews_primary_category":[],"jnews_social_meta":[],"jnews_override_counter":[],"footnotes":""},"categories":[8819,1],"tags":[4983,5950,5155],"class_list":["post-181619","post","type-post","status-publish","format-standard","has-post-thumbnail","hentry","category-curiosidades","category-noticias","tag-comportamento","tag-dormir","tag-psicologia"],"yoast_head":"<!-- This site is optimized with the Yoast SEO plugin v23.8 - https:\/\/yoast.com\/wordpress\/plugins\/seo\/ -->\n<title>O que significa organizar tudo antes de dormir, segundo a psicologia - Estado de Minas - Em foco<\/title>\n<meta name=\"description\" content=\"Descubra como organizar sua rotina \u00e0 noite acalma o c\u00e9rebro, reduz decis\u00f5es matinais e garante um sono melhor.\" \/>\n<meta name=\"robots\" content=\"index, follow, max-snippet:-1, max-image-preview:large, max-video-preview:-1\" \/>\n<link rel=\"canonical\" href=\"https:\/\/www.em.com.br\/emfoco\/2026\/03\/15\/o-que-significa-organizar-tudo-antes-de-dormir-segundo-a-psicologia\/\" \/>\n<meta property=\"og:locale\" content=\"pt_BR\" \/>\n<meta property=\"og:type\" content=\"article\" \/>\n<meta property=\"og:title\" content=\"O que significa organizar tudo antes de dormir, segundo a psicologia - Estado de Minas - Em foco\" \/>\n<meta property=\"og:description\" content=\"Descubra como organizar sua rotina \u00e0 noite acalma o c\u00e9rebro, reduz decis\u00f5es matinais e garante um sono melhor.\" \/>\n<meta property=\"og:url\" content=\"https:\/\/www.em.com.br\/emfoco\/2026\/03\/15\/o-que-significa-organizar-tudo-antes-de-dormir-segundo-a-psicologia\/\" \/>\n<meta property=\"og:site_name\" content=\"Estado de Minas - Em foco\" \/>\n<meta property=\"article:published_time\" content=\"2026-03-16T00:15:22+00:00\" \/>\n<meta property=\"article:modified_time\" content=\"2026-03-14T21:11:20+00:00\" \/>\n<meta property=\"og:image\" content=\"https:\/\/www.em.com.br\/emfoco\/wp-content\/uploads\/2026\/02\/Gemini_Generated_Image_a41d8ba41d8ba41d-1.png\" \/>\n\t<meta property=\"og:image:width\" content=\"1280\" \/>\n\t<meta property=\"og:image:height\" content=\"720\" \/>\n\t<meta property=\"og:image:type\" content=\"image\/png\" \/>\n<meta name=\"author\" content=\"Daniely Cardoso\" \/>\n<meta name=\"twitter:card\" content=\"summary_large_image\" \/>\n<meta name=\"twitter:label1\" content=\"Escrito por\" \/>\n\t<meta name=\"twitter:data1\" content=\"Daniely Cardoso\" \/>\n\t<meta name=\"twitter:label2\" content=\"Est. tempo de leitura\" \/>\n\t<meta name=\"twitter:data2\" content=\"4 minutos\" \/>\n<!-- \/ Yoast SEO plugin. -->","yoast_head_json":{"title":"O que significa organizar tudo antes de dormir, segundo a psicologia - Estado de Minas - Em foco","description":"Descubra como organizar sua rotina \u00e0 noite acalma o c\u00e9rebro, reduz decis\u00f5es matinais e garante um sono melhor.","robots":{"index":"index","follow":"follow","max-snippet":"max-snippet:-1","max-image-preview":"max-image-preview:large","max-video-preview":"max-video-preview:-1"},"canonical":"https:\/\/www.em.com.br\/emfoco\/2026\/03\/15\/o-que-significa-organizar-tudo-antes-de-dormir-segundo-a-psicologia\/","og_locale":"pt_BR","og_type":"article","og_title":"O que significa organizar tudo antes de dormir, segundo a psicologia - Estado de Minas - Em foco","og_description":"Descubra como organizar sua rotina \u00e0 noite acalma o c\u00e9rebro, reduz decis\u00f5es matinais e garante um sono melhor.","og_url":"https:\/\/www.em.com.br\/emfoco\/2026\/03\/15\/o-que-significa-organizar-tudo-antes-de-dormir-segundo-a-psicologia\/","og_site_name":"Estado de Minas - Em foco","article_published_time":"2026-03-16T00:15:22+00:00","article_modified_time":"2026-03-14T21:11:20+00:00","og_image":[{"width":1280,"height":720,"url":"https:\/\/www.em.com.br\/emfoco\/wp-content\/uploads\/2026\/02\/Gemini_Generated_Image_a41d8ba41d8ba41d-1.png","type":"image\/png"}],"author":"Daniely Cardoso","twitter_card":"summary_large_image","twitter_misc":{"Escrito por":"Daniely Cardoso","Est. tempo de leitura":"4 minutos"},"schema":{"@context":"https:\/\/schema.org","@graph":[{"@type":"WebPage","@id":"https:\/\/www.em.com.br\/emfoco\/2026\/03\/15\/o-que-significa-organizar-tudo-antes-de-dormir-segundo-a-psicologia\/","url":"https:\/\/www.em.com.br\/emfoco\/2026\/03\/15\/o-que-significa-organizar-tudo-antes-de-dormir-segundo-a-psicologia\/","name":"O que significa organizar tudo antes de dormir, segundo a psicologia - Estado de Minas - Em foco","isPartOf":{"@id":"https:\/\/www.em.com.br\/emfoco\/#website"},"primaryImageOfPage":{"@id":"https:\/\/www.em.com.br\/emfoco\/2026\/03\/15\/o-que-significa-organizar-tudo-antes-de-dormir-segundo-a-psicologia\/#primaryimage"},"image":{"@id":"https:\/\/www.em.com.br\/emfoco\/2026\/03\/15\/o-que-significa-organizar-tudo-antes-de-dormir-segundo-a-psicologia\/#primaryimage"},"thumbnailUrl":"https:\/\/www.em.com.br\/emfoco\/wp-content\/uploads\/2026\/02\/Gemini_Generated_Image_a41d8ba41d8ba41d-1.png","datePublished":"2026-03-16T00:15:22+00:00","dateModified":"2026-03-14T21:11:20+00:00","author":{"@id":"https:\/\/www.em.com.br\/emfoco\/#\/schema\/person\/0a8186d72f2c3a5c6276d90b41f271a0"},"description":"Descubra como organizar sua rotina \u00e0 noite acalma o c\u00e9rebro, reduz decis\u00f5es matinais e garante um sono melhor.","breadcrumb":{"@id":"https:\/\/www.em.com.br\/emfoco\/2026\/03\/15\/o-que-significa-organizar-tudo-antes-de-dormir-segundo-a-psicologia\/#breadcrumb"},"inLanguage":"pt-BR","potentialAction":[{"@type":"ReadAction","target":["https:\/\/www.em.com.br\/emfoco\/2026\/03\/15\/o-que-significa-organizar-tudo-antes-de-dormir-segundo-a-psicologia\/"]}]},{"@type":"ImageObject","inLanguage":"pt-BR","@id":"https:\/\/www.em.com.br\/emfoco\/2026\/03\/15\/o-que-significa-organizar-tudo-antes-de-dormir-segundo-a-psicologia\/#primaryimage","url":"https:\/\/www.em.com.br\/emfoco\/wp-content\/uploads\/2026\/02\/Gemini_Generated_Image_a41d8ba41d8ba41d-1.png","contentUrl":"https:\/\/www.em.com.br\/emfoco\/wp-content\/uploads\/2026\/02\/Gemini_Generated_Image_a41d8ba41d8ba41d-1.png","width":1280,"height":720,"caption":"Muita gente escolhe esse hor\u00e1rio n\u00e3o por ter \u201cmania de limpeza\u201d, mas porque \u00e9 o \u00fanico momento em que a casa est\u00e1 calma"},{"@type":"BreadcrumbList","@id":"https:\/\/www.em.com.br\/emfoco\/2026\/03\/15\/o-que-significa-organizar-tudo-antes-de-dormir-segundo-a-psicologia\/#breadcrumb","itemListElement":[{"@type":"ListItem","position":1,"name":"In\u00edcio","item":"https:\/\/www.em.com.br\/emfoco\/"},{"@type":"ListItem","position":2,"name":"O que significa organizar tudo antes de dormir, segundo a psicologia"}]},{"@type":"WebSite","@id":"https:\/\/www.em.com.br\/emfoco\/#website","url":"https:\/\/www.em.com.br\/emfoco\/","name":"Estado de Minas - Em foco","description":"Acompanhe as \u00faltimas not\u00edcias e fique bem informado sobre tudo o que acontece em Minas Gerais, Brasil e no mundo.","potentialAction":[{"@type":"SearchAction","target":{"@type":"EntryPoint","urlTemplate":"https:\/\/www.em.com.br\/emfoco\/?s={search_term_string}"},"query-input":{"@type":"PropertyValueSpecification","valueRequired":true,"valueName":"search_term_string"}}],"inLanguage":"pt-BR"},{"@type":"Person","@id":"https:\/\/www.em.com.br\/emfoco\/#\/schema\/person\/0a8186d72f2c3a5c6276d90b41f271a0","name":"Daniely Cardoso","image":{"@type":"ImageObject","inLanguage":"pt-BR","@id":"https:\/\/www.em.com.br\/emfoco\/#\/schema\/person\/image\/","url":"https:\/\/secure.gravatar.com\/avatar\/4b80ddbd124d1f071b626d52d62e5dff?s=96&d=mm&r=g","contentUrl":"https:\/\/secure.gravatar.com\/avatar\/4b80ddbd124d1f071b626d52d62e5dff?s=96&d=mm&r=g","caption":"Daniely Cardoso"},"url":"https:\/\/www.em.com.br\/emfoco\/author\/danielymyth\/"}]}},"_links":{"self":[{"href":"https:\/\/www.em.com.br\/emfoco\/wp-json\/wp\/v2\/posts\/181619","targetHints":{"allow":["GET"]}}],"collection":[{"href":"https:\/\/www.em.com.br\/emfoco\/wp-json\/wp\/v2\/posts"}],"about":[{"href":"https:\/\/www.em.com.br\/emfoco\/wp-json\/wp\/v2\/types\/post"}],"author":[{"embeddable":true,"href":"https:\/\/www.em.com.br\/emfoco\/wp-json\/wp\/v2\/users\/9"}],"replies":[{"embeddable":true,"href":"https:\/\/www.em.com.br\/emfoco\/wp-json\/wp\/v2\/comments?post=181619"}],"version-history":[{"count":2,"href":"https:\/\/www.em.com.br\/emfoco\/wp-json\/wp\/v2\/posts\/181619\/revisions"}],"predecessor-version":[{"id":181706,"href":"https:\/\/www.em.com.br\/emfoco\/wp-json\/wp\/v2\/posts\/181619\/revisions\/181706"}],"wp:featuredmedia":[{"embeddable":true,"href":"https:\/\/www.em.com.br\/emfoco\/wp-json\/wp\/v2\/media\/172133"}],"wp:attachment":[{"href":"https:\/\/www.em.com.br\/emfoco\/wp-json\/wp\/v2\/media?parent=181619"}],"wp:term":[{"taxonomy":"category","embeddable":true,"href":"https:\/\/www.em.com.br\/emfoco\/wp-json\/wp\/v2\/categories?post=181619"},{"taxonomy":"post_tag","embeddable":true,"href":"https:\/\/www.em.com.br\/emfoco\/wp-json\/wp\/v2\/tags?post=181619"}],"curies":[{"name":"wp","href":"https:\/\/api.w.org\/{rel}","templated":true}]}}