{"id":181614,"date":"2026-03-15T20:45:10","date_gmt":"2026-03-15T23:45:10","guid":{"rendered":"https:\/\/www.em.com.br\/emfoco\/?p=181614"},"modified":"2026-03-14T18:02:56","modified_gmt":"2026-03-14T21:02:56","slug":"o-ouro-liquido-natural-que-suaviza-as-manchas-de-idade-e-devolve-o-vico-a-pele","status":"publish","type":"post","link":"https:\/\/www.em.com.br\/emfoco\/2026\/03\/15\/o-ouro-liquido-natural-que-suaviza-as-manchas-de-idade-e-devolve-o-vico-a-pele\/","title":{"rendered":"O ouro l\u00edquido natural que suaviza as manchas de idade e devolve o vi\u00e7o \u00e0 pele"},"content":{"rendered":"\n<p>Voc\u00ea j\u00e1 se olhou no espelho, notou novas linhas ou manchas e pensou em algo mais natural para cuidar da pele? O <strong>\u00f3leo de rosa<\/strong> mosqueta vem ganhando espa\u00e7o justamente por isso: \u00e9 um aliado simples, mas poderoso, para quem tem pele madura e quer mais vi\u00e7o, maciez e um tom mais <strong>uniforme<\/strong>, sem depender apenas de tratamentos agressivos.<\/p>\n\n\n\n<h2 class=\"wp-block-heading\">O que \u00e9 o \u00f3leo de rosa mosqueta e por que ele chama tanta aten\u00e7\u00e3o<\/h2>\n\n\n\n<p>O <strong>\u00f3leo de<\/strong> rosa mosqueta \u00e9 extra\u00eddo das sementes de arbustos do g\u00eanero <strong>Rosa rubiginosa<\/strong>, geralmente cultivados em regi\u00f5es frias ou de clima mais ameno. Ele ficou famoso por ser rico em \u00e1cidos graxos essenciais, vitaminas e antioxidantes que nutrem e ajudam na recupera\u00e7\u00e3o da <strong>pele<\/strong>.<\/p>\n\n\n\n<p>Em vez de agir s\u00f3 na superf\u00edcie, esse \u00f3leo apoia processos internos de regenera\u00e7\u00e3o, favorecendo a renova\u00e7\u00e3o <strong>celular<\/strong> e a hidrata\u00e7\u00e3o. Por isso muitas pessoas o chamam de \u201couro l\u00edquido\u201d, j\u00e1 que ele pode deixar a pele com apar\u00eancia mais <strong>descansada<\/strong>, macia e luminosa com o uso constante.<\/p>\n\n\n\n<figure class=\"wp-block-embed is-type-rich is-provider-pinterest wp-block-embed-pinterest\"><div class=\"wp-block-embed__wrapper\">\n<iframe loading=\"lazy\" title=\"3 Formas de usar o \u00d3leo de Rosa Mosqueta e seus benef\u00edcios para a pele e cabelo!\" src=\"https:\/\/assets.pinterest.com\/ext\/embed.html?id=924293523534022939&#038;src=oembed\" height=\"899\" width=\"450\" frameborder=\"0\" scrolling=\"no\" ><\/iframe>\n<\/div><\/figure>\n\n\n\n<p>Leia tamb\u00e9m:&nbsp;<a href=\"https:\/\/www.em.com.br\/emfoco\/2026\/03\/09\/unhas-descamando-e-quebrando-conheca-a-receita-natural-que-ganhou-espaco-no-autocuidado-e-esta-salvando-unhas-fracas\/\" target=\"_blank\" rel=\"noopener\">Unhas descamando e quebrando? Conhe\u00e7a a receita natural que ganhou espa\u00e7o no autocuidado e est\u00e1 salvando unhas fracas<\/a><\/p>\n\n\n\n<h2 class=\"wp-block-heading\">Como o \u00f3leo de rosa mosqueta ajuda nas manchas e na elasticidade da pele<\/h2>\n\n\n\n<p>As manchas senis, tamb\u00e9m chamadas de manchas de idade, costumam aparecer em \u00e1reas que pegaram muito sol, como rosto e <strong>m\u00e3os<\/strong>. O \u00f3leo de rosa mosqueta n\u00e3o \u00e9 um clareador forte como alguns ativos de farm\u00e1cia, mas pode ajudar a suavizar e uniformizar o tom da <strong>pele<\/strong> quando usado com regularidade e sempre junto ao protetor solar.<\/p>\n\n\n\n<p>Com o passar dos anos, a pele perde firmeza porque h\u00e1 queda na produ\u00e7\u00e3o de col\u00e1geno e <strong>elastina<\/strong>. O \u00f3leo ajuda oferecendo nutrientes que participam desses processos e melhorando a <strong>hidrata\u00e7\u00e3o<\/strong> profunda, o que deixa o rosto com apar\u00eancia mais lisa, com menos linhas aparentes e um toque mais sedoso.<\/p>\n\n\n\n<figure class=\"wp-block-embed is-type-rich is-provider-pinterest wp-block-embed-pinterest\"><div class=\"wp-block-embed__wrapper\">\n<iframe loading=\"lazy\" title=\"#Cicatrizes #PeleRenovada#OleodeRosaMosqueta #Estrias #Manchas\" src=\"https:\/\/assets.pinterest.com\/ext\/embed.html?id=906419862511435437&#038;src=oembed\" height=\"899\" width=\"450\" frameborder=\"0\" scrolling=\"no\" ><\/iframe>\n<\/div><\/figure>\n\n\n\n<h2 class=\"wp-block-heading\">Como incluir o \u00f3leo de rosa mosqueta na sua rotina de cuidados di\u00e1rios<\/h2>\n\n\n\n<p>Se voc\u00ea nunca usou \u00f3leos no rosto, \u00e9 interessante come\u00e7ar devagar, observando como a pele <strong>reage<\/strong>. A recomenda\u00e7\u00e3o mais comum \u00e9 aplicar o \u00f3leo \u00e0 noite, com a pele limpa, para aproveitar o momento em que o corpo naturalmente se dedica mais \u00e0 <strong>regenera\u00e7\u00e3o<\/strong> e ao descanso.<\/p>\n\n\n\n<p>Algumas pessoas preferem usar o \u00f3leo puro, enquanto outras misturam algumas gotas ao hidratante favorito para facilitar a adapta\u00e7\u00e3o, especialmente em peles mais <strong>sens\u00edveis<\/strong> ou oleosas. Em qualquer caso, o ideal \u00e9 ir testando quantidades menores at\u00e9 encontrar o ponto em que a pele fica nutrida, mas sem ficar <strong>pegajosa<\/strong>.<\/p>\n\n\n\n<ol class=\"wp-block-list\">\n<li><strong>Limpeza suave:<\/strong> iniciar com um sabonete adequado ao tipo de pele, evitando produtos muito agressivos que deixem o rosto repuxando e sem <strong>conforto<\/strong>.<\/li>\n\n\n\n<li><strong>T\u00f4nico ou lo\u00e7\u00e3o leve (opcional):<\/strong> preparar a pele para receber o \u00f3leo de rosa <strong>mosqueta<\/strong>, ajudando na absor\u00e7\u00e3o e deixando o toque mais macio.<\/li>\n\n\n\n<li><strong>Aplica\u00e7\u00e3o do \u00f3leo:<\/strong> pingar de 2 a 4 gotas nas m\u00e3os, aquecer levemente entre os dedos e espalhar com movimentos suaves no rosto, pesco\u00e7o e, se quiser, nas <strong>m\u00e3os<\/strong>.<\/li>\n\n\n\n<li><strong>Protetor solar de manh\u00e3:<\/strong> em uso diurno, sempre combinar o \u00f3leo com filtro solar de amplo <strong>espectro<\/strong>, evitando o surgimento de novas manchas e protegendo o que j\u00e1 melhorou.<\/li>\n<\/ol>\n\n\n\n<p>Para voc\u00ea que gosta de se cuidar, separamos um v\u00eddeo do canal do <a href=\"https:\/\/www.youtube.com\/@drlucasfustinoni\" target=\"_blank\" rel=\"noreferrer noopener\">Dr Lucas Fustinoni<\/a> com dicas de uso e os reais benef\u00edcios do \u00f3leo de rosa mosqueta:<\/p>\n\n\n\n<figure class=\"wp-block-embed is-type-video is-provider-youtube wp-block-embed-youtube wp-embed-aspect-16-9 wp-has-aspect-ratio\"><div class=\"wp-block-embed__wrapper\">\n<div class=\"jeg_video_container jeg_video_content\"><iframe loading=\"lazy\" title=\"\u00d3leo de rosa mosqueta realmente funciona? O que diz a ci\u00eancia!\" width=\"500\" height=\"281\" src=\"https:\/\/www.youtube.com\/embed\/Lr_i70jxYAQ?start=5&#038;feature=oembed\" frameborder=\"0\" allow=\"accelerometer; autoplay; clipboard-write; encrypted-media; gyroscope; picture-in-picture; web-share\" referrerpolicy=\"strict-origin-when-cross-origin\" allowfullscreen><\/iframe><\/div>\n<\/div><\/figure>\n\n\n\n<h2 class=\"wp-block-heading\">Quais cuidados s\u00e3o importantes ao usar o \u00f3leo de rosa mosqueta<\/h2>\n\n\n\n<p>Mesmo sendo um produto natural, o \u00f3leo de rosa mosqueta n\u00e3o substitui acompanhamento m\u00e9dico em casos de problemas de pele mais s\u00e9rios. Em manchas muito <strong>escuras<\/strong>, melasma resistente, ros\u00e1cea ativa ou acne inflamada, \u00e9 importante conversar com um dermatologista para entender se esse tipo de \u00f3leo \u00e9 adequado para a sua <strong>realidade<\/strong>.<\/p>\n\n\n\n<p>Tamb\u00e9m vale fazer um teste de sensibilidade em uma pequena \u00e1rea antes do uso cont\u00ednuo, principalmente se voc\u00ea j\u00e1 teve alergias ou <strong>dermatites<\/strong>. A pele madura costuma responder melhor a cuidados consistentes e suaves, em vez de mudan\u00e7as bruscas ou excesso de produtos ao mesmo <strong>tempo<\/strong>.<\/p>\n\n\n\n<figure class=\"wp-block-embed is-type-rich is-provider-pinterest wp-block-embed-pinterest\"><div class=\"wp-block-embed__wrapper\">\n<iframe loading=\"lazy\" title=\"Nada como um reset para o final de semana n\u00e9, minha deusa!? \ud83d\udcab Voc\u00ea encontra o \u00f3leo de rosa mosqueta da @musqueeherbarium no site da marca musquee.com.br ou nas melhores farm\u00e1cias do Brasil. \u2764\ufe0f\ud83c\udff7\ufe0f Use o cupom ERIKA e garanta 10% off nas suas compras pelo site. P u b l i | #dicasdebeleza #cabelosaudavel #umecta\u00e7\u00e3ocapilar #glowup #banhopremium\" src=\"https:\/\/assets.pinterest.com\/ext\/embed.html?id=562950022193072896&#038;src=oembed\" height=\"899\" width=\"450\" frameborder=\"0\" scrolling=\"no\" ><\/iframe>\n<\/div><\/figure>\n\n\n\n<h2 class=\"wp-block-heading\">Como escolher um bom \u00f3leo de rosa mosqueta para a pele madura<\/h2>\n\n\n\n<p>Para aproveitar ao m\u00e1ximo os benef\u00edcios desse \u201couro l\u00edquido\u201d, \u00e9 fundamental observar a <strong>qualidade<\/strong> do produto. Sempre que poss\u00edvel, d\u00ea prefer\u00eancia a \u00f3leo de rosa mosqueta 100% puro, prensado a frio, sem fragr\u00e2ncias artificiais e armazenado em embalagem escura para proteger os <strong>nutrientes<\/strong>.<\/p>\n\n\n\n<p>Na rotina da pele madura, ele entra como um refor\u00e7o de hidrata\u00e7\u00e3o e regenera\u00e7\u00e3o, em conjunto com limpeza delicada, protetor solar di\u00e1rio e, quando necess\u00e1rio, tratamentos indicados pelo <strong>m\u00e9dico<\/strong>. Assim, o \u00f3leo de rosa mosqueta se torna um aliado constante no cuidado com manchas, elasticidade e outros sinais naturais do <strong>envelhecimento<\/strong>.<\/p>\n","protected":false},"excerpt":{"rendered":"<p>Voc\u00ea j\u00e1 se olhou no espelho, notou novas linhas ou manchas e pensou em algo mais natural para cuidar da pele? O \u00f3leo de rosa mosqueta vem ganhando espa\u00e7o justamente por isso: \u00e9 um aliado simples, mas poderoso, para quem tem pele madura e quer mais vi\u00e7o, maciez e um tom mais uniforme, sem depender [&hellip;]<\/p>\n","protected":false},"author":9,"featured_media":141417,"comment_status":"open","ping_status":"open","sticky":false,"template":"","format":"standard","meta":{"jnews-multi-image_gallery":[],"jnews_single_post":{"format":"standard"},"jnews_primary_category":[],"jnews_social_meta":[],"jnews_override_counter":[],"footnotes":""},"categories":[8819,1],"tags":[22121,26203,17448,22195],"class_list":["post-181614","post","type-post","status-publish","format-standard","has-post-thumbnail","hentry","category-curiosidades","category-noticias","tag-auto-cuidado","tag-oleo-de-pele","tag-produto-natural","tag-rosa-mosqueta"],"yoast_head":"<!-- This site is optimized with the Yoast SEO plugin v23.8 - https:\/\/yoast.com\/wordpress\/plugins\/seo\/ -->\n<title>O ouro l\u00edquido natural que suaviza as manchas de idade e devolve o vi\u00e7o \u00e0 pele - Estado de Minas - Em foco<\/title>\n<meta name=\"description\" content=\"Descubra como o \u00f3leo de rosa mosqueta suaviza manchas e devolve a firmeza da pele madura de forma natural.\" \/>\n<meta name=\"robots\" content=\"index, follow, max-snippet:-1, max-image-preview:large, max-video-preview:-1\" \/>\n<link rel=\"canonical\" href=\"https:\/\/www.em.com.br\/emfoco\/2026\/03\/15\/o-ouro-liquido-natural-que-suaviza-as-manchas-de-idade-e-devolve-o-vico-a-pele\/\" \/>\n<meta property=\"og:locale\" content=\"pt_BR\" \/>\n<meta property=\"og:type\" content=\"article\" \/>\n<meta property=\"og:title\" content=\"O ouro l\u00edquido natural que suaviza as manchas de idade e devolve o vi\u00e7o \u00e0 pele - Estado de Minas - Em foco\" \/>\n<meta property=\"og:description\" content=\"Descubra como o \u00f3leo de rosa mosqueta suaviza manchas e devolve a firmeza da pele madura de forma natural.\" \/>\n<meta property=\"og:url\" content=\"https:\/\/www.em.com.br\/emfoco\/2026\/03\/15\/o-ouro-liquido-natural-que-suaviza-as-manchas-de-idade-e-devolve-o-vico-a-pele\/\" \/>\n<meta property=\"og:site_name\" content=\"Estado de Minas - Em foco\" \/>\n<meta property=\"article:published_time\" content=\"2026-03-15T23:45:10+00:00\" \/>\n<meta property=\"article:modified_time\" content=\"2026-03-14T21:02:56+00:00\" \/>\n<meta property=\"og:image\" content=\"https:\/\/www.em.com.br\/emfoco\/wp-content\/uploads\/2025\/12\/Gemini_Generated_Image_55gpgt55gpgt55gp-1.png\" \/>\n\t<meta property=\"og:image:width\" content=\"1280\" \/>\n\t<meta property=\"og:image:height\" content=\"720\" \/>\n\t<meta property=\"og:image:type\" content=\"image\/png\" \/>\n<meta name=\"author\" content=\"Daniely Cardoso\" \/>\n<meta name=\"twitter:card\" content=\"summary_large_image\" \/>\n<meta name=\"twitter:label1\" content=\"Escrito por\" \/>\n\t<meta name=\"twitter:data1\" content=\"Daniely Cardoso\" \/>\n\t<meta name=\"twitter:label2\" content=\"Est. tempo de leitura\" \/>\n\t<meta name=\"twitter:data2\" content=\"5 minutos\" \/>\n<!-- \/ Yoast SEO plugin. -->","yoast_head_json":{"title":"O ouro l\u00edquido natural que suaviza as manchas de idade e devolve o vi\u00e7o \u00e0 pele - Estado de Minas - Em foco","description":"Descubra como o \u00f3leo de rosa mosqueta suaviza manchas e devolve a firmeza da pele madura de forma natural.","robots":{"index":"index","follow":"follow","max-snippet":"max-snippet:-1","max-image-preview":"max-image-preview:large","max-video-preview":"max-video-preview:-1"},"canonical":"https:\/\/www.em.com.br\/emfoco\/2026\/03\/15\/o-ouro-liquido-natural-que-suaviza-as-manchas-de-idade-e-devolve-o-vico-a-pele\/","og_locale":"pt_BR","og_type":"article","og_title":"O ouro l\u00edquido natural que suaviza as manchas de idade e devolve o vi\u00e7o \u00e0 pele - Estado de Minas - Em foco","og_description":"Descubra como o \u00f3leo de rosa mosqueta suaviza manchas e devolve a firmeza da pele madura de forma natural.","og_url":"https:\/\/www.em.com.br\/emfoco\/2026\/03\/15\/o-ouro-liquido-natural-que-suaviza-as-manchas-de-idade-e-devolve-o-vico-a-pele\/","og_site_name":"Estado de Minas - Em foco","article_published_time":"2026-03-15T23:45:10+00:00","article_modified_time":"2026-03-14T21:02:56+00:00","og_image":[{"width":1280,"height":720,"url":"https:\/\/www.em.com.br\/emfoco\/wp-content\/uploads\/2025\/12\/Gemini_Generated_Image_55gpgt55gpgt55gp-1.png","type":"image\/png"}],"author":"Daniely Cardoso","twitter_card":"summary_large_image","twitter_misc":{"Escrito por":"Daniely Cardoso","Est. tempo de leitura":"5 minutos"},"schema":{"@context":"https:\/\/schema.org","@graph":[{"@type":"WebPage","@id":"https:\/\/www.em.com.br\/emfoco\/2026\/03\/15\/o-ouro-liquido-natural-que-suaviza-as-manchas-de-idade-e-devolve-o-vico-a-pele\/","url":"https:\/\/www.em.com.br\/emfoco\/2026\/03\/15\/o-ouro-liquido-natural-que-suaviza-as-manchas-de-idade-e-devolve-o-vico-a-pele\/","name":"O ouro l\u00edquido natural que suaviza as manchas de idade e devolve o vi\u00e7o \u00e0 pele - Estado de Minas - Em foco","isPartOf":{"@id":"https:\/\/www.em.com.br\/emfoco\/#website"},"primaryImageOfPage":{"@id":"https:\/\/www.em.com.br\/emfoco\/2026\/03\/15\/o-ouro-liquido-natural-que-suaviza-as-manchas-de-idade-e-devolve-o-vico-a-pele\/#primaryimage"},"image":{"@id":"https:\/\/www.em.com.br\/emfoco\/2026\/03\/15\/o-ouro-liquido-natural-que-suaviza-as-manchas-de-idade-e-devolve-o-vico-a-pele\/#primaryimage"},"thumbnailUrl":"https:\/\/www.em.com.br\/emfoco\/wp-content\/uploads\/2025\/12\/Gemini_Generated_Image_55gpgt55gpgt55gp-1.png","datePublished":"2026-03-15T23:45:10+00:00","dateModified":"2026-03-14T21:02:56+00:00","author":{"@id":"https:\/\/www.em.com.br\/emfoco\/#\/schema\/person\/0a8186d72f2c3a5c6276d90b41f271a0"},"description":"Descubra como o \u00f3leo de rosa mosqueta suaviza manchas e devolve a firmeza da pele madura de forma natural.","breadcrumb":{"@id":"https:\/\/www.em.com.br\/emfoco\/2026\/03\/15\/o-ouro-liquido-natural-que-suaviza-as-manchas-de-idade-e-devolve-o-vico-a-pele\/#breadcrumb"},"inLanguage":"pt-BR","potentialAction":[{"@type":"ReadAction","target":["https:\/\/www.em.com.br\/emfoco\/2026\/03\/15\/o-ouro-liquido-natural-que-suaviza-as-manchas-de-idade-e-devolve-o-vico-a-pele\/"]}]},{"@type":"ImageObject","inLanguage":"pt-BR","@id":"https:\/\/www.em.com.br\/emfoco\/2026\/03\/15\/o-ouro-liquido-natural-que-suaviza-as-manchas-de-idade-e-devolve-o-vico-a-pele\/#primaryimage","url":"https:\/\/www.em.com.br\/emfoco\/wp-content\/uploads\/2025\/12\/Gemini_Generated_Image_55gpgt55gpgt55gp-1.png","contentUrl":"https:\/\/www.em.com.br\/emfoco\/wp-content\/uploads\/2025\/12\/Gemini_Generated_Image_55gpgt55gpgt55gp-1.png","width":1280,"height":720,"caption":"O \u00f3leo de rosa mosqueta \u00e9 extra\u00eddo das sementes de arbustos do g\u00eanero Rosa rubiginosa"},{"@type":"BreadcrumbList","@id":"https:\/\/www.em.com.br\/emfoco\/2026\/03\/15\/o-ouro-liquido-natural-que-suaviza-as-manchas-de-idade-e-devolve-o-vico-a-pele\/#breadcrumb","itemListElement":[{"@type":"ListItem","position":1,"name":"In\u00edcio","item":"https:\/\/www.em.com.br\/emfoco\/"},{"@type":"ListItem","position":2,"name":"O ouro l\u00edquido natural que suaviza as manchas de idade e devolve o vi\u00e7o \u00e0 pele"}]},{"@type":"WebSite","@id":"https:\/\/www.em.com.br\/emfoco\/#website","url":"https:\/\/www.em.com.br\/emfoco\/","name":"Estado de Minas - Em foco","description":"Acompanhe as \u00faltimas not\u00edcias e fique bem informado sobre tudo o que acontece em Minas Gerais, Brasil e no mundo.","potentialAction":[{"@type":"SearchAction","target":{"@type":"EntryPoint","urlTemplate":"https:\/\/www.em.com.br\/emfoco\/?s={search_term_string}"},"query-input":{"@type":"PropertyValueSpecification","valueRequired":true,"valueName":"search_term_string"}}],"inLanguage":"pt-BR"},{"@type":"Person","@id":"https:\/\/www.em.com.br\/emfoco\/#\/schema\/person\/0a8186d72f2c3a5c6276d90b41f271a0","name":"Daniely Cardoso","image":{"@type":"ImageObject","inLanguage":"pt-BR","@id":"https:\/\/www.em.com.br\/emfoco\/#\/schema\/person\/image\/","url":"https:\/\/secure.gravatar.com\/avatar\/4b80ddbd124d1f071b626d52d62e5dff?s=96&d=mm&r=g","contentUrl":"https:\/\/secure.gravatar.com\/avatar\/4b80ddbd124d1f071b626d52d62e5dff?s=96&d=mm&r=g","caption":"Daniely Cardoso"},"url":"https:\/\/www.em.com.br\/emfoco\/author\/danielymyth\/"}]}},"_links":{"self":[{"href":"https:\/\/www.em.com.br\/emfoco\/wp-json\/wp\/v2\/posts\/181614","targetHints":{"allow":["GET"]}}],"collection":[{"href":"https:\/\/www.em.com.br\/emfoco\/wp-json\/wp\/v2\/posts"}],"about":[{"href":"https:\/\/www.em.com.br\/emfoco\/wp-json\/wp\/v2\/types\/post"}],"author":[{"embeddable":true,"href":"https:\/\/www.em.com.br\/emfoco\/wp-json\/wp\/v2\/users\/9"}],"replies":[{"embeddable":true,"href":"https:\/\/www.em.com.br\/emfoco\/wp-json\/wp\/v2\/comments?post=181614"}],"version-history":[{"count":2,"href":"https:\/\/www.em.com.br\/emfoco\/wp-json\/wp\/v2\/posts\/181614\/revisions"}],"predecessor-version":[{"id":181698,"href":"https:\/\/www.em.com.br\/emfoco\/wp-json\/wp\/v2\/posts\/181614\/revisions\/181698"}],"wp:featuredmedia":[{"embeddable":true,"href":"https:\/\/www.em.com.br\/emfoco\/wp-json\/wp\/v2\/media\/141417"}],"wp:attachment":[{"href":"https:\/\/www.em.com.br\/emfoco\/wp-json\/wp\/v2\/media?parent=181614"}],"wp:term":[{"taxonomy":"category","embeddable":true,"href":"https:\/\/www.em.com.br\/emfoco\/wp-json\/wp\/v2\/categories?post=181614"},{"taxonomy":"post_tag","embeddable":true,"href":"https:\/\/www.em.com.br\/emfoco\/wp-json\/wp\/v2\/tags?post=181614"}],"curies":[{"name":"wp","href":"https:\/\/api.w.org\/{rel}","templated":true}]}}