{"id":181606,"date":"2026-03-15T17:35:38","date_gmt":"2026-03-15T20:35:38","guid":{"rendered":"https:\/\/www.em.com.br\/emfoco\/?p=181606"},"modified":"2026-03-14T17:58:48","modified_gmt":"2026-03-14T20:58:48","slug":"a-rega-por-imersao-que-faz-sua-orquidea-florescer-varias-vezes-ao-ano","status":"publish","type":"post","link":"https:\/\/www.em.com.br\/emfoco\/2026\/03\/15\/a-rega-por-imersao-que-faz-sua-orquidea-florescer-varias-vezes-ao-ano\/","title":{"rendered":"A rega por imers\u00e3o que faz sua orqu\u00eddea florescer v\u00e1rias vezes ao ano"},"content":{"rendered":"\n<p>Voc\u00ea j\u00e1 ganhou uma orqu\u00eddea linda, cheia de flores, e depois ficou sem saber o que fazer quando ela come\u00e7ou a murchar? Essa \u00e9 uma cena bem comum, mas a boa not\u00edcia \u00e9 que, com alguns cuidados simples \u2013 especialmente na forma de molhar \u2013 a planta pode <strong>florir novamente<\/strong> e continuar decorando a casa por muitos anos.&nbsp;<\/p>\n\n\n\n<h2 class=\"wp-block-heading\">O que \u00e9 a rega por imers\u00e3o em orqu\u00eddeas e por que essa t\u00e9cnica funciona t\u00e3o bem<\/h2>\n\n\n\n<p>A <strong>rega por imers\u00e3o<\/strong> \u00e9 quando voc\u00ea mergulha o vaso da orqu\u00eddea em um recipiente com \u00e1gua limpa por alguns minutos, at\u00e9 o substrato ficar bem encharcado. Em vez de jogar \u00e1gua por cima, voc\u00ea deixa que as <strong>ra\u00edzes absorvam<\/strong> o que precisam, de forma mais uniforme e controlada, o que reduz falhas de hidrata\u00e7\u00e3o.<\/p>\n\n\n\n<p>Esse m\u00e9todo ganhou destaque com o aumento de orqu\u00eddeas em apartamentos, onde o ar \u00e9 mais seco e o uso de <strong>ar-condicionado constante<\/strong> deixa tudo ainda mais desidratado. Al\u00e9m disso, muitos vasos t\u00eam poucos furos ou ficam em cachep\u00f4s sem drenagem, o que dificulta a sa\u00edda da \u00e1gua; nesse cen\u00e1rio, a imers\u00e3o, feita com crit\u00e9rio, ajuda a manter a planta <strong>saud\u00e1vel por mais<\/strong> tempo.<\/p>\n\n\n\n<figure class=\"wp-block-embed is-type-rich is-provider-pinterest wp-block-embed-pinterest\"><div class=\"wp-block-embed__wrapper\">\n<iframe loading=\"lazy\" title=\". Descubra Como Cultivar Orqu\u00eddeas Lindas e Saud\u00e1veis o Ano Todo. . Mesmo que voc\u00ea nunca cultivou antes \ud83d\udc90\u2665\ufe0f. . Quer saber mais dicas e curiosidades do mundo das orqu\u00eddeas. . \ud83d\udc47Siga nosso perfil (BIO)\ud83d\udc47 . \ud83d\udc49 @eu.orquideas \ud83d\udc48 . \u2665\ufe0f Para saber mais clique no link em azul no nosso perfil (BIO). . Imagem \/ V\u00eddeo n\u00e3o autoral \ud83d\ude4f . Cr\u00e9dito :  @acarinatav . Gostou do conte\u00fado? . Curta, deixe um coment\u00e1rio e compertilhe. . \ud83d\udc49 APRENDA DE VEZ \ud83d\udc48 . \ud83e\udd40 Cultivar Orqu\u00eddeas . \ud83e\udd40 Cultivar Orqu\u00eddeas em Vasos . \ud83e\udd40 Cultivar...\" src=\"https:\/\/assets.pinterest.com\/ext\/embed.html?id=296041375529705725&#038;src=oembed\" height=\"898\" width=\"450\" frameborder=\"0\" scrolling=\"no\" ><\/iframe>\n<\/div><\/figure>\n\n\n\n<figure class=\"wp-block-embed is-type-rich is-provider-pinterest wp-block-embed-pinterest\"><div class=\"wp-block-embed__wrapper\">\n<iframe loading=\"lazy\" title=\"\ud83c\udf38 Suas orqu\u00eddeas pararam de florescer?  Com alguns cuidados simples, voc\u00ea faz elas voltarem a encher a casa de flores!  Depois da \u00faltima flora\u00e7\u00e3o, basta cortar um cent\u00edmetro da haste no ponto certo, trocar o substrato antigo e ajustar os nutrientes:  \ud83c\udf37 f\u00f3sforo para flores, c\u00e1lcio para folhas firmes, ferro para manter o verde e zinco para folhas maiores.  Com esse passo a passo, sua Phalaenopsis pode florir v\u00e1rias vezes ao ano. \ud83c\udf3f  \ud83d\udca1 Quer mais t\u00e9cnicas para recuperar orqu\u00eddeas e outras plantas?...\" src=\"https:\/\/assets.pinterest.com\/ext\/embed.html?id=7459155630373198&#038;src=oembed\" height=\"898\" width=\"450\" frameborder=\"0\" scrolling=\"no\" ><\/iframe>\n<\/div><\/figure>\n\n\n\n<p>Leia tamb\u00e9m:&nbsp;<a href=\"https:\/\/www.em.com.br\/emfoco\/2026\/03\/13\/as-5-flores-que-florescem-na-sombra-e-sao-perfeitas-para-apartamentos-que-recebem-pouco-sol\/\" target=\"_blank\" rel=\"noopener\">As 5 flores que florescem na sombra e s\u00e3o perfeitas para apartamentos que recebem pouco sol<\/a><\/p>\n\n\n\n<h2 class=\"wp-block-heading\">Como a rega por imers\u00e3o ajuda a orqu\u00eddea a florir novamente<\/h2>\n\n\n\n<p>Para que a orqu\u00eddea volte a florescer, ela precisa de um conjunto de fatores b\u00e1sicos: boa luz, adubo equilibrado e, principalmente, <strong>umidade correta<\/strong> no substrato. Quando falta \u00e1gua, as ra\u00edzes e pseudobulbos n\u00e3o se desenvolvem bem; quando sobra \u00e1gua, ocorre apodrecimento e surgem <strong>fungos indesejados<\/strong>, prejudicando toda a planta.<\/p>\n\n\n\n<p>Ao submergir o vaso, as bolhas de ar que sobem indicam que os espa\u00e7os do substrato est\u00e3o sendo preenchidos por \u00e1gua, hidratando at\u00e9 as <strong>ra\u00edzes mais profundas<\/strong>. Com um sistema radicular forte, a orqu\u00eddea consegue direcionar mais energia para novas hastes florais; em esp\u00e9cies como <em>Phalaenopsis<\/em>, isso costuma se traduzir em <strong>flora\u00e7\u00e3o mais frequente<\/strong> quando somado a luz indireta e aduba\u00e7\u00e3o regular.<\/p>\n\n\n\n<p>Para voc\u00ea que gosta de flores, separamos um v\u00eddeo do canal <a href=\"https:\/\/www.youtube.com\/@cultivando-canal\" target=\"_blank\" rel=\"noreferrer noopener\">Cultivando<\/a> com dicas para cuidar das suas orqu\u00eddeas:<\/p>\n\n\n\n<figure class=\"wp-block-embed is-type-video is-provider-youtube wp-block-embed-youtube wp-embed-aspect-16-9 wp-has-aspect-ratio\"><div class=\"wp-block-embed__wrapper\">\n<div class=\"jeg_video_container jeg_video_content\"><iframe loading=\"lazy\" title=\"6 Dicas para regar as orqu\u00eddeas\" width=\"500\" height=\"281\" src=\"https:\/\/www.youtube.com\/embed\/eGyG6CtQzdE?feature=oembed\" frameborder=\"0\" allow=\"accelerometer; autoplay; clipboard-write; encrypted-media; gyroscope; picture-in-picture; web-share\" referrerpolicy=\"strict-origin-when-cross-origin\" allowfullscreen><\/iframe><\/div>\n<\/div><\/figure>\n\n\n\n<h2 class=\"wp-block-heading\">Como fazer rega por imers\u00e3o em casa passo a passo<\/h2>\n\n\n\n<p>Apesar de parecer muito simples, a rega por imers\u00e3o pede alguns cuidados para n\u00e3o exagerar na \u00e1gua e acabar prejudicando a planta. Seguir um passo a passo ajuda quem est\u00e1 come\u00e7ando a criar uma rotina de <strong>cuidados mais seguros<\/strong> com orqu\u00eddeas em vasos pequenos ou m\u00e9dios, especialmente em espa\u00e7os fechados.<\/p>\n\n\n\n<ol class=\"wp-block-list\">\n<li><strong>Escolha do recipiente:<\/strong> Selecionar um balde, bacia ou tigela limpa, grande o suficiente para acomodar o vaso sem amassar ra\u00edzes ou folhas.<\/li>\n\n\n\n<li><strong>Uso de \u00e1gua adequada:<\/strong> Dar prefer\u00eancia \u00e0 \u00e1gua em temperatura ambiente. Em locais com \u00e1gua muito clorada, muitos cultivadores optam por deixar o l\u00edquido descansar por algumas horas antes da imers\u00e3o.<\/li>\n\n\n\n<li><strong>Profundidade da imers\u00e3o:<\/strong> Submergir apenas at\u00e9 a borda do vaso, evitando cobrir o miolo da planta ou as folhas, o que reduz risco de ac\u00famulo de \u00e1gua na coroa.<\/li>\n\n\n\n<li><strong>Tempo de perman\u00eancia:<\/strong> Manter o vaso imerso por cerca de 10 a 15 minutos na maioria dos casos, observando o comportamento do substrato e das ra\u00edzes.<\/li>\n\n\n\n<li><strong>Escorrimento completo:<\/strong> Retirar o vaso e deix\u00e1-lo drenar bem, sem voltar imediatamente o recipiente para um cachep\u00f4 sem furos.<\/li>\n<\/ol>\n\n\n\n<p>Voc\u00ea pode ajustar esse processo de acordo com o tipo de <strong>substrato utilizado<\/strong> e a esp\u00e9cie de orqu\u00eddea que cultiva. Misturas mais grossas, com peda\u00e7os grandes de casca, precisam de mais tempo na \u00e1gua, enquanto substratos mais finos ret\u00eam umidade por mais tempo e pedem <strong>intervalos maiores<\/strong> entre uma imers\u00e3o e outra.<\/p>\n\n\n\n<figure class=\"wp-block-embed is-type-rich is-provider-pinterest wp-block-embed-pinterest\"><div class=\"wp-block-embed__wrapper\">\n<iframe loading=\"lazy\" title=\"Conhe\u00e7a a beleza e os sons da Orqu\u00eddea at\u00e9 o Planti\u00ea Auto Irrig\u00e1vel! #asmr #vasoautoirrigavel #apartamento #apartamentodecorado #orquidea #plantecomplantie\" src=\"https:\/\/assets.pinterest.com\/ext\/embed.html?id=7248049396326156&#038;src=oembed\" height=\"899\" width=\"450\" frameborder=\"0\" scrolling=\"no\" ><\/iframe>\n<\/div><\/figure>\n\n\n\n<h2 class=\"wp-block-heading\">Quais cuidados s\u00e3o importantes na rega por imers\u00e3o de orqu\u00eddeas<\/h2>\n\n\n\n<p>Alguns erros s\u00e3o muito comuns e podem comprometer a sa\u00fade da planta, mesmo quando a inten\u00e7\u00e3o \u00e9 cuidar bem. Um deles \u00e9 usar a mesma \u00e1gua para muitos vasos, o que facilita a transmiss\u00e3o de <strong>doen\u00e7as e fungos<\/strong>, principalmente se alguma orqu\u00eddea j\u00e1 estiver com problemas vis\u00edveis nas ra\u00edzes ou nas folhas.<\/p>\n\n\n\n<p>Quando a rega por imers\u00e3o \u00e9 combinada com luz indireta abundante, adubo pr\u00f3prio para orqu\u00eddeas e uma leve diferen\u00e7a de <strong>temperatura entre<\/strong> dia e noite, a planta tem boas chances de florir v\u00e1rias vezes. Mais do que uma t\u00e9cnica milagrosa, essa rega \u00e9 uma ferramenta para equilibrar a \u00e1gua, sempre observando sinais como cor das ra\u00edzes, firmeza das folhas e <strong>ritmo de crescimento<\/strong>.<\/p>\n","protected":false},"excerpt":{"rendered":"<p>Voc\u00ea j\u00e1 ganhou uma orqu\u00eddea linda, cheia de flores, e depois ficou sem saber o que fazer quando ela come\u00e7ou a murchar? Essa \u00e9 uma cena bem comum, mas a boa not\u00edcia \u00e9 que, com alguns cuidados simples \u2013 especialmente na forma de molhar \u2013 a planta pode florir novamente e continuar decorando a casa [&hellip;]<\/p>\n","protected":false},"author":9,"featured_media":130417,"comment_status":"open","ping_status":"open","sticky":false,"template":"","format":"standard","meta":{"jnews-multi-image_gallery":[],"jnews_single_post":{"format":"standard"},"jnews_primary_category":[],"jnews_social_meta":[],"jnews_override_counter":[],"footnotes":""},"categories":[8819,1],"tags":[7701,3137,12064],"class_list":["post-181606","post","type-post","status-publish","format-standard","has-post-thumbnail","hentry","category-curiosidades","category-noticias","tag-como-plantar","tag-orquideas","tag-rega"],"yoast_head":"<!-- This site is optimized with the Yoast SEO plugin v23.8 - https:\/\/yoast.com\/wordpress\/plugins\/seo\/ -->\n<title>A rega por imers\u00e3o que faz sua orqu\u00eddea florescer v\u00e1rias vezes ao ano - Estado de Minas - Em foco<\/title>\n<meta name=\"description\" content=\"Aprenda a rega por imers\u00e3o de orqu\u00eddeas e descubra o m\u00e9todo seguro para fazer sua planta florir novamente.\" \/>\n<meta name=\"robots\" content=\"index, follow, max-snippet:-1, max-image-preview:large, max-video-preview:-1\" \/>\n<link rel=\"canonical\" href=\"https:\/\/www.em.com.br\/emfoco\/2026\/03\/15\/a-rega-por-imersao-que-faz-sua-orquidea-florescer-varias-vezes-ao-ano\/\" \/>\n<meta property=\"og:locale\" content=\"pt_BR\" \/>\n<meta property=\"og:type\" content=\"article\" \/>\n<meta property=\"og:title\" content=\"A rega por imers\u00e3o que faz sua orqu\u00eddea florescer v\u00e1rias vezes ao ano - Estado de Minas - Em foco\" \/>\n<meta property=\"og:description\" content=\"Aprenda a rega por imers\u00e3o de orqu\u00eddeas e descubra o m\u00e9todo seguro para fazer sua planta florir novamente.\" \/>\n<meta property=\"og:url\" content=\"https:\/\/www.em.com.br\/emfoco\/2026\/03\/15\/a-rega-por-imersao-que-faz-sua-orquidea-florescer-varias-vezes-ao-ano\/\" \/>\n<meta property=\"og:site_name\" content=\"Estado de Minas - Em foco\" \/>\n<meta property=\"article:published_time\" content=\"2026-03-15T20:35:38+00:00\" \/>\n<meta property=\"article:modified_time\" content=\"2026-03-14T20:58:48+00:00\" \/>\n<meta property=\"og:image\" content=\"https:\/\/www.em.com.br\/emfoco\/wp-content\/uploads\/2025\/11\/orquidea-Phalaenopsis_1763745585617.jpg\" \/>\n\t<meta property=\"og:image:width\" content=\"1280\" \/>\n\t<meta property=\"og:image:height\" content=\"720\" \/>\n\t<meta property=\"og:image:type\" content=\"image\/jpeg\" \/>\n<meta name=\"author\" content=\"Daniely Cardoso\" \/>\n<meta name=\"twitter:card\" content=\"summary_large_image\" \/>\n<meta name=\"twitter:label1\" content=\"Escrito por\" \/>\n\t<meta name=\"twitter:data1\" content=\"Daniely Cardoso\" \/>\n\t<meta name=\"twitter:label2\" content=\"Est. tempo de leitura\" \/>\n\t<meta name=\"twitter:data2\" content=\"5 minutos\" \/>\n<!-- \/ Yoast SEO plugin. -->","yoast_head_json":{"title":"A rega por imers\u00e3o que faz sua orqu\u00eddea florescer v\u00e1rias vezes ao ano - Estado de Minas - Em foco","description":"Aprenda a rega por imers\u00e3o de orqu\u00eddeas e descubra o m\u00e9todo seguro para fazer sua planta florir novamente.","robots":{"index":"index","follow":"follow","max-snippet":"max-snippet:-1","max-image-preview":"max-image-preview:large","max-video-preview":"max-video-preview:-1"},"canonical":"https:\/\/www.em.com.br\/emfoco\/2026\/03\/15\/a-rega-por-imersao-que-faz-sua-orquidea-florescer-varias-vezes-ao-ano\/","og_locale":"pt_BR","og_type":"article","og_title":"A rega por imers\u00e3o que faz sua orqu\u00eddea florescer v\u00e1rias vezes ao ano - Estado de Minas - Em foco","og_description":"Aprenda a rega por imers\u00e3o de orqu\u00eddeas e descubra o m\u00e9todo seguro para fazer sua planta florir novamente.","og_url":"https:\/\/www.em.com.br\/emfoco\/2026\/03\/15\/a-rega-por-imersao-que-faz-sua-orquidea-florescer-varias-vezes-ao-ano\/","og_site_name":"Estado de Minas - Em foco","article_published_time":"2026-03-15T20:35:38+00:00","article_modified_time":"2026-03-14T20:58:48+00:00","og_image":[{"width":1280,"height":720,"url":"https:\/\/www.em.com.br\/emfoco\/wp-content\/uploads\/2025\/11\/orquidea-Phalaenopsis_1763745585617.jpg","type":"image\/jpeg"}],"author":"Daniely Cardoso","twitter_card":"summary_large_image","twitter_misc":{"Escrito por":"Daniely Cardoso","Est. tempo de leitura":"5 minutos"},"schema":{"@context":"https:\/\/schema.org","@graph":[{"@type":"WebPage","@id":"https:\/\/www.em.com.br\/emfoco\/2026\/03\/15\/a-rega-por-imersao-que-faz-sua-orquidea-florescer-varias-vezes-ao-ano\/","url":"https:\/\/www.em.com.br\/emfoco\/2026\/03\/15\/a-rega-por-imersao-que-faz-sua-orquidea-florescer-varias-vezes-ao-ano\/","name":"A rega por imers\u00e3o que faz sua orqu\u00eddea florescer v\u00e1rias vezes ao ano - Estado de Minas - Em foco","isPartOf":{"@id":"https:\/\/www.em.com.br\/emfoco\/#website"},"primaryImageOfPage":{"@id":"https:\/\/www.em.com.br\/emfoco\/2026\/03\/15\/a-rega-por-imersao-que-faz-sua-orquidea-florescer-varias-vezes-ao-ano\/#primaryimage"},"image":{"@id":"https:\/\/www.em.com.br\/emfoco\/2026\/03\/15\/a-rega-por-imersao-que-faz-sua-orquidea-florescer-varias-vezes-ao-ano\/#primaryimage"},"thumbnailUrl":"https:\/\/www.em.com.br\/emfoco\/wp-content\/uploads\/2025\/11\/orquidea-Phalaenopsis_1763745585617.jpg","datePublished":"2026-03-15T20:35:38+00:00","dateModified":"2026-03-14T20:58:48+00:00","author":{"@id":"https:\/\/www.em.com.br\/emfoco\/#\/schema\/person\/0a8186d72f2c3a5c6276d90b41f271a0"},"description":"Aprenda a rega por imers\u00e3o de orqu\u00eddeas e descubra o m\u00e9todo seguro para fazer sua planta florir novamente.","breadcrumb":{"@id":"https:\/\/www.em.com.br\/emfoco\/2026\/03\/15\/a-rega-por-imersao-que-faz-sua-orquidea-florescer-varias-vezes-ao-ano\/#breadcrumb"},"inLanguage":"pt-BR","potentialAction":[{"@type":"ReadAction","target":["https:\/\/www.em.com.br\/emfoco\/2026\/03\/15\/a-rega-por-imersao-que-faz-sua-orquidea-florescer-varias-vezes-ao-ano\/"]}]},{"@type":"ImageObject","inLanguage":"pt-BR","@id":"https:\/\/www.em.com.br\/emfoco\/2026\/03\/15\/a-rega-por-imersao-que-faz-sua-orquidea-florescer-varias-vezes-ao-ano\/#primaryimage","url":"https:\/\/www.em.com.br\/emfoco\/wp-content\/uploads\/2025\/11\/orquidea-Phalaenopsis_1763745585617.jpg","contentUrl":"https:\/\/www.em.com.br\/emfoco\/wp-content\/uploads\/2025\/11\/orquidea-Phalaenopsis_1763745585617.jpg","width":1280,"height":720,"caption":"A rega por imers\u00e3o \u00e9 quando voc\u00ea mergulha o vaso da orqu\u00eddea em um recipiente com \u00e1gua limpa por alguns minutos - Cr\u00e9ditos: depositphotos.com \/ serezniy"},{"@type":"BreadcrumbList","@id":"https:\/\/www.em.com.br\/emfoco\/2026\/03\/15\/a-rega-por-imersao-que-faz-sua-orquidea-florescer-varias-vezes-ao-ano\/#breadcrumb","itemListElement":[{"@type":"ListItem","position":1,"name":"In\u00edcio","item":"https:\/\/www.em.com.br\/emfoco\/"},{"@type":"ListItem","position":2,"name":"A rega por imers\u00e3o que faz sua orqu\u00eddea florescer v\u00e1rias vezes ao ano"}]},{"@type":"WebSite","@id":"https:\/\/www.em.com.br\/emfoco\/#website","url":"https:\/\/www.em.com.br\/emfoco\/","name":"Estado de Minas - Em foco","description":"Acompanhe as \u00faltimas not\u00edcias e fique bem informado sobre tudo o que acontece em Minas Gerais, Brasil e no mundo.","potentialAction":[{"@type":"SearchAction","target":{"@type":"EntryPoint","urlTemplate":"https:\/\/www.em.com.br\/emfoco\/?s={search_term_string}"},"query-input":{"@type":"PropertyValueSpecification","valueRequired":true,"valueName":"search_term_string"}}],"inLanguage":"pt-BR"},{"@type":"Person","@id":"https:\/\/www.em.com.br\/emfoco\/#\/schema\/person\/0a8186d72f2c3a5c6276d90b41f271a0","name":"Daniely Cardoso","image":{"@type":"ImageObject","inLanguage":"pt-BR","@id":"https:\/\/www.em.com.br\/emfoco\/#\/schema\/person\/image\/","url":"https:\/\/secure.gravatar.com\/avatar\/4b80ddbd124d1f071b626d52d62e5dff?s=96&d=mm&r=g","contentUrl":"https:\/\/secure.gravatar.com\/avatar\/4b80ddbd124d1f071b626d52d62e5dff?s=96&d=mm&r=g","caption":"Daniely Cardoso"},"url":"https:\/\/www.em.com.br\/emfoco\/author\/danielymyth\/"}]}},"_links":{"self":[{"href":"https:\/\/www.em.com.br\/emfoco\/wp-json\/wp\/v2\/posts\/181606","targetHints":{"allow":["GET"]}}],"collection":[{"href":"https:\/\/www.em.com.br\/emfoco\/wp-json\/wp\/v2\/posts"}],"about":[{"href":"https:\/\/www.em.com.br\/emfoco\/wp-json\/wp\/v2\/types\/post"}],"author":[{"embeddable":true,"href":"https:\/\/www.em.com.br\/emfoco\/wp-json\/wp\/v2\/users\/9"}],"replies":[{"embeddable":true,"href":"https:\/\/www.em.com.br\/emfoco\/wp-json\/wp\/v2\/comments?post=181606"}],"version-history":[{"count":2,"href":"https:\/\/www.em.com.br\/emfoco\/wp-json\/wp\/v2\/posts\/181606\/revisions"}],"predecessor-version":[{"id":181692,"href":"https:\/\/www.em.com.br\/emfoco\/wp-json\/wp\/v2\/posts\/181606\/revisions\/181692"}],"wp:featuredmedia":[{"embeddable":true,"href":"https:\/\/www.em.com.br\/emfoco\/wp-json\/wp\/v2\/media\/130417"}],"wp:attachment":[{"href":"https:\/\/www.em.com.br\/emfoco\/wp-json\/wp\/v2\/media?parent=181606"}],"wp:term":[{"taxonomy":"category","embeddable":true,"href":"https:\/\/www.em.com.br\/emfoco\/wp-json\/wp\/v2\/categories?post=181606"},{"taxonomy":"post_tag","embeddable":true,"href":"https:\/\/www.em.com.br\/emfoco\/wp-json\/wp\/v2\/tags?post=181606"}],"curies":[{"name":"wp","href":"https:\/\/api.w.org\/{rel}","templated":true}]}}