{"id":181599,"date":"2026-03-15T15:45:18","date_gmt":"2026-03-15T18:45:18","guid":{"rendered":"https:\/\/www.em.com.br\/emfoco\/?p=181599"},"modified":"2026-03-14T17:57:55","modified_gmt":"2026-03-14T20:57:55","slug":"os-antibioticos-de-quintal-que-ajudam-a-blindar-o-corpo-e-a-mente-depois-dos-60-anos","status":"publish","type":"post","link":"https:\/\/www.em.com.br\/emfoco\/2026\/03\/15\/os-antibioticos-de-quintal-que-ajudam-a-blindar-o-corpo-e-a-mente-depois-dos-60-anos\/","title":{"rendered":"Os antibi\u00f3ticos de quintal que ajudam a blindar o corpo e a mente depois dos 60 anos"},"content":{"rendered":"\n<p>Voc\u00ea j\u00e1 viu uma av\u00f3 preparando um ch\u00e1 de quintal para \u201cespantar a gripe\u201d e ficou em d\u00favida se aquilo realmente ajuda? Depois dos 60 anos, cuidar da imunidade passa a fazer parte da rotina, e muitas fam\u00edlias resgatam o uso de <strong>ervas medicinais<\/strong> como o <strong>or\u00e9gano<\/strong> e a <strong>equin\u00e1cea<\/strong>. Esses antibi\u00f3ticos de quintal n\u00e3o substituem rem\u00e9dios, mas podem ser aliados suaves no dia a dia, trazendo conforto, bem-estar e um contato mais pr\u00f3ximo com a natureza.<\/p>\n\n\n\n<h2 class=\"wp-block-heading\">Como o or\u00e9gano pode apoiar a imunidade depois dos 60<\/h2>\n\n\n\n<p>O <strong>or\u00e9gano<\/strong> \u00e9 famoso como tempero, mas tamb\u00e9m \u00e9 lembrado por sua a\u00e7\u00e3o <strong>arom\u00e1tica<\/strong> e pela presen\u00e7a de compostos como carvacrol e timol, estudados por poss\u00edveis efeitos contra alguns <strong>microrganismos<\/strong>. Embora os resultados variem, isso ajuda a explicar por que tanta gente associa o \u201cor\u00e9gano para imunidade\u201d a um cuidado simples e acess\u00edvel.<\/p>\n\n\n\n<p>No dia a dia, pessoas com mais de 60 anos costumam usar o or\u00e9gano em pratos quentes, saladas e at\u00e9 em infus\u00f5es suaves. Al\u00e9m de deixar as refei\u00e7\u00f5es mais <strong>saborosas<\/strong>, ele incentiva uma alimenta\u00e7\u00e3o mais colorida e prazerosa, o que \u00e9 essencial para manter o corpo nutrido e a <strong>energia<\/strong> em alta. Mesmo sendo uma planta, \u00e9 importante usar com modera\u00e7\u00e3o e considerar poss\u00edveis intera\u00e7\u00f5es com <strong>medicamentos<\/strong> cont\u00ednuos.<\/p>\n\n\n\n<figure class=\"wp-block-embed is-type-rich is-provider-pinterest wp-block-embed-pinterest\"><div class=\"wp-block-embed__wrapper\">\n<iframe loading=\"lazy\" title=\"Essa Planta que Nasce em Todo Lugar Tem A\u00e7\u00e3o Medicinal Surpreendente\" src=\"https:\/\/assets.pinterest.com\/ext\/embed.html?id=221520875417879754&#038;src=oembed\" height=\"905\" width=\"450\" frameborder=\"0\" scrolling=\"no\" ><\/iframe>\n<\/div><\/figure>\n\n\n\n<p>Leia tamb\u00e9m:&nbsp;<a href=\"https:\/\/www.em.com.br\/emfoco\/2026\/03\/09\/quer-colher-uvas-em-casa-veja-como-plantar-videira-e-transformar-seu-quintal-em-um-cantinho-produtivo\/\" target=\"_blank\" rel=\"noopener\">Quer colher uvas em casa? Veja como plantar videira e transformar seu quintal em um cantinho produtivo<\/a><\/p>\n\n\n\n<h2 class=\"wp-block-heading\">Quais s\u00e3o formas simples de usar o or\u00e9gano no cotidiano<\/h2>\n\n\n\n<p>O or\u00e9gano pode entrar na rotina de maneira muito pr\u00e1tica, sem complica\u00e7\u00e3o e respeitando o paladar de cada pessoa. A ideia \u00e9 aproveitar o sabor e o aroma para enriquecer a alimenta\u00e7\u00e3o e, de quebra, incluir uma erva com uso tradicional na <strong>cozinha<\/strong> e no cuidado com o <strong>corpo<\/strong>.<\/p>\n\n\n\n<ul class=\"wp-block-list\">\n<li><strong>Como tempero<\/strong> em molhos, saladas, legumes e pratos assados;<\/li>\n\n\n\n<li>Em infus\u00f5es leves, tomadas mornas, especialmente em dias frios;<\/li>\n\n\n\n<li>Em misturas com outras ervas, como manjeric\u00e3o, alecrim e <strong>s\u00e1lvia<\/strong>;<\/li>\n\n\n\n<li>Seco e bem guardado em potes vedados, longe de luz e <strong>umidade<\/strong>.<\/li>\n<\/ul>\n\n\n\n<figure class=\"wp-block-embed is-type-rich is-provider-pinterest wp-block-embed-pinterest\"><div class=\"wp-block-embed__wrapper\">\n<iframe loading=\"lazy\" title=\"\u27a1Quais desses benef\u00edcios do oregano voc\u00ea mais gostou? Me diga nos coment\u00e1rios\ud83d\udc47\ud83d\udc47 . . \u26a0Siga @chapando_a_barriga. Para ver mais posts como\u2026\" src=\"https:\/\/assets.pinterest.com\/ext\/embed.html?id=6896205671754654&#038;src=oembed\" height=\"550\" width=\"450\" frameborder=\"0\" scrolling=\"no\" ><\/iframe>\n<\/div><\/figure>\n\n\n\n<h2 class=\"wp-block-heading\">A equin\u00e1cea realmente fortalece a imunidade ap\u00f3s os 60<\/h2>\n\n\n\n<p>A <strong>equin\u00e1cea<\/strong> \u00e9 bastante citada quando o assunto \u00e9 preven\u00e7\u00e3o de resfriados e apoio \u00e0s <strong>defesas<\/strong> naturais do organismo. Alguns estudos apontam poss\u00edvel ajuda na redu\u00e7\u00e3o da frequ\u00eancia ou da dura\u00e7\u00e3o de gripes leves, enquanto outros s\u00e3o mais neutros, mas muitas pessoas relatam sensa\u00e7\u00e3o de maior resist\u00eancia em \u00e9pocas frias.<\/p>\n\n\n\n<p>Ela costuma ser encontrada em ch\u00e1s, c\u00e1psulas, tinturas e extratos, e tamb\u00e9m pode ser cultivada em casa, em locais com sol e solo <strong>f\u00e9rtil<\/strong>. Por\u00e9m, quem tem doen\u00e7a autoimune, usa medicamentos imunossupressores ou tem alergia \u00e0 fam\u00edlia Asteraceae precisa de aten\u00e7\u00e3o especial, consultando um m\u00e9dico antes de <strong>usar<\/strong> a planta.<\/p>\n\n\n\n<p>Para voc\u00ea que gosta de se cuidar, separamos um v\u00eddeo do canal do <a href=\"https:\/\/www.youtube.com\/@DrJulianoTeles\" target=\"_blank\" rel=\"noreferrer noopener\">Dr Juliano Teles<\/a> com mais dicas de platnas para imunidade:<\/p>\n\n\n\n<figure class=\"wp-block-embed is-type-video is-provider-youtube wp-block-embed-youtube wp-embed-aspect-16-9 wp-has-aspect-ratio\"><div class=\"wp-block-embed__wrapper\">\n<div class=\"jeg_video_container jeg_video_content\"><iframe loading=\"lazy\" title=\"EQUIN\u00c1CEA, fortalece e aumenta a sua imunidade | Dr Juliano Teles\" width=\"500\" height=\"281\" src=\"https:\/\/www.youtube.com\/embed\/QI3Z67QzWh0?feature=oembed\" frameborder=\"0\" allow=\"accelerometer; autoplay; clipboard-write; encrypted-media; gyroscope; picture-in-picture; web-share\" referrerpolicy=\"strict-origin-when-cross-origin\" allowfullscreen><\/iframe><\/div>\n<\/div><\/figure>\n\n\n\n<h2 class=\"wp-block-heading\">Quais cuidados ter ao usar equin\u00e1cea depois dos 60<\/h2>\n\n\n\n<p>Antes de incluir a equin\u00e1cea na rotina, \u00e9 importante entender que, mesmo sendo uma planta, ela pode n\u00e3o ser adequada para todas as pessoas. Por isso, alguns cuidados ajudam a tornar o uso mais <strong>seguro<\/strong> e alinhado \u00e0s necessidades de cada <strong>organismo<\/strong>.<\/p>\n\n\n\n<ol class=\"wp-block-list\">\n<li><strong>Consultar um profissional<\/strong> de sa\u00fade em casos de uso prolongado;<\/li>\n\n\n\n<li>Observar sinais de alergia, especialmente em quem reage a Asteraceae;<\/li>\n\n\n\n<li>Evitar misturar com outros rem\u00e9dios sem orienta\u00e7\u00e3o adequada;<\/li>\n\n\n\n<li>Respeitar sempre as doses recomendadas em r\u00f3tulos ou por <strong>especialistas<\/strong>.<\/li>\n<\/ol>\n\n\n\n<figure class=\"wp-block-embed is-type-rich is-provider-pinterest wp-block-embed-pinterest\"><div class=\"wp-block-embed__wrapper\">\n<iframe loading=\"lazy\" title=\"Echinacea purpurea stock image. Image of herbs, echinacea - 186659\" src=\"https:\/\/assets.pinterest.com\/ext\/embed.html?id=3729612269057194&#038;src=oembed\" height=\"777\" width=\"450\" frameborder=\"0\" scrolling=\"no\" ><\/iframe>\n<\/div><\/figure>\n\n\n\n<h2 class=\"wp-block-heading\">Como cultivar or\u00e9gano e equin\u00e1cea no quintal para apoiar a sa\u00fade<\/h2>\n\n\n\n<p>Ter um pequeno canto verde com or\u00e9gano e equin\u00e1cea pode ser uma atividade prazerosa e terap\u00eautica, especialmente na terceira idade. N\u00e3o \u00e9 preciso muito espa\u00e7o: vasos em varandas, jardineiras em janelas ou um pequeno canteiro j\u00e1 garantem o acesso di\u00e1rio \u00e0s <strong>ervas<\/strong> frescas e a um momento de contato com a <strong>natureza<\/strong>.<\/p>\n\n\n\n<p>O or\u00e9gano gosta de solo leve, boa drenagem, regas sem encharcar e bastante luz. A equin\u00e1cea prefere sol direto, solo rico em mat\u00e9ria org\u00e2nica e espa\u00e7amento para crescer com <strong>for\u00e7a<\/strong>. Podar flores e ramos secos, escolher recipientes com furos e evitar excesso de \u00e1gua ajuda a manter as plantas saud\u00e1veis por mais <strong>tempo<\/strong><\/p>\n","protected":false},"excerpt":{"rendered":"<p>Voc\u00ea j\u00e1 viu uma av\u00f3 preparando um ch\u00e1 de quintal para \u201cespantar a gripe\u201d e ficou em d\u00favida se aquilo realmente ajuda? Depois dos 60 anos, cuidar da imunidade passa a fazer parte da rotina, e muitas fam\u00edlias resgatam o uso de ervas medicinais como o or\u00e9gano e a equin\u00e1cea. Esses antibi\u00f3ticos de quintal n\u00e3o [&hellip;]<\/p>\n","protected":false},"author":9,"featured_media":167935,"comment_status":"open","ping_status":"open","sticky":false,"template":"","format":"standard","meta":{"jnews-multi-image_gallery":[],"jnews_single_post":{"format":"standard"},"jnews_primary_category":[],"jnews_social_meta":[],"jnews_override_counter":[],"footnotes":""},"categories":[8691,8819,1],"tags":[11046,3792,2802],"class_list":["post-181599","post","type-post","status-publish","format-standard","has-post-thumbnail","hentry","category-bem-estar","category-curiosidades","category-noticias","tag-erva","tag-horta","tag-oregano"],"yoast_head":"<!-- This site is optimized with the Yoast SEO plugin v23.8 - https:\/\/yoast.com\/wordpress\/plugins\/seo\/ -->\n<title>Os antibi\u00f3ticos de quintal que ajudam a blindar o corpo e a mente depois dos 60 anos - Estado de Minas - Em foco<\/title>\n<meta name=\"description\" content=\"Descubra como o or\u00e9gano e a equin\u00e1cea podem refor\u00e7ar a imunidade e trazer mais bem-estar ap\u00f3s os 60 anos.\" \/>\n<meta name=\"robots\" content=\"index, follow, max-snippet:-1, max-image-preview:large, max-video-preview:-1\" \/>\n<link rel=\"canonical\" href=\"https:\/\/www.em.com.br\/emfoco\/2026\/03\/15\/os-antibioticos-de-quintal-que-ajudam-a-blindar-o-corpo-e-a-mente-depois-dos-60-anos\/\" \/>\n<meta property=\"og:locale\" content=\"pt_BR\" \/>\n<meta property=\"og:type\" content=\"article\" \/>\n<meta property=\"og:title\" content=\"Os antibi\u00f3ticos de quintal que ajudam a blindar o corpo e a mente depois dos 60 anos - Estado de Minas - Em foco\" \/>\n<meta property=\"og:description\" content=\"Descubra como o or\u00e9gano e a equin\u00e1cea podem refor\u00e7ar a imunidade e trazer mais bem-estar ap\u00f3s os 60 anos.\" \/>\n<meta property=\"og:url\" content=\"https:\/\/www.em.com.br\/emfoco\/2026\/03\/15\/os-antibioticos-de-quintal-que-ajudam-a-blindar-o-corpo-e-a-mente-depois-dos-60-anos\/\" \/>\n<meta property=\"og:site_name\" content=\"Estado de Minas - Em foco\" \/>\n<meta property=\"article:published_time\" content=\"2026-03-15T18:45:18+00:00\" \/>\n<meta property=\"article:modified_time\" content=\"2026-03-14T20:57:55+00:00\" \/>\n<meta property=\"og:image\" content=\"https:\/\/www.em.com.br\/emfoco\/wp-content\/uploads\/2026\/02\/manjerona_1770838258216.jpg\" \/>\n\t<meta property=\"og:image:width\" content=\"1280\" \/>\n\t<meta property=\"og:image:height\" content=\"720\" \/>\n\t<meta property=\"og:image:type\" content=\"image\/jpeg\" \/>\n<meta name=\"author\" content=\"Daniely Cardoso\" \/>\n<meta name=\"twitter:card\" content=\"summary_large_image\" \/>\n<meta name=\"twitter:label1\" content=\"Escrito por\" \/>\n\t<meta name=\"twitter:data1\" content=\"Daniely Cardoso\" \/>\n\t<meta name=\"twitter:label2\" content=\"Est. tempo de leitura\" \/>\n\t<meta name=\"twitter:data2\" content=\"4 minutos\" \/>\n<!-- \/ Yoast SEO plugin. -->","yoast_head_json":{"title":"Os antibi\u00f3ticos de quintal que ajudam a blindar o corpo e a mente depois dos 60 anos - Estado de Minas - Em foco","description":"Descubra como o or\u00e9gano e a equin\u00e1cea podem refor\u00e7ar a imunidade e trazer mais bem-estar ap\u00f3s os 60 anos.","robots":{"index":"index","follow":"follow","max-snippet":"max-snippet:-1","max-image-preview":"max-image-preview:large","max-video-preview":"max-video-preview:-1"},"canonical":"https:\/\/www.em.com.br\/emfoco\/2026\/03\/15\/os-antibioticos-de-quintal-que-ajudam-a-blindar-o-corpo-e-a-mente-depois-dos-60-anos\/","og_locale":"pt_BR","og_type":"article","og_title":"Os antibi\u00f3ticos de quintal que ajudam a blindar o corpo e a mente depois dos 60 anos - Estado de Minas - Em foco","og_description":"Descubra como o or\u00e9gano e a equin\u00e1cea podem refor\u00e7ar a imunidade e trazer mais bem-estar ap\u00f3s os 60 anos.","og_url":"https:\/\/www.em.com.br\/emfoco\/2026\/03\/15\/os-antibioticos-de-quintal-que-ajudam-a-blindar-o-corpo-e-a-mente-depois-dos-60-anos\/","og_site_name":"Estado de Minas - Em foco","article_published_time":"2026-03-15T18:45:18+00:00","article_modified_time":"2026-03-14T20:57:55+00:00","og_image":[{"width":1280,"height":720,"url":"https:\/\/www.em.com.br\/emfoco\/wp-content\/uploads\/2026\/02\/manjerona_1770838258216.jpg","type":"image\/jpeg"}],"author":"Daniely Cardoso","twitter_card":"summary_large_image","twitter_misc":{"Escrito por":"Daniely Cardoso","Est. tempo de leitura":"4 minutos"},"schema":{"@context":"https:\/\/schema.org","@graph":[{"@type":"WebPage","@id":"https:\/\/www.em.com.br\/emfoco\/2026\/03\/15\/os-antibioticos-de-quintal-que-ajudam-a-blindar-o-corpo-e-a-mente-depois-dos-60-anos\/","url":"https:\/\/www.em.com.br\/emfoco\/2026\/03\/15\/os-antibioticos-de-quintal-que-ajudam-a-blindar-o-corpo-e-a-mente-depois-dos-60-anos\/","name":"Os antibi\u00f3ticos de quintal que ajudam a blindar o corpo e a mente depois dos 60 anos - Estado de Minas - Em foco","isPartOf":{"@id":"https:\/\/www.em.com.br\/emfoco\/#website"},"primaryImageOfPage":{"@id":"https:\/\/www.em.com.br\/emfoco\/2026\/03\/15\/os-antibioticos-de-quintal-que-ajudam-a-blindar-o-corpo-e-a-mente-depois-dos-60-anos\/#primaryimage"},"image":{"@id":"https:\/\/www.em.com.br\/emfoco\/2026\/03\/15\/os-antibioticos-de-quintal-que-ajudam-a-blindar-o-corpo-e-a-mente-depois-dos-60-anos\/#primaryimage"},"thumbnailUrl":"https:\/\/www.em.com.br\/emfoco\/wp-content\/uploads\/2026\/02\/manjerona_1770838258216.jpg","datePublished":"2026-03-15T18:45:18+00:00","dateModified":"2026-03-14T20:57:55+00:00","author":{"@id":"https:\/\/www.em.com.br\/emfoco\/#\/schema\/person\/0a8186d72f2c3a5c6276d90b41f271a0"},"description":"Descubra como o or\u00e9gano e a equin\u00e1cea podem refor\u00e7ar a imunidade e trazer mais bem-estar ap\u00f3s os 60 anos.","breadcrumb":{"@id":"https:\/\/www.em.com.br\/emfoco\/2026\/03\/15\/os-antibioticos-de-quintal-que-ajudam-a-blindar-o-corpo-e-a-mente-depois-dos-60-anos\/#breadcrumb"},"inLanguage":"pt-BR","potentialAction":[{"@type":"ReadAction","target":["https:\/\/www.em.com.br\/emfoco\/2026\/03\/15\/os-antibioticos-de-quintal-que-ajudam-a-blindar-o-corpo-e-a-mente-depois-dos-60-anos\/"]}]},{"@type":"ImageObject","inLanguage":"pt-BR","@id":"https:\/\/www.em.com.br\/emfoco\/2026\/03\/15\/os-antibioticos-de-quintal-que-ajudam-a-blindar-o-corpo-e-a-mente-depois-dos-60-anos\/#primaryimage","url":"https:\/\/www.em.com.br\/emfoco\/wp-content\/uploads\/2026\/02\/manjerona_1770838258216.jpg","contentUrl":"https:\/\/www.em.com.br\/emfoco\/wp-content\/uploads\/2026\/02\/manjerona_1770838258216.jpg","width":1280,"height":720,"caption":"No dia a dia, pessoas com mais de 60 anos costumam usar o or\u00e9gano em pratos quentes, saladas e at\u00e9 em infus\u00f5es suaves. - Cr\u00e9ditos: depositphotos.com \/ nblxer"},{"@type":"BreadcrumbList","@id":"https:\/\/www.em.com.br\/emfoco\/2026\/03\/15\/os-antibioticos-de-quintal-que-ajudam-a-blindar-o-corpo-e-a-mente-depois-dos-60-anos\/#breadcrumb","itemListElement":[{"@type":"ListItem","position":1,"name":"In\u00edcio","item":"https:\/\/www.em.com.br\/emfoco\/"},{"@type":"ListItem","position":2,"name":"Os antibi\u00f3ticos de quintal que ajudam a blindar o corpo e a mente depois dos 60 anos"}]},{"@type":"WebSite","@id":"https:\/\/www.em.com.br\/emfoco\/#website","url":"https:\/\/www.em.com.br\/emfoco\/","name":"Estado de Minas - Em foco","description":"Acompanhe as \u00faltimas not\u00edcias e fique bem informado sobre tudo o que acontece em Minas Gerais, Brasil e no mundo.","potentialAction":[{"@type":"SearchAction","target":{"@type":"EntryPoint","urlTemplate":"https:\/\/www.em.com.br\/emfoco\/?s={search_term_string}"},"query-input":{"@type":"PropertyValueSpecification","valueRequired":true,"valueName":"search_term_string"}}],"inLanguage":"pt-BR"},{"@type":"Person","@id":"https:\/\/www.em.com.br\/emfoco\/#\/schema\/person\/0a8186d72f2c3a5c6276d90b41f271a0","name":"Daniely Cardoso","image":{"@type":"ImageObject","inLanguage":"pt-BR","@id":"https:\/\/www.em.com.br\/emfoco\/#\/schema\/person\/image\/","url":"https:\/\/secure.gravatar.com\/avatar\/4b80ddbd124d1f071b626d52d62e5dff?s=96&d=mm&r=g","contentUrl":"https:\/\/secure.gravatar.com\/avatar\/4b80ddbd124d1f071b626d52d62e5dff?s=96&d=mm&r=g","caption":"Daniely Cardoso"},"url":"https:\/\/www.em.com.br\/emfoco\/author\/danielymyth\/"}]}},"_links":{"self":[{"href":"https:\/\/www.em.com.br\/emfoco\/wp-json\/wp\/v2\/posts\/181599","targetHints":{"allow":["GET"]}}],"collection":[{"href":"https:\/\/www.em.com.br\/emfoco\/wp-json\/wp\/v2\/posts"}],"about":[{"href":"https:\/\/www.em.com.br\/emfoco\/wp-json\/wp\/v2\/types\/post"}],"author":[{"embeddable":true,"href":"https:\/\/www.em.com.br\/emfoco\/wp-json\/wp\/v2\/users\/9"}],"replies":[{"embeddable":true,"href":"https:\/\/www.em.com.br\/emfoco\/wp-json\/wp\/v2\/comments?post=181599"}],"version-history":[{"count":2,"href":"https:\/\/www.em.com.br\/emfoco\/wp-json\/wp\/v2\/posts\/181599\/revisions"}],"predecessor-version":[{"id":181690,"href":"https:\/\/www.em.com.br\/emfoco\/wp-json\/wp\/v2\/posts\/181599\/revisions\/181690"}],"wp:featuredmedia":[{"embeddable":true,"href":"https:\/\/www.em.com.br\/emfoco\/wp-json\/wp\/v2\/media\/167935"}],"wp:attachment":[{"href":"https:\/\/www.em.com.br\/emfoco\/wp-json\/wp\/v2\/media?parent=181599"}],"wp:term":[{"taxonomy":"category","embeddable":true,"href":"https:\/\/www.em.com.br\/emfoco\/wp-json\/wp\/v2\/categories?post=181599"},{"taxonomy":"post_tag","embeddable":true,"href":"https:\/\/www.em.com.br\/emfoco\/wp-json\/wp\/v2\/tags?post=181599"}],"curies":[{"name":"wp","href":"https:\/\/api.w.org\/{rel}","templated":true}]}}