{"id":181598,"date":"2026-03-15T15:25:12","date_gmt":"2026-03-15T18:25:12","guid":{"rendered":"https:\/\/www.em.com.br\/emfoco\/?p=181598"},"modified":"2026-03-14T17:56:08","modified_gmt":"2026-03-14T20:56:08","slug":"o-truque-para-esconder-as-linhas-do-rosto-e-manter-a-pele-vicosa-e-jovem","status":"publish","type":"post","link":"https:\/\/www.em.com.br\/emfoco\/2026\/03\/15\/o-truque-para-esconder-as-linhas-do-rosto-e-manter-a-pele-vicosa-e-jovem\/","title":{"rendered":"O truque para esconder as linhas do rosto e manter a pele vi\u00e7osa e jovem"},"content":{"rendered":"\n<p>Voc\u00ea j\u00e1 se olhou no espelho no fim do dia e sentiu que a base deixou o rosto cansado, com as linhas ainda mais marcadas? Muitas pessoas que sempre usaram base matte est\u00e3o passando por isso e descobrindo na maquiagem com efeito luminoso uma aliada para um visual mais natural, leve e com apar\u00eancia de pele descansada.<\/p>\n\n\n\n<h2 class=\"wp-block-heading\">Maquiagem que ilumina ajuda a suavizar as linhas de express\u00e3o<\/h2>\n\n\n\n<p>A palavra-chave <strong>maquiagem que ilumina<\/strong> est\u00e1 ligada \u00e0 forma como a luz bate na pele e \u00e9 suavemente refletida. Com um acabamento mais <strong>luminoso e flex\u00edvel<\/strong>, a base cria um leve disfarce \u00f3ptico nas rugas finas, em vez de formar aquela camada grossa e opaca que craquela com o passar das horas.<\/p>\n\n\n\n<p>Em peles maduras ou ressecadas, uma base muito seca tende a acumular em vincos e marcas, destacando justamente o que se quer disfar\u00e7ar. J\u00e1 a base glow, mais <strong>hidratante e el\u00e1stica<\/strong>, acompanha melhor os movimentos do rosto, ajuda na sensa\u00e7\u00e3o de conforto e deixa o vi\u00e7o natural aparecer sem pesar.<\/p>\n\n\n\n<figure class=\"wp-block-embed is-type-rich is-provider-pinterest wp-block-embed-pinterest\"><div class=\"wp-block-embed__wrapper\">\n<iframe loading=\"lazy\" title=\"Jeito certo x Jeito errado de maquiar olheiras profundas\" src=\"https:\/\/assets.pinterest.com\/ext\/embed.html?id=723109283972716175&#038;src=oembed\" height=\"899\" width=\"450\" frameborder=\"0\" scrolling=\"no\" ><\/iframe>\n<\/div><\/figure>\n\n\n\n<p>Leia tamb\u00e9m:&nbsp;<a href=\"https:\/\/www.em.com.br\/emfoco\/2026\/03\/14\/as-etapas-da-preparacao-de-pele-que-impedem-a-maquiagem-de-causar-cravos-e-espinhas\/\" target=\"_blank\" rel=\"noopener\">As etapas da prepara\u00e7\u00e3o de pele que impedem a maquiagem de causar cravos e espinhas<\/a><\/p>\n\n\n\n<h2 class=\"wp-block-heading\">Como trocar a base matte pela base glow sem perder a durabilidade<\/h2>\n\n\n\n<p>Se voc\u00ea usa base matte h\u00e1 anos, n\u00e3o precisa mudar tudo de uma vez: a transi\u00e7\u00e3o pode ser gradual e bem estrat\u00e9gica. Uma forma simples \u00e9 manter o produto opaco apenas na zona T e aplicar a base glow nas demais \u00e1reas, equilibrando <strong>controle de oleosidade<\/strong> com o efeito vi\u00e7oso que deixa a pele mais jovem.<\/p>\n\n\n\n<p>Alguns passos pr\u00e1ticos deixam essa troca mais segura e prolongam a dura\u00e7\u00e3o da maquiagem ao longo do dia, mesmo em climas mais quentes ou em rotinas agitadas:<\/p>\n\n\n\n<ul class=\"wp-block-list\">\n<li><strong>Preparar bem a pele<\/strong> com limpeza suave e hidrata\u00e7\u00e3o adequada, evitando excesso de produto que possa deixar tudo escorregadio.<\/li>\n\n\n\n<li><strong>Aplicar um primer leve<\/strong>, de prefer\u00eancia alisante ou hidratante, nas \u00e1reas com mais linhas e poros aparentes.<\/li>\n\n\n\n<li><strong>Passar a base glow em camadas finas<\/strong>, come\u00e7ando pelo centro do rosto e esfumando com pincel, esponja \u00famida ou dedos.<\/li>\n\n\n\n<li><strong>Selar s\u00f3 onde realmente precisa<\/strong> com um p\u00f3 fino, usando pouca quantidade para n\u00e3o apagar o brilho natural.<\/li>\n<\/ul>\n\n\n\n<figure class=\"wp-block-embed is-type-rich is-provider-pinterest wp-block-embed-pinterest\"><div class=\"wp-block-embed__wrapper\">\n<iframe loading=\"lazy\" title=\" \" src=\"https:\/\/assets.pinterest.com\/ext\/embed.html?id=1196337403664707&#038;src=oembed\" height=\"899\" width=\"450\" frameborder=\"0\" scrolling=\"no\" ><\/iframe>\n<\/div><\/figure>\n\n\n\n<h2 class=\"wp-block-heading\">Maquiagem que ilumina sempre marca menos as rugas<\/h2>\n\n\n\n<p>\u00c9 comum ouvir que a base luminosa nunca marca linhas, mas isso n\u00e3o \u00e9 totalmente verdade. O acabamento glow costuma evidenciar menos as marcas do que uma base muito seca, por\u00e9m tudo depende da <strong>textura do produto<\/strong>, da quantidade aplicada e do jeito como a pele foi preparada antes de receber a maquiagem.<\/p>\n\n\n\n<p>Se a pele estiver muito ressecada ou com textura irregular, o brilho em excesso pode chamar aten\u00e7\u00e3o para poros e relevos. Por isso, o melhor resultado vem da soma de cuidados: boa <strong>hidrata\u00e7\u00e3o di\u00e1ria<\/strong>, camadas finas de base, uso moderado de corretivo e p\u00f3 apenas onde for mesmo necess\u00e1rio.<\/p>\n\n\n\n<p>Para voc\u00ea que gosta de se cuidar, separamos um v\u00eddeo do canal da <a href=\"https:\/\/www.youtube.com\/@Simonesaoficial\" target=\"_blank\" rel=\"noreferrer noopener\">Simone S\u00e1 Oficial<\/a> com dicas para uma maquiagem para quem tem muitas rugas:<\/p>\n\n\n\n<figure class=\"wp-block-embed is-type-video is-provider-youtube wp-block-embed-youtube wp-embed-aspect-16-9 wp-has-aspect-ratio\"><div class=\"wp-block-embed__wrapper\">\n<div class=\"jeg_video_container jeg_video_content\"><iframe loading=\"lazy\" title=\"Maquiagem para quem tem rugas\" width=\"500\" height=\"281\" src=\"https:\/\/www.youtube.com\/embed\/dbeCZKDNkf8?feature=oembed\" frameborder=\"0\" allow=\"accelerometer; autoplay; clipboard-write; encrypted-media; gyroscope; picture-in-picture; web-share\" referrerpolicy=\"strict-origin-when-cross-origin\" allowfullscreen><\/iframe><\/div>\n<\/div><\/figure>\n\n\n\n<h2 class=\"wp-block-heading\">Produtos que potencializam o efeito da maquiagem que ilumina<\/h2>\n\n\n\n<p>Para conquistar um glow bonito e sofisticado, n\u00e3o basta s\u00f3 trocar a base: os produtos que acompanham fazem toda diferen\u00e7a. Itens como hidratante, primer luminoso e blush cremoso ajudam a manter a pele com aspecto de <strong>sa\u00fade e frescor<\/strong>, sem aquele excesso de p\u00f3 que costuma evidenciar linhas finas.<\/p>\n\n\n\n<p>Uma dica \u00e9 apostar em iluminadores de part\u00edculas mais finas, que criam brilho discreto e elegante. Assim, a luz refletida ajuda a disfar\u00e7ar pequenas <strong>imperfei\u00e7\u00f5es e rugas<\/strong>, sem real\u00e7ar tanto poros abertos ou regi\u00f5es com textura mais marcada.<\/p>\n\n\n\n<figure class=\"wp-block-embed is-type-rich is-provider-pinterest wp-block-embed-pinterest\"><div class=\"wp-block-embed__wrapper\">\n<iframe loading=\"lazy\" title=\" \" src=\"https:\/\/assets.pinterest.com\/ext\/embed.html?id=53198839343451007&#038;src=oembed\" height=\"785\" width=\"450\" frameborder=\"0\" scrolling=\"no\" ><\/iframe>\n<\/div><\/figure>\n\n\n\n<h2 class=\"wp-block-heading\">Como manter o efeito glow na maquiagem ao longo do dia<\/h2>\n\n\n\n<p>Para que o acabamento luminoso dure al\u00e9m das primeiras horas, \u00e9 importante alinhar a maquiagem com uma rotina simples e realista de cuidados. Pequenas atitudes di\u00e1rias, como uma <strong>limpeza suave pela manh\u00e3<\/strong> e um bom protetor solar, j\u00e1 fazem diferen\u00e7a na forma como a base se comporta na pele.<\/p>\n\n\n\n<p>Ao longo do dia, em vez de refor\u00e7ar o p\u00f3 v\u00e1rias vezes, vale apostar em lencinhos para tirar o excesso de oleosidade e em brumas hidratantes para reavivar o brilho. Assim, a maquiagem acompanha melhor as <strong>express\u00f5es naturais<\/strong>, reduz a sensa\u00e7\u00e3o de rigidez e evita que as linhas de express\u00e3o fiquem em evid\u00eancia, mesmo em dias longos de trabalho ou eventos.<\/p>\n","protected":false},"excerpt":{"rendered":"<p>Voc\u00ea j\u00e1 se olhou no espelho no fim do dia e sentiu que a base deixou o rosto cansado, com as linhas ainda mais marcadas? Muitas pessoas que sempre usaram base matte est\u00e3o passando por isso e descobrindo na maquiagem com efeito luminoso uma aliada para um visual mais natural, leve e com apar\u00eancia de [&hellip;]<\/p>\n","protected":false},"author":9,"featured_media":177462,"comment_status":"open","ping_status":"open","sticky":false,"template":"","format":"standard","meta":{"jnews-multi-image_gallery":[],"jnews_single_post":{"format":"standard"},"jnews_primary_category":[],"jnews_social_meta":[],"jnews_override_counter":[],"footnotes":""},"categories":[8819,1],"tags":[26199,2616,11599,23592],"class_list":["post-181598","post","type-post","status-publish","format-standard","has-post-thumbnail","hentry","category-curiosidades","category-noticias","tag-base-matte","tag-beleza","tag-iluminador","tag-maquaigem"],"yoast_head":"<!-- This site is optimized with the Yoast SEO plugin v23.8 - https:\/\/yoast.com\/wordpress\/plugins\/seo\/ -->\n<title>O truque para esconder as linhas do rosto e manter a pele vi\u00e7osa e jovem - Estado de Minas - Em foco<\/title>\n<meta name=\"description\" content=\"Diga adeus ao efeito craquelado e aprenda como a maquiagem que ilumina suaviza as linhas de express\u00e3o com naturalidade.\" \/>\n<meta name=\"robots\" content=\"index, follow, max-snippet:-1, max-image-preview:large, max-video-preview:-1\" \/>\n<link rel=\"canonical\" href=\"https:\/\/www.em.com.br\/emfoco\/2026\/03\/15\/o-truque-para-esconder-as-linhas-do-rosto-e-manter-a-pele-vicosa-e-jovem\/\" \/>\n<meta property=\"og:locale\" content=\"pt_BR\" \/>\n<meta property=\"og:type\" content=\"article\" \/>\n<meta property=\"og:title\" content=\"O truque para esconder as linhas do rosto e manter a pele vi\u00e7osa e jovem - Estado de Minas - Em foco\" \/>\n<meta property=\"og:description\" content=\"Diga adeus ao efeito craquelado e aprenda como a maquiagem que ilumina suaviza as linhas de express\u00e3o com naturalidade.\" \/>\n<meta property=\"og:url\" content=\"https:\/\/www.em.com.br\/emfoco\/2026\/03\/15\/o-truque-para-esconder-as-linhas-do-rosto-e-manter-a-pele-vicosa-e-jovem\/\" \/>\n<meta property=\"og:site_name\" content=\"Estado de Minas - Em foco\" \/>\n<meta property=\"article:published_time\" content=\"2026-03-15T18:25:12+00:00\" \/>\n<meta property=\"article:modified_time\" content=\"2026-03-14T20:56:08+00:00\" \/>\n<meta property=\"og:image\" content=\"https:\/\/www.em.com.br\/emfoco\/wp-content\/uploads\/2026\/03\/Gemini_Generated_Image_hyg0nfhyg0nfhyg0-1.png\" \/>\n\t<meta property=\"og:image:width\" content=\"1280\" \/>\n\t<meta property=\"og:image:height\" content=\"720\" \/>\n\t<meta property=\"og:image:type\" content=\"image\/png\" \/>\n<meta name=\"author\" content=\"Daniely Cardoso\" \/>\n<meta name=\"twitter:card\" content=\"summary_large_image\" \/>\n<meta name=\"twitter:label1\" content=\"Escrito por\" \/>\n\t<meta name=\"twitter:data1\" content=\"Daniely Cardoso\" \/>\n\t<meta name=\"twitter:label2\" content=\"Est. tempo de leitura\" \/>\n\t<meta name=\"twitter:data2\" content=\"5 minutos\" \/>\n<!-- \/ Yoast SEO plugin. -->","yoast_head_json":{"title":"O truque para esconder as linhas do rosto e manter a pele vi\u00e7osa e jovem - Estado de Minas - Em foco","description":"Diga adeus ao efeito craquelado e aprenda como a maquiagem que ilumina suaviza as linhas de express\u00e3o com naturalidade.","robots":{"index":"index","follow":"follow","max-snippet":"max-snippet:-1","max-image-preview":"max-image-preview:large","max-video-preview":"max-video-preview:-1"},"canonical":"https:\/\/www.em.com.br\/emfoco\/2026\/03\/15\/o-truque-para-esconder-as-linhas-do-rosto-e-manter-a-pele-vicosa-e-jovem\/","og_locale":"pt_BR","og_type":"article","og_title":"O truque para esconder as linhas do rosto e manter a pele vi\u00e7osa e jovem - Estado de Minas - Em foco","og_description":"Diga adeus ao efeito craquelado e aprenda como a maquiagem que ilumina suaviza as linhas de express\u00e3o com naturalidade.","og_url":"https:\/\/www.em.com.br\/emfoco\/2026\/03\/15\/o-truque-para-esconder-as-linhas-do-rosto-e-manter-a-pele-vicosa-e-jovem\/","og_site_name":"Estado de Minas - Em foco","article_published_time":"2026-03-15T18:25:12+00:00","article_modified_time":"2026-03-14T20:56:08+00:00","og_image":[{"width":1280,"height":720,"url":"https:\/\/www.em.com.br\/emfoco\/wp-content\/uploads\/2026\/03\/Gemini_Generated_Image_hyg0nfhyg0nfhyg0-1.png","type":"image\/png"}],"author":"Daniely Cardoso","twitter_card":"summary_large_image","twitter_misc":{"Escrito por":"Daniely Cardoso","Est. tempo de leitura":"5 minutos"},"schema":{"@context":"https:\/\/schema.org","@graph":[{"@type":"WebPage","@id":"https:\/\/www.em.com.br\/emfoco\/2026\/03\/15\/o-truque-para-esconder-as-linhas-do-rosto-e-manter-a-pele-vicosa-e-jovem\/","url":"https:\/\/www.em.com.br\/emfoco\/2026\/03\/15\/o-truque-para-esconder-as-linhas-do-rosto-e-manter-a-pele-vicosa-e-jovem\/","name":"O truque para esconder as linhas do rosto e manter a pele vi\u00e7osa e jovem - Estado de Minas - Em foco","isPartOf":{"@id":"https:\/\/www.em.com.br\/emfoco\/#website"},"primaryImageOfPage":{"@id":"https:\/\/www.em.com.br\/emfoco\/2026\/03\/15\/o-truque-para-esconder-as-linhas-do-rosto-e-manter-a-pele-vicosa-e-jovem\/#primaryimage"},"image":{"@id":"https:\/\/www.em.com.br\/emfoco\/2026\/03\/15\/o-truque-para-esconder-as-linhas-do-rosto-e-manter-a-pele-vicosa-e-jovem\/#primaryimage"},"thumbnailUrl":"https:\/\/www.em.com.br\/emfoco\/wp-content\/uploads\/2026\/03\/Gemini_Generated_Image_hyg0nfhyg0nfhyg0-1.png","datePublished":"2026-03-15T18:25:12+00:00","dateModified":"2026-03-14T20:56:08+00:00","author":{"@id":"https:\/\/www.em.com.br\/emfoco\/#\/schema\/person\/0a8186d72f2c3a5c6276d90b41f271a0"},"description":"Diga adeus ao efeito craquelado e aprenda como a maquiagem que ilumina suaviza as linhas de express\u00e3o com naturalidade.","breadcrumb":{"@id":"https:\/\/www.em.com.br\/emfoco\/2026\/03\/15\/o-truque-para-esconder-as-linhas-do-rosto-e-manter-a-pele-vicosa-e-jovem\/#breadcrumb"},"inLanguage":"pt-BR","potentialAction":[{"@type":"ReadAction","target":["https:\/\/www.em.com.br\/emfoco\/2026\/03\/15\/o-truque-para-esconder-as-linhas-do-rosto-e-manter-a-pele-vicosa-e-jovem\/"]}]},{"@type":"ImageObject","inLanguage":"pt-BR","@id":"https:\/\/www.em.com.br\/emfoco\/2026\/03\/15\/o-truque-para-esconder-as-linhas-do-rosto-e-manter-a-pele-vicosa-e-jovem\/#primaryimage","url":"https:\/\/www.em.com.br\/emfoco\/wp-content\/uploads\/2026\/03\/Gemini_Generated_Image_hyg0nfhyg0nfhyg0-1.png","contentUrl":"https:\/\/www.em.com.br\/emfoco\/wp-content\/uploads\/2026\/03\/Gemini_Generated_Image_hyg0nfhyg0nfhyg0-1.png","width":1280,"height":720,"caption":"Com o passar dos anos o nosso corpo produz menos \u00f3leos naturais de prote\u00e7\u00e3o cut\u00e2nea."},{"@type":"BreadcrumbList","@id":"https:\/\/www.em.com.br\/emfoco\/2026\/03\/15\/o-truque-para-esconder-as-linhas-do-rosto-e-manter-a-pele-vicosa-e-jovem\/#breadcrumb","itemListElement":[{"@type":"ListItem","position":1,"name":"In\u00edcio","item":"https:\/\/www.em.com.br\/emfoco\/"},{"@type":"ListItem","position":2,"name":"O truque para esconder as linhas do rosto e manter a pele vi\u00e7osa e jovem"}]},{"@type":"WebSite","@id":"https:\/\/www.em.com.br\/emfoco\/#website","url":"https:\/\/www.em.com.br\/emfoco\/","name":"Estado de Minas - Em foco","description":"Acompanhe as \u00faltimas not\u00edcias e fique bem informado sobre tudo o que acontece em Minas Gerais, Brasil e no mundo.","potentialAction":[{"@type":"SearchAction","target":{"@type":"EntryPoint","urlTemplate":"https:\/\/www.em.com.br\/emfoco\/?s={search_term_string}"},"query-input":{"@type":"PropertyValueSpecification","valueRequired":true,"valueName":"search_term_string"}}],"inLanguage":"pt-BR"},{"@type":"Person","@id":"https:\/\/www.em.com.br\/emfoco\/#\/schema\/person\/0a8186d72f2c3a5c6276d90b41f271a0","name":"Daniely Cardoso","image":{"@type":"ImageObject","inLanguage":"pt-BR","@id":"https:\/\/www.em.com.br\/emfoco\/#\/schema\/person\/image\/","url":"https:\/\/secure.gravatar.com\/avatar\/4b80ddbd124d1f071b626d52d62e5dff?s=96&d=mm&r=g","contentUrl":"https:\/\/secure.gravatar.com\/avatar\/4b80ddbd124d1f071b626d52d62e5dff?s=96&d=mm&r=g","caption":"Daniely Cardoso"},"url":"https:\/\/www.em.com.br\/emfoco\/author\/danielymyth\/"}]}},"_links":{"self":[{"href":"https:\/\/www.em.com.br\/emfoco\/wp-json\/wp\/v2\/posts\/181598","targetHints":{"allow":["GET"]}}],"collection":[{"href":"https:\/\/www.em.com.br\/emfoco\/wp-json\/wp\/v2\/posts"}],"about":[{"href":"https:\/\/www.em.com.br\/emfoco\/wp-json\/wp\/v2\/types\/post"}],"author":[{"embeddable":true,"href":"https:\/\/www.em.com.br\/emfoco\/wp-json\/wp\/v2\/users\/9"}],"replies":[{"embeddable":true,"href":"https:\/\/www.em.com.br\/emfoco\/wp-json\/wp\/v2\/comments?post=181598"}],"version-history":[{"count":2,"href":"https:\/\/www.em.com.br\/emfoco\/wp-json\/wp\/v2\/posts\/181598\/revisions"}],"predecessor-version":[{"id":181689,"href":"https:\/\/www.em.com.br\/emfoco\/wp-json\/wp\/v2\/posts\/181598\/revisions\/181689"}],"wp:featuredmedia":[{"embeddable":true,"href":"https:\/\/www.em.com.br\/emfoco\/wp-json\/wp\/v2\/media\/177462"}],"wp:attachment":[{"href":"https:\/\/www.em.com.br\/emfoco\/wp-json\/wp\/v2\/media?parent=181598"}],"wp:term":[{"taxonomy":"category","embeddable":true,"href":"https:\/\/www.em.com.br\/emfoco\/wp-json\/wp\/v2\/categories?post=181598"},{"taxonomy":"post_tag","embeddable":true,"href":"https:\/\/www.em.com.br\/emfoco\/wp-json\/wp\/v2\/tags?post=181598"}],"curies":[{"name":"wp","href":"https:\/\/api.w.org\/{rel}","templated":true}]}}