{"id":181563,"date":"2026-03-15T12:05:42","date_gmt":"2026-03-15T15:05:42","guid":{"rendered":"https:\/\/www.em.com.br\/emfoco\/?p=181563"},"modified":"2026-03-14T17:47:58","modified_gmt":"2026-03-14T20:47:58","slug":"a-pequena-farmacia-que-voce-pode-cultivar-na-janela-do-seu-apartamento","status":"publish","type":"post","link":"https:\/\/www.em.com.br\/emfoco\/2026\/03\/15\/a-pequena-farmacia-que-voce-pode-cultivar-na-janela-do-seu-apartamento\/","title":{"rendered":"A pequena farm\u00e1cia que voc\u00ea pode cultivar na janela do seu apartamento"},"content":{"rendered":"\n<p>J\u00e1 imaginou ter um cantinho de cuidados naturais em casa, colhendo suas pr\u00f3prias flores de <strong>cal\u00eandula<\/strong> e folhas de <b>babosa<\/b> para fazer m\u00e1scaras e cremes? Mesmo em um apartamento pequeno, \u00e9 poss\u00edvel montar uma pequena \u201cfarm\u00e1cia viva\u201d em vasos na varanda, no peitoril da janela ou em uma bancada bem iluminada, trazendo mais bem-estar e um toque de natureza para o dia a dia.<\/p>\n\n\n\n<h2 class=\"wp-block-heading\">Como cultivar cal\u00eandula em casa para uso cosm\u00e9tico<\/h2>\n\n\n\n<p>A <strong>cal\u00eandula<\/strong> (Calendula officinalis) \u00e9 uma planta anual que se adapta bem a vasos m\u00e9dios, com cerca de 20 cm de profundidade. Ela gosta de sol e fica \u00f3tima em varandas ou janelas voltadas para leste ou norte, recebendo de 4 a 6 horas de luz direta por dia para garantir boa <b>flora\u00e7\u00e3o<\/b>.<\/p>\n\n\n\n<p>Para o plantio, vale usar um substrato leve e bem drenado, que permita que a \u00e1gua escorra sem encharcar as ra\u00edzes da <strong>planta<\/strong>. Em apartamento, isso ajuda a evitar fungos e mant\u00e9m a cal\u00eandula mais saud\u00e1vel, com flores firmes e coloridas para usar em prepara\u00e7\u00f5es <b>cosm\u00e9ticas<\/b>.<\/p>\n\n\n\n<figure class=\"wp-block-embed is-type-rich is-provider-pinterest wp-block-embed-pinterest\"><div class=\"wp-block-embed__wrapper\">\n<iframe loading=\"lazy\" title=\"C\u00f3mo cultivar cal\u00e9ndula en macetas\" src=\"https:\/\/assets.pinterest.com\/ext\/embed.html?id=1618549858172361&#038;src=oembed\" height=\"703\" width=\"450\" frameborder=\"0\" scrolling=\"no\" ><\/iframe>\n<\/div><\/figure>\n\n\n\n<p>Leia tamb\u00e9m:&nbsp;<a href=\"https:\/\/www.em.com.br\/emfoco\/2026\/03\/11\/a-horta-de-alface-que-permite-colher-folhas-frescas-o-ano-todo-sem-usar-um-grama-de-terra\/\" target=\"_blank\" rel=\"noopener\">A horta de alface que permite colher folhas frescas o ano todo sem usar um grama de terra<\/a><\/p>\n\n\n\n<h2 class=\"wp-block-heading\">Como montar o substrato ideal para a cal\u00eandula<\/h2>\n\n\n\n<p>Montar um bom substrato \u00e9 um passo simples que faz muita diferen\u00e7a no crescimento da <strong>cal\u00eandula<\/strong>, especialmente em vasos. A ideia \u00e9 misturar materiais que retenham umidade na medida certa, mas sem deixar o solo pesado, permitindo que o ar circule pelas ra\u00edzes da <b>planta<\/b>.<\/p>\n\n\n\n<ul class=\"wp-block-list\">\n<li><strong>1 parte<\/strong> de terra vegetal;<\/li>\n\n\n\n<li><b>1 parte<\/b> de composto org\u00e2nico bem curtido;<\/li>\n\n\n\n<li><strong>1 parte<\/strong> de areia grossa ou perlita para melhorar a drenagem.<\/li>\n<\/ul>\n\n\n\n<h2 class=\"wp-block-heading\">Como regar e manter a cal\u00eandula saud\u00e1vel em apartamento<\/h2>\n\n\n\n<p>A irriga\u00e7\u00e3o da <strong>cal\u00eandula<\/strong> deve manter o solo levemente \u00famido, sem ficar encharcado, para n\u00e3o apodrecer as ra\u00edzes. Uma forma simples \u00e9 tocar o substrato: se estiver seco at\u00e9 cerca de 2 cm de profundidade, \u00e9 hora de regar com carinho e sem exagero no <b>volume<\/b>.<\/p>\n\n\n\n<p>Em geral, isso significa de 2 a 4 regas por semana, dependendo de temperatura e ventila\u00e7\u00e3o do <strong>ambiente<\/strong>. Observar o aspecto da planta ajuda muito: folhas murchas ou muito ca\u00eddas podem indicar falta de \u00e1gua, enquanto solo constantemente encharcado \u00e9 sinal de excesso de <b>irriga\u00e7\u00e3o<\/b>.<\/p>\n\n\n\n<figure class=\"wp-block-embed is-type-rich is-provider-pinterest wp-block-embed-pinterest\"><div class=\"wp-block-embed__wrapper\">\n<iframe loading=\"lazy\" title=\"Propaga\u00e7\u00e3o da Babosa (Aloe vera)\" src=\"https:\/\/assets.pinterest.com\/ext\/embed.html?id=693061830164392146&#038;src=oembed\" height=\"899\" width=\"450\" frameborder=\"0\" scrolling=\"no\" ><\/iframe>\n<\/div><\/figure>\n\n\n\n<h2 class=\"wp-block-heading\">Como cuidar da babosa aloe vera em apartamento<\/h2>\n\n\n\n<p>A <strong>babosa<\/strong> (aloe vera) \u00e9 uma suculenta resistente, perfeita para quem esquece de regar de vez em quando. Ela armazena \u00e1gua nas folhas e, por isso, precisa de menos irriga\u00e7\u00e3o que a cal\u00eandula, sendo \u00f3tima para uso em <b>gel<\/b> cosm\u00e9tico para pele e cabelos.<\/p>\n\n\n\n<p>Em apartamento, a babosa gosta de vasos largos, com boa profundidade para as ra\u00edzes e brota\u00e7\u00f5es laterais. Ela aprecia luz intensa e, se poss\u00edvel, algumas horas de sol direto pela <strong>manh\u00e3<\/strong>; em locais muito sombreados, tende a ficar alongada e com folhas finas, diminuindo a quantidade de <b>gel<\/b> dispon\u00edvel.<\/p>\n\n\n\n<p>Para voc\u00ea que gosta de se cuidar, separamos um v\u00eddeo do canal <a href=\"https:\/\/www.youtube.com\/@vidanojardim\" target=\"_blank\" rel=\"noreferrer noopener\">Vida no Jardim<\/a> com dicas de uso e benef\u00edcios da cal\u00eandula:<\/p>\n\n\n\n<figure class=\"wp-block-embed is-type-video is-provider-youtube wp-block-embed-youtube wp-embed-aspect-16-9 wp-has-aspect-ratio\"><div class=\"wp-block-embed__wrapper\">\n<div class=\"jeg_video_container jeg_video_content\"><iframe loading=\"lazy\" title=\"Cale\u0302ndula e seus benefi\u0301cios\" width=\"500\" height=\"281\" src=\"https:\/\/www.youtube.com\/embed\/zQEB9cnzqc4?start=1&#038;feature=oembed\" frameborder=\"0\" allow=\"accelerometer; autoplay; clipboard-write; encrypted-media; gyroscope; picture-in-picture; web-share\" referrerpolicy=\"strict-origin-when-cross-origin\" allowfullscreen><\/iframe><\/div>\n<\/div><\/figure>\n\n\n\n<h2 class=\"wp-block-heading\">Qual \u00e9 o melhor substrato e a rega correta para a babosa<\/h2>\n\n\n\n<p>Para a babosa, o ideal \u00e9 um substrato bem drenado, parecido com o usado para suculentas e cactos, mais arenoso e solto. Isso evita o ac\u00famulo de \u00e1gua nas ra\u00edzes da <strong>planta<\/strong>, reduzindo o risco de apodrecimento, algo comum quando ela recebe \u00e1gua em excesso no <b>vaso<\/b>.<\/p>\n\n\n\n<p>As regas podem ser feitas a cada 7 a 10 dias, sempre esperando o substrato secar quase completamente. Em dias muito quentes, talvez seja preciso ajustar a frequ\u00eancia, mas o segredo \u00e9 sempre observar a umidade do solo e o aspecto das folhas <strong>grossas<\/strong> da babosa.<\/p>\n\n\n\n<figure class=\"wp-block-embed is-type-rich is-provider-pinterest wp-block-embed-pinterest\"><div class=\"wp-block-embed__wrapper\">\n<iframe loading=\"lazy\" title=\"Quando trocar uma planta de vaso? Como mudar uma planta de vaso. Transplantando minha babosa.\" src=\"https:\/\/assets.pinterest.com\/ext\/embed.html?id=714242822167780045&#038;src=oembed\" height=\"899\" width=\"450\" frameborder=\"0\" scrolling=\"no\" ><\/iframe>\n<\/div><\/figure>\n\n\n\n<h2 class=\"wp-block-heading\">Quando e como colher cal\u00eandula e babosa para cosm\u00e9ticos<\/h2>\n\n\n\n<p>O momento da colheita influencia muito a qualidade das prepara\u00e7\u00f5es <strong>caseiras<\/strong>. Na cal\u00eandula, as flores devem ser retiradas quando estiverem totalmente abertas, com cor intensa e p\u00e9talas firmes, de prefer\u00eancia pela manh\u00e3, ap\u00f3s a secagem natural do <b>orvalho<\/b>.<\/p>\n\n\n\n<p>Na babosa, o ideal \u00e9 colher as folhas mais velhas e grossas, pr\u00f3ximas \u00e0 base da <strong>planta<\/strong>, que costumam ter mais gel. Depois de cortar, deixe escorrer o l\u00e1tex amarelado, retire a casca com cuidado e use apenas o gel transparente em m\u00e1scaras simples ou misturas <b>cosm\u00e9ticas<\/b>.<\/p>\n","protected":false},"excerpt":{"rendered":"<p>J\u00e1 imaginou ter um cantinho de cuidados naturais em casa, colhendo suas pr\u00f3prias flores de cal\u00eandula e folhas de babosa para fazer m\u00e1scaras e cremes? Mesmo em um apartamento pequeno, \u00e9 poss\u00edvel montar uma pequena \u201cfarm\u00e1cia viva\u201d em vasos na varanda, no peitoril da janela ou em uma bancada bem iluminada, trazendo mais bem-estar e [&hellip;]<\/p>\n","protected":false},"author":9,"featured_media":156615,"comment_status":"open","ping_status":"open","sticky":false,"template":"","format":"standard","meta":{"jnews-multi-image_gallery":[],"jnews_single_post":{"format":"standard"},"jnews_primary_category":[],"jnews_social_meta":[],"jnews_override_counter":[],"footnotes":""},"categories":[8691,1],"tags":[22121,3792,5508],"class_list":["post-181563","post","type-post","status-publish","format-standard","has-post-thumbnail","hentry","category-bem-estar","category-noticias","tag-auto-cuidado","tag-horta","tag-plantas-medicinais"],"yoast_head":"<!-- This site is optimized with the Yoast SEO plugin v23.8 - https:\/\/yoast.com\/wordpress\/plugins\/seo\/ -->\n<title>A pequena farm\u00e1cia que voc\u00ea pode cultivar na janela do seu apartamento - Estado de Minas - Em foco<\/title>\n<meta name=\"description\" content=\"Monte uma farm\u00e1cia viva no seu apartamento e aprenda a cultivar cal\u00eandula e babosa para cosm\u00e9ticos naturais.\" \/>\n<meta name=\"robots\" content=\"index, follow, max-snippet:-1, max-image-preview:large, max-video-preview:-1\" \/>\n<link rel=\"canonical\" href=\"https:\/\/www.em.com.br\/emfoco\/2026\/03\/15\/a-pequena-farmacia-que-voce-pode-cultivar-na-janela-do-seu-apartamento\/\" \/>\n<meta property=\"og:locale\" content=\"pt_BR\" \/>\n<meta property=\"og:type\" content=\"article\" \/>\n<meta property=\"og:title\" content=\"A pequena farm\u00e1cia que voc\u00ea pode cultivar na janela do seu apartamento - Estado de Minas - Em foco\" \/>\n<meta property=\"og:description\" content=\"Monte uma farm\u00e1cia viva no seu apartamento e aprenda a cultivar cal\u00eandula e babosa para cosm\u00e9ticos naturais.\" \/>\n<meta property=\"og:url\" content=\"https:\/\/www.em.com.br\/emfoco\/2026\/03\/15\/a-pequena-farmacia-que-voce-pode-cultivar-na-janela-do-seu-apartamento\/\" \/>\n<meta property=\"og:site_name\" content=\"Estado de Minas - Em foco\" \/>\n<meta property=\"article:published_time\" content=\"2026-03-15T15:05:42+00:00\" \/>\n<meta property=\"article:modified_time\" content=\"2026-03-14T20:47:58+00:00\" \/>\n<meta property=\"og:image\" content=\"https:\/\/www.em.com.br\/emfoco\/wp-content\/uploads\/2026\/01\/horta-apartamento_1768651634858.jpg\" \/>\n\t<meta property=\"og:image:width\" content=\"1280\" \/>\n\t<meta property=\"og:image:height\" content=\"720\" \/>\n\t<meta property=\"og:image:type\" content=\"image\/jpeg\" \/>\n<meta name=\"author\" content=\"Daniely Cardoso\" \/>\n<meta name=\"twitter:card\" content=\"summary_large_image\" \/>\n<meta name=\"twitter:label1\" content=\"Escrito por\" \/>\n\t<meta name=\"twitter:data1\" content=\"Daniely Cardoso\" \/>\n\t<meta name=\"twitter:label2\" content=\"Est. tempo de leitura\" \/>\n\t<meta name=\"twitter:data2\" content=\"5 minutos\" \/>\n<!-- \/ Yoast SEO plugin. -->","yoast_head_json":{"title":"A pequena farm\u00e1cia que voc\u00ea pode cultivar na janela do seu apartamento - Estado de Minas - Em foco","description":"Monte uma farm\u00e1cia viva no seu apartamento e aprenda a cultivar cal\u00eandula e babosa para cosm\u00e9ticos naturais.","robots":{"index":"index","follow":"follow","max-snippet":"max-snippet:-1","max-image-preview":"max-image-preview:large","max-video-preview":"max-video-preview:-1"},"canonical":"https:\/\/www.em.com.br\/emfoco\/2026\/03\/15\/a-pequena-farmacia-que-voce-pode-cultivar-na-janela-do-seu-apartamento\/","og_locale":"pt_BR","og_type":"article","og_title":"A pequena farm\u00e1cia que voc\u00ea pode cultivar na janela do seu apartamento - Estado de Minas - Em foco","og_description":"Monte uma farm\u00e1cia viva no seu apartamento e aprenda a cultivar cal\u00eandula e babosa para cosm\u00e9ticos naturais.","og_url":"https:\/\/www.em.com.br\/emfoco\/2026\/03\/15\/a-pequena-farmacia-que-voce-pode-cultivar-na-janela-do-seu-apartamento\/","og_site_name":"Estado de Minas - Em foco","article_published_time":"2026-03-15T15:05:42+00:00","article_modified_time":"2026-03-14T20:47:58+00:00","og_image":[{"width":1280,"height":720,"url":"https:\/\/www.em.com.br\/emfoco\/wp-content\/uploads\/2026\/01\/horta-apartamento_1768651634858.jpg","type":"image\/jpeg"}],"author":"Daniely Cardoso","twitter_card":"summary_large_image","twitter_misc":{"Escrito por":"Daniely Cardoso","Est. tempo de leitura":"5 minutos"},"schema":{"@context":"https:\/\/schema.org","@graph":[{"@type":"WebPage","@id":"https:\/\/www.em.com.br\/emfoco\/2026\/03\/15\/a-pequena-farmacia-que-voce-pode-cultivar-na-janela-do-seu-apartamento\/","url":"https:\/\/www.em.com.br\/emfoco\/2026\/03\/15\/a-pequena-farmacia-que-voce-pode-cultivar-na-janela-do-seu-apartamento\/","name":"A pequena farm\u00e1cia que voc\u00ea pode cultivar na janela do seu apartamento - Estado de Minas - Em foco","isPartOf":{"@id":"https:\/\/www.em.com.br\/emfoco\/#website"},"primaryImageOfPage":{"@id":"https:\/\/www.em.com.br\/emfoco\/2026\/03\/15\/a-pequena-farmacia-que-voce-pode-cultivar-na-janela-do-seu-apartamento\/#primaryimage"},"image":{"@id":"https:\/\/www.em.com.br\/emfoco\/2026\/03\/15\/a-pequena-farmacia-que-voce-pode-cultivar-na-janela-do-seu-apartamento\/#primaryimage"},"thumbnailUrl":"https:\/\/www.em.com.br\/emfoco\/wp-content\/uploads\/2026\/01\/horta-apartamento_1768651634858.jpg","datePublished":"2026-03-15T15:05:42+00:00","dateModified":"2026-03-14T20:47:58+00:00","author":{"@id":"https:\/\/www.em.com.br\/emfoco\/#\/schema\/person\/0a8186d72f2c3a5c6276d90b41f271a0"},"description":"Monte uma farm\u00e1cia viva no seu apartamento e aprenda a cultivar cal\u00eandula e babosa para cosm\u00e9ticos naturais.","breadcrumb":{"@id":"https:\/\/www.em.com.br\/emfoco\/2026\/03\/15\/a-pequena-farmacia-que-voce-pode-cultivar-na-janela-do-seu-apartamento\/#breadcrumb"},"inLanguage":"pt-BR","potentialAction":[{"@type":"ReadAction","target":["https:\/\/www.em.com.br\/emfoco\/2026\/03\/15\/a-pequena-farmacia-que-voce-pode-cultivar-na-janela-do-seu-apartamento\/"]}]},{"@type":"ImageObject","inLanguage":"pt-BR","@id":"https:\/\/www.em.com.br\/emfoco\/2026\/03\/15\/a-pequena-farmacia-que-voce-pode-cultivar-na-janela-do-seu-apartamento\/#primaryimage","url":"https:\/\/www.em.com.br\/emfoco\/wp-content\/uploads\/2026\/01\/horta-apartamento_1768651634858.jpg","contentUrl":"https:\/\/www.em.com.br\/emfoco\/wp-content\/uploads\/2026\/01\/horta-apartamento_1768651634858.jpg","width":1280,"height":720,"caption":"Para o plantio, vale usar um substrato leve e bem drenado, que permita que a \u00e1gua escorra sem encharcar as ra\u00edzes da planta- Cr\u00e9ditos: depositphotos.com \/ burns.ashleybelle"},{"@type":"BreadcrumbList","@id":"https:\/\/www.em.com.br\/emfoco\/2026\/03\/15\/a-pequena-farmacia-que-voce-pode-cultivar-na-janela-do-seu-apartamento\/#breadcrumb","itemListElement":[{"@type":"ListItem","position":1,"name":"In\u00edcio","item":"https:\/\/www.em.com.br\/emfoco\/"},{"@type":"ListItem","position":2,"name":"A pequena farm\u00e1cia que voc\u00ea pode cultivar na janela do seu apartamento"}]},{"@type":"WebSite","@id":"https:\/\/www.em.com.br\/emfoco\/#website","url":"https:\/\/www.em.com.br\/emfoco\/","name":"Estado de Minas - Em foco","description":"Acompanhe as \u00faltimas not\u00edcias e fique bem informado sobre tudo o que acontece em Minas Gerais, Brasil e no mundo.","potentialAction":[{"@type":"SearchAction","target":{"@type":"EntryPoint","urlTemplate":"https:\/\/www.em.com.br\/emfoco\/?s={search_term_string}"},"query-input":{"@type":"PropertyValueSpecification","valueRequired":true,"valueName":"search_term_string"}}],"inLanguage":"pt-BR"},{"@type":"Person","@id":"https:\/\/www.em.com.br\/emfoco\/#\/schema\/person\/0a8186d72f2c3a5c6276d90b41f271a0","name":"Daniely Cardoso","image":{"@type":"ImageObject","inLanguage":"pt-BR","@id":"https:\/\/www.em.com.br\/emfoco\/#\/schema\/person\/image\/","url":"https:\/\/secure.gravatar.com\/avatar\/4b80ddbd124d1f071b626d52d62e5dff?s=96&d=mm&r=g","contentUrl":"https:\/\/secure.gravatar.com\/avatar\/4b80ddbd124d1f071b626d52d62e5dff?s=96&d=mm&r=g","caption":"Daniely Cardoso"},"url":"https:\/\/www.em.com.br\/emfoco\/author\/danielymyth\/"}]}},"_links":{"self":[{"href":"https:\/\/www.em.com.br\/emfoco\/wp-json\/wp\/v2\/posts\/181563","targetHints":{"allow":["GET"]}}],"collection":[{"href":"https:\/\/www.em.com.br\/emfoco\/wp-json\/wp\/v2\/posts"}],"about":[{"href":"https:\/\/www.em.com.br\/emfoco\/wp-json\/wp\/v2\/types\/post"}],"author":[{"embeddable":true,"href":"https:\/\/www.em.com.br\/emfoco\/wp-json\/wp\/v2\/users\/9"}],"replies":[{"embeddable":true,"href":"https:\/\/www.em.com.br\/emfoco\/wp-json\/wp\/v2\/comments?post=181563"}],"version-history":[{"count":2,"href":"https:\/\/www.em.com.br\/emfoco\/wp-json\/wp\/v2\/posts\/181563\/revisions"}],"predecessor-version":[{"id":181675,"href":"https:\/\/www.em.com.br\/emfoco\/wp-json\/wp\/v2\/posts\/181563\/revisions\/181675"}],"wp:featuredmedia":[{"embeddable":true,"href":"https:\/\/www.em.com.br\/emfoco\/wp-json\/wp\/v2\/media\/156615"}],"wp:attachment":[{"href":"https:\/\/www.em.com.br\/emfoco\/wp-json\/wp\/v2\/media?parent=181563"}],"wp:term":[{"taxonomy":"category","embeddable":true,"href":"https:\/\/www.em.com.br\/emfoco\/wp-json\/wp\/v2\/categories?post=181563"},{"taxonomy":"post_tag","embeddable":true,"href":"https:\/\/www.em.com.br\/emfoco\/wp-json\/wp\/v2\/tags?post=181563"}],"curies":[{"name":"wp","href":"https:\/\/api.w.org\/{rel}","templated":true}]}}