{"id":181560,"date":"2026-03-15T09:25:22","date_gmt":"2026-03-15T12:25:22","guid":{"rendered":"https:\/\/www.em.com.br\/emfoco\/?p=181560"},"modified":"2026-03-14T17:45:56","modified_gmt":"2026-03-14T20:45:56","slug":"as-5-frutas-que-voce-precisa-comer-para-proteger-sua-pele-e-o-seu-cerebro","status":"publish","type":"post","link":"https:\/\/www.em.com.br\/emfoco\/2026\/03\/15\/as-5-frutas-que-voce-precisa-comer-para-proteger-sua-pele-e-o-seu-cerebro\/","title":{"rendered":"As 5 frutas que voc\u00ea precisa comer para proteger sua pele e o seu c\u00e9rebro"},"content":{"rendered":"\n<p>Voc\u00ea j\u00e1 reparou como um prato cheio de cores parece at\u00e9 mais gostoso? Al\u00e9m de bonito, esse visual colorido pode ser um grande aliado da sua <b>sa\u00fade<\/b> e do cuidado com o <b>envelhecimento<\/b>. Dentro dessa ideia, as frutas roxas ganham destaque na chamada <strong>dieta do arco-\u00edris<\/strong>, justamente por concentrar pigmentos naturais que ajudam a proteger as c\u00e9lulas do desgaste di\u00e1rio e podem colaborar para evitar o <b>envelhecimento<\/b> celular precoce.<\/p>\n\n\n\n<h2 class=\"wp-block-heading\">O que \u00e9 a dieta do arco-\u00edris e como ela funciona na pr\u00e1tica<\/h2>\n\n\n\n<p>A <strong>dieta do arco-\u00edris<\/strong> \u00e9 uma forma simples de organizar a alimenta\u00e7\u00e3o apostando em v\u00e1rias cores no prato, principalmente de frutas e hortali\u00e7as. Cada cor costuma indicar certos <b>nutrientes<\/b> e compostos naturais, que se complementam e ajudam o corpo a se manter mais forte e <b>equilibrado<\/b>.<\/p>\n\n\n\n<p>No caso dos alimentos roxos, azul-escuros ou cor de vinho, a tonalidade est\u00e1 ligada \u00e0s <strong>antocianinas<\/strong>, pigmentos do grupo dos flavonoides. Eles ajudam a neutralizar <b>radicais livres<\/b>, que aumentam com estresse, polui\u00e7\u00e3o, cigarro e sono ruim, e que podem acelerar o chamado estresse <b>oxidativo<\/b>.<\/p>\n\n\n\n<figure class=\"wp-block-embed is-type-rich is-provider-pinterest wp-block-embed-pinterest\"><div class=\"wp-block-embed__wrapper\">\n<iframe loading=\"lazy\" title=\"Fruit\" src=\"https:\/\/assets.pinterest.com\/ext\/embed.html?id=633387444118701&#038;src=oembed\" height=\"899\" width=\"450\" frameborder=\"0\" scrolling=\"no\" ><\/iframe>\n<\/div><\/figure>\n\n\n\n<p>Leia tamb\u00e9m:&nbsp;<a href=\"https:\/\/www.em.com.br\/emfoco\/2026\/03\/13\/quer-emagrecer-comendo-bem-veja-5-alimentos-da-dieta-mediterranea-que-podem-ajudar-no-processo\/\" target=\"_blank\" rel=\"noopener\">Quer emagrecer comendo bem? Veja 5 alimentos da dieta mediterr\u00e2nea que podem ajudar no processo<\/a><\/p>\n\n\n\n<h2 class=\"wp-block-heading\">Como a combina\u00e7\u00e3o de cores protege o corpo<\/h2>\n\n\n\n<p>Quando voc\u00ea junta alimentos roxos com outros tons do \u201carco-\u00edris\u201d \u2014 como o verde das folhas, o laranja da cenoura e o vermelho do tomate \u2014 cria uma esp\u00e9cie de \u201crede de prote\u00e7\u00e3o\u201d. Cada cor atua de um jeito diferente, e essa soma favorece uma defesa mais ampla do seu <b>organismo<\/b>.<\/p>\n\n\n\n<p>Em vez de ser uma solu\u00e7\u00e3o m\u00e1gica, a alimenta\u00e7\u00e3o colorida funciona como um apoio di\u00e1rio, que ajuda o corpo a lidar melhor com agress\u00f5es do dia a dia. Assim, a <b>dieta<\/b> do arco-\u00edris entra como uma estrat\u00e9gia simples para fortalecer a <b>sa\u00fade<\/b> sem exigir grandes restri\u00e7\u00f5es.<\/p>\n\n\n\n<figure class=\"wp-block-embed is-type-rich is-provider-pinterest wp-block-embed-pinterest\"><div class=\"wp-block-embed__wrapper\">\n<iframe loading=\"lazy\" title=\"\ud83d\udc9c Voc\u00ea j\u00e1 reparou como os alimentos roxos fazem bem para o c\u00e9rebro? A cor roxa indica a presen\u00e7a de antioxidantes naturais que ajudam a proteger as c\u00e9lulas e contribuem para a sa\u00fade cognitiva ao longo do tempo.  Incluir alimentos como uvas roxas, ameixas, berinjela, couve-roxa e amoras no dia a dia \u00e9 uma forma simples de cuidar da mente com mais equil\u00edbrio e consci\u00eancia.  Comer bem tamb\u00e9m \u00e9 uma forma de autocuidado.  #azenvitta #Lunavital\" src=\"https:\/\/assets.pinterest.com\/ext\/embed.html?id=394487248633451921&#038;src=oembed\" height=\"663\" width=\"450\" frameborder=\"0\" scrolling=\"no\" ><\/iframe>\n<\/div><\/figure>\n\n\n\n<h2 class=\"wp-block-heading\">Por que as frutas roxas ajudam no combate ao envelhecimento celular<\/h2>\n\n\n\n<p>As frutas roxas se destacam porque concentram pigmentos com forte a\u00e7\u00e3o antioxidante, como as <strong>antocianinas<\/strong> presentes na casca e na polpa de uvas escuras, ameixas, a\u00e7a\u00ed, jabuticabas, mirtilos e amoras. Esses compostos ajudam a proteger as membranas das <b>c\u00e9lulas<\/b> e o material gen\u00e9tico, reduzindo o impacto dos radicais <b>livres<\/b>.<\/p>\n\n\n\n<p>Al\u00e9m disso, muitas dessas frutas oferecem vitamina C, vitamina E e outros flavonoides, criando um conjunto de subst\u00e2ncias bioativas. Essa combina\u00e7\u00e3o est\u00e1 ligada \u00e0 melhor integridade dos <b>tecidos<\/b>, elasticidade da pele e apoio ao sistema <b>cardiovascular<\/b>, al\u00e9m de poss\u00edveis benef\u00edcios para a press\u00e3o arterial e o c\u00e9rebro ao longo do envelhecimento.<\/p>\n\n\n\n<figure class=\"wp-block-embed is-type-rich is-provider-pinterest wp-block-embed-pinterest\"><div class=\"wp-block-embed__wrapper\">\n<iframe loading=\"lazy\" title=\" \" src=\"https:\/\/assets.pinterest.com\/ext\/embed.html?id=3025924746140075&#038;src=oembed\" height=\"899\" width=\"450\" frameborder=\"0\" scrolling=\"no\" ><\/iframe>\n<\/div><\/figure>\n\n\n\n<h2 class=\"wp-block-heading\">Quais fatores podem acelerar o envelhecimento celular<\/h2>\n\n\n\n<p>O envelhecimento celular precoce n\u00e3o depende s\u00f3 da idade no documento, mas de quanto as <b>c\u00e9lulas<\/b> s\u00e3o agredidas ao longo do tempo. Exposi\u00e7\u00e3o excessiva ao sol, excesso de ultraprocessados, abuso de \u00e1lcool e noites mal dormidas costumam acelerar esse <b>processo<\/b>.<\/p>\n\n\n\n<p>Por isso, incluir frutas roxas com frequ\u00eancia pode fazer parte de uma estrat\u00e9gia mais ampla de prote\u00e7\u00e3o, especialmente quando combinada com outros h\u00e1bitos saud\u00e1veis. N\u00e3o se trata de perfei\u00e7\u00e3o, mas de somar pequenas escolhas que cuidam melhor das suas <b>c\u00e9lulas<\/b>.<\/p>\n\n\n\n<p>Para voc\u00ea que gosta de se cuidar, separamos um v\u00eddeo do canal <a href=\"https:\/\/www.youtube.com\/@tuasaude\" target=\"_blank\" rel=\"noreferrer noopener\">Tua Sa\u00fade<\/a> com dicas de frutas para colocar na sua dieta:<\/p>\n\n\n\n<figure class=\"wp-block-embed is-type-video is-provider-youtube wp-block-embed-youtube wp-embed-aspect-16-9 wp-has-aspect-ratio\"><div class=\"wp-block-embed__wrapper\">\n<div class=\"jeg_video_container jeg_video_content\"><iframe loading=\"lazy\" title=\"6 frutas para EMAGRECER mais r\u00e1pido\" width=\"500\" height=\"281\" src=\"https:\/\/www.youtube.com\/embed\/hbnPrSr4au4?start=1&#038;feature=oembed\" frameborder=\"0\" allow=\"accelerometer; autoplay; clipboard-write; encrypted-media; gyroscope; picture-in-picture; web-share\" referrerpolicy=\"strict-origin-when-cross-origin\" allowfullscreen><\/iframe><\/div>\n<\/div><\/figure>\n\n\n\n<h2 class=\"wp-block-heading\">Como incluir frutas roxas na alimenta\u00e7\u00e3o do dia a dia<\/h2>\n\n\n\n<p>Na rotina corrida, a regularidade costuma ser mais importante do que grandes quantidades em um \u00fanico momento. Pequenas por\u00e7\u00f5es distribu\u00eddas ao longo do dia j\u00e1 ajudam a aumentar o consumo de <b>antioxidantes<\/b> e a substituir lanches industrializados por op\u00e7\u00f5es mais <b>naturais<\/b>.<\/p>\n\n\n\n<p>Veja algumas ideias pr\u00e1ticas para colocar as frutas roxas no seu card\u00e1pio, de um jeito simples e poss\u00edvel para o dia a <b>dia<\/b>:<\/p>\n\n\n\n<ul class=\"wp-block-list\">\n<li>Uva roxa in natura, de prefer\u00eancia com a <b>casca<\/b> bem lavada;<\/li>\n\n\n\n<li>Mix de frutas vermelhas e roxas (amora, mirtilo, framboesa) em <b>iogurtes<\/b>;<\/li>\n\n\n\n<li>Ameixa roxa fresca ou seca em saladas de folhas <b>variadas<\/b>;<\/li>\n\n\n\n<li>Jabuticaba consumida com <b>casca<\/b>, quando estiver na esta\u00e7\u00e3o;<\/li>\n\n\n\n<li>A\u00e7a\u00ed congelado sem excesso de <b>a\u00e7\u00facares<\/b> ou coberturas cal\u00f3ricas.<\/li>\n<\/ul>\n\n\n\n<figure class=\"wp-block-embed is-type-rich is-provider-pinterest wp-block-embed-pinterest\"><div class=\"wp-block-embed__wrapper\">\n<iframe loading=\"lazy\" title=\"Confira os benef\u00edcios da Ameixa na sua Sa\u00fade!\" src=\"https:\/\/assets.pinterest.com\/ext\/embed.html?id=6614730696585780&#038;src=oembed\" height=\"899\" width=\"450\" frameborder=\"0\" scrolling=\"no\" ><\/iframe>\n<\/div><\/figure>\n\n\n\n<h2 class=\"wp-block-heading\">Como facilitar a rotina com pequenas adapta\u00e7\u00f5es<\/h2>\n\n\n\n<p>Algumas mudan\u00e7as simples ajudam a manter a dieta do arco-\u00edris sem complicar sua rotina. Vale escolher um momento fixo do dia para consumir frutas roxas e ir variando as op\u00e7\u00f5es a cada semana, de acordo com a esta\u00e7\u00e3o e com o seu <b>bolso<\/b>.<\/p>\n\n\n\n<p>Combinar essas frutas com castanhas, sementes ou iogurte natural tamb\u00e9m melhora a <b>saciedade<\/b> e deixa os lanches mais completos. Sempre que poss\u00edvel, d\u00ea prefer\u00eancia \u00e0s vers\u00f5es in natura, com menos a\u00e7\u00facar e menos <b>aditivos<\/b>.<\/p>\n","protected":false},"excerpt":{"rendered":"<p>Voc\u00ea j\u00e1 reparou como um prato cheio de cores parece at\u00e9 mais gostoso? Al\u00e9m de bonito, esse visual colorido pode ser um grande aliado da sua sa\u00fade e do cuidado com o envelhecimento. Dentro dessa ideia, as frutas roxas ganham destaque na chamada dieta do arco-\u00edris, justamente por concentrar pigmentos naturais que ajudam a proteger [&hellip;]<\/p>\n","protected":false},"author":9,"featured_media":159437,"comment_status":"open","ping_status":"open","sticky":false,"template":"","format":"standard","meta":{"jnews-multi-image_gallery":[],"jnews_single_post":{"format":"standard"},"jnews_primary_category":[],"jnews_social_meta":[],"jnews_override_counter":[],"footnotes":""},"categories":[8819,1],"tags":[2904,2577,2555],"class_list":["post-181560","post","type-post","status-publish","format-standard","has-post-thumbnail","hentry","category-curiosidades","category-noticias","tag-alimentacao","tag-dieta","tag-frutas"],"yoast_head":"<!-- This site is optimized with the Yoast SEO plugin v23.8 - https:\/\/yoast.com\/wordpress\/plugins\/seo\/ -->\n<title>As 5 frutas que voc\u00ea precisa comer para proteger sua pele e o seu c\u00e9rebro - Estado de Minas - Em foco<\/title>\n<meta name=\"description\" content=\"Descubra como a dieta do arco-\u00edris e as frutas roxas protegem suas c\u00e9lulas e combatem o envelhecimento precoce.\" \/>\n<meta name=\"robots\" content=\"index, follow, max-snippet:-1, max-image-preview:large, max-video-preview:-1\" \/>\n<link rel=\"canonical\" href=\"https:\/\/www.em.com.br\/emfoco\/2026\/03\/15\/as-5-frutas-que-voce-precisa-comer-para-proteger-sua-pele-e-o-seu-cerebro\/\" \/>\n<meta property=\"og:locale\" content=\"pt_BR\" \/>\n<meta property=\"og:type\" content=\"article\" \/>\n<meta property=\"og:title\" content=\"As 5 frutas que voc\u00ea precisa comer para proteger sua pele e o seu c\u00e9rebro - Estado de Minas - Em foco\" \/>\n<meta property=\"og:description\" content=\"Descubra como a dieta do arco-\u00edris e as frutas roxas protegem suas c\u00e9lulas e combatem o envelhecimento precoce.\" \/>\n<meta property=\"og:url\" content=\"https:\/\/www.em.com.br\/emfoco\/2026\/03\/15\/as-5-frutas-que-voce-precisa-comer-para-proteger-sua-pele-e-o-seu-cerebro\/\" \/>\n<meta property=\"og:site_name\" content=\"Estado de Minas - Em foco\" \/>\n<meta property=\"article:published_time\" content=\"2026-03-15T12:25:22+00:00\" \/>\n<meta property=\"article:modified_time\" content=\"2026-03-14T20:45:56+00:00\" \/>\n<meta property=\"og:image\" content=\"https:\/\/www.em.com.br\/emfoco\/wp-content\/uploads\/2026\/01\/Gemini_Generated_Image_fr2dm5fr2dm5fr2d-1.png\" \/>\n\t<meta property=\"og:image:width\" content=\"1280\" \/>\n\t<meta property=\"og:image:height\" content=\"720\" \/>\n\t<meta property=\"og:image:type\" content=\"image\/png\" \/>\n<meta name=\"author\" content=\"Daniely Cardoso\" \/>\n<meta name=\"twitter:card\" content=\"summary_large_image\" \/>\n<meta name=\"twitter:label1\" content=\"Escrito por\" \/>\n\t<meta name=\"twitter:data1\" content=\"Daniely Cardoso\" \/>\n\t<meta name=\"twitter:label2\" content=\"Est. tempo de leitura\" \/>\n\t<meta name=\"twitter:data2\" content=\"5 minutos\" \/>\n<!-- \/ Yoast SEO plugin. -->","yoast_head_json":{"title":"As 5 frutas que voc\u00ea precisa comer para proteger sua pele e o seu c\u00e9rebro - Estado de Minas - Em foco","description":"Descubra como a dieta do arco-\u00edris e as frutas roxas protegem suas c\u00e9lulas e combatem o envelhecimento precoce.","robots":{"index":"index","follow":"follow","max-snippet":"max-snippet:-1","max-image-preview":"max-image-preview:large","max-video-preview":"max-video-preview:-1"},"canonical":"https:\/\/www.em.com.br\/emfoco\/2026\/03\/15\/as-5-frutas-que-voce-precisa-comer-para-proteger-sua-pele-e-o-seu-cerebro\/","og_locale":"pt_BR","og_type":"article","og_title":"As 5 frutas que voc\u00ea precisa comer para proteger sua pele e o seu c\u00e9rebro - Estado de Minas - Em foco","og_description":"Descubra como a dieta do arco-\u00edris e as frutas roxas protegem suas c\u00e9lulas e combatem o envelhecimento precoce.","og_url":"https:\/\/www.em.com.br\/emfoco\/2026\/03\/15\/as-5-frutas-que-voce-precisa-comer-para-proteger-sua-pele-e-o-seu-cerebro\/","og_site_name":"Estado de Minas - Em foco","article_published_time":"2026-03-15T12:25:22+00:00","article_modified_time":"2026-03-14T20:45:56+00:00","og_image":[{"width":1280,"height":720,"url":"https:\/\/www.em.com.br\/emfoco\/wp-content\/uploads\/2026\/01\/Gemini_Generated_Image_fr2dm5fr2dm5fr2d-1.png","type":"image\/png"}],"author":"Daniely Cardoso","twitter_card":"summary_large_image","twitter_misc":{"Escrito por":"Daniely Cardoso","Est. tempo de leitura":"5 minutos"},"schema":{"@context":"https:\/\/schema.org","@graph":[{"@type":"WebPage","@id":"https:\/\/www.em.com.br\/emfoco\/2026\/03\/15\/as-5-frutas-que-voce-precisa-comer-para-proteger-sua-pele-e-o-seu-cerebro\/","url":"https:\/\/www.em.com.br\/emfoco\/2026\/03\/15\/as-5-frutas-que-voce-precisa-comer-para-proteger-sua-pele-e-o-seu-cerebro\/","name":"As 5 frutas que voc\u00ea precisa comer para proteger sua pele e o seu c\u00e9rebro - Estado de Minas - Em foco","isPartOf":{"@id":"https:\/\/www.em.com.br\/emfoco\/#website"},"primaryImageOfPage":{"@id":"https:\/\/www.em.com.br\/emfoco\/2026\/03\/15\/as-5-frutas-que-voce-precisa-comer-para-proteger-sua-pele-e-o-seu-cerebro\/#primaryimage"},"image":{"@id":"https:\/\/www.em.com.br\/emfoco\/2026\/03\/15\/as-5-frutas-que-voce-precisa-comer-para-proteger-sua-pele-e-o-seu-cerebro\/#primaryimage"},"thumbnailUrl":"https:\/\/www.em.com.br\/emfoco\/wp-content\/uploads\/2026\/01\/Gemini_Generated_Image_fr2dm5fr2dm5fr2d-1.png","datePublished":"2026-03-15T12:25:22+00:00","dateModified":"2026-03-14T20:45:56+00:00","author":{"@id":"https:\/\/www.em.com.br\/emfoco\/#\/schema\/person\/0a8186d72f2c3a5c6276d90b41f271a0"},"description":"Descubra como a dieta do arco-\u00edris e as frutas roxas protegem suas c\u00e9lulas e combatem o envelhecimento precoce.","breadcrumb":{"@id":"https:\/\/www.em.com.br\/emfoco\/2026\/03\/15\/as-5-frutas-que-voce-precisa-comer-para-proteger-sua-pele-e-o-seu-cerebro\/#breadcrumb"},"inLanguage":"pt-BR","potentialAction":[{"@type":"ReadAction","target":["https:\/\/www.em.com.br\/emfoco\/2026\/03\/15\/as-5-frutas-que-voce-precisa-comer-para-proteger-sua-pele-e-o-seu-cerebro\/"]}]},{"@type":"ImageObject","inLanguage":"pt-BR","@id":"https:\/\/www.em.com.br\/emfoco\/2026\/03\/15\/as-5-frutas-que-voce-precisa-comer-para-proteger-sua-pele-e-o-seu-cerebro\/#primaryimage","url":"https:\/\/www.em.com.br\/emfoco\/wp-content\/uploads\/2026\/01\/Gemini_Generated_Image_fr2dm5fr2dm5fr2d-1.png","contentUrl":"https:\/\/www.em.com.br\/emfoco\/wp-content\/uploads\/2026\/01\/Gemini_Generated_Image_fr2dm5fr2dm5fr2d-1.png","width":1280,"height":720,"caption":"Quando faltam nutrientes, o organismo prioriza \u00f3rg\u00e3os vitais e \u201ceconomiza\u201d no cabelo e nas unhas"},{"@type":"BreadcrumbList","@id":"https:\/\/www.em.com.br\/emfoco\/2026\/03\/15\/as-5-frutas-que-voce-precisa-comer-para-proteger-sua-pele-e-o-seu-cerebro\/#breadcrumb","itemListElement":[{"@type":"ListItem","position":1,"name":"In\u00edcio","item":"https:\/\/www.em.com.br\/emfoco\/"},{"@type":"ListItem","position":2,"name":"As 5 frutas que voc\u00ea precisa comer para proteger sua pele e o seu c\u00e9rebro"}]},{"@type":"WebSite","@id":"https:\/\/www.em.com.br\/emfoco\/#website","url":"https:\/\/www.em.com.br\/emfoco\/","name":"Estado de Minas - Em foco","description":"Acompanhe as \u00faltimas not\u00edcias e fique bem informado sobre tudo o que acontece em Minas Gerais, Brasil e no mundo.","potentialAction":[{"@type":"SearchAction","target":{"@type":"EntryPoint","urlTemplate":"https:\/\/www.em.com.br\/emfoco\/?s={search_term_string}"},"query-input":{"@type":"PropertyValueSpecification","valueRequired":true,"valueName":"search_term_string"}}],"inLanguage":"pt-BR"},{"@type":"Person","@id":"https:\/\/www.em.com.br\/emfoco\/#\/schema\/person\/0a8186d72f2c3a5c6276d90b41f271a0","name":"Daniely Cardoso","image":{"@type":"ImageObject","inLanguage":"pt-BR","@id":"https:\/\/www.em.com.br\/emfoco\/#\/schema\/person\/image\/","url":"https:\/\/secure.gravatar.com\/avatar\/4b80ddbd124d1f071b626d52d62e5dff?s=96&d=mm&r=g","contentUrl":"https:\/\/secure.gravatar.com\/avatar\/4b80ddbd124d1f071b626d52d62e5dff?s=96&d=mm&r=g","caption":"Daniely Cardoso"},"url":"https:\/\/www.em.com.br\/emfoco\/author\/danielymyth\/"}]}},"_links":{"self":[{"href":"https:\/\/www.em.com.br\/emfoco\/wp-json\/wp\/v2\/posts\/181560","targetHints":{"allow":["GET"]}}],"collection":[{"href":"https:\/\/www.em.com.br\/emfoco\/wp-json\/wp\/v2\/posts"}],"about":[{"href":"https:\/\/www.em.com.br\/emfoco\/wp-json\/wp\/v2\/types\/post"}],"author":[{"embeddable":true,"href":"https:\/\/www.em.com.br\/emfoco\/wp-json\/wp\/v2\/users\/9"}],"replies":[{"embeddable":true,"href":"https:\/\/www.em.com.br\/emfoco\/wp-json\/wp\/v2\/comments?post=181560"}],"version-history":[{"count":2,"href":"https:\/\/www.em.com.br\/emfoco\/wp-json\/wp\/v2\/posts\/181560\/revisions"}],"predecessor-version":[{"id":181671,"href":"https:\/\/www.em.com.br\/emfoco\/wp-json\/wp\/v2\/posts\/181560\/revisions\/181671"}],"wp:featuredmedia":[{"embeddable":true,"href":"https:\/\/www.em.com.br\/emfoco\/wp-json\/wp\/v2\/media\/159437"}],"wp:attachment":[{"href":"https:\/\/www.em.com.br\/emfoco\/wp-json\/wp\/v2\/media?parent=181560"}],"wp:term":[{"taxonomy":"category","embeddable":true,"href":"https:\/\/www.em.com.br\/emfoco\/wp-json\/wp\/v2\/categories?post=181560"},{"taxonomy":"post_tag","embeddable":true,"href":"https:\/\/www.em.com.br\/emfoco\/wp-json\/wp\/v2\/tags?post=181560"}],"curies":[{"name":"wp","href":"https:\/\/api.w.org\/{rel}","templated":true}]}}