{"id":181555,"date":"2026-03-15T08:15:37","date_gmt":"2026-03-15T11:15:37","guid":{"rendered":"https:\/\/www.em.com.br\/emfoco\/?p=181555"},"modified":"2026-03-14T17:45:28","modified_gmt":"2026-03-14T20:45:28","slug":"a-peca-que-transforma-o-seu-look-basico-em-um-look-extremamente-elegante","status":"publish","type":"post","link":"https:\/\/www.em.com.br\/emfoco\/2026\/03\/15\/a-peca-que-transforma-o-seu-look-basico-em-um-look-extremamente-elegante\/","title":{"rendered":"A pe\u00e7a que transforma o seu look b\u00e1sico em um look extremamente elegante"},"content":{"rendered":"\n<p>Voc\u00ea j\u00e1 reparou como uma simples <strong>camisa social feminina<\/strong> pode mudar completamente o clima de um look? A pe\u00e7a que antes ficava restrita ao ambiente de <b>escrit\u00f3rio elegante<\/b> hoje aparece com jeans, t\u00eanis, alfaiataria leve e at\u00e9 itens esportivos, criando produ\u00e7\u00f5es vers\u00e1teis que v\u00e3o do dia a dia a ocasi\u00f5es mais arrumadas. Esse movimento mostra como um item b\u00e1sico do guarda-roupa ganha novos significados com combina\u00e7\u00f5es <b>estrat\u00e9gicas e criativas<\/b>.<\/p>\n\n\n\n<h2 class=\"wp-block-heading\">Por que a camisa b\u00e1sica virou pe\u00e7a-chave de eleg\u00e2ncia no dia a dia<\/h2>\n\n\n\n<p>A palavra-chave aqui \u00e9 <strong>camisa b\u00e1sica<\/strong>, aquela de modelagem simples, em tecidos como algod\u00e3o, tricoline ou viscose, em cores neutras e discretas. Ela cria um \u201cfundo\u201d limpo para o restante do visual, permitindo que voc\u00ea brinque com jeans, saias, shorts e acess\u00f3rios sem perder o ar de <b>cuidado pessoal<\/b> e uma certa dose de <b>sofistica\u00e7\u00e3o discreta<\/b>.<\/p>\n\n\n\n<p>Quando voc\u00ea coloca uma camisa b\u00e1sica em um look com cal\u00e7a jeans ou short de malha, automaticamente adiciona um toque mais alinhado, sem esfor\u00e7o. Em vez de depender apenas de roupas super sofisticadas, d\u00e1 para usar a camisa como base neutra e adaptar o resto conforme a ocasi\u00e3o, garantindo <strong>versatilidade<\/strong> e um visual sempre <b>harmonioso e pr\u00e1tico<\/b>.<\/p>\n\n\n\n<figure class=\"wp-block-embed is-type-rich is-provider-pinterest wp-block-embed-pinterest\"><div class=\"wp-block-embed__wrapper\">\n<iframe loading=\"lazy\" title=\"KIT COM 3 CAMISAS ULTRA TECH II\" src=\"https:\/\/assets.pinterest.com\/ext\/embed.html?id=646125877832250827&#038;src=oembed\" height=\"899\" width=\"450\" frameborder=\"0\" scrolling=\"no\" ><\/iframe>\n<\/div><\/figure>\n\n\n\n<p>Leia tamb\u00e9m:&nbsp;<a href=\"https:\/\/www.em.com.br\/emfoco\/2026\/03\/14\/rede-de-moda-famosa-no-pais-anuncia-fechamento-de-mais-de-90-lojas-e-uma-reestruturacao-necessaria\/\" target=\"_blank\" rel=\"noopener\">Rede de moda famosa no pa\u00eds anuncia fechamento de mais de 90 lojas: \u201c\u00c9 uma reestrutura\u00e7\u00e3o necess\u00e1ria\u201d<\/a><\/p>\n\n\n\n<h2 class=\"wp-block-heading\">O que faz da camisa b\u00e1sica um verdadeiro coringa de estilo<\/h2>\n\n\n\n<p>A for\u00e7a da <strong>camisa b\u00e1sica<\/strong> est\u00e1 na facilidade de combina\u00e7\u00e3o, principalmente em cores como branco, off-white, preto e tons pastel. Essas tonalidades conversam bem tanto com pe\u00e7as coloridas quanto com itens mais s\u00f3brios, o que reduz o tempo diante do arm\u00e1rio e deixa o processo de se arrumar mais <b>leve e intuitivo<\/b> no dia a dia <b>correria moderna<\/b>.<\/p>\n\n\n\n<p>Para quem busca praticidade, essa pe\u00e7a funciona quase como um \u201ccoringa\u201d do guarda-roupa, pronta para salvar desde um almo\u00e7o em fam\u00edlia at\u00e9 uma reuni\u00e3o de trabalho com dress code flex\u00edvel. Com poucos ajustes de sapato, bolsa e acess\u00f3rios, a mesma camisa acompanha diferentes momentos da rotina, trazendo <strong>conforto<\/strong> e um ar de visual <b>organizado e atual<\/b>.<\/p>\n\n\n\n<figure class=\"wp-block-embed is-type-rich is-provider-pinterest wp-block-embed-pinterest\"><div class=\"wp-block-embed__wrapper\">\n<iframe loading=\"lazy\" title=\" \" src=\"https:\/\/assets.pinterest.com\/ext\/embed.html?id=1196337404689170&#038;src=oembed\" height=\"899\" width=\"450\" frameborder=\"0\" scrolling=\"no\" ><\/iframe>\n<\/div><\/figure>\n\n\n\n<h2 class=\"wp-block-heading\">Como a camisa b\u00e1sica transforma um look casual em algo elegante<\/h2>\n\n\n\n<p>Muitas vezes, a diferen\u00e7a entre um look simples e um visual elegante est\u00e1 em um \u00fanico detalhe: trocar a camiseta por uma <strong>camisa de bot\u00e3o<\/strong>. O mesmo combo de cal\u00e7a e t\u00eanis ganha outro impacto visual, gra\u00e7as ao colarinho estruturado, aos punhos e ao caimento mais reto, que criam linhas bem definidas e uma sensa\u00e7\u00e3o de <b>capricho visual<\/b> sem perder o <b>conforto di\u00e1rio<\/b>.<\/p>\n\n\n\n<p>Alguns elementos da pe\u00e7a refor\u00e7am ainda mais esse efeito de sofistica\u00e7\u00e3o e ajudam a manter o visual equilibrado sem exageros, tornando a camisa b\u00e1sica uma aliada constante nas combina\u00e7\u00f5es.<\/p>\n\n\n\n<ul class=\"wp-block-list\">\n<li><strong>Caimento equilibrado<\/strong> que n\u00e3o fica justo demais nem largo em excesso, mantendo um visual harm\u00f4nico.<\/li>\n\n\n\n<li><strong>Bom acabamento<\/strong> com costuras firmes, bot\u00f5es alinhados e tecido sem amassados marcantes.<\/li>\n\n\n\n<li><strong>Cores neutras<\/strong> como branco, bege, azul-claro e preto, que facilitam combina\u00e7\u00f5es elegantes.<\/li>\n\n\n\n<li><strong>Comprimento vers\u00e1til<\/strong> que permite usar por dentro ou por fora da cal\u00e7a ou saia, mudando o estilo.<\/li>\n<\/ul>\n\n\n\n<p>Para voc\u00ea que gosta de se vestir bem, separamos um v\u00eddeo do canal <a href=\"https:\/\/www.youtube.com\/@chiquesemfrescura\" target=\"_blank\" rel=\"noreferrer noopener\">Chique sem Frescura <\/a>com dicas para usar camisa social combinando com looks chiques:<\/p>\n\n\n\n<figure class=\"wp-block-embed is-type-video is-provider-youtube wp-block-embed-youtube wp-embed-aspect-16-9 wp-has-aspect-ratio\"><div class=\"wp-block-embed__wrapper\">\n<div class=\"jeg_video_container jeg_video_content\"><iframe loading=\"lazy\" title=\"REVELADO: Como usar CAMISA para CRIAR LOOKS CHIQUES e ATEMPORAIS! CONFIRA AQUI\" width=\"500\" height=\"281\" src=\"https:\/\/www.youtube.com\/embed\/lUu1OgRDU00?feature=oembed\" frameborder=\"0\" allow=\"accelerometer; autoplay; clipboard-write; encrypted-media; gyroscope; picture-in-picture; web-share\" referrerpolicy=\"strict-origin-when-cross-origin\" allowfullscreen><\/iframe><\/div>\n<\/div><\/figure>\n\n\n\n<h2 class=\"wp-block-heading\">Como usar a camisa b\u00e1sica em diferentes momentos da rotina<\/h2>\n\n\n\n<p>No dia a dia urbano, muita gente gosta de usar a <strong>camisa aberta<\/strong> sobre regata ou camiseta, como se fosse uma terceira pe\u00e7a leve. J\u00e1 em rotinas de trabalho h\u00edbrido, ela costuma aparecer fechada, com cal\u00e7a de alfaiataria confort\u00e1vel e sapatos baixos, criando um visual adequado tanto para reuni\u00f5es online quanto para encontros <b>presenciais r\u00e1pidos<\/b> em ambientes de <b>escrit\u00f3rio casual<\/b>.<\/p>\n\n\n\n<p>Para facilitar ainda mais, algumas combina\u00e7\u00f5es viram quase uniformes estilosos: camisa branca com jeans reto e t\u00eanis limpo para um casual arrumadinho; camisa neutra com alfaiataria leve e mocassim para o trabalho; camisa ampla com legging e t\u00eanis esportivo para um visual esportivo-chique; ou ainda tecidos mais fluidos com saia midi para sair \u00e0 noite, sempre unindo <strong>conforto<\/strong> e apar\u00eancia <b>alinhada e vers\u00e1til<\/b>.<\/p>\n\n\n\n<figure class=\"wp-block-embed is-type-rich is-provider-pinterest wp-block-embed-pinterest\"><div class=\"wp-block-embed__wrapper\">\n<iframe loading=\"lazy\" title=\"Camisa social branca feminina\" src=\"https:\/\/assets.pinterest.com\/ext\/embed.html?id=520447300713676776&#038;src=oembed\" height=\"835\" width=\"450\" frameborder=\"0\" scrolling=\"no\" ><\/iframe>\n<\/div><\/figure>\n\n\n\n<h2 class=\"wp-block-heading\">Quais cuidados mant\u00eam a camisa b\u00e1sica sempre elegante<\/h2>\n\n\n\n<p>Para que essa pe\u00e7a central do guarda-roupa continue transmitindo eleg\u00e2ncia, alguns cuidados simples fazem bastante diferen\u00e7a. Lavar conforme o tipo de tecido, usar ferro ou vaporizador para tirar os amassados mais vis\u00edveis e verificar o estado dos bot\u00f5es ajudam a prolongar a vida \u00fatil da <strong>camisa favorita<\/strong>, mantendo o visual sempre <b>limpo e cuidadoso<\/b>.<\/p>\n\n\n\n<p>Atualmente, j\u00e1 existem vers\u00f5es em tecidos tecnol\u00f3gicos que quase n\u00e3o amassam, perfeitas para uma rotina mais corrida. Ter um pequeno conjunto de camisas b\u00e1sicas em cores diferentes tamb\u00e9m facilita variar os looks sem perder a mesma base elegante, fazendo da pe\u00e7a um verdadeiro ponto de partida para produ\u00e7\u00f5es <strong>vers\u00e1teis<\/strong>, adequadas a v\u00e1rios contextos do <b>cotidiano moderno<\/b>.<\/p>\n","protected":false},"excerpt":{"rendered":"<p>Voc\u00ea j\u00e1 reparou como uma simples camisa social feminina pode mudar completamente o clima de um look? A pe\u00e7a que antes ficava restrita ao ambiente de escrit\u00f3rio elegante hoje aparece com jeans, t\u00eanis, alfaiataria leve e at\u00e9 itens esportivos, criando produ\u00e7\u00f5es vers\u00e1teis que v\u00e3o do dia a dia a ocasi\u00f5es mais arrumadas. Esse movimento mostra [&hellip;]<\/p>\n","protected":false},"author":9,"featured_media":86939,"comment_status":"open","ping_status":"open","sticky":false,"template":"","format":"standard","meta":{"jnews-multi-image_gallery":[],"jnews_single_post":{"format":"standard"},"jnews_primary_category":[],"jnews_social_meta":[],"jnews_override_counter":[],"footnotes":""},"categories":[8819,1],"tags":[18815,4977,9446,1920],"class_list":["post-181555","post","type-post","status-publish","format-standard","has-post-thumbnail","hentry","category-curiosidades","category-noticias","tag-look","tag-moda","tag-roupa","tag-tendencia"],"yoast_head":"<!-- This site is optimized with the Yoast SEO plugin v23.8 - https:\/\/yoast.com\/wordpress\/plugins\/seo\/ -->\n<title>A pe\u00e7a que transforma o seu look b\u00e1sico em um look extremamente elegante - Estado de Minas - Em foco<\/title>\n<meta name=\"description\" content=\"Descubra como a camisa social feminina b\u00e1sica eleva qualquer look casual para um n\u00edvel de eleg\u00e2ncia superior.\" \/>\n<meta name=\"robots\" content=\"index, follow, max-snippet:-1, max-image-preview:large, max-video-preview:-1\" \/>\n<link rel=\"canonical\" href=\"https:\/\/www.em.com.br\/emfoco\/2026\/03\/15\/a-peca-que-transforma-o-seu-look-basico-em-um-look-extremamente-elegante\/\" \/>\n<meta property=\"og:locale\" content=\"pt_BR\" \/>\n<meta property=\"og:type\" content=\"article\" \/>\n<meta property=\"og:title\" content=\"A pe\u00e7a que transforma o seu look b\u00e1sico em um look extremamente elegante - Estado de Minas - Em foco\" \/>\n<meta property=\"og:description\" content=\"Descubra como a camisa social feminina b\u00e1sica eleva qualquer look casual para um n\u00edvel de eleg\u00e2ncia superior.\" \/>\n<meta property=\"og:url\" content=\"https:\/\/www.em.com.br\/emfoco\/2026\/03\/15\/a-peca-que-transforma-o-seu-look-basico-em-um-look-extremamente-elegante\/\" \/>\n<meta property=\"og:site_name\" content=\"Estado de Minas - Em foco\" \/>\n<meta property=\"article:published_time\" content=\"2026-03-15T11:15:37+00:00\" \/>\n<meta property=\"article:modified_time\" content=\"2026-03-14T20:45:28+00:00\" \/>\n<meta property=\"og:image\" content=\"https:\/\/www.em.com.br\/emfoco\/wp-content\/uploads\/2025\/08\/camisa-branca-moda_1754413474001.jpg\" \/>\n\t<meta property=\"og:image:width\" content=\"1280\" \/>\n\t<meta property=\"og:image:height\" content=\"720\" \/>\n\t<meta property=\"og:image:type\" content=\"image\/jpeg\" \/>\n<meta name=\"author\" content=\"Daniely Cardoso\" \/>\n<meta name=\"twitter:card\" content=\"summary_large_image\" \/>\n<meta name=\"twitter:label1\" content=\"Escrito por\" \/>\n\t<meta name=\"twitter:data1\" content=\"Daniely Cardoso\" \/>\n\t<meta name=\"twitter:label2\" content=\"Est. tempo de leitura\" \/>\n\t<meta name=\"twitter:data2\" content=\"5 minutos\" \/>\n<!-- \/ Yoast SEO plugin. -->","yoast_head_json":{"title":"A pe\u00e7a que transforma o seu look b\u00e1sico em um look extremamente elegante - Estado de Minas - Em foco","description":"Descubra como a camisa social feminina b\u00e1sica eleva qualquer look casual para um n\u00edvel de eleg\u00e2ncia superior.","robots":{"index":"index","follow":"follow","max-snippet":"max-snippet:-1","max-image-preview":"max-image-preview:large","max-video-preview":"max-video-preview:-1"},"canonical":"https:\/\/www.em.com.br\/emfoco\/2026\/03\/15\/a-peca-que-transforma-o-seu-look-basico-em-um-look-extremamente-elegante\/","og_locale":"pt_BR","og_type":"article","og_title":"A pe\u00e7a que transforma o seu look b\u00e1sico em um look extremamente elegante - Estado de Minas - Em foco","og_description":"Descubra como a camisa social feminina b\u00e1sica eleva qualquer look casual para um n\u00edvel de eleg\u00e2ncia superior.","og_url":"https:\/\/www.em.com.br\/emfoco\/2026\/03\/15\/a-peca-que-transforma-o-seu-look-basico-em-um-look-extremamente-elegante\/","og_site_name":"Estado de Minas - Em foco","article_published_time":"2026-03-15T11:15:37+00:00","article_modified_time":"2026-03-14T20:45:28+00:00","og_image":[{"width":1280,"height":720,"url":"https:\/\/www.em.com.br\/emfoco\/wp-content\/uploads\/2025\/08\/camisa-branca-moda_1754413474001.jpg","type":"image\/jpeg"}],"author":"Daniely Cardoso","twitter_card":"summary_large_image","twitter_misc":{"Escrito por":"Daniely Cardoso","Est. tempo de leitura":"5 minutos"},"schema":{"@context":"https:\/\/schema.org","@graph":[{"@type":"WebPage","@id":"https:\/\/www.em.com.br\/emfoco\/2026\/03\/15\/a-peca-que-transforma-o-seu-look-basico-em-um-look-extremamente-elegante\/","url":"https:\/\/www.em.com.br\/emfoco\/2026\/03\/15\/a-peca-que-transforma-o-seu-look-basico-em-um-look-extremamente-elegante\/","name":"A pe\u00e7a que transforma o seu look b\u00e1sico em um look extremamente elegante - Estado de Minas - Em foco","isPartOf":{"@id":"https:\/\/www.em.com.br\/emfoco\/#website"},"primaryImageOfPage":{"@id":"https:\/\/www.em.com.br\/emfoco\/2026\/03\/15\/a-peca-que-transforma-o-seu-look-basico-em-um-look-extremamente-elegante\/#primaryimage"},"image":{"@id":"https:\/\/www.em.com.br\/emfoco\/2026\/03\/15\/a-peca-que-transforma-o-seu-look-basico-em-um-look-extremamente-elegante\/#primaryimage"},"thumbnailUrl":"https:\/\/www.em.com.br\/emfoco\/wp-content\/uploads\/2025\/08\/camisa-branca-moda_1754413474001.jpg","datePublished":"2026-03-15T11:15:37+00:00","dateModified":"2026-03-14T20:45:28+00:00","author":{"@id":"https:\/\/www.em.com.br\/emfoco\/#\/schema\/person\/0a8186d72f2c3a5c6276d90b41f271a0"},"description":"Descubra como a camisa social feminina b\u00e1sica eleva qualquer look casual para um n\u00edvel de eleg\u00e2ncia superior.","breadcrumb":{"@id":"https:\/\/www.em.com.br\/emfoco\/2026\/03\/15\/a-peca-que-transforma-o-seu-look-basico-em-um-look-extremamente-elegante\/#breadcrumb"},"inLanguage":"pt-BR","potentialAction":[{"@type":"ReadAction","target":["https:\/\/www.em.com.br\/emfoco\/2026\/03\/15\/a-peca-que-transforma-o-seu-look-basico-em-um-look-extremamente-elegante\/"]}]},{"@type":"ImageObject","inLanguage":"pt-BR","@id":"https:\/\/www.em.com.br\/emfoco\/2026\/03\/15\/a-peca-que-transforma-o-seu-look-basico-em-um-look-extremamente-elegante\/#primaryimage","url":"https:\/\/www.em.com.br\/emfoco\/wp-content\/uploads\/2025\/08\/camisa-branca-moda_1754413474001.jpg","contentUrl":"https:\/\/www.em.com.br\/emfoco\/wp-content\/uploads\/2025\/08\/camisa-branca-moda_1754413474001.jpg","width":1280,"height":720,"caption":"A palavra-chave aqui \u00e9 camisa b\u00e1sica, aquela de modelagem simples, em tecidos como algod\u00e3o -Cr\u00e9ditos: depositphotos.com \/ ArturVerkhovetskiy"},{"@type":"BreadcrumbList","@id":"https:\/\/www.em.com.br\/emfoco\/2026\/03\/15\/a-peca-que-transforma-o-seu-look-basico-em-um-look-extremamente-elegante\/#breadcrumb","itemListElement":[{"@type":"ListItem","position":1,"name":"In\u00edcio","item":"https:\/\/www.em.com.br\/emfoco\/"},{"@type":"ListItem","position":2,"name":"A pe\u00e7a que transforma o seu look b\u00e1sico em um look extremamente elegante"}]},{"@type":"WebSite","@id":"https:\/\/www.em.com.br\/emfoco\/#website","url":"https:\/\/www.em.com.br\/emfoco\/","name":"Estado de Minas - Em foco","description":"Acompanhe as \u00faltimas not\u00edcias e fique bem informado sobre tudo o que acontece em Minas Gerais, Brasil e no mundo.","potentialAction":[{"@type":"SearchAction","target":{"@type":"EntryPoint","urlTemplate":"https:\/\/www.em.com.br\/emfoco\/?s={search_term_string}"},"query-input":{"@type":"PropertyValueSpecification","valueRequired":true,"valueName":"search_term_string"}}],"inLanguage":"pt-BR"},{"@type":"Person","@id":"https:\/\/www.em.com.br\/emfoco\/#\/schema\/person\/0a8186d72f2c3a5c6276d90b41f271a0","name":"Daniely Cardoso","image":{"@type":"ImageObject","inLanguage":"pt-BR","@id":"https:\/\/www.em.com.br\/emfoco\/#\/schema\/person\/image\/","url":"https:\/\/secure.gravatar.com\/avatar\/4b80ddbd124d1f071b626d52d62e5dff?s=96&d=mm&r=g","contentUrl":"https:\/\/secure.gravatar.com\/avatar\/4b80ddbd124d1f071b626d52d62e5dff?s=96&d=mm&r=g","caption":"Daniely Cardoso"},"url":"https:\/\/www.em.com.br\/emfoco\/author\/danielymyth\/"}]}},"_links":{"self":[{"href":"https:\/\/www.em.com.br\/emfoco\/wp-json\/wp\/v2\/posts\/181555","targetHints":{"allow":["GET"]}}],"collection":[{"href":"https:\/\/www.em.com.br\/emfoco\/wp-json\/wp\/v2\/posts"}],"about":[{"href":"https:\/\/www.em.com.br\/emfoco\/wp-json\/wp\/v2\/types\/post"}],"author":[{"embeddable":true,"href":"https:\/\/www.em.com.br\/emfoco\/wp-json\/wp\/v2\/users\/9"}],"replies":[{"embeddable":true,"href":"https:\/\/www.em.com.br\/emfoco\/wp-json\/wp\/v2\/comments?post=181555"}],"version-history":[{"count":2,"href":"https:\/\/www.em.com.br\/emfoco\/wp-json\/wp\/v2\/posts\/181555\/revisions"}],"predecessor-version":[{"id":181670,"href":"https:\/\/www.em.com.br\/emfoco\/wp-json\/wp\/v2\/posts\/181555\/revisions\/181670"}],"wp:featuredmedia":[{"embeddable":true,"href":"https:\/\/www.em.com.br\/emfoco\/wp-json\/wp\/v2\/media\/86939"}],"wp:attachment":[{"href":"https:\/\/www.em.com.br\/emfoco\/wp-json\/wp\/v2\/media?parent=181555"}],"wp:term":[{"taxonomy":"category","embeddable":true,"href":"https:\/\/www.em.com.br\/emfoco\/wp-json\/wp\/v2\/categories?post=181555"},{"taxonomy":"post_tag","embeddable":true,"href":"https:\/\/www.em.com.br\/emfoco\/wp-json\/wp\/v2\/tags?post=181555"}],"curies":[{"name":"wp","href":"https:\/\/api.w.org\/{rel}","templated":true}]}}