{"id":181554,"date":"2026-03-15T07:25:31","date_gmt":"2026-03-15T10:25:31","guid":{"rendered":"https:\/\/www.em.com.br\/emfoco\/?p=181554"},"modified":"2026-03-14T17:45:03","modified_gmt":"2026-03-14T20:45:03","slug":"nem-botox-nem-plastica-a-estrategia-focada-na-saude-da-pele-apos-os-50","status":"publish","type":"post","link":"https:\/\/www.em.com.br\/emfoco\/2026\/03\/15\/nem-botox-nem-plastica-a-estrategia-focada-na-saude-da-pele-apos-os-50\/","title":{"rendered":"Nem botox, nem pl\u00e1stica: a estrat\u00e9gia focada na sa\u00fade da pele ap\u00f3s os 50"},"content":{"rendered":"\n<p>Voc\u00ea j\u00e1 reparou como algumas pessoas parecem ganhar mais serenidade, disposi\u00e7\u00e3o e at\u00e9 brilho nos olhos com o passar dos anos? Essa \u00e9 a ess\u00eancia do movimento <strong>pro-aging<\/strong>, que olha para o envelhecer de forma mais gentil, priorizando a <b>sa\u00fade celular<\/b> e o bem-estar, em vez de apenas tentar esconder rugas ou sinais do tempo.<\/p>\n\n\n\n<h2 class=\"wp-block-heading\">O que \u00e9 pro-aging e por que esse conceito est\u00e1 ganhando espa\u00e7o<\/h2>\n\n\n\n<p>O <strong>pro-aging<\/strong> n\u00e3o \u00e9 sobre \u201cse conformar\u201d com a idade, e sim sobre escolher envelhecer com mais <b>qualidade e autonomia<\/b>. Ele parte da ideia de que cada corpo envelhece em um ritmo \u00fanico, influenciado por gen\u00e9tica, ambiente e, principalmente, por nossos <strong>h\u00e1bitos di\u00e1rios<\/strong>.<\/p>\n\n\n\n<p>Com o avan\u00e7o de estudos sobre <strong>inflama\u00e7\u00e3o cr\u00f4nica<\/strong>, estresse oxidativo e energia celular, ficou claro que muitos sinais externos da idade nascem de processos internos. Assim, o pro-aging se torna uma forma de <b>preven\u00e7\u00e3o<\/b>, buscando agir antes que surjam doen\u00e7as, dores constantes ou limita\u00e7\u00f5es mais <strong>marcantes<\/strong>.<\/p>\n\n\n\n<figure class=\"wp-block-embed is-type-rich is-provider-pinterest wp-block-embed-pinterest\"><div class=\"wp-block-embed__wrapper\">\n<iframe loading=\"lazy\" title=\"O Retinal Seoul 1988 age direto na renova\u00e7\u00e3o celular, com alta performance e menos irrita\u00e7\u00e3o que o retinol comum.  Resultado real com uso cont\u00ednuo: \u2022 melhora textura da pele \u2022 suaviza linhas finas \u2022 ajuda na uniformiza\u00e7\u00e3o do tom \u2022 pele com aspecto mais firme e renovado  Skincare coreano que trata a pele pensando no agora e no longo prazo.  = Kween Skin (produto original | entrega express)  #kweenskin #kbeauty #retinal #seoul1988 #skincarecoreano\" src=\"https:\/\/assets.pinterest.com\/ext\/embed.html?id=319403798596979124&#038;src=oembed\" height=\"898\" width=\"450\" frameborder=\"0\" scrolling=\"no\" ><\/iframe>\n<\/div><\/figure>\n\n\n\n<p>Leia tamb\u00e9m:&nbsp;<a href=\"https:\/\/www.em.com.br\/emfoco\/2026\/03\/14\/as-etapas-da-preparacao-de-pele-que-impedem-a-maquiagem-de-causar-cravos-e-espinhas\/\" target=\"_blank\" rel=\"noopener\">As etapas da prepara\u00e7\u00e3o de pele que impedem a maquiagem de causar cravos e espinhas<\/a><\/p>\n\n\n\n<h2 class=\"wp-block-heading\">Como a sa\u00fade celular se torna o centro do envelhecimento saud\u00e1vel<\/h2>\n\n\n\n<p>Quando falamos em <strong>sa\u00fade celular<\/strong>, falamos do cuidado com estruturas como mitoc\u00f4ndrias, membranas e DNA, que sustentam nossa <b>energia di\u00e1ria<\/b>. Se essas partes est\u00e3o bem, o organismo responde melhor a agress\u00f5es como polui\u00e7\u00e3o, sol em excesso, noites mal dormidas e at\u00e9 fases de <strong>estresse intenso<\/strong>.<\/p>\n\n\n\n<p>Pesquisas sugerem que reduzir o <strong>estresse oxidativo<\/strong>, controlar a inflama\u00e7\u00e3o e proteger o DNA ajuda a manter o corpo funcional por mais tempo. Em vez de focar s\u00f3 em cremes, o pro-aging sugere olhar tamb\u00e9m para escolhas que fortalecem a c\u00e9lula, do <b>prato de comida<\/b> aos exames de rotina e orienta\u00e7\u00f5es de profissionais de <strong>sa\u00fade<\/strong>.<\/p>\n\n\n\n<figure class=\"wp-block-embed is-type-rich is-provider-pinterest wp-block-embed-pinterest\"><div class=\"wp-block-embed__wrapper\">\n<iframe loading=\"lazy\" title=\"S\u00e9rum Retinol Antirrugas e Renovador\" src=\"https:\/\/assets.pinterest.com\/ext\/embed.html?id=603763893837635444&#038;src=oembed\" height=\"899\" width=\"450\" frameborder=\"0\" scrolling=\"no\" ><\/iframe>\n<\/div><\/figure>\n\n\n\n<h2 class=\"wp-block-heading\">Como aplicar o pro-aging na pr\u00e1tica do dia a dia<\/h2>\n\n\n\n<p>Colocar o <strong>pro-aging<\/strong> em pr\u00e1tica n\u00e3o exige solu\u00e7\u00f5es mirabolantes, e sim ajustes consistentes no cotidiano. Pequenas escolhas de hoje podem impactar diretamente a <b>energia<\/b>, o humor, o sono e a forma como o corpo reage ao passar dos <strong>anos<\/strong>.<\/p>\n\n\n\n<p>Alguns pilares aparecem com frequ\u00eancia quando se fala em envelhecer bem, e podem servir como um mapa simples para sua rotina:<\/p>\n\n\n\n<ul class=\"wp-block-list\">\n<li><strong>Alimenta\u00e7\u00e3o para as c\u00e9lulas<\/strong>: priorizar frutas, legumes, verduras, gr\u00e3os integrais e boas gorduras ajuda a reduzir inflama\u00e7\u00e3o e <b>desgaste celular<\/b>.<\/li>\n\n\n\n<li><strong>Movimento regular<\/strong>: caminhadas, muscula\u00e7\u00e3o leve e alongamentos preservam massa muscular, ossos e <strong>mobilidade<\/strong>.<\/li>\n\n\n\n<li><strong>Sono e descanso<\/strong>: noites bem dormidas s\u00e3o aliadas da <b>renova\u00e7\u00e3o celular<\/b> e da regula\u00e7\u00e3o emocional.<\/li>\n<\/ul>\n\n\n\n<p>Para voc\u00ea que gosta de se cuidar, separamos um v\u00eddeo do canal <a href=\"https:\/\/www.youtube.com\/@oceandrop\" target=\"_blank\" rel=\"noreferrer noopener\">Ocean Drop <\/a>com dicas de alimentos para manter a renova\u00e7\u00e3o celular:<\/p>\n\n\n\n<figure class=\"wp-block-embed is-type-video is-provider-youtube wp-block-embed-youtube wp-embed-aspect-16-9 wp-has-aspect-ratio\"><div class=\"wp-block-embed__wrapper\">\n<div class=\"jeg_video_container jeg_video_content\"><iframe loading=\"lazy\" title=\"Renova\u00e7\u00e3o Celular: Como Melhorar a Renova\u00e7\u00e3o da Pele com Alimentos\" width=\"500\" height=\"281\" src=\"https:\/\/www.youtube.com\/embed\/tLT2AwakYg8?feature=oembed\" frameborder=\"0\" allow=\"accelerometer; autoplay; clipboard-write; encrypted-media; gyroscope; picture-in-picture; web-share\" referrerpolicy=\"strict-origin-when-cross-origin\" allowfullscreen><\/iframe><\/div>\n<\/div><\/figure>\n\n\n\n<h2 class=\"wp-block-heading\">Qual \u00e9 o papel da est\u00e9tica dentro da vis\u00e3o pro-aging<\/h2>\n\n\n\n<p>Cuidar da apar\u00eancia continua fazendo sentido, mas deixa de ser o \u00fanico centro da <strong>aten\u00e7\u00e3o<\/strong>. Tratamentos dermatol\u00f3gicos, prote\u00e7\u00e3o solar e ativos t\u00f3picos passam a ser vistos como complemento de um corpo que j\u00e1 est\u00e1 sendo cuidado por dentro, com boa <b>alimenta\u00e7\u00e3o<\/b>, sono e acompanhamento m\u00e9dico <strong>regular<\/strong>.<\/p>\n\n\n\n<p>Nessa vis\u00e3o, a est\u00e9tica n\u00e3o promete \u201capagar\u201d a idade, e sim valorizar a <strong>vitalidade<\/strong> real da pele e do corpo. Um protetor solar di\u00e1rio, por exemplo, anda lado a lado com exames em dia, hidrata\u00e7\u00e3o adequada e um estilo de vida que apoia o <b>equil\u00edbrio<\/b> hormonal, emocional e <strong>f\u00edsico<\/strong>.<\/p>\n\n\n\n<figure class=\"wp-block-embed is-type-rich is-provider-pinterest wp-block-embed-pinterest\"><div class=\"wp-block-embed__wrapper\">\n<iframe loading=\"lazy\" title=\"pele firme ,renovada , firmeza\" src=\"https:\/\/assets.pinterest.com\/ext\/embed.html?id=342836590411518456&#038;src=oembed\" height=\"899\" width=\"450\" frameborder=\"0\" scrolling=\"no\" ><\/iframe>\n<\/div><\/figure>\n\n\n\n<h2 class=\"wp-block-heading\">Quais tend\u00eancias devem marcar o futuro do pro-aging<\/h2>\n\n\n\n<p>Entre 2024 e 2026, cresceu o interesse por <strong>longevidade saud\u00e1vel<\/strong>, com testes gen\u00e9ticos, monitoriza\u00e7\u00e3o por rel\u00f3gios e aplicativos de sa\u00fade ficando mais acess\u00edveis. Essas ferramentas permitem acompanhar n\u00e3o s\u00f3 a idade do documento, mas tamb\u00e9m sinais do chamado \u201cenvelhecimento <b>biol\u00f3gico<\/b>\u201d, como inflama\u00e7\u00e3o, sono e <strong>n\u00edvel de atividade<\/strong>.<\/p>\n\n\n\n<p>Outra tend\u00eancia forte \u00e9 a uni\u00e3o entre \u00e1reas como dermatologia, nutri\u00e7\u00e3o, endocrinologia e sa\u00fade mental em programas integrados. Assim, o pro-aging se consolida como um jeito mais amplo de olhar para a <strong>idade<\/strong>, em que o principal objetivo \u00e9 manter funcionalidade, autonomia e uma rotina coerente com o que voc\u00ea deseja viver, com mais <b>presen\u00e7a<\/b> e bem-estar ao longo dos <strong>anos<\/strong>.<\/p>\n","protected":false},"excerpt":{"rendered":"<p>Voc\u00ea j\u00e1 reparou como algumas pessoas parecem ganhar mais serenidade, disposi\u00e7\u00e3o e at\u00e9 brilho nos olhos com o passar dos anos? Essa \u00e9 a ess\u00eancia do movimento pro-aging, que olha para o envelhecer de forma mais gentil, priorizando a sa\u00fade celular e o bem-estar, em vez de apenas tentar esconder rugas ou sinais do tempo. [&hellip;]<\/p>\n","protected":false},"author":9,"featured_media":178626,"comment_status":"open","ping_status":"open","sticky":false,"template":"","format":"standard","meta":{"jnews-multi-image_gallery":[],"jnews_single_post":{"format":"standard"},"jnews_primary_category":[],"jnews_social_meta":[],"jnews_override_counter":[],"footnotes":""},"categories":[8691,1],"tags":[2616,10307,7244],"class_list":["post-181554","post","type-post","status-publish","format-standard","has-post-thumbnail","hentry","category-bem-estar","category-noticias","tag-beleza","tag-pele-linda","tag-saude-celular"],"yoast_head":"<!-- This site is optimized with the Yoast SEO plugin v23.8 - https:\/\/yoast.com\/wordpress\/plugins\/seo\/ -->\n<title>Nem botox, nem pl\u00e1stica: a estrat\u00e9gia focada na sa\u00fade da pele ap\u00f3s os 50 - Estado de Minas - Em foco<\/title>\n<meta name=\"description\" content=\"Entenda o conceito de pro-aging e como focar na sa\u00fade celular para envelhecer com m\u00e1xima energia e autonomia.\" \/>\n<meta name=\"robots\" content=\"index, follow, max-snippet:-1, max-image-preview:large, max-video-preview:-1\" \/>\n<link rel=\"canonical\" href=\"https:\/\/www.em.com.br\/emfoco\/2026\/03\/15\/nem-botox-nem-plastica-a-estrategia-focada-na-saude-da-pele-apos-os-50\/\" \/>\n<meta property=\"og:locale\" content=\"pt_BR\" \/>\n<meta property=\"og:type\" content=\"article\" \/>\n<meta property=\"og:title\" content=\"Nem botox, nem pl\u00e1stica: a estrat\u00e9gia focada na sa\u00fade da pele ap\u00f3s os 50 - Estado de Minas - Em foco\" \/>\n<meta property=\"og:description\" content=\"Entenda o conceito de pro-aging e como focar na sa\u00fade celular para envelhecer com m\u00e1xima energia e autonomia.\" \/>\n<meta property=\"og:url\" content=\"https:\/\/www.em.com.br\/emfoco\/2026\/03\/15\/nem-botox-nem-plastica-a-estrategia-focada-na-saude-da-pele-apos-os-50\/\" \/>\n<meta property=\"og:site_name\" content=\"Estado de Minas - Em foco\" \/>\n<meta property=\"article:published_time\" content=\"2026-03-15T10:25:31+00:00\" \/>\n<meta property=\"article:modified_time\" content=\"2026-03-14T20:45:03+00:00\" \/>\n<meta property=\"og:image\" content=\"https:\/\/www.em.com.br\/emfoco\/wp-content\/uploads\/2026\/03\/Gemini_Generated_Image_6ynjq06ynjq06ynj-1.png\" \/>\n\t<meta property=\"og:image:width\" content=\"1280\" \/>\n\t<meta property=\"og:image:height\" content=\"720\" \/>\n\t<meta property=\"og:image:type\" content=\"image\/png\" \/>\n<meta name=\"author\" content=\"Daniely Cardoso\" \/>\n<meta name=\"twitter:card\" content=\"summary_large_image\" \/>\n<meta name=\"twitter:label1\" content=\"Escrito por\" \/>\n\t<meta name=\"twitter:data1\" content=\"Daniely Cardoso\" \/>\n\t<meta name=\"twitter:label2\" content=\"Est. tempo de leitura\" \/>\n\t<meta name=\"twitter:data2\" content=\"4 minutos\" \/>\n<!-- \/ Yoast SEO plugin. -->","yoast_head_json":{"title":"Nem botox, nem pl\u00e1stica: a estrat\u00e9gia focada na sa\u00fade da pele ap\u00f3s os 50 - Estado de Minas - Em foco","description":"Entenda o conceito de pro-aging e como focar na sa\u00fade celular para envelhecer com m\u00e1xima energia e autonomia.","robots":{"index":"index","follow":"follow","max-snippet":"max-snippet:-1","max-image-preview":"max-image-preview:large","max-video-preview":"max-video-preview:-1"},"canonical":"https:\/\/www.em.com.br\/emfoco\/2026\/03\/15\/nem-botox-nem-plastica-a-estrategia-focada-na-saude-da-pele-apos-os-50\/","og_locale":"pt_BR","og_type":"article","og_title":"Nem botox, nem pl\u00e1stica: a estrat\u00e9gia focada na sa\u00fade da pele ap\u00f3s os 50 - Estado de Minas - Em foco","og_description":"Entenda o conceito de pro-aging e como focar na sa\u00fade celular para envelhecer com m\u00e1xima energia e autonomia.","og_url":"https:\/\/www.em.com.br\/emfoco\/2026\/03\/15\/nem-botox-nem-plastica-a-estrategia-focada-na-saude-da-pele-apos-os-50\/","og_site_name":"Estado de Minas - Em foco","article_published_time":"2026-03-15T10:25:31+00:00","article_modified_time":"2026-03-14T20:45:03+00:00","og_image":[{"width":1280,"height":720,"url":"https:\/\/www.em.com.br\/emfoco\/wp-content\/uploads\/2026\/03\/Gemini_Generated_Image_6ynjq06ynjq06ynj-1.png","type":"image\/png"}],"author":"Daniely Cardoso","twitter_card":"summary_large_image","twitter_misc":{"Escrito por":"Daniely Cardoso","Est. tempo de leitura":"4 minutos"},"schema":{"@context":"https:\/\/schema.org","@graph":[{"@type":"WebPage","@id":"https:\/\/www.em.com.br\/emfoco\/2026\/03\/15\/nem-botox-nem-plastica-a-estrategia-focada-na-saude-da-pele-apos-os-50\/","url":"https:\/\/www.em.com.br\/emfoco\/2026\/03\/15\/nem-botox-nem-plastica-a-estrategia-focada-na-saude-da-pele-apos-os-50\/","name":"Nem botox, nem pl\u00e1stica: a estrat\u00e9gia focada na sa\u00fade da pele ap\u00f3s os 50 - Estado de Minas - Em foco","isPartOf":{"@id":"https:\/\/www.em.com.br\/emfoco\/#website"},"primaryImageOfPage":{"@id":"https:\/\/www.em.com.br\/emfoco\/2026\/03\/15\/nem-botox-nem-plastica-a-estrategia-focada-na-saude-da-pele-apos-os-50\/#primaryimage"},"image":{"@id":"https:\/\/www.em.com.br\/emfoco\/2026\/03\/15\/nem-botox-nem-plastica-a-estrategia-focada-na-saude-da-pele-apos-os-50\/#primaryimage"},"thumbnailUrl":"https:\/\/www.em.com.br\/emfoco\/wp-content\/uploads\/2026\/03\/Gemini_Generated_Image_6ynjq06ynjq06ynj-1.png","datePublished":"2026-03-15T10:25:31+00:00","dateModified":"2026-03-14T20:45:03+00:00","author":{"@id":"https:\/\/www.em.com.br\/emfoco\/#\/schema\/person\/0a8186d72f2c3a5c6276d90b41f271a0"},"description":"Entenda o conceito de pro-aging e como focar na sa\u00fade celular para envelhecer com m\u00e1xima energia e autonomia.","breadcrumb":{"@id":"https:\/\/www.em.com.br\/emfoco\/2026\/03\/15\/nem-botox-nem-plastica-a-estrategia-focada-na-saude-da-pele-apos-os-50\/#breadcrumb"},"inLanguage":"pt-BR","potentialAction":[{"@type":"ReadAction","target":["https:\/\/www.em.com.br\/emfoco\/2026\/03\/15\/nem-botox-nem-plastica-a-estrategia-focada-na-saude-da-pele-apos-os-50\/"]}]},{"@type":"ImageObject","inLanguage":"pt-BR","@id":"https:\/\/www.em.com.br\/emfoco\/2026\/03\/15\/nem-botox-nem-plastica-a-estrategia-focada-na-saude-da-pele-apos-os-50\/#primaryimage","url":"https:\/\/www.em.com.br\/emfoco\/wp-content\/uploads\/2026\/03\/Gemini_Generated_Image_6ynjq06ynjq06ynj-1.png","contentUrl":"https:\/\/www.em.com.br\/emfoco\/wp-content\/uploads\/2026\/03\/Gemini_Generated_Image_6ynjq06ynjq06ynj-1.png","width":1280,"height":720,"caption":"O pro-aging n\u00e3o \u00e9 sobre \u201cse conformar\u201d com a idade, e sim sobre escolher envelhecer com mais qualidade e autonomia."},{"@type":"BreadcrumbList","@id":"https:\/\/www.em.com.br\/emfoco\/2026\/03\/15\/nem-botox-nem-plastica-a-estrategia-focada-na-saude-da-pele-apos-os-50\/#breadcrumb","itemListElement":[{"@type":"ListItem","position":1,"name":"In\u00edcio","item":"https:\/\/www.em.com.br\/emfoco\/"},{"@type":"ListItem","position":2,"name":"Nem botox, nem pl\u00e1stica: a estrat\u00e9gia focada na sa\u00fade da pele ap\u00f3s os 50"}]},{"@type":"WebSite","@id":"https:\/\/www.em.com.br\/emfoco\/#website","url":"https:\/\/www.em.com.br\/emfoco\/","name":"Estado de Minas - Em foco","description":"Acompanhe as \u00faltimas not\u00edcias e fique bem informado sobre tudo o que acontece em Minas Gerais, Brasil e no mundo.","potentialAction":[{"@type":"SearchAction","target":{"@type":"EntryPoint","urlTemplate":"https:\/\/www.em.com.br\/emfoco\/?s={search_term_string}"},"query-input":{"@type":"PropertyValueSpecification","valueRequired":true,"valueName":"search_term_string"}}],"inLanguage":"pt-BR"},{"@type":"Person","@id":"https:\/\/www.em.com.br\/emfoco\/#\/schema\/person\/0a8186d72f2c3a5c6276d90b41f271a0","name":"Daniely Cardoso","image":{"@type":"ImageObject","inLanguage":"pt-BR","@id":"https:\/\/www.em.com.br\/emfoco\/#\/schema\/person\/image\/","url":"https:\/\/secure.gravatar.com\/avatar\/4b80ddbd124d1f071b626d52d62e5dff?s=96&d=mm&r=g","contentUrl":"https:\/\/secure.gravatar.com\/avatar\/4b80ddbd124d1f071b626d52d62e5dff?s=96&d=mm&r=g","caption":"Daniely Cardoso"},"url":"https:\/\/www.em.com.br\/emfoco\/author\/danielymyth\/"}]}},"_links":{"self":[{"href":"https:\/\/www.em.com.br\/emfoco\/wp-json\/wp\/v2\/posts\/181554","targetHints":{"allow":["GET"]}}],"collection":[{"href":"https:\/\/www.em.com.br\/emfoco\/wp-json\/wp\/v2\/posts"}],"about":[{"href":"https:\/\/www.em.com.br\/emfoco\/wp-json\/wp\/v2\/types\/post"}],"author":[{"embeddable":true,"href":"https:\/\/www.em.com.br\/emfoco\/wp-json\/wp\/v2\/users\/9"}],"replies":[{"embeddable":true,"href":"https:\/\/www.em.com.br\/emfoco\/wp-json\/wp\/v2\/comments?post=181554"}],"version-history":[{"count":2,"href":"https:\/\/www.em.com.br\/emfoco\/wp-json\/wp\/v2\/posts\/181554\/revisions"}],"predecessor-version":[{"id":181669,"href":"https:\/\/www.em.com.br\/emfoco\/wp-json\/wp\/v2\/posts\/181554\/revisions\/181669"}],"wp:featuredmedia":[{"embeddable":true,"href":"https:\/\/www.em.com.br\/emfoco\/wp-json\/wp\/v2\/media\/178626"}],"wp:attachment":[{"href":"https:\/\/www.em.com.br\/emfoco\/wp-json\/wp\/v2\/media?parent=181554"}],"wp:term":[{"taxonomy":"category","embeddable":true,"href":"https:\/\/www.em.com.br\/emfoco\/wp-json\/wp\/v2\/categories?post=181554"},{"taxonomy":"post_tag","embeddable":true,"href":"https:\/\/www.em.com.br\/emfoco\/wp-json\/wp\/v2\/tags?post=181554"}],"curies":[{"name":"wp","href":"https:\/\/api.w.org\/{rel}","templated":true}]}}