{"id":181534,"date":"2026-03-17T12:45:00","date_gmt":"2026-03-17T15:45:00","guid":{"rendered":"https:\/\/www.em.com.br\/emfoco\/?p=181534"},"modified":"2026-03-16T20:07:32","modified_gmt":"2026-03-16T23:07:32","slug":"seu-jardim-pode-estar-atraindo-carrapatos-e-alguns-detalhes-simples-explicam-o-motivo","status":"publish","type":"post","link":"https:\/\/www.em.com.br\/emfoco\/2026\/03\/17\/seu-jardim-pode-estar-atraindo-carrapatos-e-alguns-detalhes-simples-explicam-o-motivo\/","title":{"rendered":"Seu jardim pode estar atraindo carrapatos e alguns detalhes simples explicam o motivo"},"content":{"rendered":"\n<p>Os <strong>carrapatos <\/strong>se tornaram um motivo real de preocupa\u00e7\u00e3o em p\u00e1tios e jardins urbanos e suburbanos. Embora ainda sejam associados a florestas e zonas rurais, hoje j\u00e1 se sabe que podem se instalar facilmente em espa\u00e7os verdes dom\u00e9sticos com grama alta, ac\u00famulo de folhas e vegeta\u00e7\u00e3o densa, onde o microclima favorece umidade, sombra e abrigo contra o sol direto.<\/p>\n\n\n\n<h2 class=\"wp-block-heading\">Como os carrapatos chegam ao jardim da sua casa<\/h2>\n\n\n\n<p>Os <a href=\"https:\/\/brasilescola.uol.com.br\/animais\/carrapato.htm\" target=\"_blank\" rel=\"noreferrer noopener\">carrapatos <\/a>n\u00e3o \u201cnascem\u201d na grama de maneira espont\u00e2nea. Geralmente, chegam transportados por animais que atravessam o terreno, como c\u00e3es, gatos, aves, roedores ou outros mam\u00edferos silvestres, e depois se espalham pelo espa\u00e7o.<\/p>\n\n\n\n<p>Uma vez ali, procuram pontos estrat\u00e9gicos para esperar um novo hospedeiro, como bordas da vegeta\u00e7\u00e3o, grama que ro\u00e7a as pernas ou \u00e1reas com mato onde possam subir alguns cent\u00edmetros e se prender a pessoas ou animais de estima\u00e7\u00e3o.<\/p>\n\n\n\n<figure class=\"wp-block-image\"><img decoding=\"async\" src=\"https:\/\/www.em.com.br\/emfoco\/wp-content\/uploads\/2025\/08\/carrapatos_1755543373416-1024x576.jpg\" alt=\"\"\/><figcaption class=\"wp-element-caption\">O melhor jeito de evitar carrapatos no jardim &#8211; Cr\u00e9ditos: depositphotos.com \/ VitalisG<\/figcaption><\/figure>\n\n\n\n<h2 class=\"wp-block-heading\">Quais microclimas favorecem carrapatos no jardim<\/h2>\n\n\n\n<p>Mais do que culpar uma flor ou esp\u00e9cie em particular, o fator \u00e9 o microclima. Esses parasitas requerem umidade relativamente alta e prote\u00e7\u00e3o contra o ressecamento, preferindo faixas onde a grama encontra o mato, sob arbustos baixos e entre a serrapilheira.<\/p>\n\n\n\n<p>Decis\u00f5es de <a href=\"https:\/\/www.em.com.br\/emfoco\/2026\/01\/14\/nem-limao-nem-laranja-a-arvore-frutifera-que-nao-levanta-o-solo-com-suas-raizes-e-requer-poucos-cuidados-de-jardinagem\/\" target=\"_blank\" rel=\"noreferrer noopener\">jardinagem <\/a>que criam sombra constante e solo sempre \u00famido aumentam o risco, especialmente em \u00e1reas de circula\u00e7\u00e3o di\u00e1ria. Por isso, \u00e9 importante reconhecer quais pr\u00e1ticas mais favorecem a presen\u00e7a de carrapatos:<\/p>\n\n\n\n<ul class=\"wp-block-list\">\n<li>Plantas rasteiras muito densas em \u00e1reas de passagem, que mant\u00eam o solo permanentemente \u00famido.<\/li>\n\n\n\n<li>Cercas vivas e sebes muito espessas, dif\u00edceis de arejar e com sombra constante.<\/li>\n\n\n\n<li>Mato alto e trechos sem ro\u00e7ar nas bordas do terreno, perto de muros ou cercas.<\/li>\n\n\n\n<li>Cantos onde se acumulam folhas, galhos e restos vegetais sem manuten\u00e7\u00e3o regular.<\/li>\n<\/ul>\n\n\n\n<h2 class=\"wp-block-heading\">Quais partes do p\u00e1tio verificar primeiro para achar carrapatos<\/h2>\n\n\n\n<p>Para diminuir o risco de carrapatos no p\u00e1tio, n\u00e3o \u00e9 necess\u00e1rio eliminar todo o verde. A estrat\u00e9gia \u00e9 identificar e corrigir os locais com maior probabilidade de abrigo, priorizando o entorno de \u00e1reas de lazer, brinquedos infantis e circula\u00e7\u00e3o de pets.<\/p>\n\n\n\n<p>Ag\u00eancias de sa\u00fade, como os Centros de Controle e Preven\u00e7\u00e3o de Doen\u00e7as (CDC), destacam pontos cr\u00edticos que devem ser checados com frequ\u00eancia, incluindo grama alta, bordas do terreno, canteiros muito fechados, pilhas de lenha, muros de pedra e \u00e1reas de sombra cont\u00ednua.<\/p>\n\n\n\n<figure class=\"wp-block-image\"><img decoding=\"async\" src=\"https:\/\/www.em.com.br\/emfoco\/wp-content\/uploads\/2025\/06\/carrapato_1749309565114-1024x576.jpg\" alt=\"\"\/><figcaption class=\"wp-element-caption\">O melhor jeito de evitar carrapatos no jardim &#8211; Cr\u00e9ditos: depositphotos.com \/ Erik_Karits<\/figcaption><\/figure>\n\n\n\n<h2 class=\"wp-block-heading\">Como reduzir o risco de carrapatos no jardim de forma pr\u00e1tica<\/h2>\n\n\n\n<p>O manejo do ambiente \u00e9 um pilar na preven\u00e7\u00e3o. Manter a grama em altura moderada, retirar folhas secas e reorganizar cantos com ac\u00famulo de restos vegetais reduz a umidade e a quantidade de ref\u00fagios, tornando o jardim menos atraente para carrapatos.<\/p>\n\n\n\n<p>Tamb\u00e9m \u00e9 essencial cuidar dos animais de estima\u00e7\u00e3o, verificando c\u00e3es e gatos ap\u00f3s passeios e seguindo orienta\u00e7\u00f5es veterin\u00e1rias sobre coleiras, comprimidos ou pipetas antiparasit\u00e1rios atualizados e adequados ao peso e hist\u00f3rico de sa\u00fade do animal.<\/p>\n\n\n\n<h2 class=\"wp-block-heading\">Como se proteger e agir r\u00e1pido contra carrapatos no jardim<\/h2>\n\n\n\n<p>A prote\u00e7\u00e3o pessoal \u00e9 indispens\u00e1vel para continuar aproveitando o espa\u00e7o verde com seguran\u00e7a. Repelentes registrados em \u00f3rg\u00e3os reguladores, uso de roupas adequadas em \u00e1reas de risco e a autoinspe\u00e7\u00e3o da pele ap\u00f3s atividades ao ar livre reduzem muito a chance de infec\u00e7\u00f5es.<\/p>\n\n\n\n<p>Se voc\u00ea tem jardim, crian\u00e7as ou pets, o momento de agir \u00e9 agora: revise seu p\u00e1tio ainda hoje, ajuste a vegeta\u00e7\u00e3o, proteja seus animais e converse com um profissional de sa\u00fade ao menor sinal de febre, manchas na pele ou carrapato aderido. N\u00e3o espere o problema aparecer; antecipe-se e transforme seu jardim em um ambiente bonito, seguro e livre de carrapatos.<\/p>\n","protected":false},"excerpt":{"rendered":"<p>Os carrapatos se tornaram um motivo real de preocupa\u00e7\u00e3o em p\u00e1tios e jardins urbanos e suburbanos. Embora ainda sejam associados a florestas e zonas rurais, hoje j\u00e1 se sabe que podem se instalar facilmente em espa\u00e7os verdes dom\u00e9sticos com grama alta, ac\u00famulo de folhas e vegeta\u00e7\u00e3o densa, onde o microclima favorece umidade, sombra e abrigo [&hellip;]<\/p>\n","protected":false},"author":11,"featured_media":181841,"comment_status":"open","ping_status":"open","sticky":false,"template":"","format":"standard","meta":{"jnews-multi-image_gallery":[],"jnews_single_post":{"format":"standard"},"jnews_primary_category":[],"jnews_social_meta":[],"jnews_override_counter":[],"footnotes":""},"categories":[8819,1],"tags":[9933,4781,3325,15731],"class_list":["post-181534","post","type-post","status-publish","format-standard","has-post-thumbnail","hentry","category-curiosidades","category-noticias","tag-carrapatos","tag-grama","tag-jardim","tag-risco-a-saude"],"yoast_head":"<!-- This site is optimized with the Yoast SEO plugin v23.8 - https:\/\/yoast.com\/wordpress\/plugins\/seo\/ -->\n<title>Seu jardim pode estar atraindo carrapatos e alguns detalhes simples explicam o motivo - Estado de Minas - Em foco<\/title>\n<meta name=\"description\" content=\"Carrapatos podem aparecer em jardins urbanos com grama alta e sombra. Saiba onde eles se escondem e como reduzir o risco.\" \/>\n<meta name=\"robots\" content=\"index, follow, max-snippet:-1, max-image-preview:large, max-video-preview:-1\" \/>\n<link rel=\"canonical\" href=\"https:\/\/www.em.com.br\/emfoco\/2026\/03\/17\/seu-jardim-pode-estar-atraindo-carrapatos-e-alguns-detalhes-simples-explicam-o-motivo\/\" \/>\n<meta property=\"og:locale\" content=\"pt_BR\" \/>\n<meta property=\"og:type\" content=\"article\" \/>\n<meta property=\"og:title\" content=\"Seu jardim pode estar atraindo carrapatos e alguns detalhes simples explicam o motivo - Estado de Minas - Em foco\" \/>\n<meta property=\"og:description\" content=\"Carrapatos podem aparecer em jardins urbanos com grama alta e sombra. Saiba onde eles se escondem e como reduzir o risco.\" \/>\n<meta property=\"og:url\" content=\"https:\/\/www.em.com.br\/emfoco\/2026\/03\/17\/seu-jardim-pode-estar-atraindo-carrapatos-e-alguns-detalhes-simples-explicam-o-motivo\/\" \/>\n<meta property=\"og:site_name\" content=\"Estado de Minas - Em foco\" \/>\n<meta property=\"article:published_time\" content=\"2026-03-17T15:45:00+00:00\" \/>\n<meta property=\"article:modified_time\" content=\"2026-03-16T23:07:32+00:00\" \/>\n<meta property=\"og:image\" content=\"https:\/\/www.em.com.br\/emfoco\/wp-content\/uploads\/2026\/03\/Gemini_Generated_Image_idfb7jidfb7jidfb-1.png\" \/>\n\t<meta property=\"og:image:width\" content=\"1280\" \/>\n\t<meta property=\"og:image:height\" content=\"720\" \/>\n\t<meta property=\"og:image:type\" content=\"image\/png\" \/>\n<meta name=\"author\" content=\"Andre\u0301 Rangel\u00a0\" \/>\n<meta name=\"twitter:card\" content=\"summary_large_image\" \/>\n<meta name=\"twitter:label1\" content=\"Escrito por\" \/>\n\t<meta name=\"twitter:data1\" content=\"Andre\u0301 Rangel\u00a0\" \/>\n\t<meta name=\"twitter:label2\" content=\"Est. tempo de leitura\" \/>\n\t<meta name=\"twitter:data2\" content=\"4 minutos\" \/>\n<!-- \/ Yoast SEO plugin. -->","yoast_head_json":{"title":"Seu jardim pode estar atraindo carrapatos e alguns detalhes simples explicam o motivo - Estado de Minas - Em foco","description":"Carrapatos podem aparecer em jardins urbanos com grama alta e sombra. Saiba onde eles se escondem e como reduzir o risco.","robots":{"index":"index","follow":"follow","max-snippet":"max-snippet:-1","max-image-preview":"max-image-preview:large","max-video-preview":"max-video-preview:-1"},"canonical":"https:\/\/www.em.com.br\/emfoco\/2026\/03\/17\/seu-jardim-pode-estar-atraindo-carrapatos-e-alguns-detalhes-simples-explicam-o-motivo\/","og_locale":"pt_BR","og_type":"article","og_title":"Seu jardim pode estar atraindo carrapatos e alguns detalhes simples explicam o motivo - Estado de Minas - Em foco","og_description":"Carrapatos podem aparecer em jardins urbanos com grama alta e sombra. Saiba onde eles se escondem e como reduzir o risco.","og_url":"https:\/\/www.em.com.br\/emfoco\/2026\/03\/17\/seu-jardim-pode-estar-atraindo-carrapatos-e-alguns-detalhes-simples-explicam-o-motivo\/","og_site_name":"Estado de Minas - Em foco","article_published_time":"2026-03-17T15:45:00+00:00","article_modified_time":"2026-03-16T23:07:32+00:00","og_image":[{"width":1280,"height":720,"url":"https:\/\/www.em.com.br\/emfoco\/wp-content\/uploads\/2026\/03\/Gemini_Generated_Image_idfb7jidfb7jidfb-1.png","type":"image\/png"}],"author":"Andre\u0301 Rangel\u00a0","twitter_card":"summary_large_image","twitter_misc":{"Escrito por":"Andre\u0301 Rangel\u00a0","Est. tempo de leitura":"4 minutos"},"schema":{"@context":"https:\/\/schema.org","@graph":[{"@type":"WebPage","@id":"https:\/\/www.em.com.br\/emfoco\/2026\/03\/17\/seu-jardim-pode-estar-atraindo-carrapatos-e-alguns-detalhes-simples-explicam-o-motivo\/","url":"https:\/\/www.em.com.br\/emfoco\/2026\/03\/17\/seu-jardim-pode-estar-atraindo-carrapatos-e-alguns-detalhes-simples-explicam-o-motivo\/","name":"Seu jardim pode estar atraindo carrapatos e alguns detalhes simples explicam o motivo - Estado de Minas - Em foco","isPartOf":{"@id":"https:\/\/www.em.com.br\/emfoco\/#website"},"primaryImageOfPage":{"@id":"https:\/\/www.em.com.br\/emfoco\/2026\/03\/17\/seu-jardim-pode-estar-atraindo-carrapatos-e-alguns-detalhes-simples-explicam-o-motivo\/#primaryimage"},"image":{"@id":"https:\/\/www.em.com.br\/emfoco\/2026\/03\/17\/seu-jardim-pode-estar-atraindo-carrapatos-e-alguns-detalhes-simples-explicam-o-motivo\/#primaryimage"},"thumbnailUrl":"https:\/\/www.em.com.br\/emfoco\/wp-content\/uploads\/2026\/03\/Gemini_Generated_Image_idfb7jidfb7jidfb-1.png","datePublished":"2026-03-17T15:45:00+00:00","dateModified":"2026-03-16T23:07:32+00:00","author":{"@id":"https:\/\/www.em.com.br\/emfoco\/#\/schema\/person\/60eda09c1fedf0d6891f4cef4b60b8b8"},"description":"Carrapatos podem aparecer em jardins urbanos com grama alta e sombra. Saiba onde eles se escondem e como reduzir o risco.","breadcrumb":{"@id":"https:\/\/www.em.com.br\/emfoco\/2026\/03\/17\/seu-jardim-pode-estar-atraindo-carrapatos-e-alguns-detalhes-simples-explicam-o-motivo\/#breadcrumb"},"inLanguage":"pt-BR","potentialAction":[{"@type":"ReadAction","target":["https:\/\/www.em.com.br\/emfoco\/2026\/03\/17\/seu-jardim-pode-estar-atraindo-carrapatos-e-alguns-detalhes-simples-explicam-o-motivo\/"]}]},{"@type":"ImageObject","inLanguage":"pt-BR","@id":"https:\/\/www.em.com.br\/emfoco\/2026\/03\/17\/seu-jardim-pode-estar-atraindo-carrapatos-e-alguns-detalhes-simples-explicam-o-motivo\/#primaryimage","url":"https:\/\/www.em.com.br\/emfoco\/wp-content\/uploads\/2026\/03\/Gemini_Generated_Image_idfb7jidfb7jidfb-1.png","contentUrl":"https:\/\/www.em.com.br\/emfoco\/wp-content\/uploads\/2026\/03\/Gemini_Generated_Image_idfb7jidfb7jidfb-1.png","width":1280,"height":720,"caption":"Carrapatos podem aparecer no jardim da sua casa"},{"@type":"BreadcrumbList","@id":"https:\/\/www.em.com.br\/emfoco\/2026\/03\/17\/seu-jardim-pode-estar-atraindo-carrapatos-e-alguns-detalhes-simples-explicam-o-motivo\/#breadcrumb","itemListElement":[{"@type":"ListItem","position":1,"name":"In\u00edcio","item":"https:\/\/www.em.com.br\/emfoco\/"},{"@type":"ListItem","position":2,"name":"Seu jardim pode estar atraindo carrapatos e alguns detalhes simples explicam o motivo"}]},{"@type":"WebSite","@id":"https:\/\/www.em.com.br\/emfoco\/#website","url":"https:\/\/www.em.com.br\/emfoco\/","name":"Estado de Minas - Em foco","description":"Acompanhe as \u00faltimas not\u00edcias e fique bem informado sobre tudo o que acontece em Minas Gerais, Brasil e no mundo.","potentialAction":[{"@type":"SearchAction","target":{"@type":"EntryPoint","urlTemplate":"https:\/\/www.em.com.br\/emfoco\/?s={search_term_string}"},"query-input":{"@type":"PropertyValueSpecification","valueRequired":true,"valueName":"search_term_string"}}],"inLanguage":"pt-BR"},{"@type":"Person","@id":"https:\/\/www.em.com.br\/emfoco\/#\/schema\/person\/60eda09c1fedf0d6891f4cef4b60b8b8","name":"Andre\u0301 Rangel\u00a0","image":{"@type":"ImageObject","inLanguage":"pt-BR","@id":"https:\/\/www.em.com.br\/emfoco\/#\/schema\/person\/image\/","url":"https:\/\/secure.gravatar.com\/avatar\/6234dc814c77c8ef6d8bba622c787efc?s=96&d=mm&r=g","contentUrl":"https:\/\/secure.gravatar.com\/avatar\/6234dc814c77c8ef6d8bba622c787efc?s=96&d=mm&r=g","caption":"Andre\u0301 Rangel\u00a0"},"url":"https:\/\/www.em.com.br\/emfoco\/author\/luizmyth\/"}]}},"_links":{"self":[{"href":"https:\/\/www.em.com.br\/emfoco\/wp-json\/wp\/v2\/posts\/181534","targetHints":{"allow":["GET"]}}],"collection":[{"href":"https:\/\/www.em.com.br\/emfoco\/wp-json\/wp\/v2\/posts"}],"about":[{"href":"https:\/\/www.em.com.br\/emfoco\/wp-json\/wp\/v2\/types\/post"}],"author":[{"embeddable":true,"href":"https:\/\/www.em.com.br\/emfoco\/wp-json\/wp\/v2\/users\/11"}],"replies":[{"embeddable":true,"href":"https:\/\/www.em.com.br\/emfoco\/wp-json\/wp\/v2\/comments?post=181534"}],"version-history":[{"count":4,"href":"https:\/\/www.em.com.br\/emfoco\/wp-json\/wp\/v2\/posts\/181534\/revisions"}],"predecessor-version":[{"id":181842,"href":"https:\/\/www.em.com.br\/emfoco\/wp-json\/wp\/v2\/posts\/181534\/revisions\/181842"}],"wp:featuredmedia":[{"embeddable":true,"href":"https:\/\/www.em.com.br\/emfoco\/wp-json\/wp\/v2\/media\/181841"}],"wp:attachment":[{"href":"https:\/\/www.em.com.br\/emfoco\/wp-json\/wp\/v2\/media?parent=181534"}],"wp:term":[{"taxonomy":"category","embeddable":true,"href":"https:\/\/www.em.com.br\/emfoco\/wp-json\/wp\/v2\/categories?post=181534"},{"taxonomy":"post_tag","embeddable":true,"href":"https:\/\/www.em.com.br\/emfoco\/wp-json\/wp\/v2\/tags?post=181534"}],"curies":[{"name":"wp","href":"https:\/\/api.w.org\/{rel}","templated":true}]}}