{"id":181530,"date":"2026-03-17T10:25:00","date_gmt":"2026-03-17T13:25:00","guid":{"rendered":"https:\/\/www.em.com.br\/emfoco\/?p=181530"},"modified":"2026-03-16T20:06:40","modified_gmt":"2026-03-16T23:06:40","slug":"alimentos-que-voce-nunca-deve-congelar-aqui-estao-todos-os-alimentos-que-o-congelador-estraga-para-sempre","status":"publish","type":"post","link":"https:\/\/www.em.com.br\/emfoco\/2026\/03\/17\/alimentos-que-voce-nunca-deve-congelar-aqui-estao-todos-os-alimentos-que-o-congelador-estraga-para-sempre\/","title":{"rendered":"Alimentos que voc\u00ea nunca deve congelar: aqui est\u00e3o todos os alimentos que o congelador estraga para sempre"},"content":{"rendered":"\n<p>Guardar alimentos no congelador de casa \u00e9 um h\u00e1bito comum e super pr\u00e1tico, ajudando a reduzir desperd\u00edcios, organizar a rotina e garantir mais seguran\u00e7a alimentar. Mas, para evitar surpresas desagrad\u00e1veis na textura e no sabor, \u00e9 essencial saber quais alimentos realmente se adaptam ao freezer dom\u00e9stico e quais devem ficar de fora, ou ser congelados com muito cuidado.<\/p>\n\n\n\n<h2 class=\"wp-block-heading\">O que acontece com os alimentos sens\u00edveis ao congelamento<\/h2>\n\n\n\n<p>No congelamento dom\u00e9stico, o resfriamento at\u00e9 \u201318 \u00b0C costuma ser lento, formando cristais de gelo maiores dentro dos alimentos e rompendo estruturas celulares mais delicadas. Depois de descongelados, \u00e9 comum que produtos antes firmes ou cremosos se tornem moles, aguados ou esfarelados.<\/p>\n\n\n\n<p>Esse efeito \u00e9 especialmente evidente em alimentos muito ricos em \u00e1gua ou gordura, como verduras folhosas, <a href=\"https:\/\/www.em.com.br\/emfoco\/2026\/03\/13\/especialistas-indicam-4-frutas-que-ajudam-a-reduzir-a-vontade-de-comer-no-dia-a-dia\/\" target=\"_blank\" rel=\"noreferrer noopener\">frutas <\/a>suculentas, queijos frescos e alguns embutidos. J\u00e1 o congelamento industrial, bem mais r\u00e1pido e em temperaturas mais baixas, produz microcristais que preservam melhor textura, sabor e apar\u00eancia.<\/p>\n\n\n\n<figure class=\"wp-block-image\"><img decoding=\"async\" src=\"https:\/\/www.em.com.br\/emfoco\/wp-content\/uploads\/2025\/08\/descongelar-alimentos_1755290982883-1024x576.jpg\" alt=\"\"\/><figcaption class=\"wp-element-caption\">Congelar parece pr\u00e1tico, mas certos alimentos ficam moles e sem gosto &#8211; Cr\u00e9ditos: depositphotos.com \/ AlexMilan<\/figcaption><\/figure>\n\n\n\n<h2 class=\"wp-block-heading\">Quais alimentos n\u00e3o devem ser congelados no dia a dia<\/h2>\n\n\n\n<p>Entre os alimentos que n\u00e3o devem ser congelados, embutidos e carnes processadas muito gordurosas, como certos salames, mortadelas e alguns presuntos cozidos, podem perder firmeza, oxidar gorduras e apresentar aroma alterado ap\u00f3s o descongelamento. Muitas vezes eles ficam com aspecto pouco atrativo e s\u00e3o desperdi\u00e7ados.<\/p>\n\n\n\n<p>Os latic\u00ednios frescos tamb\u00e9m sofrem: queijos de pasta mole ou \u00famidos, como ricota, requeij\u00e3o cremoso, queijos tipo frescal, mu\u00e7arela de alta umidade, al\u00e9m de iogurtes naturais e coalhadas frescas, tendem a se separar em fase aquosa e gordurosa, ganhando textura granulosa e quebradi\u00e7a que compromete receitas que pedem cremosidade.<\/p>\n\n\n\n<h2 class=\"wp-block-heading\">Quais hortali\u00e7as e frutas s\u00e3o mais sens\u00edveis ao freezer<\/h2>\n\n\n\n<p>Entre as hortali\u00e7as, folhas delicadas como alface, r\u00facula e <a href=\"https:\/\/www.camim.com.br\/5-beneficios-de-incluir-agriao-na-sua-dieta\/\" target=\"_blank\" rel=\"noreferrer noopener\">agri\u00e3o <\/a>saem do freezer murchas, transl\u00facidas e sem condi\u00e7\u00f5es de consumo in natura. Vegetais muito aquosos, como pepino, abobrinha, tomate cru, berinjela e cebola em rodelas finas, costumam ficar esponjosos e com sabor bem reduzido ap\u00f3s o descongelamento.<\/p>\n\n\n\n<p>Nas frutas, itens muito suculentos \u2014 como melancia, mel\u00e3o, abacaxi e morango inteiros para consumo fresco \u2014 tendem a se desmanchar e perder textura. Eles podem at\u00e9 funcionar em vitaminas, compotas ou caldas, mas a experi\u00eancia \u201cao natural\u201d \u00e9 bastante prejudicada e costuma decepcionar.<\/p>\n\n\n\n<h2 class=\"wp-block-heading\">Quais alimentos exigem aten\u00e7\u00e3o redobrada ao congelar<\/h2>\n\n\n\n<p>Alguns alimentos n\u00e3o s\u00e3o totalmente proibidos no freezer, mas pedem preparo espec\u00edfico. A batata crua \u00e9 um bom exemplo: guard\u00e1-la na geladeira ou freezer altera textura e sabor, deixando-a adocicada ou farinhenta; o ideal \u00e9 pr\u00e9-cozinhar em \u00e1gua fervente, resfriar e s\u00f3 ent\u00e3o congelar em por\u00e7\u00f5es.<\/p>\n\n\n\n<figure class=\"wp-block-image\"><img decoding=\"async\" src=\"https:\/\/www.em.com.br\/emfoco\/wp-content\/uploads\/2025\/08\/pao-congelado_1756562693076-1024x576.jpg\" alt=\"\"\/><figcaption class=\"wp-element-caption\">Congelar parece pr\u00e1tico, mas certos alimentos ficam moles e sem gosto &#8211; Cr\u00e9ditos: depositphotos.com \/ qwartm<\/figcaption><\/figure>\n\n\n\n<p>Ovos e prepara\u00e7\u00f5es com ovo exigem ainda mais cuidado, pois ovos inteiros com casca podem estourar ao congelar. Emuls\u00f5es como maionese e molhos cremosos \u00e0 base de ovo tendem a se separar, talhar e perder estabilidade, assim como massas j\u00e1 cozidas (arroz e macarr\u00e3o) costumam ficar excessivamente moles ao reaquecer.<\/p>\n\n\n\n<ul class=\"wp-block-list\">\n<li>Abra os ovos, misture gema e clara ou separe, adicione pitada de sal ou a\u00e7\u00facar e congele em potes adequados.<\/li>\n\n\n\n<li>Evite congelar maionese pronta e molhos muito gordurosos, que se separam e perdem textura.<\/li>\n\n\n\n<li>Congele batatas apenas pr\u00e9-cozidas e bem escorridas para melhor resultado.<\/li>\n\n\n\n<li>Prefira congelar massas ainda al dente, com pouco molho, para n\u00e3o desmancharem.<\/li>\n<\/ul>\n\n\n\n<h2 class=\"wp-block-heading\">Como congelar melhor e evitar desperd\u00edcios silenciosos<\/h2>\n\n\n\n<p>Para aproveitar melhor o espa\u00e7o do freezer e evitar perdas, congele apenas alimentos frescos, em boas condi\u00e7\u00f5es, de prefer\u00eancia logo ap\u00f3s o preparo ou a compra. Use recipientes pr\u00f3prios para freezer, identifique tudo com data e nome, e evite lotar demais as gavetas para permitir boa circula\u00e7\u00e3o do ar frio.<\/p>\n\n\n\n<p>N\u00e3o espere a comida estragar para tentar \u201csalvar\u201d no congelador: isso n\u00e3o funciona e ainda aumenta o risco de contamina\u00e7\u00e3o. Comece hoje a revisar o que voc\u00ea congela, ajuste seus h\u00e1bitos e, se necess\u00e1rio, fa\u00e7a uma limpeza completa no freezer agora mesmo \u2014 cada dia de atraso pode significar mais desperd\u00edcio de dinheiro, de comida e de sa\u00fade na sua rotina.<\/p>\n","protected":false},"excerpt":{"rendered":"<p>Guardar alimentos no congelador de casa \u00e9 um h\u00e1bito comum e super pr\u00e1tico, ajudando a reduzir desperd\u00edcios, organizar a rotina e garantir mais seguran\u00e7a alimentar. Mas, para evitar surpresas desagrad\u00e1veis na textura e no sabor, \u00e9 essencial saber quais alimentos realmente se adaptam ao freezer dom\u00e9stico e quais devem ficar de fora, ou ser congelados [&hellip;]<\/p>\n","protected":false},"author":11,"featured_media":98613,"comment_status":"open","ping_status":"open","sticky":false,"template":"","format":"standard","meta":{"jnews-multi-image_gallery":[],"jnews_single_post":{"format":"standard"},"jnews_primary_category":[],"jnews_social_meta":[],"jnews_override_counter":[],"footnotes":""},"categories":[8819,1],"tags":[3081,5311,17839],"class_list":["post-181530","post","type-post","status-publish","format-standard","has-post-thumbnail","hentry","category-curiosidades","category-noticias","tag-alimentos","tag-congelar","tag-freezer"],"yoast_head":"<!-- This site is optimized with the Yoast SEO plugin v23.8 - https:\/\/yoast.com\/wordpress\/plugins\/seo\/ -->\n<title>Alimentos que voc\u00ea nunca deve congelar: aqui est\u00e3o todos os alimentos que o congelador estraga para sempre - Estado de Minas - Em foco<\/title>\n<meta name=\"description\" content=\"Alguns alimentos n\u00e3o devem ir ao freezer porque perdem textura e sabor. Saiba quais evitar para n\u00e3o desperdi\u00e7ar comida.\" \/>\n<meta name=\"robots\" content=\"index, follow, max-snippet:-1, max-image-preview:large, max-video-preview:-1\" \/>\n<link rel=\"canonical\" href=\"https:\/\/www.em.com.br\/emfoco\/2026\/03\/17\/alimentos-que-voce-nunca-deve-congelar-aqui-estao-todos-os-alimentos-que-o-congelador-estraga-para-sempre\/\" \/>\n<meta property=\"og:locale\" content=\"pt_BR\" \/>\n<meta property=\"og:type\" content=\"article\" \/>\n<meta property=\"og:title\" content=\"Alimentos que voc\u00ea nunca deve congelar: aqui est\u00e3o todos os alimentos que o congelador estraga para sempre - Estado de Minas - Em foco\" \/>\n<meta property=\"og:description\" content=\"Alguns alimentos n\u00e3o devem ir ao freezer porque perdem textura e sabor. Saiba quais evitar para n\u00e3o desperdi\u00e7ar comida.\" \/>\n<meta property=\"og:url\" content=\"https:\/\/www.em.com.br\/emfoco\/2026\/03\/17\/alimentos-que-voce-nunca-deve-congelar-aqui-estao-todos-os-alimentos-que-o-congelador-estraga-para-sempre\/\" \/>\n<meta property=\"og:site_name\" content=\"Estado de Minas - Em foco\" \/>\n<meta property=\"article:published_time\" content=\"2026-03-17T13:25:00+00:00\" \/>\n<meta property=\"article:modified_time\" content=\"2026-03-16T23:06:40+00:00\" \/>\n<meta property=\"og:image\" content=\"https:\/\/www.em.com.br\/emfoco\/wp-content\/uploads\/2025\/08\/pao-congelado_1756562747233.jpg\" \/>\n\t<meta property=\"og:image:width\" content=\"1280\" \/>\n\t<meta property=\"og:image:height\" content=\"720\" \/>\n\t<meta property=\"og:image:type\" content=\"image\/jpeg\" \/>\n<meta name=\"author\" content=\"Andre\u0301 Rangel\u00a0\" \/>\n<meta name=\"twitter:card\" content=\"summary_large_image\" \/>\n<meta name=\"twitter:label1\" content=\"Escrito por\" \/>\n\t<meta name=\"twitter:data1\" content=\"Andre\u0301 Rangel\u00a0\" \/>\n\t<meta name=\"twitter:label2\" content=\"Est. tempo de leitura\" \/>\n\t<meta name=\"twitter:data2\" content=\"5 minutos\" \/>\n<!-- \/ Yoast SEO plugin. -->","yoast_head_json":{"title":"Alimentos que voc\u00ea nunca deve congelar: aqui est\u00e3o todos os alimentos que o congelador estraga para sempre - Estado de Minas - Em foco","description":"Alguns alimentos n\u00e3o devem ir ao freezer porque perdem textura e sabor. Saiba quais evitar para n\u00e3o desperdi\u00e7ar comida.","robots":{"index":"index","follow":"follow","max-snippet":"max-snippet:-1","max-image-preview":"max-image-preview:large","max-video-preview":"max-video-preview:-1"},"canonical":"https:\/\/www.em.com.br\/emfoco\/2026\/03\/17\/alimentos-que-voce-nunca-deve-congelar-aqui-estao-todos-os-alimentos-que-o-congelador-estraga-para-sempre\/","og_locale":"pt_BR","og_type":"article","og_title":"Alimentos que voc\u00ea nunca deve congelar: aqui est\u00e3o todos os alimentos que o congelador estraga para sempre - Estado de Minas - Em foco","og_description":"Alguns alimentos n\u00e3o devem ir ao freezer porque perdem textura e sabor. Saiba quais evitar para n\u00e3o desperdi\u00e7ar comida.","og_url":"https:\/\/www.em.com.br\/emfoco\/2026\/03\/17\/alimentos-que-voce-nunca-deve-congelar-aqui-estao-todos-os-alimentos-que-o-congelador-estraga-para-sempre\/","og_site_name":"Estado de Minas - Em foco","article_published_time":"2026-03-17T13:25:00+00:00","article_modified_time":"2026-03-16T23:06:40+00:00","og_image":[{"width":1280,"height":720,"url":"https:\/\/www.em.com.br\/emfoco\/wp-content\/uploads\/2025\/08\/pao-congelado_1756562747233.jpg","type":"image\/jpeg"}],"author":"Andre\u0301 Rangel\u00a0","twitter_card":"summary_large_image","twitter_misc":{"Escrito por":"Andre\u0301 Rangel\u00a0","Est. tempo de leitura":"5 minutos"},"schema":{"@context":"https:\/\/schema.org","@graph":[{"@type":"WebPage","@id":"https:\/\/www.em.com.br\/emfoco\/2026\/03\/17\/alimentos-que-voce-nunca-deve-congelar-aqui-estao-todos-os-alimentos-que-o-congelador-estraga-para-sempre\/","url":"https:\/\/www.em.com.br\/emfoco\/2026\/03\/17\/alimentos-que-voce-nunca-deve-congelar-aqui-estao-todos-os-alimentos-que-o-congelador-estraga-para-sempre\/","name":"Alimentos que voc\u00ea nunca deve congelar: aqui est\u00e3o todos os alimentos que o congelador estraga para sempre - Estado de Minas - Em foco","isPartOf":{"@id":"https:\/\/www.em.com.br\/emfoco\/#website"},"primaryImageOfPage":{"@id":"https:\/\/www.em.com.br\/emfoco\/2026\/03\/17\/alimentos-que-voce-nunca-deve-congelar-aqui-estao-todos-os-alimentos-que-o-congelador-estraga-para-sempre\/#primaryimage"},"image":{"@id":"https:\/\/www.em.com.br\/emfoco\/2026\/03\/17\/alimentos-que-voce-nunca-deve-congelar-aqui-estao-todos-os-alimentos-que-o-congelador-estraga-para-sempre\/#primaryimage"},"thumbnailUrl":"https:\/\/www.em.com.br\/emfoco\/wp-content\/uploads\/2025\/08\/pao-congelado_1756562747233.jpg","datePublished":"2026-03-17T13:25:00+00:00","dateModified":"2026-03-16T23:06:40+00:00","author":{"@id":"https:\/\/www.em.com.br\/emfoco\/#\/schema\/person\/60eda09c1fedf0d6891f4cef4b60b8b8"},"description":"Alguns alimentos n\u00e3o devem ir ao freezer porque perdem textura e sabor. Saiba quais evitar para n\u00e3o desperdi\u00e7ar comida.","breadcrumb":{"@id":"https:\/\/www.em.com.br\/emfoco\/2026\/03\/17\/alimentos-que-voce-nunca-deve-congelar-aqui-estao-todos-os-alimentos-que-o-congelador-estraga-para-sempre\/#breadcrumb"},"inLanguage":"pt-BR","potentialAction":[{"@type":"ReadAction","target":["https:\/\/www.em.com.br\/emfoco\/2026\/03\/17\/alimentos-que-voce-nunca-deve-congelar-aqui-estao-todos-os-alimentos-que-o-congelador-estraga-para-sempre\/"]}]},{"@type":"ImageObject","inLanguage":"pt-BR","@id":"https:\/\/www.em.com.br\/emfoco\/2026\/03\/17\/alimentos-que-voce-nunca-deve-congelar-aqui-estao-todos-os-alimentos-que-o-congelador-estraga-para-sempre\/#primaryimage","url":"https:\/\/www.em.com.br\/emfoco\/wp-content\/uploads\/2025\/08\/pao-congelado_1756562747233.jpg","contentUrl":"https:\/\/www.em.com.br\/emfoco\/wp-content\/uploads\/2025\/08\/pao-congelado_1756562747233.jpg","width":1280,"height":720,"caption":"Congelar parece pr\u00e1tico, mas certos alimentos ficam moles e sem gosto - Cr\u00e9ditos: depositphotos.com \/ qwartm"},{"@type":"BreadcrumbList","@id":"https:\/\/www.em.com.br\/emfoco\/2026\/03\/17\/alimentos-que-voce-nunca-deve-congelar-aqui-estao-todos-os-alimentos-que-o-congelador-estraga-para-sempre\/#breadcrumb","itemListElement":[{"@type":"ListItem","position":1,"name":"In\u00edcio","item":"https:\/\/www.em.com.br\/emfoco\/"},{"@type":"ListItem","position":2,"name":"Alimentos que voc\u00ea nunca deve congelar: aqui est\u00e3o todos os alimentos que o congelador estraga para sempre"}]},{"@type":"WebSite","@id":"https:\/\/www.em.com.br\/emfoco\/#website","url":"https:\/\/www.em.com.br\/emfoco\/","name":"Estado de Minas - Em foco","description":"Acompanhe as \u00faltimas not\u00edcias e fique bem informado sobre tudo o que acontece em Minas Gerais, Brasil e no mundo.","potentialAction":[{"@type":"SearchAction","target":{"@type":"EntryPoint","urlTemplate":"https:\/\/www.em.com.br\/emfoco\/?s={search_term_string}"},"query-input":{"@type":"PropertyValueSpecification","valueRequired":true,"valueName":"search_term_string"}}],"inLanguage":"pt-BR"},{"@type":"Person","@id":"https:\/\/www.em.com.br\/emfoco\/#\/schema\/person\/60eda09c1fedf0d6891f4cef4b60b8b8","name":"Andre\u0301 Rangel\u00a0","image":{"@type":"ImageObject","inLanguage":"pt-BR","@id":"https:\/\/www.em.com.br\/emfoco\/#\/schema\/person\/image\/","url":"https:\/\/secure.gravatar.com\/avatar\/6234dc814c77c8ef6d8bba622c787efc?s=96&d=mm&r=g","contentUrl":"https:\/\/secure.gravatar.com\/avatar\/6234dc814c77c8ef6d8bba622c787efc?s=96&d=mm&r=g","caption":"Andre\u0301 Rangel\u00a0"},"url":"https:\/\/www.em.com.br\/emfoco\/author\/luizmyth\/"}]}},"_links":{"self":[{"href":"https:\/\/www.em.com.br\/emfoco\/wp-json\/wp\/v2\/posts\/181530","targetHints":{"allow":["GET"]}}],"collection":[{"href":"https:\/\/www.em.com.br\/emfoco\/wp-json\/wp\/v2\/posts"}],"about":[{"href":"https:\/\/www.em.com.br\/emfoco\/wp-json\/wp\/v2\/types\/post"}],"author":[{"embeddable":true,"href":"https:\/\/www.em.com.br\/emfoco\/wp-json\/wp\/v2\/users\/11"}],"replies":[{"embeddable":true,"href":"https:\/\/www.em.com.br\/emfoco\/wp-json\/wp\/v2\/comments?post=181530"}],"version-history":[{"count":3,"href":"https:\/\/www.em.com.br\/emfoco\/wp-json\/wp\/v2\/posts\/181530\/revisions"}],"predecessor-version":[{"id":181533,"href":"https:\/\/www.em.com.br\/emfoco\/wp-json\/wp\/v2\/posts\/181530\/revisions\/181533"}],"wp:featuredmedia":[{"embeddable":true,"href":"https:\/\/www.em.com.br\/emfoco\/wp-json\/wp\/v2\/media\/98613"}],"wp:attachment":[{"href":"https:\/\/www.em.com.br\/emfoco\/wp-json\/wp\/v2\/media?parent=181530"}],"wp:term":[{"taxonomy":"category","embeddable":true,"href":"https:\/\/www.em.com.br\/emfoco\/wp-json\/wp\/v2\/categories?post=181530"},{"taxonomy":"post_tag","embeddable":true,"href":"https:\/\/www.em.com.br\/emfoco\/wp-json\/wp\/v2\/tags?post=181530"}],"curies":[{"name":"wp","href":"https:\/\/api.w.org\/{rel}","templated":true}]}}