{"id":181523,"date":"2026-03-17T06:05:00","date_gmt":"2026-03-17T09:05:00","guid":{"rendered":"https:\/\/www.em.com.br\/emfoco\/?p=181523"},"modified":"2026-03-16T20:04:18","modified_gmt":"2026-03-16T23:04:18","slug":"autoridades-ordenam-a-retirada-do-mercado-de-analgesicos-antiacidos-remedios-para-resfriado-e-outros-produtos-de-um-laboratorio","status":"publish","type":"post","link":"https:\/\/www.em.com.br\/emfoco\/2026\/03\/17\/autoridades-ordenam-a-retirada-do-mercado-de-analgesicos-antiacidos-remedios-para-resfriado-e-outros-produtos-de-um-laboratorio\/","title":{"rendered":"Autoridades ordenam a retirada do mercado de analg\u00e9sicos, anti\u00e1cidos, rem\u00e9dios para resfriado e outros produtos de um laborat\u00f3rio\u00a0"},"content":{"rendered":"\n<p>As autoridades de sa\u00fade da prov\u00edncia de <strong>Buenos Aires <\/strong>determinaram a retirada do mercado de todos os medicamentos produzidos ou comercializados pelo laborat\u00f3rio Labsa, instalado no parque industrial de<strong> Almirante Brown<\/strong>, ap\u00f3s inspe\u00e7\u00f5es apontarem falhas graves de rastreabilidade e documenta\u00e7\u00e3o obrigat\u00f3ria, levando \u00e0 suspens\u00e3o imediata da circula\u00e7\u00e3o dos produtos e \u00e0 proibi\u00e7\u00e3o de novas vendas enquanto durarem as restri\u00e7\u00f5es sanit\u00e1rias impostas.<\/p>\n\n\n\n<h2 class=\"wp-block-heading\">O que foi determinado sobre a retirada dos medicamentos do Labsa<\/h2>\n\n\n\n<p>Com a <strong>Resolu\u00e7\u00e3o 430\/26 <\/strong>da <strong>Subsecretar\u00eda de Planificaci\u00f3n Estrat\u00e9gica<\/strong>, vinculada ao <strong>Minist\u00e9rio da Sa\u00fade<\/strong> bonaerense, a retirada de medicamentos do <strong>Labsa <\/strong>passou a atingir toda a sua linha de produtos. A medida abrange analg\u00e9sicos, anti-inflamat\u00f3rios, anti\u00e1cidos, antial\u00e9rgicos, <a href=\"https:\/\/bvsms.saude.gov.br\/uso-correto-de-antibioticos\/\" target=\"_blank\" rel=\"noreferrer noopener\">antibi\u00f3ticos<\/a>, antimic\u00f3ticos e antigripais, que devem ser removidos de pontos de venda, almoxarifados e estoques intermedi\u00e1rios.<\/p>\n\n\n\n<p>O laborat\u00f3rio disp\u00f5e de dez dias \u00fateis para apresentar um plano detalhado de como realizar\u00e1 o recolhimento total de seus produtos. Ap\u00f3s aprova\u00e7\u00e3o das autoridades, o recolhimento dever\u00e1 ser executado conforme crit\u00e9rios sanit\u00e1rios estabelecidos, permanecendo proibido usar, distribuir e comercializar qualquer medicamento da marca em toda a prov\u00edncia de Buenos Aires.<\/p>\n\n\n\n<figure class=\"wp-block-image\"><img decoding=\"async\" src=\"https:\/\/www.em.com.br\/emfoco\/wp-content\/uploads\/2025\/04\/remedios_1743532046804-1024x576.jpg\" alt=\"\"\/><figcaption class=\"wp-element-caption\">A decis\u00e3o mais dura contra um laborat\u00f3rio &#8211; Cr\u00e9ditos: depositphotos.com \/ nenovbrothers<\/figcaption><\/figure>\n\n\n\n<h2 class=\"wp-block-heading\">Por que os produtos do Labsa foram retirados do mercado<\/h2>\n\n\n\n<p>O motivo central da retirada dos produtos do Labsa foi a identifica\u00e7\u00e3o de irregularidades durante uma<a href=\"https:\/\/www.em.com.br\/emfoco\/2025\/12\/30\/produtos-de-limpeza-para-piscinas-sao-proibidos-em-todo-o-pais-apos-uma-inspecao\/\" target=\"_blank\" rel=\"noreferrer noopener\"> inspe\u00e7\u00e3o sanit\u00e1ria <\/a>nas instala\u00e7\u00f5es do laborat\u00f3rio. Foram detectadas falhas na manuten\u00e7\u00e3o de livros e registros de Produ\u00e7\u00e3o e Comercializa\u00e7\u00e3o, documentos essenciais para rastrear cada lote desde a fabrica\u00e7\u00e3o at\u00e9 a entrega ao com\u00e9rcio.<\/p>\n\n\n\n<p>Sem esses controles, fica invi\u00e1vel acompanhar a trajet\u00f3ria dos medicamentos, saber onde cada lote foi distribu\u00eddo, quantas unidades foram vendidas e quais estabelecimentos ainda mant\u00eam estoques. A aus\u00eancia dessa rastreabilidade compromete a garantia de qualidade e seguran\u00e7a, pilares das normas sanit\u00e1rias atuais e das boas pr\u00e1ticas de fabrica\u00e7\u00e3o.<\/p>\n\n\n\n<h2 class=\"wp-block-heading\">Quais documentos e controles sanit\u00e1rios s\u00e3o exigidos dos laborat\u00f3rios<\/h2>\n\n\n\n<p>Al\u00e9m dos registros de produ\u00e7\u00e3o, os sistemas de controle de qualidade exigidos pelos \u00f3rg\u00e3os reguladores abrangem diversas etapas da cadeia produtiva. Quando parte dessas evid\u00eancias n\u00e3o est\u00e1 dispon\u00edvel ou apresenta lacunas, a autoridade pode impor suspens\u00e3o total das atividades at\u00e9 que o fabricante reorganize seus processos e comprove o cumprimento integral das exig\u00eancias.<\/p>\n\n\n\n<p>Entre os principais controles que costumam ser verificados em auditorias sanit\u00e1rias, destacam-se:<\/p>\n\n\n\n<ul class=\"wp-block-list\">\n<li>Documenta\u00e7\u00e3o completa de mat\u00e9rias-primas utilizadas e seus fornecedores;<\/li>\n\n\n\n<li>Resultados de testes f\u00edsico-qu\u00edmicos e microbiol\u00f3gicos de cada lote;<\/li>\n\n\n\n<li>Registros de condi\u00e7\u00f5es de armazenamento e transporte dos medicamentos;<\/li>\n\n\n\n<li>Identifica\u00e7\u00e3o de lotes, com datas de fabrica\u00e7\u00e3o, validade e destino;<\/li>\n\n\n\n<li>Hist\u00f3rico detalhado de distribui\u00e7\u00e3o por regi\u00e3o, cliente e canal de venda.<\/li>\n<\/ul>\n\n\n\n<figure class=\"wp-block-image\"><img decoding=\"async\" src=\"https:\/\/www.em.com.br\/emfoco\/wp-content\/uploads\/2025\/04\/remedios_1743532102118-1024x576.jpg\" alt=\"\"\/><figcaption class=\"wp-element-caption\">A decis\u00e3o que colocou um laborat\u00f3rio inteiro sob restri\u00e7\u00e3o &#8211; Cr\u00e9ditos: depositphotos.com \/ pogonici<\/figcaption><\/figure>\n\n\n\n<h2 class=\"wp-block-heading\">Quais s\u00e3o os impactos para pacientes, farm\u00e1cias e servi\u00e7os de sa\u00fade<\/h2>\n\n\n\n<p>A decis\u00e3o de retirar medicamentos do Labsa gera ajustes imediatos em pacientes, farm\u00e1cias e institui\u00e7\u00f5es de sa\u00fade. Nos pontos de venda, a orienta\u00e7\u00e3o \u00e9 interromper a comercializa\u00e7\u00e3o, separar esses itens do restante do estoque e seguir as instru\u00e7\u00f5es de devolu\u00e7\u00e3o definidas pelo plano de recolhimento, evitando qualquer uso acidental.<\/p>\n\n\n\n<p>Cl\u00ednicas, hospitais e consult\u00f3rios precisam revisar estoques internos e substitu\u00ed-los por alternativas autorizadas, com o mesmo princ\u00edpio ativo e apresenta\u00e7\u00e3o semelhante. Profissionais de sa\u00fade devem ajustar prescri\u00e7\u00f5es e orientar pacientes sobre eventuais trocas de marca, garantindo continuidade do tratamento com seguran\u00e7a e efic\u00e1cia.<\/p>\n\n\n\n<h2 class=\"wp-block-heading\">Como o caso do Labsa refor\u00e7a a import\u00e2ncia da vigil\u00e2ncia sanit\u00e1ria<\/h2>\n\n\n\n<p>Medidas como a suspens\u00e3o do Labsa funcionam como alerta a toda a cadeia farmac\u00eautica sobre a import\u00e2ncia de manter registros atualizados e pr\u00e1ticas rigorosas de qualidade. A resolu\u00e7\u00e3o esclarece que a proibi\u00e7\u00e3o de uso, distribui\u00e7\u00e3o e comercializa\u00e7\u00e3o seguir\u00e1 v\u00e1lida at\u00e9 que se comprove o pleno cumprimento das exig\u00eancias sanit\u00e1rias vigentes e a corre\u00e7\u00e3o das n\u00e3o conformidades.<\/p>\n\n\n\n<p>Enquanto isso, \u00e9 fundamental que o p\u00fablico utilize apenas medicamentos regularizados e de laborat\u00f3rios que comprovem rotineiramente a qualidade de seus produtos. Em caso de d\u00favida sobre um rem\u00e9dio do Labsa, interrompa o uso, busque orienta\u00e7\u00e3o m\u00e9dica ou farmac\u00eautica imediatamente e reporte o caso \u00e0s autoridades de sa\u00fade para proteger a sua seguran\u00e7a e a de outras pessoas.<\/p>\n\n\n\n<p><\/p>\n","protected":false},"excerpt":{"rendered":"<p>As autoridades de sa\u00fade da prov\u00edncia de Buenos Aires determinaram a retirada do mercado de todos os medicamentos produzidos ou comercializados pelo laborat\u00f3rio Labsa, instalado no parque industrial de Almirante Brown, ap\u00f3s inspe\u00e7\u00f5es apontarem falhas graves de rastreabilidade e documenta\u00e7\u00e3o obrigat\u00f3ria, levando \u00e0 suspens\u00e3o imediata da circula\u00e7\u00e3o dos produtos e \u00e0 proibi\u00e7\u00e3o de novas vendas [&hellip;]<\/p>\n","protected":false},"author":11,"featured_media":72523,"comment_status":"open","ping_status":"open","sticky":false,"template":"","format":"standard","meta":{"jnews-multi-image_gallery":[],"jnews_single_post":{"format":"standard"},"jnews_primary_category":[],"jnews_social_meta":[],"jnews_override_counter":[],"footnotes":""},"categories":[1,9053],"tags":[26187,2211,8606,415],"class_list":["post-181523","post","type-post","status-publish","format-standard","has-post-thumbnail","hentry","category-noticias","category-saude","tag-inspecao-sanitaria","tag-medicamentos","tag-remedios","tag-saude"],"yoast_head":"<!-- This site is optimized with the Yoast SEO plugin v23.8 - https:\/\/yoast.com\/wordpress\/plugins\/seo\/ -->\n<title>Autoridades ordenam a retirada do mercado de analg\u00e9sicos, anti\u00e1cidos, rem\u00e9dios para resfriado e outros produtos de um laborat\u00f3rio\u00a0 - Estado de Minas - Em foco<\/title>\n<meta name=\"description\" content=\"Ap\u00f3s inspe\u00e7\u00e3o revelar problemas de rastreabilidade, autoridades ordenam retirada de medicamentos do Labsa e suspendem vendas.\" \/>\n<meta name=\"robots\" content=\"index, follow, max-snippet:-1, max-image-preview:large, max-video-preview:-1\" \/>\n<link rel=\"canonical\" href=\"https:\/\/www.em.com.br\/emfoco\/2026\/03\/17\/autoridades-ordenam-a-retirada-do-mercado-de-analgesicos-antiacidos-remedios-para-resfriado-e-outros-produtos-de-um-laboratorio\/\" \/>\n<meta property=\"og:locale\" content=\"pt_BR\" \/>\n<meta property=\"og:type\" content=\"article\" \/>\n<meta property=\"og:title\" content=\"Autoridades ordenam a retirada do mercado de analg\u00e9sicos, anti\u00e1cidos, rem\u00e9dios para resfriado e outros produtos de um laborat\u00f3rio\u00a0 - Estado de Minas - Em foco\" \/>\n<meta property=\"og:description\" content=\"Ap\u00f3s inspe\u00e7\u00e3o revelar problemas de rastreabilidade, autoridades ordenam retirada de medicamentos do Labsa e suspendem vendas.\" \/>\n<meta property=\"og:url\" content=\"https:\/\/www.em.com.br\/emfoco\/2026\/03\/17\/autoridades-ordenam-a-retirada-do-mercado-de-analgesicos-antiacidos-remedios-para-resfriado-e-outros-produtos-de-um-laboratorio\/\" \/>\n<meta property=\"og:site_name\" content=\"Estado de Minas - Em foco\" \/>\n<meta property=\"article:published_time\" content=\"2026-03-17T09:05:00+00:00\" \/>\n<meta property=\"article:modified_time\" content=\"2026-03-16T23:04:18+00:00\" \/>\n<meta property=\"og:image\" content=\"https:\/\/www.em.com.br\/emfoco\/wp-content\/uploads\/2025\/07\/suplementos_1751913554997.jpg\" \/>\n\t<meta property=\"og:image:width\" content=\"1279\" \/>\n\t<meta property=\"og:image:height\" content=\"720\" \/>\n\t<meta property=\"og:image:type\" content=\"image\/jpeg\" \/>\n<meta name=\"author\" content=\"Andre\u0301 Rangel\u00a0\" \/>\n<meta name=\"twitter:card\" content=\"summary_large_image\" \/>\n<meta name=\"twitter:label1\" content=\"Escrito por\" \/>\n\t<meta name=\"twitter:data1\" content=\"Andre\u0301 Rangel\u00a0\" \/>\n\t<meta name=\"twitter:label2\" content=\"Est. tempo de leitura\" \/>\n\t<meta name=\"twitter:data2\" content=\"5 minutos\" \/>\n<!-- \/ Yoast SEO plugin. -->","yoast_head_json":{"title":"Autoridades ordenam a retirada do mercado de analg\u00e9sicos, anti\u00e1cidos, rem\u00e9dios para resfriado e outros produtos de um laborat\u00f3rio\u00a0 - Estado de Minas - Em foco","description":"Ap\u00f3s inspe\u00e7\u00e3o revelar problemas de rastreabilidade, autoridades ordenam retirada de medicamentos do Labsa e suspendem vendas.","robots":{"index":"index","follow":"follow","max-snippet":"max-snippet:-1","max-image-preview":"max-image-preview:large","max-video-preview":"max-video-preview:-1"},"canonical":"https:\/\/www.em.com.br\/emfoco\/2026\/03\/17\/autoridades-ordenam-a-retirada-do-mercado-de-analgesicos-antiacidos-remedios-para-resfriado-e-outros-produtos-de-um-laboratorio\/","og_locale":"pt_BR","og_type":"article","og_title":"Autoridades ordenam a retirada do mercado de analg\u00e9sicos, anti\u00e1cidos, rem\u00e9dios para resfriado e outros produtos de um laborat\u00f3rio\u00a0 - Estado de Minas - Em foco","og_description":"Ap\u00f3s inspe\u00e7\u00e3o revelar problemas de rastreabilidade, autoridades ordenam retirada de medicamentos do Labsa e suspendem vendas.","og_url":"https:\/\/www.em.com.br\/emfoco\/2026\/03\/17\/autoridades-ordenam-a-retirada-do-mercado-de-analgesicos-antiacidos-remedios-para-resfriado-e-outros-produtos-de-um-laboratorio\/","og_site_name":"Estado de Minas - Em foco","article_published_time":"2026-03-17T09:05:00+00:00","article_modified_time":"2026-03-16T23:04:18+00:00","og_image":[{"width":1279,"height":720,"url":"https:\/\/www.em.com.br\/emfoco\/wp-content\/uploads\/2025\/07\/suplementos_1751913554997.jpg","type":"image\/jpeg"}],"author":"Andre\u0301 Rangel\u00a0","twitter_card":"summary_large_image","twitter_misc":{"Escrito por":"Andre\u0301 Rangel\u00a0","Est. tempo de leitura":"5 minutos"},"schema":{"@context":"https:\/\/schema.org","@graph":[{"@type":"WebPage","@id":"https:\/\/www.em.com.br\/emfoco\/2026\/03\/17\/autoridades-ordenam-a-retirada-do-mercado-de-analgesicos-antiacidos-remedios-para-resfriado-e-outros-produtos-de-um-laboratorio\/","url":"https:\/\/www.em.com.br\/emfoco\/2026\/03\/17\/autoridades-ordenam-a-retirada-do-mercado-de-analgesicos-antiacidos-remedios-para-resfriado-e-outros-produtos-de-um-laboratorio\/","name":"Autoridades ordenam a retirada do mercado de analg\u00e9sicos, anti\u00e1cidos, rem\u00e9dios para resfriado e outros produtos de um laborat\u00f3rio\u00a0 - Estado de Minas - Em foco","isPartOf":{"@id":"https:\/\/www.em.com.br\/emfoco\/#website"},"primaryImageOfPage":{"@id":"https:\/\/www.em.com.br\/emfoco\/2026\/03\/17\/autoridades-ordenam-a-retirada-do-mercado-de-analgesicos-antiacidos-remedios-para-resfriado-e-outros-produtos-de-um-laboratorio\/#primaryimage"},"image":{"@id":"https:\/\/www.em.com.br\/emfoco\/2026\/03\/17\/autoridades-ordenam-a-retirada-do-mercado-de-analgesicos-antiacidos-remedios-para-resfriado-e-outros-produtos-de-um-laboratorio\/#primaryimage"},"thumbnailUrl":"https:\/\/www.em.com.br\/emfoco\/wp-content\/uploads\/2025\/07\/suplementos_1751913554997.jpg","datePublished":"2026-03-17T09:05:00+00:00","dateModified":"2026-03-16T23:04:18+00:00","author":{"@id":"https:\/\/www.em.com.br\/emfoco\/#\/schema\/person\/60eda09c1fedf0d6891f4cef4b60b8b8"},"description":"Ap\u00f3s inspe\u00e7\u00e3o revelar problemas de rastreabilidade, autoridades ordenam retirada de medicamentos do Labsa e suspendem vendas.","breadcrumb":{"@id":"https:\/\/www.em.com.br\/emfoco\/2026\/03\/17\/autoridades-ordenam-a-retirada-do-mercado-de-analgesicos-antiacidos-remedios-para-resfriado-e-outros-produtos-de-um-laboratorio\/#breadcrumb"},"inLanguage":"pt-BR","potentialAction":[{"@type":"ReadAction","target":["https:\/\/www.em.com.br\/emfoco\/2026\/03\/17\/autoridades-ordenam-a-retirada-do-mercado-de-analgesicos-antiacidos-remedios-para-resfriado-e-outros-produtos-de-um-laboratorio\/"]}]},{"@type":"ImageObject","inLanguage":"pt-BR","@id":"https:\/\/www.em.com.br\/emfoco\/2026\/03\/17\/autoridades-ordenam-a-retirada-do-mercado-de-analgesicos-antiacidos-remedios-para-resfriado-e-outros-produtos-de-um-laboratorio\/#primaryimage","url":"https:\/\/www.em.com.br\/emfoco\/wp-content\/uploads\/2025\/07\/suplementos_1751913554997.jpg","contentUrl":"https:\/\/www.em.com.br\/emfoco\/wp-content\/uploads\/2025\/07\/suplementos_1751913554997.jpg","width":1279,"height":720,"caption":"A decis\u00e3o que colocou um laborat\u00f3rio inteiro sob restri\u00e7\u00e3o - Cr\u00e9ditos: depositphotos.com \/ poznyakov"},{"@type":"BreadcrumbList","@id":"https:\/\/www.em.com.br\/emfoco\/2026\/03\/17\/autoridades-ordenam-a-retirada-do-mercado-de-analgesicos-antiacidos-remedios-para-resfriado-e-outros-produtos-de-um-laboratorio\/#breadcrumb","itemListElement":[{"@type":"ListItem","position":1,"name":"In\u00edcio","item":"https:\/\/www.em.com.br\/emfoco\/"},{"@type":"ListItem","position":2,"name":"Autoridades ordenam a retirada do mercado de analg\u00e9sicos, anti\u00e1cidos, rem\u00e9dios para resfriado e outros produtos de um laborat\u00f3rio\u00a0"}]},{"@type":"WebSite","@id":"https:\/\/www.em.com.br\/emfoco\/#website","url":"https:\/\/www.em.com.br\/emfoco\/","name":"Estado de Minas - Em foco","description":"Acompanhe as \u00faltimas not\u00edcias e fique bem informado sobre tudo o que acontece em Minas Gerais, Brasil e no mundo.","potentialAction":[{"@type":"SearchAction","target":{"@type":"EntryPoint","urlTemplate":"https:\/\/www.em.com.br\/emfoco\/?s={search_term_string}"},"query-input":{"@type":"PropertyValueSpecification","valueRequired":true,"valueName":"search_term_string"}}],"inLanguage":"pt-BR"},{"@type":"Person","@id":"https:\/\/www.em.com.br\/emfoco\/#\/schema\/person\/60eda09c1fedf0d6891f4cef4b60b8b8","name":"Andre\u0301 Rangel\u00a0","image":{"@type":"ImageObject","inLanguage":"pt-BR","@id":"https:\/\/www.em.com.br\/emfoco\/#\/schema\/person\/image\/","url":"https:\/\/secure.gravatar.com\/avatar\/6234dc814c77c8ef6d8bba622c787efc?s=96&d=mm&r=g","contentUrl":"https:\/\/secure.gravatar.com\/avatar\/6234dc814c77c8ef6d8bba622c787efc?s=96&d=mm&r=g","caption":"Andre\u0301 Rangel\u00a0"},"url":"https:\/\/www.em.com.br\/emfoco\/author\/luizmyth\/"}]}},"_links":{"self":[{"href":"https:\/\/www.em.com.br\/emfoco\/wp-json\/wp\/v2\/posts\/181523","targetHints":{"allow":["GET"]}}],"collection":[{"href":"https:\/\/www.em.com.br\/emfoco\/wp-json\/wp\/v2\/posts"}],"about":[{"href":"https:\/\/www.em.com.br\/emfoco\/wp-json\/wp\/v2\/types\/post"}],"author":[{"embeddable":true,"href":"https:\/\/www.em.com.br\/emfoco\/wp-json\/wp\/v2\/users\/11"}],"replies":[{"embeddable":true,"href":"https:\/\/www.em.com.br\/emfoco\/wp-json\/wp\/v2\/comments?post=181523"}],"version-history":[{"count":3,"href":"https:\/\/www.em.com.br\/emfoco\/wp-json\/wp\/v2\/posts\/181523\/revisions"}],"predecessor-version":[{"id":181526,"href":"https:\/\/www.em.com.br\/emfoco\/wp-json\/wp\/v2\/posts\/181523\/revisions\/181526"}],"wp:featuredmedia":[{"embeddable":true,"href":"https:\/\/www.em.com.br\/emfoco\/wp-json\/wp\/v2\/media\/72523"}],"wp:attachment":[{"href":"https:\/\/www.em.com.br\/emfoco\/wp-json\/wp\/v2\/media?parent=181523"}],"wp:term":[{"taxonomy":"category","embeddable":true,"href":"https:\/\/www.em.com.br\/emfoco\/wp-json\/wp\/v2\/categories?post=181523"},{"taxonomy":"post_tag","embeddable":true,"href":"https:\/\/www.em.com.br\/emfoco\/wp-json\/wp\/v2\/tags?post=181523"}],"curies":[{"name":"wp","href":"https:\/\/api.w.org\/{rel}","templated":true}]}}