{"id":181505,"date":"2026-03-15T18:25:00","date_gmt":"2026-03-15T21:25:00","guid":{"rendered":"https:\/\/www.em.com.br\/emfoco\/?p=181505"},"modified":"2026-03-14T23:15:50","modified_gmt":"2026-03-15T02:15:50","slug":"a-nova-tendencia-da-pascoa-2026-e-o-ovo-de-pascoa-em-fatia-e-ele-pode-ser-a-ideia-mais-lucrativa-para-vender-chocolate","status":"publish","type":"post","link":"https:\/\/www.em.com.br\/emfoco\/2026\/03\/15\/a-nova-tendencia-da-pascoa-2026-e-o-ovo-de-pascoa-em-fatia-e-ele-pode-ser-a-ideia-mais-lucrativa-para-vender-chocolate\/","title":{"rendered":"A nova tend\u00eancia da P\u00e1scoa 2026 \u00e9 o ovo de P\u00e1scoa em fatia e ele pode ser a ideia mais lucrativa para vender chocolate"},"content":{"rendered":"\n<p>O <strong>ovo de P\u00e1scoa<\/strong> ganhou um rival de peso para 2026: o\u00a0<strong>ovo fatia<\/strong>. Em vez daquele ovo inteiro que precisa ser quebrado, a novidade j\u00e1 nasce em peda\u00e7os, com recheios diferentes e um visual pensado para encantar em fotos, vitrines e presentes, transformando cada fatia em uma mini sobremesa que junta praticidade, variedade de sabores e forte apelo para as redes sociais.<\/p>\n\n\n\n<h2 class=\"wp-block-heading\">O que torna o ovo fatia diferente dos ovos tradicionais<\/h2>\n\n\n\n<p>O ovo fatia \u00e9 montado em formato de \u201cpizza de P\u00e1scoa\u201d: s\u00e3o seis partes de chocolate encaixadas lado a lado, compondo um ovo completo. A casca \u00e9 fina, brilhante e bem recheada, fazendo com que cada peda\u00e7o tenha peso e apar\u00eancia de <a href=\"https:\/\/www.em.com.br\/emfoco\/2026\/03\/09\/como-fazer-pave-sem-erros-tecnicas-simples-que-transformam-qualquer-receita-em-sobremesa-marcante\/\" target=\"_blank\" rel=\"noreferrer noopener\">sobremesa <\/a>de confeitaria.<\/p>\n\n\n\n<p>Em vez de um ovo inteiro com apenas um recheio, o ovo fatia normalmente re\u00fane tr\u00eas combina\u00e7\u00f5es diferentes em uma \u00fanica embalagem. Isso agrada tanto a quem gosta de presentear com algo diferente quanto a quem produz para venda, j\u00e1 que o formato facilita o compartilhamento e valoriza a exposi\u00e7\u00e3o em vitrines.<\/p>\n\n\n\n<figure class=\"wp-block-image size-large\"><img loading=\"lazy\" decoding=\"async\" width=\"1024\" height=\"576\" src=\"https:\/\/www.em.com.br\/emfoco\/wp-content\/uploads\/2026\/03\/Gemini_Generated_Image_7883ps7883ps7883-1-1024x576.png\" alt=\"Ovo fatia mistura sabores e vira tend\u00eancia nas confeitarias\" class=\"wp-image-181512\" srcset=\"https:\/\/www.em.com.br\/emfoco\/wp-content\/uploads\/2026\/03\/Gemini_Generated_Image_7883ps7883ps7883-1-1024x576.png 1024w, https:\/\/www.em.com.br\/emfoco\/wp-content\/uploads\/2026\/03\/Gemini_Generated_Image_7883ps7883ps7883-1-300x169.png 300w, https:\/\/www.em.com.br\/emfoco\/wp-content\/uploads\/2026\/03\/Gemini_Generated_Image_7883ps7883ps7883-1-768x432.png 768w, https:\/\/www.em.com.br\/emfoco\/wp-content\/uploads\/2026\/03\/Gemini_Generated_Image_7883ps7883ps7883-1-750x422.png 750w, https:\/\/www.em.com.br\/emfoco\/wp-content\/uploads\/2026\/03\/Gemini_Generated_Image_7883ps7883ps7883-1-1140x641.png 1140w, https:\/\/www.em.com.br\/emfoco\/wp-content\/uploads\/2026\/03\/Gemini_Generated_Image_7883ps7883ps7883-1.png 1280w\" sizes=\"auto, (max-width: 1024px) 100vw, 1024px\" \/><figcaption class=\"wp-element-caption\">Ovo fatia mistura sabores e vira tend\u00eancia nas confeitarias<\/figcaption><\/figure>\n\n\n\n<h2 class=\"wp-block-heading\">Como o ovo fatia \u00e9 produzido do zero at\u00e9 virar seis fatias<\/h2>\n\n\n\n<p>Para chegar a esse formato, \u00e9 usada uma&nbsp;<strong>forma espec\u00edfica para ovo em fatias<\/strong>, composta por tr\u00eas partes: a base onde o chocolate \u00e9 despejado, a pe\u00e7a de silicone que define a espessura e a parte superior que molda o interior da casquinha. O chocolate derretido \u00e9 colocado at\u00e9 a marca indicada, a forma \u00e9 batida para tirar bolhas e, em seguida, o silicone e a tampa s\u00e3o encaixados.<\/p>\n\n\n\n<p>Depois de montada, a forma segue para a geladeira por cerca de 10 a 15 minutos, tempo para o chocolate cristalizar e ganhar firmeza. Quando as casquinhas est\u00e3o prontas, entram em cena os recheios, aplicados com manga de confeitar e nivelados, e por fim uma camada de chocolate fecha a parte superior, selando tudo com acabamento uniforme.<\/p>\n\n\n\n<h2 class=\"wp-block-heading\">Quais sabores e recheios comp\u00f5em o ovo fatia da P\u00e1scoa de 2026<\/h2>\n\n\n\n<p>Na tend\u00eancia para a&nbsp;<strong>P\u00e1scoa de 2026<\/strong>, o ovo fatia costuma trabalhar com tr\u00eas perfis de sabor: um mais intenso, um mais doce e um frutado. Cada dupla de fatias recebe uma combina\u00e7\u00e3o espec\u00edfica, criando um \u201cmix\u201d de sobremesas dentro de um \u00fanico ovo e uma experi\u00eancia pr\u00f3xima a uma degusta\u00e7\u00e3o guiada.<\/p>\n\n\n\n<p>Para organizar visualmente e facilitar a produ\u00e7\u00e3o, os sabores e recheios principais s\u00e3o distribu\u00eddos em blocos bem definidos, permitindo variar texturas, cores e n\u00edveis de dul\u00e7or sem perder o equil\u00edbrio geral do produto:<\/p>\n\n\n\n<ul class=\"wp-block-list\">\n<li>Fatias de\u00a0<strong>chocolate meio amargo<\/strong>\u00a0recheadas com brigadeiro cremoso;<\/li>\n\n\n\n<li>Fatias de\u00a0<strong>chocolate branco<\/strong>\u00a0com creme de leite Ninho e biscoito Oreo triturado;<\/li>\n\n\n\n<li>Fatias de\u00a0<strong>chocolate sabor morango<\/strong>\u00a0com creme de Ninho saborizado e camada de geleia de morango;<\/li>\n\n\n\n<li>Geleia de morango usada como contraste \u00e1cido entre camadas de creme frutado;<\/li>\n\n\n\n<li>Chocolate temperado extra para cobrir e selar a parte superior de todas as fatias.<\/li>\n<\/ul>\n\n\n\n<p>Quer ver como \u00e9 f\u00e1cil na pr\u00e1tica? Confira essa receita r\u00e1pida do <strong><a href=\"https:\/\/www.youtube.com\/@AnelyseMartins\" target=\"_blank\" rel=\"noreferrer noopener\">Anelyse Martins<\/a><\/strong>, que faz sucesso no YouTube com suas dicas pr\u00e1ticas:<\/p>\n\n\n\n<figure class=\"wp-block-embed is-type-video is-provider-youtube wp-block-embed-youtube wp-embed-aspect-16-9 wp-has-aspect-ratio\"><div class=\"wp-block-embed__wrapper\">\n<div class=\"jeg_video_container jeg_video_content\"><iframe loading=\"lazy\" title=\"OVO FATIA: A MAIOR TEND\u00caNCIA PARA A P\u00c1SCOA DE 2026! Todos os segredos revelados!\" width=\"500\" height=\"281\" src=\"https:\/\/www.youtube.com\/embed\/i1DZz73XwgY?feature=oembed\" frameborder=\"0\" allow=\"accelerometer; autoplay; clipboard-write; encrypted-media; gyroscope; picture-in-picture; web-share\" referrerpolicy=\"strict-origin-when-cross-origin\" allowfullscreen><\/iframe><\/div>\n<\/div><\/figure>\n\n\n\n<h2 class=\"wp-block-heading\">Como garantir casquinha lisa, brilhante e com varia\u00e7\u00f5es de sabor<\/h2>\n\n\n\n<p>Para que o ovo fatia mantenha brilho e textura firmes, a temperagem do chocolate \u00e9 etapa obrigat\u00f3ria. Na vers\u00e3o explicada, foi usada uma&nbsp;<strong>temperagem simplificada<\/strong>, mantendo o chocolate em torno de 34 \u00baC, derretido no micro-ondas em intervalos curtos e mexendo sempre, preservando a cristaliza\u00e7\u00e3o de f\u00e1brica.<\/p>\n\n\n\n<p>A casquinha de morango se destaca pela cor e pelo aroma, nascendo a partir de chocolate branco saborizado e colorido. Em geral, utiliza-se cerca de 1% de pasta saborizante de morango (1 g para cada 100 g de chocolate branco) e corante espec\u00edfico para chocolate em quantidade suficiente para intensificar o tom rosado, permitindo criar vers\u00f5es autorais com outras frutas e sabores.<\/p>\n\n\n\n<h2 class=\"wp-block-heading\">Como preparar, embalar e vender o ovo fatia com alto impacto<\/h2>\n\n\n\n<p>Depois que os recheios s\u00e3o colocados e fechados com chocolate, a forma volta \u00e0 geladeira por 2 a 3 minutos, apenas para firmar a camada final. As fatias ent\u00e3o s\u00e3o desenformadas, recebem acabamento nas bordas e atingem cerca de 133 g cada, somando aproximadamente 794 g por ovo, o que gera um produto robusto, fotog\u00eanico e com forte percep\u00e7\u00e3o de valor.<\/p>\n\n\n\n<p>Na etapa de embalagem, o&nbsp;<strong>blister pr\u00f3prio para ovo fatia<\/strong>&nbsp;ajuda a manter as seis partes alinhadas e vis\u00edveis, enquanto saquinhos de celofane ou embalagens transparentes com la\u00e7o facilitam a produ\u00e7\u00e3o em s\u00e9rie. Se voc\u00ea pretende vender na pr\u00f3xima P\u00e1scoa, comece agora a testar sabores, padronizar pesos e fotografar seus ovos: quem sair na frente com um ovo fatia bem-feito pode se destacar rapidamente e n\u00e3o perder a onda dessa tend\u00eancia em 2026.<\/p>\n","protected":false},"excerpt":{"rendered":"<p>O ovo de P\u00e1scoa ganhou um rival de peso para 2026: o\u00a0ovo fatia. Em vez daquele ovo inteiro que precisa ser quebrado, a novidade j\u00e1 nasce em peda\u00e7os, com recheios diferentes e um visual pensado para encantar em fotos, vitrines e presentes, transformando cada fatia em uma mini sobremesa que junta praticidade, variedade de sabores [&hellip;]<\/p>\n","protected":false},"author":11,"featured_media":181511,"comment_status":"open","ping_status":"open","sticky":false,"template":"","format":"standard","meta":{"jnews-multi-image_gallery":[],"jnews_single_post":{"format":"standard"},"jnews_primary_category":[],"jnews_social_meta":[],"jnews_override_counter":[],"footnotes":""},"categories":[8819,1],"tags":[26185,6602,3440,4551],"class_list":["post-181505","post","type-post","status-publish","format-standard","has-post-thumbnail","hentry","category-curiosidades","category-noticias","tag-ovo-de-pascoa","tag-pascoa","tag-receita","tag-recheios"],"yoast_head":"<!-- This site is optimized with the Yoast SEO plugin v23.8 - https:\/\/yoast.com\/wordpress\/plugins\/seo\/ -->\n<title>A nova tend\u00eancia da P\u00e1scoa 2026 \u00e9 o ovo de P\u00e1scoa em fatia e ele pode ser a ideia mais lucrativa para vender chocolate - Estado de Minas - Em foco<\/title>\n<meta name=\"description\" content=\"O ovo fatia est\u00e1 chamando aten\u00e7\u00e3o na P\u00e1scoa com formato diferente e v\u00e1rios recheios. Entenda por que essa novidade virou tend\u00eancia nas confeitarias.\" \/>\n<meta name=\"robots\" content=\"index, follow, max-snippet:-1, max-image-preview:large, max-video-preview:-1\" \/>\n<link rel=\"canonical\" href=\"https:\/\/www.em.com.br\/emfoco\/2026\/03\/15\/a-nova-tendencia-da-pascoa-2026-e-o-ovo-de-pascoa-em-fatia-e-ele-pode-ser-a-ideia-mais-lucrativa-para-vender-chocolate\/\" \/>\n<meta property=\"og:locale\" content=\"pt_BR\" \/>\n<meta property=\"og:type\" content=\"article\" \/>\n<meta property=\"og:title\" content=\"A nova tend\u00eancia da P\u00e1scoa 2026 \u00e9 o ovo de P\u00e1scoa em fatia e ele pode ser a ideia mais lucrativa para vender chocolate - Estado de Minas - Em foco\" \/>\n<meta property=\"og:description\" content=\"O ovo fatia est\u00e1 chamando aten\u00e7\u00e3o na P\u00e1scoa com formato diferente e v\u00e1rios recheios. Entenda por que essa novidade virou tend\u00eancia nas confeitarias.\" \/>\n<meta property=\"og:url\" content=\"https:\/\/www.em.com.br\/emfoco\/2026\/03\/15\/a-nova-tendencia-da-pascoa-2026-e-o-ovo-de-pascoa-em-fatia-e-ele-pode-ser-a-ideia-mais-lucrativa-para-vender-chocolate\/\" \/>\n<meta property=\"og:site_name\" content=\"Estado de Minas - Em foco\" \/>\n<meta property=\"article:published_time\" content=\"2026-03-15T21:25:00+00:00\" \/>\n<meta property=\"article:modified_time\" content=\"2026-03-15T02:15:50+00:00\" \/>\n<meta property=\"og:image\" content=\"https:\/\/www.em.com.br\/emfoco\/wp-content\/uploads\/2026\/03\/Gemini_Generated_Image_bberpjbberpjbber-1.png\" \/>\n\t<meta property=\"og:image:width\" content=\"1280\" \/>\n\t<meta property=\"og:image:height\" content=\"720\" \/>\n\t<meta property=\"og:image:type\" content=\"image\/png\" \/>\n<meta name=\"author\" content=\"Andre\u0301 Rangel\u00a0\" \/>\n<meta name=\"twitter:card\" content=\"summary_large_image\" \/>\n<meta name=\"twitter:label1\" content=\"Escrito por\" \/>\n\t<meta name=\"twitter:data1\" content=\"Andre\u0301 Rangel\u00a0\" \/>\n\t<meta name=\"twitter:label2\" content=\"Est. tempo de leitura\" \/>\n\t<meta name=\"twitter:data2\" content=\"5 minutos\" \/>\n<!-- \/ Yoast SEO plugin. -->","yoast_head_json":{"title":"A nova tend\u00eancia da P\u00e1scoa 2026 \u00e9 o ovo de P\u00e1scoa em fatia e ele pode ser a ideia mais lucrativa para vender chocolate - Estado de Minas - Em foco","description":"O ovo fatia est\u00e1 chamando aten\u00e7\u00e3o na P\u00e1scoa com formato diferente e v\u00e1rios recheios. Entenda por que essa novidade virou tend\u00eancia nas confeitarias.","robots":{"index":"index","follow":"follow","max-snippet":"max-snippet:-1","max-image-preview":"max-image-preview:large","max-video-preview":"max-video-preview:-1"},"canonical":"https:\/\/www.em.com.br\/emfoco\/2026\/03\/15\/a-nova-tendencia-da-pascoa-2026-e-o-ovo-de-pascoa-em-fatia-e-ele-pode-ser-a-ideia-mais-lucrativa-para-vender-chocolate\/","og_locale":"pt_BR","og_type":"article","og_title":"A nova tend\u00eancia da P\u00e1scoa 2026 \u00e9 o ovo de P\u00e1scoa em fatia e ele pode ser a ideia mais lucrativa para vender chocolate - Estado de Minas - Em foco","og_description":"O ovo fatia est\u00e1 chamando aten\u00e7\u00e3o na P\u00e1scoa com formato diferente e v\u00e1rios recheios. Entenda por que essa novidade virou tend\u00eancia nas confeitarias.","og_url":"https:\/\/www.em.com.br\/emfoco\/2026\/03\/15\/a-nova-tendencia-da-pascoa-2026-e-o-ovo-de-pascoa-em-fatia-e-ele-pode-ser-a-ideia-mais-lucrativa-para-vender-chocolate\/","og_site_name":"Estado de Minas - Em foco","article_published_time":"2026-03-15T21:25:00+00:00","article_modified_time":"2026-03-15T02:15:50+00:00","og_image":[{"width":1280,"height":720,"url":"https:\/\/www.em.com.br\/emfoco\/wp-content\/uploads\/2026\/03\/Gemini_Generated_Image_bberpjbberpjbber-1.png","type":"image\/png"}],"author":"Andre\u0301 Rangel\u00a0","twitter_card":"summary_large_image","twitter_misc":{"Escrito por":"Andre\u0301 Rangel\u00a0","Est. tempo de leitura":"5 minutos"},"schema":{"@context":"https:\/\/schema.org","@graph":[{"@type":"WebPage","@id":"https:\/\/www.em.com.br\/emfoco\/2026\/03\/15\/a-nova-tendencia-da-pascoa-2026-e-o-ovo-de-pascoa-em-fatia-e-ele-pode-ser-a-ideia-mais-lucrativa-para-vender-chocolate\/","url":"https:\/\/www.em.com.br\/emfoco\/2026\/03\/15\/a-nova-tendencia-da-pascoa-2026-e-o-ovo-de-pascoa-em-fatia-e-ele-pode-ser-a-ideia-mais-lucrativa-para-vender-chocolate\/","name":"A nova tend\u00eancia da P\u00e1scoa 2026 \u00e9 o ovo de P\u00e1scoa em fatia e ele pode ser a ideia mais lucrativa para vender chocolate - Estado de Minas - Em foco","isPartOf":{"@id":"https:\/\/www.em.com.br\/emfoco\/#website"},"primaryImageOfPage":{"@id":"https:\/\/www.em.com.br\/emfoco\/2026\/03\/15\/a-nova-tendencia-da-pascoa-2026-e-o-ovo-de-pascoa-em-fatia-e-ele-pode-ser-a-ideia-mais-lucrativa-para-vender-chocolate\/#primaryimage"},"image":{"@id":"https:\/\/www.em.com.br\/emfoco\/2026\/03\/15\/a-nova-tendencia-da-pascoa-2026-e-o-ovo-de-pascoa-em-fatia-e-ele-pode-ser-a-ideia-mais-lucrativa-para-vender-chocolate\/#primaryimage"},"thumbnailUrl":"https:\/\/www.em.com.br\/emfoco\/wp-content\/uploads\/2026\/03\/Gemini_Generated_Image_bberpjbberpjbber-1.png","datePublished":"2026-03-15T21:25:00+00:00","dateModified":"2026-03-15T02:15:50+00:00","author":{"@id":"https:\/\/www.em.com.br\/emfoco\/#\/schema\/person\/60eda09c1fedf0d6891f4cef4b60b8b8"},"description":"O ovo fatia est\u00e1 chamando aten\u00e7\u00e3o na P\u00e1scoa com formato diferente e v\u00e1rios recheios. Entenda por que essa novidade virou tend\u00eancia nas confeitarias.","breadcrumb":{"@id":"https:\/\/www.em.com.br\/emfoco\/2026\/03\/15\/a-nova-tendencia-da-pascoa-2026-e-o-ovo-de-pascoa-em-fatia-e-ele-pode-ser-a-ideia-mais-lucrativa-para-vender-chocolate\/#breadcrumb"},"inLanguage":"pt-BR","potentialAction":[{"@type":"ReadAction","target":["https:\/\/www.em.com.br\/emfoco\/2026\/03\/15\/a-nova-tendencia-da-pascoa-2026-e-o-ovo-de-pascoa-em-fatia-e-ele-pode-ser-a-ideia-mais-lucrativa-para-vender-chocolate\/"]}]},{"@type":"ImageObject","inLanguage":"pt-BR","@id":"https:\/\/www.em.com.br\/emfoco\/2026\/03\/15\/a-nova-tendencia-da-pascoa-2026-e-o-ovo-de-pascoa-em-fatia-e-ele-pode-ser-a-ideia-mais-lucrativa-para-vender-chocolate\/#primaryimage","url":"https:\/\/www.em.com.br\/emfoco\/wp-content\/uploads\/2026\/03\/Gemini_Generated_Image_bberpjbberpjbber-1.png","contentUrl":"https:\/\/www.em.com.br\/emfoco\/wp-content\/uploads\/2026\/03\/Gemini_Generated_Image_bberpjbberpjbber-1.png","width":1280,"height":720,"caption":"Ovo fatia mistura sabores e vira tend\u00eancia nas confeitarias"},{"@type":"BreadcrumbList","@id":"https:\/\/www.em.com.br\/emfoco\/2026\/03\/15\/a-nova-tendencia-da-pascoa-2026-e-o-ovo-de-pascoa-em-fatia-e-ele-pode-ser-a-ideia-mais-lucrativa-para-vender-chocolate\/#breadcrumb","itemListElement":[{"@type":"ListItem","position":1,"name":"In\u00edcio","item":"https:\/\/www.em.com.br\/emfoco\/"},{"@type":"ListItem","position":2,"name":"A nova tend\u00eancia da P\u00e1scoa 2026 \u00e9 o ovo de P\u00e1scoa em fatia e ele pode ser a ideia mais lucrativa para vender chocolate"}]},{"@type":"WebSite","@id":"https:\/\/www.em.com.br\/emfoco\/#website","url":"https:\/\/www.em.com.br\/emfoco\/","name":"Estado de Minas - Em foco","description":"Acompanhe as \u00faltimas not\u00edcias e fique bem informado sobre tudo o que acontece em Minas Gerais, Brasil e no mundo.","potentialAction":[{"@type":"SearchAction","target":{"@type":"EntryPoint","urlTemplate":"https:\/\/www.em.com.br\/emfoco\/?s={search_term_string}"},"query-input":{"@type":"PropertyValueSpecification","valueRequired":true,"valueName":"search_term_string"}}],"inLanguage":"pt-BR"},{"@type":"Person","@id":"https:\/\/www.em.com.br\/emfoco\/#\/schema\/person\/60eda09c1fedf0d6891f4cef4b60b8b8","name":"Andre\u0301 Rangel\u00a0","image":{"@type":"ImageObject","inLanguage":"pt-BR","@id":"https:\/\/www.em.com.br\/emfoco\/#\/schema\/person\/image\/","url":"https:\/\/secure.gravatar.com\/avatar\/6234dc814c77c8ef6d8bba622c787efc?s=96&d=mm&r=g","contentUrl":"https:\/\/secure.gravatar.com\/avatar\/6234dc814c77c8ef6d8bba622c787efc?s=96&d=mm&r=g","caption":"Andre\u0301 Rangel\u00a0"},"url":"https:\/\/www.em.com.br\/emfoco\/author\/luizmyth\/"}]}},"_links":{"self":[{"href":"https:\/\/www.em.com.br\/emfoco\/wp-json\/wp\/v2\/posts\/181505","targetHints":{"allow":["GET"]}}],"collection":[{"href":"https:\/\/www.em.com.br\/emfoco\/wp-json\/wp\/v2\/posts"}],"about":[{"href":"https:\/\/www.em.com.br\/emfoco\/wp-json\/wp\/v2\/types\/post"}],"author":[{"embeddable":true,"href":"https:\/\/www.em.com.br\/emfoco\/wp-json\/wp\/v2\/users\/11"}],"replies":[{"embeddable":true,"href":"https:\/\/www.em.com.br\/emfoco\/wp-json\/wp\/v2\/comments?post=181505"}],"version-history":[{"count":4,"href":"https:\/\/www.em.com.br\/emfoco\/wp-json\/wp\/v2\/posts\/181505\/revisions"}],"predecessor-version":[{"id":181513,"href":"https:\/\/www.em.com.br\/emfoco\/wp-json\/wp\/v2\/posts\/181505\/revisions\/181513"}],"wp:featuredmedia":[{"embeddable":true,"href":"https:\/\/www.em.com.br\/emfoco\/wp-json\/wp\/v2\/media\/181511"}],"wp:attachment":[{"href":"https:\/\/www.em.com.br\/emfoco\/wp-json\/wp\/v2\/media?parent=181505"}],"wp:term":[{"taxonomy":"category","embeddable":true,"href":"https:\/\/www.em.com.br\/emfoco\/wp-json\/wp\/v2\/categories?post=181505"},{"taxonomy":"post_tag","embeddable":true,"href":"https:\/\/www.em.com.br\/emfoco\/wp-json\/wp\/v2\/tags?post=181505"}],"curies":[{"name":"wp","href":"https:\/\/api.w.org\/{rel}","templated":true}]}}