{"id":181480,"date":"2026-03-15T10:05:00","date_gmt":"2026-03-15T13:05:00","guid":{"rendered":"https:\/\/www.em.com.br\/emfoco\/?p=181480"},"modified":"2026-03-14T22:43:40","modified_gmt":"2026-03-15T01:43:40","slug":"a-confeitaria-renomada-da-capital-fecha-as-portas-com-quase-100-anos-de-historia-o-estabelecimento-causou-mais-de-50-demissoes","status":"publish","type":"post","link":"https:\/\/www.em.com.br\/emfoco\/2026\/03\/15\/a-confeitaria-renomada-da-capital-fecha-as-portas-com-quase-100-anos-de-historia-o-estabelecimento-causou-mais-de-50-demissoes\/","title":{"rendered":"A confeitaria renomada da capital fecha as portas: com quase 100 anos de hist\u00f3ria, o estabelecimento causou mais de 50 demiss\u00f5es."},"content":{"rendered":"\n<p>A hist\u00f3rica confeitaria <strong>Embassy <\/strong>de <strong>Madri <\/strong>se tornou, ao longo de quase um s\u00e9culo, um s\u00edmbolo da vida social da capital espanhola. Fundada em 1931, atravessou guerras, crises econ\u00f4micas e mudan\u00e7as de consumo at\u00e9 fechar definitivamente seus \u00faltimos locais, deixando dezenas de trabalhadores sem emprego e marcando o fim de uma era para a confeitaria madrilenha e para a mem\u00f3ria afetiva da cidade.<\/p>\n\n\n\n<h2 class=\"wp-block-heading\">Por que a confeitaria Embassy de Madri foi t\u00e3o importante para a cidade?<\/h2>\n\n\n\n<p>A <a href=\"https:\/\/www.instagram.com\/embassy_es\/?hl=pt\" target=\"_blank\" rel=\"noreferrer noopener\">confeitaria Embassy<\/a>, frequentemente citada como uma das confeitarias mais emblem\u00e1ticas de Madri, construiu sua relev\u00e2ncia muito al\u00e9m dos doces que produzia. O espa\u00e7o funcionava como ponto de encontro social, sal\u00e3o de ch\u00e1 requintado e vitrine de um cosmopolitismo ligado a diplomatas, artistas, intelectuais e figuras da alta sociedade.<\/p>\n\n\n\n<p>Desde a origem, nos anos 1930, a casa combinou confeitaria tradicional com um estilo inspirado nos sal\u00f5es londrinos, criando uma identidade pr\u00f3pria. A localiza\u00e7\u00e3o estrat\u00e9gica, pr\u00f3xima a embaixadas e \u00e1reas nobres, refor\u00e7ou a imagem de lugar elegante e discreto, enquanto receitas cl\u00e1ssicas como a torta de lim\u00e3o com merengue e os sandu\u00edches atra\u00edam moradores e visitantes.<\/p>\n\n\n\n<figure class=\"wp-block-image\"><img decoding=\"async\" src=\"https:\/\/www.em.com.br\/emfoco\/wp-content\/uploads\/2026\/01\/confeitaria-_1768844136047-1024x576.jpg\" alt=\"\"\/><figcaption class=\"wp-element-caption\">A queda silenciosa de uma marca que dominou anivers\u00e1rios &#8211; Cr\u00e9ditos: depositphotos.com \/ borodai.andrii<\/figcaption><\/figure>\n\n\n\n<h2 class=\"wp-block-heading\">Quais foram os principais fatores que levaram ao fechamento da confeitaria?<\/h2>\n\n\n\n<p>O <a href=\"https:\/\/www.em.com.br\/emfoco\/2026\/03\/14\/rede-de-moda-famosa-no-pais-anuncia-fechamento-de-mais-de-90-lojas-e-uma-reestruturacao-necessaria\/\" target=\"_blank\" rel=\"noreferrer noopener\">encerramento <\/a>definitivo da confeitaria Embassy de Madri resultou de uma combina\u00e7\u00e3o de queda de vendas, aumento de custos e decis\u00f5es de gest\u00e3o contestadas. Ap\u00f3s a pandemia, o faturamento n\u00e3o voltou aos n\u00edveis anteriores, enquanto despesas com energia, sal\u00e1rios e mat\u00e9rias-primas cresceram em um neg\u00f3cio j\u00e1 pressionado por alugu\u00e9is e estruturas caras em \u00e1reas centrais.<\/p>\n\n\n\n<p>Segundo os propriet\u00e1rios, a falta de financiamento inviabilizou a continuidade dos seis estabelecimentos restantes, ao mesmo tempo em que funcion\u00e1rios relatavam problemas de gest\u00e3o. Em meio a tentativas de cortar custos, expans\u00e3o pouco alinhada ao volume real de vendas e atrasos salariais, muitos empregados receberam cartas de demiss\u00e3o ap\u00f3s meses de incerteza.<\/p>\n\n\n\n<ul class=\"wp-block-list\">\n<li>Queda de vendas ap\u00f3s a pandemia e mudan\u00e7a de h\u00e1bitos de consumo.<\/li>\n\n\n\n<li>Aumento de custos de energia, sal\u00e1rios e insumos especializados.<\/li>\n\n\n\n<li>Dificuldade de acesso a financiamento e falta de capital de giro.<\/li>\n\n\n\n<li>Gest\u00e3o questionada por funcion\u00e1rios e decis\u00f5es de expans\u00e3o arriscadas.<\/li>\n<\/ul>\n\n\n\n<h2 class=\"wp-block-heading\">Como foi a trajet\u00f3ria hist\u00f3rica da confeitaria Embassy em Madri?<\/h2>\n\n\n\n<p>A hist\u00f3ria da confeitaria Embassy em Madri come\u00e7a em 1931, quando foi aberta por <strong>Margarita Kearney Taylor<\/strong>, de origem brit\u00e2nica, unindo confeitaria fina e sal\u00e3o de ch\u00e1 em ambiente inspirado nas casas tradicionais de Londres. Durante a <strong>Segunda Guerra Mundial<\/strong>, tornou-se ponto de encontro de diplomatas e figuras ligadas a diferentes pa\u00edses, em um contexto de intrigas e espionagem internacional.<\/p>\n\n\n\n<p>Ao longo do s\u00e9culo XX, a casa consolidou prest\u00edgio com gest\u00e3o atenta, receitas cl\u00e1ssicas e um padr\u00e3o de atendimento que refor\u00e7ava a sensa\u00e7\u00e3o de exclusividade. O decl\u00ednio come\u00e7ou ap\u00f3s o desaparecimento da segunda gera\u00e7\u00e3o de propriet\u00e1rios, quando mudan\u00e7as no controle da empresa e nas estrat\u00e9gias comerciais alteraram o equil\u00edbrio que havia sido mantido durante d\u00e9cadas, culminando no fechamento do ic\u00f4nico sal\u00e3o do <strong>Paseo de la Castellana<\/strong> em 2017 e na crise p\u00f3s-pandemia.<\/p>\n\n\n\n<figure class=\"wp-block-image\"><img decoding=\"async\" src=\"https:\/\/www.em.com.br\/emfoco\/wp-content\/uploads\/2026\/01\/confeitaria-_1768844191691-1024x576.jpg\" alt=\"\"\/><figcaption class=\"wp-element-caption\">A queda silenciosa de uma marca que dominou anivers\u00e1rios &#8211; Cr\u00e9ditos: depositphotos.com \/ rossandhelen<\/figcaption><\/figure>\n\n\n\n<h2 class=\"wp-block-heading\">O que o fim da confeitaria Embassy representa para Madri hoje?<\/h2>\n\n\n\n<p>O desaparecimento da confeitaria Embassy de Madri representa mais do que o encerramento de um neg\u00f3cio tradicional: \u00e9 a perda de um espa\u00e7o ligado \u00e0 mem\u00f3ria afetiva e \u00e0 hist\u00f3ria social de quase cem anos. Esses locais funcionam como marcos urbanos, associados a encontros de fam\u00edlia, reuni\u00f5es de trabalho e celebra\u00e7\u00f5es que atravessam gera\u00e7\u00f5es.<\/p>\n\n\n\n<p>Para cerca de 50 trabalhadores, muitos com d\u00e9cadas de casa, o fechamento se traduz em desemprego e a\u00e7\u00f5es judiciais por atrasos de pagamento e demiss\u00f5es consideradas injustificadas. Para o setor de confeitaria tradicional, o caso exp\u00f5e a fragilidade de modelos baseados em grandes sal\u00f5es f\u00edsicos, frente a mudan\u00e7as de consumo, avan\u00e7o das vendas on-line e novas formas de lazer que reposicionam a experi\u00eancia gastron\u00f4mica nas grandes cidades.<\/p>\n\n\n\n<h2 class=\"wp-block-heading\">O que a hist\u00f3ria da Embassy ensina e como agir diante da perda?<\/h2>\n\n\n\n<p>Mesmo sem seus sal\u00f5es de ch\u00e1 e vitrines, o nome Embassy em Madri permanece associado \u00e0 hist\u00f3ria recente da capital, mostrando como uma confeitaria pode ir al\u00e9m do com\u00e9rcio e tornar-se parte do imagin\u00e1rio urbano. Ao mesmo tempo, a trajet\u00f3ria exp\u00f5e como neg\u00f3cios hist\u00f3ricos podem ruir diante de crises prolongadas, custos em alta e decis\u00f5es empresariais pouco adaptadas ao novo contexto econ\u00f4mico e digital.<\/p>\n\n\n\n<p>Para que outras casas tradicionais n\u00e3o tenham o mesmo destino, \u00e9 urgente valorizar esses espa\u00e7os, apoiar pequenos neg\u00f3cios locais, consumir de forma consciente e exigir pol\u00edticas que protejam o patrim\u00f4nio cultural urbano. Se a mem\u00f3ria da Embassy te toca, n\u00e3o espere: frequente as confeitarias da sua cidade, conte essas hist\u00f3rias \u00e0s novas gera\u00e7\u00f5es e ajude a preservar, hoje, os lugares que voc\u00ea n\u00e3o quer ver desaparecer amanh\u00e3.<\/p>\n\n\n\n<p><\/p>\n","protected":false},"excerpt":{"rendered":"<p>A hist\u00f3rica confeitaria Embassy de Madri se tornou, ao longo de quase um s\u00e9culo, um s\u00edmbolo da vida social da capital espanhola. Fundada em 1931, atravessou guerras, crises econ\u00f4micas e mudan\u00e7as de consumo at\u00e9 fechar definitivamente seus \u00faltimos locais, deixando dezenas de trabalhadores sem emprego e marcando o fim de uma era para a confeitaria [&hellip;]<\/p>\n","protected":false},"author":11,"featured_media":157109,"comment_status":"open","ping_status":"open","sticky":false,"template":"","format":"standard","meta":{"jnews-multi-image_gallery":[],"jnews_single_post":{"format":"standard"},"jnews_primary_category":[],"jnews_social_meta":[],"jnews_override_counter":[],"footnotes":""},"categories":[28,1],"tags":[3442,5478,22968,16557,9677,9676],"class_list":["post-181480","post","type-post","status-publish","format-standard","has-post-thumbnail","hentry","category-economia","category-noticias","tag-confeitaria","tag-falencia","tag-fechamento-da-confeitaria","tag-fechamento-de-loja","tag-fechou","tag-loja"],"yoast_head":"<!-- This site is optimized with the Yoast SEO plugin v23.8 - https:\/\/yoast.com\/wordpress\/plugins\/seo\/ -->\n<title>A confeitaria renomada da capital fecha as portas: com quase 100 anos de hist\u00f3ria, o estabelecimento causou mais de 50 demiss\u00f5es. - Estado de Minas - Em foco<\/title>\n<meta name=\"description\" content=\"A hist\u00f3rica confeitaria Embassy de Madri encerrou suas atividades ap\u00f3s quase um s\u00e9culo, marcando o fim de uma era na cidade.\" \/>\n<meta name=\"robots\" content=\"index, follow, max-snippet:-1, max-image-preview:large, max-video-preview:-1\" \/>\n<link rel=\"canonical\" href=\"https:\/\/www.em.com.br\/emfoco\/2026\/03\/15\/a-confeitaria-renomada-da-capital-fecha-as-portas-com-quase-100-anos-de-historia-o-estabelecimento-causou-mais-de-50-demissoes\/\" \/>\n<meta property=\"og:locale\" content=\"pt_BR\" \/>\n<meta property=\"og:type\" content=\"article\" \/>\n<meta property=\"og:title\" content=\"A confeitaria renomada da capital fecha as portas: com quase 100 anos de hist\u00f3ria, o estabelecimento causou mais de 50 demiss\u00f5es. - Estado de Minas - Em foco\" \/>\n<meta property=\"og:description\" content=\"A hist\u00f3rica confeitaria Embassy de Madri encerrou suas atividades ap\u00f3s quase um s\u00e9culo, marcando o fim de uma era na cidade.\" \/>\n<meta property=\"og:url\" content=\"https:\/\/www.em.com.br\/emfoco\/2026\/03\/15\/a-confeitaria-renomada-da-capital-fecha-as-portas-com-quase-100-anos-de-historia-o-estabelecimento-causou-mais-de-50-demissoes\/\" \/>\n<meta property=\"og:site_name\" content=\"Estado de Minas - Em foco\" \/>\n<meta property=\"article:published_time\" content=\"2026-03-15T13:05:00+00:00\" \/>\n<meta property=\"article:modified_time\" content=\"2026-03-15T01:43:40+00:00\" \/>\n<meta property=\"og:image\" content=\"https:\/\/www.em.com.br\/emfoco\/wp-content\/uploads\/2026\/01\/Gemini_Generated_Image_j5bnmj5bnmj5bnmj-1.png\" \/>\n\t<meta property=\"og:image:width\" content=\"1280\" \/>\n\t<meta property=\"og:image:height\" content=\"720\" \/>\n\t<meta property=\"og:image:type\" content=\"image\/png\" \/>\n<meta name=\"author\" content=\"Andre\u0301 Rangel\u00a0\" \/>\n<meta name=\"twitter:card\" content=\"summary_large_image\" \/>\n<meta name=\"twitter:label1\" content=\"Escrito por\" \/>\n\t<meta name=\"twitter:data1\" content=\"Andre\u0301 Rangel\u00a0\" \/>\n\t<meta name=\"twitter:label2\" content=\"Est. tempo de leitura\" \/>\n\t<meta name=\"twitter:data2\" content=\"5 minutos\" \/>\n<!-- \/ Yoast SEO plugin. -->","yoast_head_json":{"title":"A confeitaria renomada da capital fecha as portas: com quase 100 anos de hist\u00f3ria, o estabelecimento causou mais de 50 demiss\u00f5es. - Estado de Minas - Em foco","description":"A hist\u00f3rica confeitaria Embassy de Madri encerrou suas atividades ap\u00f3s quase um s\u00e9culo, marcando o fim de uma era na cidade.","robots":{"index":"index","follow":"follow","max-snippet":"max-snippet:-1","max-image-preview":"max-image-preview:large","max-video-preview":"max-video-preview:-1"},"canonical":"https:\/\/www.em.com.br\/emfoco\/2026\/03\/15\/a-confeitaria-renomada-da-capital-fecha-as-portas-com-quase-100-anos-de-historia-o-estabelecimento-causou-mais-de-50-demissoes\/","og_locale":"pt_BR","og_type":"article","og_title":"A confeitaria renomada da capital fecha as portas: com quase 100 anos de hist\u00f3ria, o estabelecimento causou mais de 50 demiss\u00f5es. - Estado de Minas - Em foco","og_description":"A hist\u00f3rica confeitaria Embassy de Madri encerrou suas atividades ap\u00f3s quase um s\u00e9culo, marcando o fim de uma era na cidade.","og_url":"https:\/\/www.em.com.br\/emfoco\/2026\/03\/15\/a-confeitaria-renomada-da-capital-fecha-as-portas-com-quase-100-anos-de-historia-o-estabelecimento-causou-mais-de-50-demissoes\/","og_site_name":"Estado de Minas - Em foco","article_published_time":"2026-03-15T13:05:00+00:00","article_modified_time":"2026-03-15T01:43:40+00:00","og_image":[{"width":1280,"height":720,"url":"https:\/\/www.em.com.br\/emfoco\/wp-content\/uploads\/2026\/01\/Gemini_Generated_Image_j5bnmj5bnmj5bnmj-1.png","type":"image\/png"}],"author":"Andre\u0301 Rangel\u00a0","twitter_card":"summary_large_image","twitter_misc":{"Escrito por":"Andre\u0301 Rangel\u00a0","Est. tempo de leitura":"5 minutos"},"schema":{"@context":"https:\/\/schema.org","@graph":[{"@type":"WebPage","@id":"https:\/\/www.em.com.br\/emfoco\/2026\/03\/15\/a-confeitaria-renomada-da-capital-fecha-as-portas-com-quase-100-anos-de-historia-o-estabelecimento-causou-mais-de-50-demissoes\/","url":"https:\/\/www.em.com.br\/emfoco\/2026\/03\/15\/a-confeitaria-renomada-da-capital-fecha-as-portas-com-quase-100-anos-de-historia-o-estabelecimento-causou-mais-de-50-demissoes\/","name":"A confeitaria renomada da capital fecha as portas: com quase 100 anos de hist\u00f3ria, o estabelecimento causou mais de 50 demiss\u00f5es. - Estado de Minas - Em foco","isPartOf":{"@id":"https:\/\/www.em.com.br\/emfoco\/#website"},"primaryImageOfPage":{"@id":"https:\/\/www.em.com.br\/emfoco\/2026\/03\/15\/a-confeitaria-renomada-da-capital-fecha-as-portas-com-quase-100-anos-de-historia-o-estabelecimento-causou-mais-de-50-demissoes\/#primaryimage"},"image":{"@id":"https:\/\/www.em.com.br\/emfoco\/2026\/03\/15\/a-confeitaria-renomada-da-capital-fecha-as-portas-com-quase-100-anos-de-historia-o-estabelecimento-causou-mais-de-50-demissoes\/#primaryimage"},"thumbnailUrl":"https:\/\/www.em.com.br\/emfoco\/wp-content\/uploads\/2026\/01\/Gemini_Generated_Image_j5bnmj5bnmj5bnmj-1.png","datePublished":"2026-03-15T13:05:00+00:00","dateModified":"2026-03-15T01:43:40+00:00","author":{"@id":"https:\/\/www.em.com.br\/emfoco\/#\/schema\/person\/60eda09c1fedf0d6891f4cef4b60b8b8"},"description":"A hist\u00f3rica confeitaria Embassy de Madri encerrou suas atividades ap\u00f3s quase um s\u00e9culo, marcando o fim de uma era na cidade.","breadcrumb":{"@id":"https:\/\/www.em.com.br\/emfoco\/2026\/03\/15\/a-confeitaria-renomada-da-capital-fecha-as-portas-com-quase-100-anos-de-historia-o-estabelecimento-causou-mais-de-50-demissoes\/#breadcrumb"},"inLanguage":"pt-BR","potentialAction":[{"@type":"ReadAction","target":["https:\/\/www.em.com.br\/emfoco\/2026\/03\/15\/a-confeitaria-renomada-da-capital-fecha-as-portas-com-quase-100-anos-de-historia-o-estabelecimento-causou-mais-de-50-demissoes\/"]}]},{"@type":"ImageObject","inLanguage":"pt-BR","@id":"https:\/\/www.em.com.br\/emfoco\/2026\/03\/15\/a-confeitaria-renomada-da-capital-fecha-as-portas-com-quase-100-anos-de-historia-o-estabelecimento-causou-mais-de-50-demissoes\/#primaryimage","url":"https:\/\/www.em.com.br\/emfoco\/wp-content\/uploads\/2026\/01\/Gemini_Generated_Image_j5bnmj5bnmj5bnmj-1.png","contentUrl":"https:\/\/www.em.com.br\/emfoco\/wp-content\/uploads\/2026\/01\/Gemini_Generated_Image_j5bnmj5bnmj5bnmj-1.png","width":1280,"height":720,"caption":"A queda silenciosa de uma marca que dominou anivers\u00e1rios"},{"@type":"BreadcrumbList","@id":"https:\/\/www.em.com.br\/emfoco\/2026\/03\/15\/a-confeitaria-renomada-da-capital-fecha-as-portas-com-quase-100-anos-de-historia-o-estabelecimento-causou-mais-de-50-demissoes\/#breadcrumb","itemListElement":[{"@type":"ListItem","position":1,"name":"In\u00edcio","item":"https:\/\/www.em.com.br\/emfoco\/"},{"@type":"ListItem","position":2,"name":"A confeitaria renomada da capital fecha as portas: com quase 100 anos de hist\u00f3ria, o estabelecimento causou mais de 50 demiss\u00f5es."}]},{"@type":"WebSite","@id":"https:\/\/www.em.com.br\/emfoco\/#website","url":"https:\/\/www.em.com.br\/emfoco\/","name":"Estado de Minas - Em foco","description":"Acompanhe as \u00faltimas not\u00edcias e fique bem informado sobre tudo o que acontece em Minas Gerais, Brasil e no mundo.","potentialAction":[{"@type":"SearchAction","target":{"@type":"EntryPoint","urlTemplate":"https:\/\/www.em.com.br\/emfoco\/?s={search_term_string}"},"query-input":{"@type":"PropertyValueSpecification","valueRequired":true,"valueName":"search_term_string"}}],"inLanguage":"pt-BR"},{"@type":"Person","@id":"https:\/\/www.em.com.br\/emfoco\/#\/schema\/person\/60eda09c1fedf0d6891f4cef4b60b8b8","name":"Andre\u0301 Rangel\u00a0","image":{"@type":"ImageObject","inLanguage":"pt-BR","@id":"https:\/\/www.em.com.br\/emfoco\/#\/schema\/person\/image\/","url":"https:\/\/secure.gravatar.com\/avatar\/6234dc814c77c8ef6d8bba622c787efc?s=96&d=mm&r=g","contentUrl":"https:\/\/secure.gravatar.com\/avatar\/6234dc814c77c8ef6d8bba622c787efc?s=96&d=mm&r=g","caption":"Andre\u0301 Rangel\u00a0"},"url":"https:\/\/www.em.com.br\/emfoco\/author\/luizmyth\/"}]}},"_links":{"self":[{"href":"https:\/\/www.em.com.br\/emfoco\/wp-json\/wp\/v2\/posts\/181480","targetHints":{"allow":["GET"]}}],"collection":[{"href":"https:\/\/www.em.com.br\/emfoco\/wp-json\/wp\/v2\/posts"}],"about":[{"href":"https:\/\/www.em.com.br\/emfoco\/wp-json\/wp\/v2\/types\/post"}],"author":[{"embeddable":true,"href":"https:\/\/www.em.com.br\/emfoco\/wp-json\/wp\/v2\/users\/11"}],"replies":[{"embeddable":true,"href":"https:\/\/www.em.com.br\/emfoco\/wp-json\/wp\/v2\/comments?post=181480"}],"version-history":[{"count":4,"href":"https:\/\/www.em.com.br\/emfoco\/wp-json\/wp\/v2\/posts\/181480\/revisions"}],"predecessor-version":[{"id":181487,"href":"https:\/\/www.em.com.br\/emfoco\/wp-json\/wp\/v2\/posts\/181480\/revisions\/181487"}],"wp:featuredmedia":[{"embeddable":true,"href":"https:\/\/www.em.com.br\/emfoco\/wp-json\/wp\/v2\/media\/157109"}],"wp:attachment":[{"href":"https:\/\/www.em.com.br\/emfoco\/wp-json\/wp\/v2\/media?parent=181480"}],"wp:term":[{"taxonomy":"category","embeddable":true,"href":"https:\/\/www.em.com.br\/emfoco\/wp-json\/wp\/v2\/categories?post=181480"},{"taxonomy":"post_tag","embeddable":true,"href":"https:\/\/www.em.com.br\/emfoco\/wp-json\/wp\/v2\/tags?post=181480"}],"curies":[{"name":"wp","href":"https:\/\/api.w.org\/{rel}","templated":true}]}}