{"id":181477,"date":"2026-03-14T18:05:00","date_gmt":"2026-03-14T21:05:00","guid":{"rendered":"https:\/\/www.em.com.br\/emfoco\/?p=181477"},"modified":"2026-03-14T18:05:01","modified_gmt":"2026-03-14T21:05:01","slug":"essa-cidade-mineira-guarda-400-kg-de-ouro-em-apenas-um-lugar-e-segredos-do-seculo-18","status":"publish","type":"post","link":"https:\/\/www.em.com.br\/emfoco\/2026\/03\/14\/essa-cidade-mineira-guarda-400-kg-de-ouro-em-apenas-um-lugar-e-segredos-do-seculo-18\/","title":{"rendered":"Essa cidade mineira guarda 400 kg de ouro em apenas um lugar e esconde segredos do s\u00e9culo 18"},"content":{"rendered":"\n<p>Primeiro patrim\u00f4nio cultural brasileiro reconhecido pela <strong>UNESCO<\/strong>, <strong>Ouro Preto<\/strong> \u00e9 a cidade onde se caminha sobre t\u00faneis coloniais sem saber. A 100 km de <strong>Belo Horizonte<\/strong>, a antiga <strong>Vila Rica<\/strong> preserva o maior conjunto de arquitetura barroca do mundo e express\u00f5es populares que nasceram no ciclo do ouro.<\/p>\n\n\n\n<h2 class=\"wp-block-heading\">A cidade constru\u00edda por cima de um labirinto<\/h2>\n\n\n\n<p>Pesquisadores da <strong>Universidade Federal de Ouro Preto (UFOP)<\/strong> mapeiam desde 1994 as galerias escavadas por m\u00e3os escravizadas no s\u00e9culo XVIII. O trabalho j\u00e1 catalogou cerca de 270 estruturas subterr\u00e2neas, mas o total estimado chega a 350, somando galerias de extra\u00e7\u00e3o, caminhos de ventila\u00e7\u00e3o e t\u00faneis de desvio de \u00e1gua. Quem sobe e desce as ladeiras de paralelep\u00edpedo pisa, sem saber, sobre centenas desses corredores.<\/p>\n\n\n\n<p>O ouro que saiu de baixo da terra revestiu os altares que tornaram a cidade famosa. A <strong>Bas\u00edlica de Nossa Senhora do Pilar<\/strong>, inaugurada em 1733, ostenta mais de 400 kg de metais preciosos na ornamenta\u00e7\u00e3o interna. A <strong>Igreja de S\u00e3o Francisco de Assis<\/strong>, projetada por <strong>Ant\u00f4nio Francisco Lisboa<\/strong>, o <strong>Aleijadinho<\/strong>, em 1766, foi reconhecida como uma das sete maravilhas de origem portuguesa no mundo. O <a href=\"http:\/\/portal.iphan.gov.br\/pagina\/detalhes\/30\" target=\"_blank\" rel=\"noreferrer noopener\"><strong>Instituto do Patrim\u00f4nio Hist\u00f3rico e Art\u00edstico Nacional (IPHAN)<\/strong><\/a> tombou a cidade em 1938. A <strong>UNESCO<\/strong> concedeu o t\u00edtulo de <a href=\"https:\/\/whc.unesco.org\/en\/list\/124\/\" target=\"_blank\" rel=\"noreferrer noopener\"><strong>Patrim\u00f4nio Mundial<\/strong><\/a> em 1980.<\/p>\n\n\n<div class=\"wp-block-image\">\n<figure class=\"aligncenter size-large\"><img loading=\"lazy\" decoding=\"async\" width=\"1024\" height=\"576\" src=\"https:\/\/www.em.com.br\/emfoco\/wp-content\/uploads\/2025\/12\/Ouro-Preto_1748868545140-1024x576.jpg\" alt=\"Essa cidade nas montanhas de Minas Gerais encanta logo na primeira visita\" class=\"wp-image-145845\" srcset=\"https:\/\/www.em.com.br\/emfoco\/wp-content\/uploads\/2025\/12\/Ouro-Preto_1748868545140-1024x576.jpg 1024w, https:\/\/www.em.com.br\/emfoco\/wp-content\/uploads\/2025\/12\/Ouro-Preto_1748868545140-300x169.jpg 300w, https:\/\/www.em.com.br\/emfoco\/wp-content\/uploads\/2025\/12\/Ouro-Preto_1748868545140-768x432.jpg 768w, https:\/\/www.em.com.br\/emfoco\/wp-content\/uploads\/2025\/12\/Ouro-Preto_1748868545140-750x422.jpg 750w, https:\/\/www.em.com.br\/emfoco\/wp-content\/uploads\/2025\/12\/Ouro-Preto_1748868545140-1140x641.jpg 1140w, https:\/\/www.em.com.br\/emfoco\/wp-content\/uploads\/2025\/12\/Ouro-Preto_1748868545140.jpg 1280w\" sizes=\"auto, (max-width: 1024px) 100vw, 1024px\" \/><figcaption class=\"wp-element-caption\">Ouro Preto encanta com igrejas barrocas e ruas de pedra \/\/ Cr\u00e9ditos: depositphotos.com \/ Curioso_Travel_Photography \/\/ Cr\u00e9ditos: depositphotos.com \/ fredpinheiro.hotmail.com.br<\/figcaption><\/figure><\/div>\n\n\n<p>Algumas express\u00f5es do portugu\u00eas brasileiro nasceram nessas ladeiras. \u201cSanto do pau oco\u201d vem da pr\u00e1tica de esconder ouro dentro de imagens religiosas. \u201cSem eira nem beira\u201d descrevia casas simples, sem os detalhes pomposos nos telhados que indicavam riqueza. \u201cFeito nas coxas\u201d remete \u00e0 fabrica\u00e7\u00e3o irregular de telhas moldadas sobre as pernas dos escravizados.<\/p>\n\n\n<div class=\"wp-block-image\">\n<figure class=\"aligncenter size-large\"><img loading=\"lazy\" decoding=\"async\" width=\"1024\" height=\"576\" src=\"https:\/\/www.em.com.br\/emfoco\/wp-content\/uploads\/2025\/12\/Ouro-Preto_1738111564621-1024x576.jpg\" alt=\"Essa cidade nas montanhas de Minas Gerais encanta logo na primeira visita\" class=\"wp-image-145844\" srcset=\"https:\/\/www.em.com.br\/emfoco\/wp-content\/uploads\/2025\/12\/Ouro-Preto_1738111564621-1024x576.jpg 1024w, https:\/\/www.em.com.br\/emfoco\/wp-content\/uploads\/2025\/12\/Ouro-Preto_1738111564621-300x169.jpg 300w, https:\/\/www.em.com.br\/emfoco\/wp-content\/uploads\/2025\/12\/Ouro-Preto_1738111564621-768x432.jpg 768w, https:\/\/www.em.com.br\/emfoco\/wp-content\/uploads\/2025\/12\/Ouro-Preto_1738111564621-750x422.jpg 750w, https:\/\/www.em.com.br\/emfoco\/wp-content\/uploads\/2025\/12\/Ouro-Preto_1738111564621-1140x641.jpg 1140w, https:\/\/www.em.com.br\/emfoco\/wp-content\/uploads\/2025\/12\/Ouro-Preto_1738111564621.jpg 1280w\" sizes=\"auto, (max-width: 1024px) 100vw, 1024px\" \/><figcaption class=\"wp-element-caption\">Ouro Preto preserva a hist\u00f3ria do Brasil em cada detalhe \/\/ Cr\u00e9ditos: depositphotos.com \/ mytrade1<\/figcaption><\/figure><\/div>\n\n\n<h2 class=\"wp-block-heading\">O que fazer entre igrejas barrocas e minas subterr\u00e2neas<\/h2>\n\n\n\n<p>O roteiro de Ouro Preto equilibra arte sacra, hist\u00f3ria da <strong>Inconfid\u00eancia Mineira<\/strong> e mergulhos literais no subsolo. Os principais pontos ficam a poucos minutos de caminhada uns dos outros:<\/p>\n\n\n\n<ul class=\"wp-block-list has-medium-font-size\">\n<li><strong>Pra\u00e7a Tiradentes<\/strong>: cora\u00e7\u00e3o da cidade, ladeada pelo <strong>Museu da Inconfid\u00eancia<\/strong> (antiga Casa de C\u00e2mara e Cadeia) e pelo <strong>Pal\u00e1cio dos Governadores<\/strong> (atual Escola de Minas). Foi ali que a cabe\u00e7a de <strong>Tiradentes<\/strong> ficou exposta ap\u00f3s a execu\u00e7\u00e3o.<\/li>\n\n\n\n<li><strong>Igreja de S\u00e3o Francisco de Assis<\/strong>: fachada esculpida em pedra-sab\u00e3o por Aleijadinho e teto pintado por <strong>Mestre Ata\u00edde<\/strong>. Considerada a obra-prima do barroco mineiro.<\/li>\n\n\n\n<li><strong>Bas\u00edlica de Nossa Senhora do Pilar<\/strong>: seis altares cobertos de ouro e o <strong>Museu de Arte Sacra<\/strong> no subsolo.<\/li>\n\n\n\n<li><strong>Mina da Passagem<\/strong>: entre Ouro Preto e <strong>Mariana<\/strong>, \u00e9 a maior mina de ouro aberta \u00e0 visita\u00e7\u00e3o no mundo. A descida de trolley percorre 315 metros at\u00e9 um lago subterr\u00e2neo a 120 metros de profundidade.<\/li>\n\n\n\n<li><strong>Casa da \u00d3pera<\/strong>: o teatro mais antigo em funcionamento nas Am\u00e9ricas, com ac\u00fastica perfeita e programa\u00e7\u00e3o cultural ativa.<\/li>\n\n\n\n<li><strong>Parque Estadual do Itacolomi<\/strong>: trilhas com vista panor\u00e2mica da serra e cachoeiras acess\u00edveis para banho.<\/li>\n<\/ul>\n\n\n\n<figure class=\"wp-block-embed is-type-video is-provider-youtube wp-block-embed-youtube wp-embed-aspect-16-9 wp-has-aspect-ratio\"><div class=\"wp-block-embed__wrapper\">\n<div class=\"jeg_video_container jeg_video_content\"><iframe loading=\"lazy\" title=\"CONHE\u00c7A OURO PRETO MG | cidade hist\u00f3rica em Minas Gerais\" width=\"500\" height=\"281\" src=\"https:\/\/www.youtube.com\/embed\/PRWc3mucN4U?start=66&#038;feature=oembed\" frameborder=\"0\" allow=\"accelerometer; autoplay; clipboard-write; encrypted-media; gyroscope; picture-in-picture; web-share\" referrerpolicy=\"strict-origin-when-cross-origin\" allowfullscreen><\/iframe><\/div>\n<\/div><\/figure>\n\n\n\n<p><strong>Leia tamb\u00e9m: <a href=\"https:\/\/www.em.com.br\/emfoco\/2026\/03\/04\/uma-montanha-1-385-metros-desapareceu-a-cidade-mineira-a-2-horas-de-belo-horizonte-onde-a-paisagem-valia-menos-que-os-lucros-e-o-maior-poeta-brasileiro-nasceu\/\" target=\"_blank\" rel=\"noreferrer noopener\">Uma montanha de 1.385 metros desapareceu, a cidade mineira a 2 horas de Belo Horizonte onde a paisagem valia menos que os lucros e o maior poeta brasileiro nasceu<\/a><\/strong><\/p>\n\n\n\n<h2 class=\"wp-block-heading\">Como chegar \u00e0 antiga Vila Rica<\/h2>\n\n\n\n<p>Ouro Preto fica a 100 km de Belo Horizonte pela <strong>BR-356<\/strong>, cerca de 1h30 de carro. \u00d4nibus regulares partem do terminal rodovi\u00e1rio de <strong>BH<\/strong> com frequ\u00eancia ao longo do dia. De <strong>S\u00e3o Paulo<\/strong>, a dist\u00e2ncia \u00e9 de aproximadamente 670 km pela <strong>BR-381<\/strong> (Fern\u00e3o Dias) at\u00e9 BH, seguida pela BR-356. N\u00e3o h\u00e1 aeroporto na cidade, mas o <strong>Aeroporto de Confins<\/strong> recebe voos de todo o <strong>Brasil<\/strong> e fica a cerca de duas horas do centro hist\u00f3rico. As ladeiras de pedra exigem cal\u00e7ados firmes, especialmente nos meses de chuva.<\/p>\n\n\n\n<iframe src=\"https:\/\/www.google.com\/maps\/embed?pb=!1m18!1m12!1m3!1d25157.92459930627!2d-43.53705526277136!3d-20.39328309751378!2m3!1f0!2f0!3f0!3m2!1i1024!2i768!4f13.1!3m3!1m2!1s0xa40b1d2c57b55b%3A0xd984d1131d83d5fc!2sOuro%20Preto%2C%20MG%2C%2035400-000!5e0!3m2!1spt-BR!2sbr!4v1773522068598!5m2!1spt-BR!2sbr\" width=\"600\" height=\"450\" style=\"border:0;\" allowfullscreen=\"\" loading=\"lazy\" referrerpolicy=\"no-referrer-when-downgrade\"><\/iframe>\n\n\n\n<h2 class=\"wp-block-heading\">A cidade que parou no tempo e ganhou o mundo<\/h2>\n\n\n\n<p>Ouro Preto sobreviveu porque empobreceu. Quando o ouro acabou e a capital migrou para <strong>Belo Horizonte<\/strong> em 1897, a cidade parou no tempo. Esse congelamento econ\u00f4mico preservou o casario branco, as esquadrias coloridas e os altares dourados que hoje atraem visitantes do mundo inteiro.<\/p>\n\n\n\n<p>Voc\u00ea precisa subir essas ladeiras pelo menos uma vez na vida e entender, de perto, como o Brasil colonial ainda respira em cada pedra de <strong>Minas Gerais<\/strong>.<\/p>\n","protected":false},"excerpt":{"rendered":"<p>Primeiro patrim\u00f4nio cultural brasileiro reconhecido pela UNESCO, Ouro Preto \u00e9 a cidade onde se caminha sobre t\u00faneis coloniais sem saber. A 100 km de Belo Horizonte, a antiga Vila Rica preserva o maior conjunto de arquitetura barroca do mundo e express\u00f5es populares que nasceram no ciclo do ouro. A cidade constru\u00edda por cima de um [&hellip;]<\/p>\n","protected":false},"author":6,"featured_media":169648,"comment_status":"open","ping_status":"open","sticky":false,"template":"","format":"standard","meta":{"jnews-multi-image_gallery":[],"jnews_single_post":{"format":"standard"},"jnews_primary_category":[],"jnews_social_meta":[],"jnews_override_counter":[],"footnotes":""},"categories":[26],"tags":[183,207,419],"class_list":["post-181477","post","type-post","status-publish","format-standard","has-post-thumbnail","hentry","category-cidades","tag-cidades","tag-minas-gerais","tag-ouro-preto"],"yoast_head":"<!-- This site is optimized with the Yoast SEO plugin v23.8 - https:\/\/yoast.com\/wordpress\/plugins\/seo\/ -->\n<title>Essa cidade mineira guarda 400 kg de ouro em apenas um lugar e esconde segredos do s\u00e9culo 18 - Estado de Minas - Em foco<\/title>\n<meta name=\"description\" content=\"Entre hist\u00f3ria e riqueza, a cidade mineira onde 400 kg de ouro est\u00e3o guardados e segredos do s\u00e9culo 18 permanecem.\" \/>\n<meta name=\"robots\" content=\"index, follow, max-snippet:-1, max-image-preview:large, max-video-preview:-1\" \/>\n<link rel=\"canonical\" href=\"https:\/\/www.em.com.br\/emfoco\/2026\/03\/14\/essa-cidade-mineira-guarda-400-kg-de-ouro-em-apenas-um-lugar-e-segredos-do-seculo-18\/\" \/>\n<meta property=\"og:locale\" content=\"pt_BR\" \/>\n<meta property=\"og:type\" content=\"article\" \/>\n<meta property=\"og:title\" content=\"Essa cidade mineira guarda 400 kg de ouro em apenas um lugar e esconde segredos do s\u00e9culo 18 - Estado de Minas - Em foco\" \/>\n<meta property=\"og:description\" content=\"Entre hist\u00f3ria e riqueza, a cidade mineira onde 400 kg de ouro est\u00e3o guardados e segredos do s\u00e9culo 18 permanecem.\" \/>\n<meta property=\"og:url\" content=\"https:\/\/www.em.com.br\/emfoco\/2026\/03\/14\/essa-cidade-mineira-guarda-400-kg-de-ouro-em-apenas-um-lugar-e-segredos-do-seculo-18\/\" \/>\n<meta property=\"og:site_name\" content=\"Estado de Minas - Em foco\" \/>\n<meta property=\"article:published_time\" content=\"2026-03-14T21:05:00+00:00\" \/>\n<meta property=\"article:modified_time\" content=\"2026-03-14T21:05:01+00:00\" \/>\n<meta property=\"og:image\" content=\"https:\/\/www.em.com.br\/emfoco\/wp-content\/uploads\/2026\/02\/ouro-preto.jpg\" \/>\n\t<meta property=\"og:image:width\" content=\"1280\" \/>\n\t<meta property=\"og:image:height\" content=\"720\" \/>\n\t<meta property=\"og:image:type\" content=\"image\/jpeg\" \/>\n<meta name=\"author\" content=\"Vitor Bruno\" \/>\n<meta name=\"twitter:card\" content=\"summary_large_image\" \/>\n<meta name=\"twitter:label1\" content=\"Escrito por\" \/>\n\t<meta name=\"twitter:data1\" content=\"Vitor Bruno\" \/>\n\t<meta name=\"twitter:label2\" content=\"Est. tempo de leitura\" \/>\n\t<meta name=\"twitter:data2\" content=\"5 minutos\" \/>\n<!-- \/ Yoast SEO plugin. -->","yoast_head_json":{"title":"Essa cidade mineira guarda 400 kg de ouro em apenas um lugar e esconde segredos do s\u00e9culo 18 - Estado de Minas - Em foco","description":"Entre hist\u00f3ria e riqueza, a cidade mineira onde 400 kg de ouro est\u00e3o guardados e segredos do s\u00e9culo 18 permanecem.","robots":{"index":"index","follow":"follow","max-snippet":"max-snippet:-1","max-image-preview":"max-image-preview:large","max-video-preview":"max-video-preview:-1"},"canonical":"https:\/\/www.em.com.br\/emfoco\/2026\/03\/14\/essa-cidade-mineira-guarda-400-kg-de-ouro-em-apenas-um-lugar-e-segredos-do-seculo-18\/","og_locale":"pt_BR","og_type":"article","og_title":"Essa cidade mineira guarda 400 kg de ouro em apenas um lugar e esconde segredos do s\u00e9culo 18 - Estado de Minas - Em foco","og_description":"Entre hist\u00f3ria e riqueza, a cidade mineira onde 400 kg de ouro est\u00e3o guardados e segredos do s\u00e9culo 18 permanecem.","og_url":"https:\/\/www.em.com.br\/emfoco\/2026\/03\/14\/essa-cidade-mineira-guarda-400-kg-de-ouro-em-apenas-um-lugar-e-segredos-do-seculo-18\/","og_site_name":"Estado de Minas - Em foco","article_published_time":"2026-03-14T21:05:00+00:00","article_modified_time":"2026-03-14T21:05:01+00:00","og_image":[{"width":1280,"height":720,"url":"https:\/\/www.em.com.br\/emfoco\/wp-content\/uploads\/2026\/02\/ouro-preto.jpg","type":"image\/jpeg"}],"author":"Vitor Bruno","twitter_card":"summary_large_image","twitter_misc":{"Escrito por":"Vitor Bruno","Est. tempo de leitura":"5 minutos"},"schema":{"@context":"https:\/\/schema.org","@graph":[{"@type":"WebPage","@id":"https:\/\/www.em.com.br\/emfoco\/2026\/03\/14\/essa-cidade-mineira-guarda-400-kg-de-ouro-em-apenas-um-lugar-e-segredos-do-seculo-18\/","url":"https:\/\/www.em.com.br\/emfoco\/2026\/03\/14\/essa-cidade-mineira-guarda-400-kg-de-ouro-em-apenas-um-lugar-e-segredos-do-seculo-18\/","name":"Essa cidade mineira guarda 400 kg de ouro em apenas um lugar e esconde segredos do s\u00e9culo 18 - Estado de Minas - Em foco","isPartOf":{"@id":"https:\/\/www.em.com.br\/emfoco\/#website"},"primaryImageOfPage":{"@id":"https:\/\/www.em.com.br\/emfoco\/2026\/03\/14\/essa-cidade-mineira-guarda-400-kg-de-ouro-em-apenas-um-lugar-e-segredos-do-seculo-18\/#primaryimage"},"image":{"@id":"https:\/\/www.em.com.br\/emfoco\/2026\/03\/14\/essa-cidade-mineira-guarda-400-kg-de-ouro-em-apenas-um-lugar-e-segredos-do-seculo-18\/#primaryimage"},"thumbnailUrl":"https:\/\/www.em.com.br\/emfoco\/wp-content\/uploads\/2026\/02\/ouro-preto.jpg","datePublished":"2026-03-14T21:05:00+00:00","dateModified":"2026-03-14T21:05:01+00:00","author":{"@id":"https:\/\/www.em.com.br\/emfoco\/#\/schema\/person\/364ac1852fafd00f1be20f0b8b237569"},"description":"Entre hist\u00f3ria e riqueza, a cidade mineira onde 400 kg de ouro est\u00e3o guardados e segredos do s\u00e9culo 18 permanecem.","breadcrumb":{"@id":"https:\/\/www.em.com.br\/emfoco\/2026\/03\/14\/essa-cidade-mineira-guarda-400-kg-de-ouro-em-apenas-um-lugar-e-segredos-do-seculo-18\/#breadcrumb"},"inLanguage":"pt-BR","potentialAction":[{"@type":"ReadAction","target":["https:\/\/www.em.com.br\/emfoco\/2026\/03\/14\/essa-cidade-mineira-guarda-400-kg-de-ouro-em-apenas-um-lugar-e-segredos-do-seculo-18\/"]}]},{"@type":"ImageObject","inLanguage":"pt-BR","@id":"https:\/\/www.em.com.br\/emfoco\/2026\/03\/14\/essa-cidade-mineira-guarda-400-kg-de-ouro-em-apenas-um-lugar-e-segredos-do-seculo-18\/#primaryimage","url":"https:\/\/www.em.com.br\/emfoco\/wp-content\/uploads\/2026\/02\/ouro-preto.jpg","contentUrl":"https:\/\/www.em.com.br\/emfoco\/wp-content\/uploads\/2026\/02\/ouro-preto.jpg","width":1280,"height":720,"caption":"Ouro Preto: a cidade mineira onde o tempo parou entre montanhas de ouro (imagem ilustrativo)"},{"@type":"BreadcrumbList","@id":"https:\/\/www.em.com.br\/emfoco\/2026\/03\/14\/essa-cidade-mineira-guarda-400-kg-de-ouro-em-apenas-um-lugar-e-segredos-do-seculo-18\/#breadcrumb","itemListElement":[{"@type":"ListItem","position":1,"name":"In\u00edcio","item":"https:\/\/www.em.com.br\/emfoco\/"},{"@type":"ListItem","position":2,"name":"Essa cidade mineira guarda 400 kg de ouro em apenas um lugar e esconde segredos do s\u00e9culo 18"}]},{"@type":"WebSite","@id":"https:\/\/www.em.com.br\/emfoco\/#website","url":"https:\/\/www.em.com.br\/emfoco\/","name":"Estado de Minas - Em foco","description":"Acompanhe as \u00faltimas not\u00edcias e fique bem informado sobre tudo o que acontece em Minas Gerais, Brasil e no mundo.","potentialAction":[{"@type":"SearchAction","target":{"@type":"EntryPoint","urlTemplate":"https:\/\/www.em.com.br\/emfoco\/?s={search_term_string}"},"query-input":{"@type":"PropertyValueSpecification","valueRequired":true,"valueName":"search_term_string"}}],"inLanguage":"pt-BR"},{"@type":"Person","@id":"https:\/\/www.em.com.br\/emfoco\/#\/schema\/person\/364ac1852fafd00f1be20f0b8b237569","name":"Vitor Bruno","image":{"@type":"ImageObject","inLanguage":"pt-BR","@id":"https:\/\/www.em.com.br\/emfoco\/#\/schema\/person\/image\/","url":"https:\/\/secure.gravatar.com\/avatar\/b719e5cdede09f942064960883b5524d?s=96&d=mm&r=g","contentUrl":"https:\/\/secure.gravatar.com\/avatar\/b719e5cdede09f942064960883b5524d?s=96&d=mm&r=g","caption":"Vitor Bruno"},"sameAs":["https:\/\/www.em.com.br\/emfoco\/"],"url":"https:\/\/www.em.com.br\/emfoco\/author\/vitormyth\/"}]}},"_links":{"self":[{"href":"https:\/\/www.em.com.br\/emfoco\/wp-json\/wp\/v2\/posts\/181477","targetHints":{"allow":["GET"]}}],"collection":[{"href":"https:\/\/www.em.com.br\/emfoco\/wp-json\/wp\/v2\/posts"}],"about":[{"href":"https:\/\/www.em.com.br\/emfoco\/wp-json\/wp\/v2\/types\/post"}],"author":[{"embeddable":true,"href":"https:\/\/www.em.com.br\/emfoco\/wp-json\/wp\/v2\/users\/6"}],"replies":[{"embeddable":true,"href":"https:\/\/www.em.com.br\/emfoco\/wp-json\/wp\/v2\/comments?post=181477"}],"version-history":[{"count":3,"href":"https:\/\/www.em.com.br\/emfoco\/wp-json\/wp\/v2\/posts\/181477\/revisions"}],"predecessor-version":[{"id":181719,"href":"https:\/\/www.em.com.br\/emfoco\/wp-json\/wp\/v2\/posts\/181477\/revisions\/181719"}],"wp:featuredmedia":[{"embeddable":true,"href":"https:\/\/www.em.com.br\/emfoco\/wp-json\/wp\/v2\/media\/169648"}],"wp:attachment":[{"href":"https:\/\/www.em.com.br\/emfoco\/wp-json\/wp\/v2\/media?parent=181477"}],"wp:term":[{"taxonomy":"category","embeddable":true,"href":"https:\/\/www.em.com.br\/emfoco\/wp-json\/wp\/v2\/categories?post=181477"},{"taxonomy":"post_tag","embeddable":true,"href":"https:\/\/www.em.com.br\/emfoco\/wp-json\/wp\/v2\/tags?post=181477"}],"curies":[{"name":"wp","href":"https:\/\/api.w.org\/{rel}","templated":true}]}}