{"id":181460,"date":"2026-03-14T17:00:00","date_gmt":"2026-03-14T20:00:00","guid":{"rendered":"https:\/\/www.em.com.br\/emfoco\/?p=181460"},"modified":"2026-03-14T14:44:13","modified_gmt":"2026-03-14T17:44:13","slug":"o-que-acontece-quando-voce-fica-7-dias-sem-lavar-o-cabelo-o-resultado-nos-fios-pode-surpreender","status":"publish","type":"post","link":"https:\/\/www.em.com.br\/emfoco\/2026\/03\/14\/o-que-acontece-quando-voce-fica-7-dias-sem-lavar-o-cabelo-o-resultado-nos-fios-pode-surpreender\/","title":{"rendered":"O que acontece quando voc\u00ea fica 7 dias sem lavar o cabelo? O resultado nos fios pode surpreender"},"content":{"rendered":"\n<p>Ficar 7 dias sem lavar o cabelo \u00e9 algo que muita gente testa em fases mais corridas, seja por rotina intensa, desloca\u00e7\u00f5es longas ou treinos frequentes. Nesse intervalo, o organismo continua a produzir sebo, suor e res\u00edduos que se acumulam no couro cabeludo, alterando o aspeto, o conforto e at\u00e9 o cheiro do cabelo, o que torna essencial entender como essa pausa afeta cada tipo de fio.<\/p>\n\n\n\n<h2 class=\"wp-block-heading\">O que acontece com o cabelo depois de 7 dias sem lavar<\/h2>\n\n\n\n<p>Ao longo de sete dias, h\u00e1 sobretudo um ac\u00famulo de oleosidade natural, suor e res\u00edduos de produtos como cremes, sprays e \u00f3leos finalizadores. Essa combina\u00e7\u00e3o interfere no brilho, no volume e na sensa\u00e7\u00e3o de frescor do couro cabeludo, que pode parecer mais pesado e pegajoso, mesmo sem sujidade vis\u00edvel.<\/p>\n\n\n\n<p>Nos primeiros dias, o sebo concentra-se mais na raiz, deixando o topo da cabe\u00e7a brilhante e as pontas relativamente secas. Com o tempo, esse \u00f3leo mistura-se com poeira e part\u00edculas de polui\u00e7\u00e3o, o que intensifica o peso e pode acentuar a apar\u00eancia de <a href=\"https:\/\/www.em.com.br\/emfoco\/2026\/03\/13\/o-corte-de-cabelo-que-continua-bonito-mesmo-semanas-depois-de-sair-do-salao\/\" target=\"_blank\" rel=\"noreferrer noopener\">cabelo <\/a>colado, sobretudo em quem usa capacete, bon\u00e9 ou passa muitas horas em ambientes fechados e quentes.<\/p>\n\n\n\n<figure class=\"wp-block-image size-large\"><img loading=\"lazy\" decoding=\"async\" width=\"1024\" height=\"576\" src=\"https:\/\/www.em.com.br\/emfoco\/wp-content\/uploads\/2026\/03\/ChatGPT-Image-13-de-mar.-de-2026-21_48_45-1-1024x576.png\" alt=\"Entenda como 7 dias sem lavar afetam seu cabelo\" class=\"wp-image-181463\" srcset=\"https:\/\/www.em.com.br\/emfoco\/wp-content\/uploads\/2026\/03\/ChatGPT-Image-13-de-mar.-de-2026-21_48_45-1-1024x576.png 1024w, https:\/\/www.em.com.br\/emfoco\/wp-content\/uploads\/2026\/03\/ChatGPT-Image-13-de-mar.-de-2026-21_48_45-1-300x169.png 300w, https:\/\/www.em.com.br\/emfoco\/wp-content\/uploads\/2026\/03\/ChatGPT-Image-13-de-mar.-de-2026-21_48_45-1-768x432.png 768w, https:\/\/www.em.com.br\/emfoco\/wp-content\/uploads\/2026\/03\/ChatGPT-Image-13-de-mar.-de-2026-21_48_45-1-750x422.png 750w, https:\/\/www.em.com.br\/emfoco\/wp-content\/uploads\/2026\/03\/ChatGPT-Image-13-de-mar.-de-2026-21_48_45-1-1140x641.png 1140w, https:\/\/www.em.com.br\/emfoco\/wp-content\/uploads\/2026\/03\/ChatGPT-Image-13-de-mar.-de-2026-21_48_45-1.png 1280w\" sizes=\"auto, (max-width: 1024px) 100vw, 1024px\" \/><figcaption class=\"wp-element-caption\">Entenda como 7 dias sem lavar afetam seu cabelo<\/figcaption><\/figure>\n\n\n\n<h2 class=\"wp-block-heading\">Ficar 7 dias sem lavar o cabelo faz mal \u00e0 sa\u00fade do couro cabeludo<\/h2>\n\n\n\n<p>Em pessoas com couro cabeludo saud\u00e1vel, ficar 7 dias sem lavar n\u00e3o costuma causar um dano direto e imediato ao fio, mas aumenta o risco de irrita\u00e7\u00e3o local. A acumula\u00e7\u00e3o prolongada de sebo e suor pode favorecer quadros como dermatite seborreica, caspa, mau odor e aumento da sensibilidade cut\u00e2nea, especialmente em quem j\u00e1 tem tend\u00eancia a esses problemas.<\/p>\n\n\n\n<p>Alguns sinais mostram que o intervalo entre lavagens est\u00e1 excessivo para o seu couro cabeludo e que \u00e9 hora de reduzir esse tempo ou mudar a rotina de cuidados:<\/p>\n\n\n\n<ul class=\"wp-block-list\">\n<li><strong>Comich\u00e3o persistente<\/strong>\u00a0ou sensa\u00e7\u00e3o de ardor ao co\u00e7ar;<\/li>\n\n\n\n<li><strong>Descama\u00e7\u00e3o vis\u00edvel<\/strong>, com pequenos peda\u00e7os de pele solta;<\/li>\n\n\n\n<li><strong>Vermelhid\u00e3o localizada<\/strong>\u00a0em zonas espec\u00edficas da cabe\u00e7a;<\/li>\n\n\n\n<li><strong>Odor mais intenso<\/strong>\u00a0na raiz, mesmo sem esfor\u00e7o f\u00edsico recente;<\/li>\n\n\n\n<li><strong>Cabelo muito colado<\/strong>, sem volume e dif\u00edcil de pentear.<\/li>\n<\/ul>\n\n\n\n<h2 class=\"wp-block-heading\">Ficar 7 dias sem lavar o cabelo \u00e9 igual para todos os tipos de fio<\/h2>\n\n\n\n<p>O impacto de 7 dias sem lavagem varia conforme o<a href=\"https:\/\/br.pinterest.com\/ideas\/tipo-de-cabelo\/926176290694\/\" target=\"_blank\" rel=\"noreferrer noopener\"> tipo de cabelo<\/a>, a estrutura do fio, a produ\u00e7\u00e3o de sebo e o clima onde a pessoa vive. Fios lisos e finos tendem a aparentar oleosidade mais cedo, enquanto cabelos espessos, encaracolados e crespos conseguem disfar\u00e7ar melhor o brilho da raiz, embora o couro cabeludo continue a acumular res\u00edduos.<\/p>\n\n\n\n<p>Cabelos finos costumam perder volume rapidamente, e o aspeto oleoso surge em poucos dias, fazendo com que uma semana sem lavar ultrapasse o limite de conforto. J\u00e1 cabelos m\u00e9dios e grossos toleram pausas um pouco maiores, mas, se o intervalo \u00e9 repetido muitas vezes, podem surgir comich\u00e3o, escama\u00e7\u00e3o e dificuldade maior para limpar bem o couro cabeludo.<\/p>\n\n\n\n<figure class=\"wp-block-image\"><img decoding=\"async\" src=\"https:\/\/www.em.com.br\/emfoco\/wp-content\/uploads\/2025\/07\/lavar-o-cabelo_1753744102006-1024x576.jpg\" alt=\"\"\/><figcaption class=\"wp-element-caption\">Entenda como 7 dias sem lavar afetam seu cabelo &#8211; Cr\u00e9ditos: depositphotos.com \/ esp2k<\/figcaption><\/figure>\n\n\n\n<h2 class=\"wp-block-heading\">Como ajustar a rotina ao ficar v\u00e1rios dias sem lavar o cabelo<\/h2>\n\n\n\n<p>Adaptar a rotina \u00e9 essencial para reduzir o inc\u00f3modo quando n\u00e3o \u00e9 poss\u00edvel lavar o cabelo com frequ\u00eancia. Rever a quantidade de produtos, a forma de pentear e a rela\u00e7\u00e3o entre lavagens, clima e n\u00edvel de atividade f\u00edsica ajuda a encontrar um equil\u00edbrio mais saud\u00e1vel para o couro cabeludo.<\/p>\n\n\n\n<p>Quando o intervalo entre lavagens precisa de ser maior, alguns h\u00e1bitos pr\u00e1ticos podem fazer diferen\u00e7a na sensa\u00e7\u00e3o de frescor e na sa\u00fade do fio:<\/p>\n\n\n\n<ul class=\"wp-block-list\">\n<li><strong>Reduzir produtos na raiz<\/strong>, concentrando cremes e \u00f3leos no comprimento e pontas;<\/li>\n\n\n\n<li><strong>Usar escova ou pente adequado<\/strong>, distribuindo suavemente o sebo sem agredir a pele;<\/li>\n\n\n\n<li><strong>Ajustar \u00e0 atividade f\u00edsica<\/strong>, encurtando o intervalo se houver muito suor frequente;<\/li>\n\n\n\n<li><strong>Observar o clima<\/strong>, lavando com mais regularidade em dias quentes e h\u00famidos;<\/li>\n\n\n\n<li><strong>Consultar um dermatologista<\/strong>\u00a0em caso de dor, feridas, queda intensa ou prurido persistente.<\/li>\n<\/ul>\n\n\n\n<h2 class=\"wp-block-heading\">Como definir a melhor frequ\u00eancia de lavagem para o seu cabelo<\/h2>\n\n\n\n<p>Ficar 7 dias sem lavar o cabelo n\u00e3o \u00e9 uma regra nem um teste de resist\u00eancia que todos devam seguir; para algumas pessoas \u00e9 suport\u00e1vel, para outras quatro ou cinco dias j\u00e1 s\u00e3o demais. O essencial \u00e9 observar os sinais do couro cabeludo, o comportamento dos fios no dia a dia e ajustar o intervalo at\u00e9 encontrar um ponto em que apar\u00eancia, conforto e sa\u00fade estejam alinhados.<\/p>\n\n\n\n<p>Se est\u00e1 a notar comich\u00e3o, odor forte, queda aumentada ou irrita\u00e7\u00e3o ao tentar estender as lavagens, n\u00e3o adie: reveja hoje mesmo a sua rotina e, se necess\u00e1rio, marque consulta com um dermatologista. Cuidar do couro cabeludo agora \u00e9 a forma mais r\u00e1pida e urgente de evitar problemas mais s\u00e9rios no futuro e garantir um cabelo mais forte, bonito e confort\u00e1vel a longo prazo.<\/p>\n\n\n\n<p><\/p>\n","protected":false},"excerpt":{"rendered":"<p>Ficar 7 dias sem lavar o cabelo \u00e9 algo que muita gente testa em fases mais corridas, seja por rotina intensa, desloca\u00e7\u00f5es longas ou treinos frequentes. Nesse intervalo, o organismo continua a produzir sebo, suor e res\u00edduos que se acumulam no couro cabeludo, alterando o aspeto, o conforto e at\u00e9 o cheiro do cabelo, o [&hellip;]<\/p>\n","protected":false},"author":11,"featured_media":181464,"comment_status":"open","ping_status":"open","sticky":false,"template":"","format":"standard","meta":{"jnews-multi-image_gallery":[],"jnews_single_post":{"format":"standard"},"jnews_primary_category":[],"jnews_social_meta":[],"jnews_override_counter":[],"footnotes":""},"categories":[8819,1],"tags":[4905,16215,6681],"class_list":["post-181460","post","type-post","status-publish","format-standard","has-post-thumbnail","hentry","category-curiosidades","category-noticias","tag-cabelo","tag-lavar-o-cabelo","tag-oleosidade"],"yoast_head":"<!-- This site is optimized with the Yoast SEO plugin v23.8 - https:\/\/yoast.com\/wordpress\/plugins\/seo\/ -->\n<title>O que acontece quando voc\u00ea fica 7 dias sem lavar o cabelo? O resultado nos fios pode surpreender - Estado de Minas - Em foco<\/title>\n<meta name=\"description\" content=\"Uma semana sem lavar o cabelo pode causar oleosidade, odor e desconforto. Veja como isso afeta diferentes tipos de fio.\" \/>\n<meta name=\"robots\" content=\"index, follow, max-snippet:-1, max-image-preview:large, max-video-preview:-1\" \/>\n<link rel=\"canonical\" href=\"https:\/\/www.em.com.br\/emfoco\/2026\/03\/14\/o-que-acontece-quando-voce-fica-7-dias-sem-lavar-o-cabelo-o-resultado-nos-fios-pode-surpreender\/\" \/>\n<meta property=\"og:locale\" content=\"pt_BR\" \/>\n<meta property=\"og:type\" content=\"article\" \/>\n<meta property=\"og:title\" content=\"O que acontece quando voc\u00ea fica 7 dias sem lavar o cabelo? O resultado nos fios pode surpreender - Estado de Minas - Em foco\" \/>\n<meta property=\"og:description\" content=\"Uma semana sem lavar o cabelo pode causar oleosidade, odor e desconforto. Veja como isso afeta diferentes tipos de fio.\" \/>\n<meta property=\"og:url\" content=\"https:\/\/www.em.com.br\/emfoco\/2026\/03\/14\/o-que-acontece-quando-voce-fica-7-dias-sem-lavar-o-cabelo-o-resultado-nos-fios-pode-surpreender\/\" \/>\n<meta property=\"og:site_name\" content=\"Estado de Minas - Em foco\" \/>\n<meta property=\"article:published_time\" content=\"2026-03-14T20:00:00+00:00\" \/>\n<meta property=\"article:modified_time\" content=\"2026-03-14T17:44:13+00:00\" \/>\n<meta property=\"og:image\" content=\"https:\/\/www.em.com.br\/emfoco\/wp-content\/uploads\/2026\/03\/Gemini_Generated_Image_ett4yhett4yhett4-1.png\" \/>\n\t<meta property=\"og:image:width\" content=\"1280\" \/>\n\t<meta property=\"og:image:height\" content=\"720\" \/>\n\t<meta property=\"og:image:type\" content=\"image\/png\" \/>\n<meta name=\"author\" content=\"Andre\u0301 Rangel\u00a0\" \/>\n<meta name=\"twitter:card\" content=\"summary_large_image\" \/>\n<meta name=\"twitter:label1\" content=\"Escrito por\" \/>\n\t<meta name=\"twitter:data1\" content=\"Andre\u0301 Rangel\u00a0\" \/>\n\t<meta name=\"twitter:label2\" content=\"Est. tempo de leitura\" \/>\n\t<meta name=\"twitter:data2\" content=\"5 minutos\" \/>\n<!-- \/ Yoast SEO plugin. -->","yoast_head_json":{"title":"O que acontece quando voc\u00ea fica 7 dias sem lavar o cabelo? O resultado nos fios pode surpreender - Estado de Minas - Em foco","description":"Uma semana sem lavar o cabelo pode causar oleosidade, odor e desconforto. Veja como isso afeta diferentes tipos de fio.","robots":{"index":"index","follow":"follow","max-snippet":"max-snippet:-1","max-image-preview":"max-image-preview:large","max-video-preview":"max-video-preview:-1"},"canonical":"https:\/\/www.em.com.br\/emfoco\/2026\/03\/14\/o-que-acontece-quando-voce-fica-7-dias-sem-lavar-o-cabelo-o-resultado-nos-fios-pode-surpreender\/","og_locale":"pt_BR","og_type":"article","og_title":"O que acontece quando voc\u00ea fica 7 dias sem lavar o cabelo? O resultado nos fios pode surpreender - Estado de Minas - Em foco","og_description":"Uma semana sem lavar o cabelo pode causar oleosidade, odor e desconforto. Veja como isso afeta diferentes tipos de fio.","og_url":"https:\/\/www.em.com.br\/emfoco\/2026\/03\/14\/o-que-acontece-quando-voce-fica-7-dias-sem-lavar-o-cabelo-o-resultado-nos-fios-pode-surpreender\/","og_site_name":"Estado de Minas - Em foco","article_published_time":"2026-03-14T20:00:00+00:00","article_modified_time":"2026-03-14T17:44:13+00:00","og_image":[{"width":1280,"height":720,"url":"https:\/\/www.em.com.br\/emfoco\/wp-content\/uploads\/2026\/03\/Gemini_Generated_Image_ett4yhett4yhett4-1.png","type":"image\/png"}],"author":"Andre\u0301 Rangel\u00a0","twitter_card":"summary_large_image","twitter_misc":{"Escrito por":"Andre\u0301 Rangel\u00a0","Est. tempo de leitura":"5 minutos"},"schema":{"@context":"https:\/\/schema.org","@graph":[{"@type":"WebPage","@id":"https:\/\/www.em.com.br\/emfoco\/2026\/03\/14\/o-que-acontece-quando-voce-fica-7-dias-sem-lavar-o-cabelo-o-resultado-nos-fios-pode-surpreender\/","url":"https:\/\/www.em.com.br\/emfoco\/2026\/03\/14\/o-que-acontece-quando-voce-fica-7-dias-sem-lavar-o-cabelo-o-resultado-nos-fios-pode-surpreender\/","name":"O que acontece quando voc\u00ea fica 7 dias sem lavar o cabelo? O resultado nos fios pode surpreender - Estado de Minas - Em foco","isPartOf":{"@id":"https:\/\/www.em.com.br\/emfoco\/#website"},"primaryImageOfPage":{"@id":"https:\/\/www.em.com.br\/emfoco\/2026\/03\/14\/o-que-acontece-quando-voce-fica-7-dias-sem-lavar-o-cabelo-o-resultado-nos-fios-pode-surpreender\/#primaryimage"},"image":{"@id":"https:\/\/www.em.com.br\/emfoco\/2026\/03\/14\/o-que-acontece-quando-voce-fica-7-dias-sem-lavar-o-cabelo-o-resultado-nos-fios-pode-surpreender\/#primaryimage"},"thumbnailUrl":"https:\/\/www.em.com.br\/emfoco\/wp-content\/uploads\/2026\/03\/Gemini_Generated_Image_ett4yhett4yhett4-1.png","datePublished":"2026-03-14T20:00:00+00:00","dateModified":"2026-03-14T17:44:13+00:00","author":{"@id":"https:\/\/www.em.com.br\/emfoco\/#\/schema\/person\/60eda09c1fedf0d6891f4cef4b60b8b8"},"description":"Uma semana sem lavar o cabelo pode causar oleosidade, odor e desconforto. Veja como isso afeta diferentes tipos de fio.","breadcrumb":{"@id":"https:\/\/www.em.com.br\/emfoco\/2026\/03\/14\/o-que-acontece-quando-voce-fica-7-dias-sem-lavar-o-cabelo-o-resultado-nos-fios-pode-surpreender\/#breadcrumb"},"inLanguage":"pt-BR","potentialAction":[{"@type":"ReadAction","target":["https:\/\/www.em.com.br\/emfoco\/2026\/03\/14\/o-que-acontece-quando-voce-fica-7-dias-sem-lavar-o-cabelo-o-resultado-nos-fios-pode-surpreender\/"]}]},{"@type":"ImageObject","inLanguage":"pt-BR","@id":"https:\/\/www.em.com.br\/emfoco\/2026\/03\/14\/o-que-acontece-quando-voce-fica-7-dias-sem-lavar-o-cabelo-o-resultado-nos-fios-pode-surpreender\/#primaryimage","url":"https:\/\/www.em.com.br\/emfoco\/wp-content\/uploads\/2026\/03\/Gemini_Generated_Image_ett4yhett4yhett4-1.png","contentUrl":"https:\/\/www.em.com.br\/emfoco\/wp-content\/uploads\/2026\/03\/Gemini_Generated_Image_ett4yhett4yhett4-1.png","width":1280,"height":720,"caption":"O cabelo marrom avel\u00e3 mais elegante da temporada"},{"@type":"BreadcrumbList","@id":"https:\/\/www.em.com.br\/emfoco\/2026\/03\/14\/o-que-acontece-quando-voce-fica-7-dias-sem-lavar-o-cabelo-o-resultado-nos-fios-pode-surpreender\/#breadcrumb","itemListElement":[{"@type":"ListItem","position":1,"name":"In\u00edcio","item":"https:\/\/www.em.com.br\/emfoco\/"},{"@type":"ListItem","position":2,"name":"O que acontece quando voc\u00ea fica 7 dias sem lavar o cabelo? O resultado nos fios pode surpreender"}]},{"@type":"WebSite","@id":"https:\/\/www.em.com.br\/emfoco\/#website","url":"https:\/\/www.em.com.br\/emfoco\/","name":"Estado de Minas - Em foco","description":"Acompanhe as \u00faltimas not\u00edcias e fique bem informado sobre tudo o que acontece em Minas Gerais, Brasil e no mundo.","potentialAction":[{"@type":"SearchAction","target":{"@type":"EntryPoint","urlTemplate":"https:\/\/www.em.com.br\/emfoco\/?s={search_term_string}"},"query-input":{"@type":"PropertyValueSpecification","valueRequired":true,"valueName":"search_term_string"}}],"inLanguage":"pt-BR"},{"@type":"Person","@id":"https:\/\/www.em.com.br\/emfoco\/#\/schema\/person\/60eda09c1fedf0d6891f4cef4b60b8b8","name":"Andre\u0301 Rangel\u00a0","image":{"@type":"ImageObject","inLanguage":"pt-BR","@id":"https:\/\/www.em.com.br\/emfoco\/#\/schema\/person\/image\/","url":"https:\/\/secure.gravatar.com\/avatar\/6234dc814c77c8ef6d8bba622c787efc?s=96&d=mm&r=g","contentUrl":"https:\/\/secure.gravatar.com\/avatar\/6234dc814c77c8ef6d8bba622c787efc?s=96&d=mm&r=g","caption":"Andre\u0301 Rangel\u00a0"},"url":"https:\/\/www.em.com.br\/emfoco\/author\/luizmyth\/"}]}},"_links":{"self":[{"href":"https:\/\/www.em.com.br\/emfoco\/wp-json\/wp\/v2\/posts\/181460","targetHints":{"allow":["GET"]}}],"collection":[{"href":"https:\/\/www.em.com.br\/emfoco\/wp-json\/wp\/v2\/posts"}],"about":[{"href":"https:\/\/www.em.com.br\/emfoco\/wp-json\/wp\/v2\/types\/post"}],"author":[{"embeddable":true,"href":"https:\/\/www.em.com.br\/emfoco\/wp-json\/wp\/v2\/users\/11"}],"replies":[{"embeddable":true,"href":"https:\/\/www.em.com.br\/emfoco\/wp-json\/wp\/v2\/comments?post=181460"}],"version-history":[{"count":3,"href":"https:\/\/www.em.com.br\/emfoco\/wp-json\/wp\/v2\/posts\/181460\/revisions"}],"predecessor-version":[{"id":181465,"href":"https:\/\/www.em.com.br\/emfoco\/wp-json\/wp\/v2\/posts\/181460\/revisions\/181465"}],"wp:featuredmedia":[{"embeddable":true,"href":"https:\/\/www.em.com.br\/emfoco\/wp-json\/wp\/v2\/media\/181464"}],"wp:attachment":[{"href":"https:\/\/www.em.com.br\/emfoco\/wp-json\/wp\/v2\/media?parent=181460"}],"wp:term":[{"taxonomy":"category","embeddable":true,"href":"https:\/\/www.em.com.br\/emfoco\/wp-json\/wp\/v2\/categories?post=181460"},{"taxonomy":"post_tag","embeddable":true,"href":"https:\/\/www.em.com.br\/emfoco\/wp-json\/wp\/v2\/tags?post=181460"}],"curies":[{"name":"wp","href":"https:\/\/api.w.org\/{rel}","templated":true}]}}