{"id":181456,"date":"2026-03-14T08:30:00","date_gmt":"2026-03-14T11:30:00","guid":{"rendered":"https:\/\/www.em.com.br\/emfoco\/?p=181456"},"modified":"2026-03-13T22:54:32","modified_gmt":"2026-03-14T01:54:32","slug":"esqueca-a-francesinha-tradicional-a-nova-tendencia-deixa-as-unhas-mais-naturais-luminosas-e-sofisticadas","status":"publish","type":"post","link":"https:\/\/www.em.com.br\/emfoco\/2026\/03\/14\/esqueca-a-francesinha-tradicional-a-nova-tendencia-deixa-as-unhas-mais-naturais-luminosas-e-sofisticadas\/","title":{"rendered":"Esque\u00e7a a francesinha tradicional: a nova tend\u00eancia deixa as unhas mais naturais, luminosas e sofisticadas"},"content":{"rendered":"\n<p>A unha americana vem conquistando espa\u00e7o nos sal\u00f5es e nas redes sociais, acompanhando a tend\u00eancia de unhas mais naturais, limpas e com apar\u00eancia saud\u00e1vel. Inspirada na francesa, essa t\u00e9cnica prioriza transi\u00e7\u00f5es suaves, cores discretas e um visual minimalista, que valoriza a beleza real das m\u00e3os sem contrastes exagerados entre a ponta e a base da unha.<\/p>\n\n\n\n<h2 class=\"wp-block-heading\">O que \u00e9 unha americana e como ela se diferencia da francesinha tradicional<\/h2>\n\n\n\n<p>A&nbsp;<strong>unha americana<\/strong>&nbsp;segue a mesma l\u00f3gica da francesinha: base mais clara e ponta destacada, por\u00e9m com contraste muito mais suave. Em vez da ponta branca bem marcada, entram em cena tons branco-queimado, creme ou bege, que se aproximam do tom de fundo escolhido.<\/p>\n\n\n\n<p>Enquanto a francesa cl\u00e1ssica aposta em linhas n\u00edtidas e bem delimitadas, a vers\u00e3o americana prioriza um efeito natural e levemente esfumado. Para isso, s\u00e3o usadas bases em tons&nbsp;<em>cor de pele<\/em>, rosados leitosos ou transparentes, com a ponta aplicada de forma delicada, muitas vezes em leve degrad\u00ea para evitar um visual r\u00edgido.<\/p>\n\n\n\n<iframe loading=\"lazy\" src=\"https:\/\/assets.pinterest.com\/ext\/embed.html?id=68749791020\" height=\"587\" width=\"345\" frameborder=\"0\" scrolling=\"no\" ><\/iframe>\n\n\n\n<h2 class=\"wp-block-heading\">Por que a unha americana est\u00e1 em alta nas tend\u00eancias de unhas<\/h2>\n\n\n\n<p>O interesse pela unha americana cresce junto com estilos como <a href=\"https:\/\/www.em.com.br\/emfoco\/2026\/03\/09\/unhas-descamando-e-quebrando-conheca-a-receita-natural-que-ganhou-espaco-no-autocuidado-e-esta-salvando-unhas-fracas\/\" target=\"_blank\" rel=\"noreferrer noopener\">unhas <\/a>limpas e unhas leitosas, que destacam unhas bem cuidadas sem excesso de informa\u00e7\u00e3o. Essa esmalta\u00e7\u00e3o \u00e9 vers\u00e1til, funciona em ambientes formais, no dia a dia e em eventos, e ainda disfar\u00e7a melhor pequenas lascas e imperfei\u00e7\u00f5es.<\/p>\n\n\n\n<p>Entre os principais motivos para a popularidade da unha americana, vale destacar alguns benef\u00edcios que fazem a t\u00e9cnica se manter em alta nas tend\u00eancias atuais:<\/p>\n\n\n\n<ul class=\"wp-block-list\">\n<li><strong>Versatilidade:<\/strong>\u00a0combina com diferentes tons de pele e estilos pessoais.<\/li>\n\n\n\n<li><strong>Manuten\u00e7\u00e3o visual prolongada:<\/strong>\u00a0o crescimento da unha fica menos evidente.<\/li>\n\n\n\n<li><strong>Apar\u00eancia natural:<\/strong>\u00a0real\u00e7a o formato da unha sem pesar no visual.<\/li>\n\n\n\n<li><strong>Base para outras artes em unhas:<\/strong>\u00a0funciona como fundo perfeito para detalhes delicados.<\/li>\n<\/ul>\n\n\n\n<figure class=\"wp-block-image\"><img decoding=\"async\" src=\"https:\/\/www.em.com.br\/emfoco\/wp-content\/uploads\/2025\/10\/Unhas-francesinha_1760547044755-1024x576.jpg\" alt=\"\"\/><figcaption class=\"wp-element-caption\">A cor e o formato de unha que se tornaram os favoritos &#8211; Cr\u00e9ditos: depositphotos.com \/ photosergii@gmail.com<\/figcaption><\/figure>\n\n\n\n<h2 class=\"wp-block-heading\">Como fazer unha americana passo a passo em casa<\/h2>\n\n\n\n<p>Apesar de muitas pessoas recorrerem ao sal\u00e3o, a&nbsp;<strong>unha americana<\/strong>&nbsp;pode ser reproduzida em casa com aten\u00e7\u00e3o aos detalhes. O segredo est\u00e1 na prepara\u00e7\u00e3o correta da unha, na escolha de tons que harmonizem com sua pele e na aplica\u00e7\u00e3o em camadas finas para um acabamento polido. Quem prefere pode adaptar a t\u00e9cnica ao gel, fibra de vidro ou polygel, desde que mantenha o mesmo conceito de transi\u00e7\u00e3o suave entre base e ponta.<\/p>\n\n\n\n<ol class=\"wp-block-list\">\n<li><strong>Prepara\u00e7\u00e3o das unhas<\/strong>\n<ul class=\"wp-block-list\">\n<li>Remover esmaltes antigos com um removedor suave.<\/li>\n\n\n\n<li>Lixar no formato desejado (oval, quadrada, redonda ou amendoada).<\/li>\n\n\n\n<li>Empurrar delicadamente as cut\u00edculas, sem agredir a pele.<\/li>\n\n\n\n<li>Limpar o p\u00f3 da lixa e aplicar uma base fortalecedora, se necess\u00e1rio.<\/li>\n<\/ul>\n<\/li>\n\n\n\n<li><strong>Escolha das cores<\/strong>\n<ul class=\"wp-block-list\">\n<li>Selecionar um esmalte de base em tom cor de pele, rosado ou leitoso.<\/li>\n\n\n\n<li>Escolher um esmalte claro para a ponta, em tom creme, bege ou branco suave.<\/li>\n\n\n\n<li>Para um visual mais moderno, \u00e9 poss\u00edvel optar por varia\u00e7\u00f5es nude mais quentes ou frias, de acordo com o subtom da pele.<\/li>\n<\/ul>\n<\/li>\n\n\n\n<li><strong>Aplica\u00e7\u00e3o da base<\/strong>\n<ul class=\"wp-block-list\">\n<li>Passar uma ou duas camadas finas do esmalte de base.<\/li>\n\n\n\n<li>Aguardar a secagem entre as camadas para evitar marcas.<\/li>\n<\/ul>\n<\/li>\n\n\n\n<li><strong>Cria\u00e7\u00e3o da ponta esfumada<\/strong>\n<ul class=\"wp-block-list\">\n<li>Aplicar o tom claro na ponta, com pinceladas leves, sem marcar demais a linha.<\/li>\n\n\n\n<li>Para um efeito ainda mais sutil, usar uma esponjinha para esfumar a transi\u00e7\u00e3o.<\/li>\n\n\n\n<li>Se preferir um acabamento mais profissional, pode utilizar um pincel l\u00edngua de gato levemente umedecido em removedor para suavizar a divis\u00e3o entre base e ponta.<\/li>\n<\/ul>\n<\/li>\n\n\n\n<li><strong>Finaliza\u00e7\u00e3o<\/strong>\n<ul class=\"wp-block-list\">\n<li>Aplicar um extra brilho para selar as camadas e dar luminosidade.<\/li>\n\n\n\n<li>Limpar os cantos com palito, algod\u00e3o e removedor para um acabamento preciso.<\/li>\n\n\n\n<li>Finalizar com \u00f3leo de cut\u00edcula para real\u00e7ar o aspecto saud\u00e1vel das unhas.<\/li>\n<\/ul>\n<\/li>\n<\/ol>\n\n\n\n<h2 class=\"wp-block-heading\">Qual \u00e9 o melhor formato de unha para destacar a unha americana<\/h2>\n\n\n\n<p>O formato da unha influencia diretamente o impacto visual da\u00a0<strong><a href=\"https:\/\/br.pinterest.com\/ideas\/unha-americana\/960162083306\/\" target=\"_blank\" rel=\"noreferrer noopener\">unha americana<\/a><\/strong>. Formatos mais alongados, como oval e amendoado, costumam refor\u00e7ar o ar elegante da t\u00e9cnica, criando a ilus\u00e3o de dedos mais finos e compridos, sem deixar o resultado exagerado.<\/p>\n\n\n\n<p>Unhas quadradas ou quadradas com cantos arredondados seguem populares pela praticidade no dia a dia, principalmente para quem digita ou manuseia objetos com frequ\u00eancia. Em qualquer formato, a t\u00e9cnica funciona bem desde que a propor\u00e7\u00e3o entre base, ponta e comprimento seja equilibrada para manter o efeito natural. Em unhas muito curtas, vale deixar a ponta ainda mais suave, quase apenas como um reflexo de luz, para n\u00e3o encurtar visualmente os dedos.<\/p>\n\n\n\n<iframe loading=\"lazy\" src=\"https:\/\/assets.pinterest.com\/ext\/embed.html?id=15058979998433516\" height=\"714\" width=\"345\" frameborder=\"0\" scrolling=\"no\" ><\/iframe>\n\n\n\n<h2 class=\"wp-block-heading\">Como manter a unha americana bonita por mais tempo e por que voc\u00ea deve apostar nela agora<\/h2>\n\n\n\n<p>Para prolongar o visual impec\u00e1vel, use luvas em tarefas com \u00e1gua ou produtos de limpeza e aplique \u00f3leo de cut\u00edcula e hidratante para as m\u00e3os com frequ\u00eancia. Aparar levemente as pontas quando come\u00e7arem a enroscar e reaplicar a esmalta\u00e7\u00e3o quando o crescimento ficar evidente ajuda a preservar o ar alinhado e delicado da t\u00e9cnica.<\/p>\n\n\n\n<p>Se voc\u00ea busca unhas elegantes, discretas e modernas, a unha americana \u00e9 a escolha certa para atualizar seu visual sem radicalizar. N\u00e3o espere a pr\u00f3xima tend\u00eancia passar: teste a t\u00e9cnica j\u00e1 na sua pr\u00f3xima ida ao sal\u00e3o ou na sua pr\u00f3xima esmalta\u00e7\u00e3o em casa e sinta a diferen\u00e7a que um acabamento natural e bem-feito pode trazer para a sua imagem. Al\u00e9m disso, por ser uma base neutra, ela combina facilmente com acess\u00f3rios, an\u00e9is e diferentes estilos de maquiagem e roupa, tornando-se um curinga na sua rotina de beleza.<\/p>\n\n\n\n<p><\/p>\n","protected":false},"excerpt":{"rendered":"<p>A unha americana vem conquistando espa\u00e7o nos sal\u00f5es e nas redes sociais, acompanhando a tend\u00eancia de unhas mais naturais, limpas e com apar\u00eancia saud\u00e1vel. Inspirada na francesa, essa t\u00e9cnica prioriza transi\u00e7\u00f5es suaves, cores discretas e um visual minimalista, que valoriza a beleza real das m\u00e3os sem contrastes exagerados entre a ponta e a base da [&hellip;]<\/p>\n","protected":false},"author":11,"featured_media":144988,"comment_status":"open","ping_status":"open","sticky":false,"template":"","format":"standard","meta":{"jnews-multi-image_gallery":[],"jnews_single_post":{"format":"standard"},"jnews_primary_category":[],"jnews_social_meta":[],"jnews_override_counter":[],"footnotes":""},"categories":[8819,1],"tags":[10308,1920,18307,26180],"class_list":["post-181456","post","type-post","status-publish","format-standard","has-post-thumbnail","hentry","category-curiosidades","category-noticias","tag-francesinha","tag-tendencia","tag-unha","tag-unha-francesinha"],"yoast_head":"<!-- This site is optimized with the Yoast SEO plugin v23.8 - https:\/\/yoast.com\/wordpress\/plugins\/seo\/ -->\n<title>Esque\u00e7a a francesinha tradicional: a nova tend\u00eancia deixa as unhas mais naturais, luminosas e sofisticadas - Estado de Minas - Em foco<\/title>\n<meta name=\"description\" content=\"A unha americana \u00e9 a nova tend\u00eancia de unhas elegantes e naturais. T\u00e9cnica inspirada na francesinha com efeito suave e sofisticado.\" \/>\n<meta name=\"robots\" content=\"index, follow, max-snippet:-1, max-image-preview:large, max-video-preview:-1\" \/>\n<link rel=\"canonical\" href=\"https:\/\/www.em.com.br\/emfoco\/2026\/03\/14\/esqueca-a-francesinha-tradicional-a-nova-tendencia-deixa-as-unhas-mais-naturais-luminosas-e-sofisticadas\/\" \/>\n<meta property=\"og:locale\" content=\"pt_BR\" \/>\n<meta property=\"og:type\" content=\"article\" \/>\n<meta property=\"og:title\" content=\"Esque\u00e7a a francesinha tradicional: a nova tend\u00eancia deixa as unhas mais naturais, luminosas e sofisticadas - Estado de Minas - Em foco\" \/>\n<meta property=\"og:description\" content=\"A unha americana \u00e9 a nova tend\u00eancia de unhas elegantes e naturais. T\u00e9cnica inspirada na francesinha com efeito suave e sofisticado.\" \/>\n<meta property=\"og:url\" content=\"https:\/\/www.em.com.br\/emfoco\/2026\/03\/14\/esqueca-a-francesinha-tradicional-a-nova-tendencia-deixa-as-unhas-mais-naturais-luminosas-e-sofisticadas\/\" \/>\n<meta property=\"og:site_name\" content=\"Estado de Minas - Em foco\" \/>\n<meta property=\"article:published_time\" content=\"2026-03-14T11:30:00+00:00\" \/>\n<meta property=\"article:modified_time\" content=\"2026-03-14T01:54:32+00:00\" \/>\n<meta property=\"og:image\" content=\"https:\/\/www.em.com.br\/emfoco\/wp-content\/uploads\/2025\/12\/ChatGPT-Image-23-de-dez.-de-2025-14_37_50-1.png\" \/>\n\t<meta property=\"og:image:width\" content=\"1280\" \/>\n\t<meta property=\"og:image:height\" content=\"720\" \/>\n\t<meta property=\"og:image:type\" content=\"image\/png\" \/>\n<meta name=\"author\" content=\"Andre\u0301 Rangel\u00a0\" \/>\n<meta name=\"twitter:card\" content=\"summary_large_image\" \/>\n<meta name=\"twitter:label1\" content=\"Escrito por\" \/>\n\t<meta name=\"twitter:data1\" content=\"Andre\u0301 Rangel\u00a0\" \/>\n\t<meta name=\"twitter:label2\" content=\"Est. tempo de leitura\" \/>\n\t<meta name=\"twitter:data2\" content=\"6 minutos\" \/>\n<!-- \/ Yoast SEO plugin. -->","yoast_head_json":{"title":"Esque\u00e7a a francesinha tradicional: a nova tend\u00eancia deixa as unhas mais naturais, luminosas e sofisticadas - Estado de Minas - Em foco","description":"A unha americana \u00e9 a nova tend\u00eancia de unhas elegantes e naturais. T\u00e9cnica inspirada na francesinha com efeito suave e sofisticado.","robots":{"index":"index","follow":"follow","max-snippet":"max-snippet:-1","max-image-preview":"max-image-preview:large","max-video-preview":"max-video-preview:-1"},"canonical":"https:\/\/www.em.com.br\/emfoco\/2026\/03\/14\/esqueca-a-francesinha-tradicional-a-nova-tendencia-deixa-as-unhas-mais-naturais-luminosas-e-sofisticadas\/","og_locale":"pt_BR","og_type":"article","og_title":"Esque\u00e7a a francesinha tradicional: a nova tend\u00eancia deixa as unhas mais naturais, luminosas e sofisticadas - Estado de Minas - Em foco","og_description":"A unha americana \u00e9 a nova tend\u00eancia de unhas elegantes e naturais. T\u00e9cnica inspirada na francesinha com efeito suave e sofisticado.","og_url":"https:\/\/www.em.com.br\/emfoco\/2026\/03\/14\/esqueca-a-francesinha-tradicional-a-nova-tendencia-deixa-as-unhas-mais-naturais-luminosas-e-sofisticadas\/","og_site_name":"Estado de Minas - Em foco","article_published_time":"2026-03-14T11:30:00+00:00","article_modified_time":"2026-03-14T01:54:32+00:00","og_image":[{"width":1280,"height":720,"url":"https:\/\/www.em.com.br\/emfoco\/wp-content\/uploads\/2025\/12\/ChatGPT-Image-23-de-dez.-de-2025-14_37_50-1.png","type":"image\/png"}],"author":"Andre\u0301 Rangel\u00a0","twitter_card":"summary_large_image","twitter_misc":{"Escrito por":"Andre\u0301 Rangel\u00a0","Est. tempo de leitura":"6 minutos"},"schema":{"@context":"https:\/\/schema.org","@graph":[{"@type":"WebPage","@id":"https:\/\/www.em.com.br\/emfoco\/2026\/03\/14\/esqueca-a-francesinha-tradicional-a-nova-tendencia-deixa-as-unhas-mais-naturais-luminosas-e-sofisticadas\/","url":"https:\/\/www.em.com.br\/emfoco\/2026\/03\/14\/esqueca-a-francesinha-tradicional-a-nova-tendencia-deixa-as-unhas-mais-naturais-luminosas-e-sofisticadas\/","name":"Esque\u00e7a a francesinha tradicional: a nova tend\u00eancia deixa as unhas mais naturais, luminosas e sofisticadas - Estado de Minas - Em foco","isPartOf":{"@id":"https:\/\/www.em.com.br\/emfoco\/#website"},"primaryImageOfPage":{"@id":"https:\/\/www.em.com.br\/emfoco\/2026\/03\/14\/esqueca-a-francesinha-tradicional-a-nova-tendencia-deixa-as-unhas-mais-naturais-luminosas-e-sofisticadas\/#primaryimage"},"image":{"@id":"https:\/\/www.em.com.br\/emfoco\/2026\/03\/14\/esqueca-a-francesinha-tradicional-a-nova-tendencia-deixa-as-unhas-mais-naturais-luminosas-e-sofisticadas\/#primaryimage"},"thumbnailUrl":"https:\/\/www.em.com.br\/emfoco\/wp-content\/uploads\/2025\/12\/ChatGPT-Image-23-de-dez.-de-2025-14_37_50-1.png","datePublished":"2026-03-14T11:30:00+00:00","dateModified":"2026-03-14T01:54:32+00:00","author":{"@id":"https:\/\/www.em.com.br\/emfoco\/#\/schema\/person\/60eda09c1fedf0d6891f4cef4b60b8b8"},"description":"A unha americana \u00e9 a nova tend\u00eancia de unhas elegantes e naturais. T\u00e9cnica inspirada na francesinha com efeito suave e sofisticado.","breadcrumb":{"@id":"https:\/\/www.em.com.br\/emfoco\/2026\/03\/14\/esqueca-a-francesinha-tradicional-a-nova-tendencia-deixa-as-unhas-mais-naturais-luminosas-e-sofisticadas\/#breadcrumb"},"inLanguage":"pt-BR","potentialAction":[{"@type":"ReadAction","target":["https:\/\/www.em.com.br\/emfoco\/2026\/03\/14\/esqueca-a-francesinha-tradicional-a-nova-tendencia-deixa-as-unhas-mais-naturais-luminosas-e-sofisticadas\/"]}]},{"@type":"ImageObject","inLanguage":"pt-BR","@id":"https:\/\/www.em.com.br\/emfoco\/2026\/03\/14\/esqueca-a-francesinha-tradicional-a-nova-tendencia-deixa-as-unhas-mais-naturais-luminosas-e-sofisticadas\/#primaryimage","url":"https:\/\/www.em.com.br\/emfoco\/wp-content\/uploads\/2025\/12\/ChatGPT-Image-23-de-dez.-de-2025-14_37_50-1.png","contentUrl":"https:\/\/www.em.com.br\/emfoco\/wp-content\/uploads\/2025\/12\/ChatGPT-Image-23-de-dez.-de-2025-14_37_50-1.png","width":1280,"height":720,"caption":"Francesinha com brilho vira tend\u00eancia para o fim de ano e o ver\u00e3o de 2026"},{"@type":"BreadcrumbList","@id":"https:\/\/www.em.com.br\/emfoco\/2026\/03\/14\/esqueca-a-francesinha-tradicional-a-nova-tendencia-deixa-as-unhas-mais-naturais-luminosas-e-sofisticadas\/#breadcrumb","itemListElement":[{"@type":"ListItem","position":1,"name":"In\u00edcio","item":"https:\/\/www.em.com.br\/emfoco\/"},{"@type":"ListItem","position":2,"name":"Esque\u00e7a a francesinha tradicional: a nova tend\u00eancia deixa as unhas mais naturais, luminosas e sofisticadas"}]},{"@type":"WebSite","@id":"https:\/\/www.em.com.br\/emfoco\/#website","url":"https:\/\/www.em.com.br\/emfoco\/","name":"Estado de Minas - Em foco","description":"Acompanhe as \u00faltimas not\u00edcias e fique bem informado sobre tudo o que acontece em Minas Gerais, Brasil e no mundo.","potentialAction":[{"@type":"SearchAction","target":{"@type":"EntryPoint","urlTemplate":"https:\/\/www.em.com.br\/emfoco\/?s={search_term_string}"},"query-input":{"@type":"PropertyValueSpecification","valueRequired":true,"valueName":"search_term_string"}}],"inLanguage":"pt-BR"},{"@type":"Person","@id":"https:\/\/www.em.com.br\/emfoco\/#\/schema\/person\/60eda09c1fedf0d6891f4cef4b60b8b8","name":"Andre\u0301 Rangel\u00a0","image":{"@type":"ImageObject","inLanguage":"pt-BR","@id":"https:\/\/www.em.com.br\/emfoco\/#\/schema\/person\/image\/","url":"https:\/\/secure.gravatar.com\/avatar\/6234dc814c77c8ef6d8bba622c787efc?s=96&d=mm&r=g","contentUrl":"https:\/\/secure.gravatar.com\/avatar\/6234dc814c77c8ef6d8bba622c787efc?s=96&d=mm&r=g","caption":"Andre\u0301 Rangel\u00a0"},"url":"https:\/\/www.em.com.br\/emfoco\/author\/luizmyth\/"}]}},"_links":{"self":[{"href":"https:\/\/www.em.com.br\/emfoco\/wp-json\/wp\/v2\/posts\/181456","targetHints":{"allow":["GET"]}}],"collection":[{"href":"https:\/\/www.em.com.br\/emfoco\/wp-json\/wp\/v2\/posts"}],"about":[{"href":"https:\/\/www.em.com.br\/emfoco\/wp-json\/wp\/v2\/types\/post"}],"author":[{"embeddable":true,"href":"https:\/\/www.em.com.br\/emfoco\/wp-json\/wp\/v2\/users\/11"}],"replies":[{"embeddable":true,"href":"https:\/\/www.em.com.br\/emfoco\/wp-json\/wp\/v2\/comments?post=181456"}],"version-history":[{"count":3,"href":"https:\/\/www.em.com.br\/emfoco\/wp-json\/wp\/v2\/posts\/181456\/revisions"}],"predecessor-version":[{"id":181459,"href":"https:\/\/www.em.com.br\/emfoco\/wp-json\/wp\/v2\/posts\/181456\/revisions\/181459"}],"wp:featuredmedia":[{"embeddable":true,"href":"https:\/\/www.em.com.br\/emfoco\/wp-json\/wp\/v2\/media\/144988"}],"wp:attachment":[{"href":"https:\/\/www.em.com.br\/emfoco\/wp-json\/wp\/v2\/media?parent=181456"}],"wp:term":[{"taxonomy":"category","embeddable":true,"href":"https:\/\/www.em.com.br\/emfoco\/wp-json\/wp\/v2\/categories?post=181456"},{"taxonomy":"post_tag","embeddable":true,"href":"https:\/\/www.em.com.br\/emfoco\/wp-json\/wp\/v2\/tags?post=181456"}],"curies":[{"name":"wp","href":"https:\/\/api.w.org\/{rel}","templated":true}]}}