{"id":181430,"date":"2026-03-14T21:05:06","date_gmt":"2026-03-15T00:05:06","guid":{"rendered":"https:\/\/www.em.com.br\/emfoco\/?p=181430"},"modified":"2026-03-13T19:35:44","modified_gmt":"2026-03-13T22:35:44","slug":"o-que-o-local-da-espinha-no-seu-rosto-revela-sobre-a-saude","status":"publish","type":"post","link":"https:\/\/www.em.com.br\/emfoco\/2026\/03\/14\/o-que-o-local-da-espinha-no-seu-rosto-revela-sobre-a-saude\/","title":{"rendered":"O que o local da espinha no seu rosto revela sobre a sa\u00fade"},"content":{"rendered":"\n<p>Voc\u00ea j\u00e1 reparou como aquelas <strong>pequenas espinhas<\/strong> que aparecem do nada no rosto podem estragar o dia e, ao mesmo tempo, acender um sinal de alerta? Elas incomodam pela est\u00e9tica, claro, mas muitas vezes tamb\u00e9m revelam que algo na rotina, na <strong>alimenta\u00e7\u00e3o di\u00e1ria<\/strong> ou at\u00e9 nas emo\u00e7\u00f5es n\u00e3o vai t\u00e3o bem assim.<\/p>\n\n\n\n<h2 class=\"wp-block-heading\">O que as espinhas no rosto podem indicar no dia a dia<\/h2>\n\n\n\n<p>A palavra-chave aqui \u00e9 <strong>espinhas no rosto<\/strong>, que inclui tanto a acne cl\u00e1ssica quanto pequenas erup\u00e7\u00f5es isoladas. Quando surgem na <strong>testa com frequ\u00eancia<\/strong>, podem estar ligadas \u00e0 m\u00e1 digest\u00e3o, excesso de ultraprocessados e rotina intestinal desregulada, al\u00e9m de suor acumulado em quem usa bon\u00e9s ou capacetes.<\/p>\n\n\n\n<p>No <strong>entrecejo sens\u00edvel<\/strong>, espinhas persistentes \u00e0s vezes s\u00e3o associadas a poss\u00edvel sobrecarga do f\u00edgado, consumo de \u00e1lcool e comidas gordurosas. Essa rela\u00e7\u00e3o ainda \u00e9 discutida cientificamente, mas observar o padr\u00e3o das <strong>espinhas recorrentes<\/strong> ajuda a ajustar h\u00e1bitos e a buscar ajuda profissional quando necess\u00e1rio.<\/p>\n\n\n\n<figure class=\"wp-block-embed is-type-rich is-provider-pinterest wp-block-embed-pinterest\"><div class=\"wp-block-embed__wrapper\">\n<iframe loading=\"lazy\" title=\"acabar com acne!\" src=\"https:\/\/assets.pinterest.com\/ext\/embed.html?id=603763893837575816&#038;src=oembed\" height=\"899\" width=\"450\" frameborder=\"0\" scrolling=\"no\" ><\/iframe>\n<\/div><\/figure>\n\n\n\n<p>Leia tamb\u00e9m:&nbsp;<a href=\"https:\/\/www.em.com.br\/emfoco\/2026\/03\/03\/quantas-vezes-por-semana-e-recomendado-lavar-o-rosto-para-evitar-acne-e-excesso-de-oleosidade-na-zona-t\/\" target=\"_blank\" rel=\"noopener\">Quantas vezes por semana \u00e9 recomendado lavar o rosto para evitar acne e excesso de oleosidade na zona T<\/a><\/p>\n\n\n\n<h2 class=\"wp-block-heading\">Como a localiza\u00e7\u00e3o das espinhas nas bochechas e nariz pode ajudar<\/h2>\n\n\n\n<p>Nas <strong>ma\u00e7\u00e3s do rosto<\/strong>, espinhas podem ter forte rela\u00e7\u00e3o com fatores externos, como fronha suja, celular encostado no rosto e pinc\u00e9is de maquiagem contaminados. Em algumas pessoas, especialmente quem fuma ou tem alergias respirat\u00f3rias, essa \u00e1rea pode reagir com mais <strong>vermelhid\u00e3o e espinhas<\/strong>.<\/p>\n\n\n\n<p>No <strong>nariz oleoso<\/strong>, cravos e espinhas s\u00e3o muito comuns em quem consome excesso de a\u00e7\u00facar, latic\u00ednios ou tem tend\u00eancia \u00e0 oleosidade na zona T. Manter a regi\u00e3o bem limpa, usar produtos adequados e observar como o corpo reage a certos <strong>alimentos espec\u00edficos<\/strong> faz diferen\u00e7a ao longo do tempo.<\/p>\n\n\n\n<figure class=\"wp-block-embed is-type-rich is-provider-pinterest wp-block-embed-pinterest\"><div class=\"wp-block-embed__wrapper\">\n<iframe loading=\"lazy\" title=\"Voc\u00ea quer saber como se livrar da acne?\" src=\"https:\/\/assets.pinterest.com\/ext\/embed.html?id=34269647161533178&#038;src=oembed\" height=\"899\" width=\"450\" frameborder=\"0\" scrolling=\"no\" ><\/iframe>\n<\/div><\/figure>\n\n\n\n<h2 class=\"wp-block-heading\">Espinhas em outras partes do corpo tamb\u00e9m trazem recados<\/h2>\n\n\n\n<p>Fora do rosto, a localiza\u00e7\u00e3o das espinhas tamb\u00e9m pode dar pistas importantes. Ao redor da <strong>boca irritada<\/strong>, \u00e9 comum aparecer a dermatite periorificial, com pontinhos vermelhos ou inflamados, desencadeados por cremes, maquiagens, corticoides t\u00f3picos e at\u00e9 estresse intenso do dia a dia.<\/p>\n\n\n\n<p>Na <strong>barbilla e mand\u00edbula<\/strong>, as espinhas costumam se relacionar a oscila\u00e7\u00f5es hormonais e fases de maior tens\u00e3o emocional. Pesco\u00e7o, m\u00e3os, bra\u00e7os e pernas tamb\u00e9m podem apresentar pequenas espinhas por atrito, mudan\u00e7a de clima, queratose pilar ou irrita\u00e7\u00e3o ap\u00f3s depila\u00e7\u00e3o, exigindo aten\u00e7\u00e3o e, \u00e0s vezes, avalia\u00e7\u00e3o com <strong>dermatologista especializado<\/strong>.<\/p>\n\n\n\n<figure class=\"wp-block-embed is-type-rich is-provider-pinterest wp-block-embed-pinterest\"><div class=\"wp-block-embed__wrapper\">\n<iframe loading=\"lazy\" title=\"tratamento para ros\u00e1cea\" src=\"https:\/\/assets.pinterest.com\/ext\/embed.html?id=202732420719299336&#038;src=oembed\" height=\"899\" width=\"450\" frameborder=\"0\" scrolling=\"no\" ><\/iframe>\n<\/div><\/figure>\n\n\n\n<h2 class=\"wp-block-heading\">Como cuidar da pele e evitar novos surtos de acne<\/h2>\n\n\n\n<p>Para diminuir o surgimento de espinhas na cara e no corpo, uma rotina simples de higiene j\u00e1 ajuda bastante. Limpeza suave, hidrata\u00e7\u00e3o leve e prote\u00e7\u00e3o solar adequada ao tipo de pele mant\u00eam o <strong>equil\u00edbrio di\u00e1rio<\/strong>, evitando excesso de oleosidade e ac\u00famulo de suor, sujeira e res\u00edduos de cosm\u00e9ticos.<\/p>\n\n\n\n<p>Al\u00e9m disso, vale olhar com carinho para <strong>sono e alimenta\u00e7\u00e3o<\/strong>, reduzir o estresse quando poss\u00edvel e evitar espremer espinhas, pois isso aumenta o risco de manchas e cicatrizes. Quando as espinhas s\u00e3o recorrentes, dolorosas ou deixam marcas, buscar orienta\u00e7\u00e3o de um <strong>profissional de sa\u00fade<\/strong> \u00e9 essencial.<\/p>\n\n\n\n<p>Para ovc\u00ea que gosta de se cuidar, separamos um v\u00eddeo do canal da <a href=\"https:\/\/www.youtube.com\/@DraMarinaHayashida\" target=\"_blank\" rel=\"noreferrer noopener\">Dra. Marina Hayashida<\/a> com dicas para acabar com a acne:<\/p>\n\n\n\n<figure class=\"wp-block-embed is-type-video is-provider-youtube wp-block-embed-youtube wp-embed-aspect-16-9 wp-has-aspect-ratio\"><div class=\"wp-block-embed__wrapper\">\n<div class=\"jeg_video_container jeg_video_content\"><iframe loading=\"lazy\" title=\"Como ACABAR COM A ACNE na mulher adulta | Com Dra. Marina Hayashida\" width=\"500\" height=\"281\" src=\"https:\/\/www.youtube.com\/embed\/NroaIjdCDyk?feature=oembed\" frameborder=\"0\" allow=\"accelerometer; autoplay; clipboard-write; encrypted-media; gyroscope; picture-in-picture; web-share\" referrerpolicy=\"strict-origin-when-cross-origin\" allowfullscreen><\/iframe><\/div>\n<\/div><\/figure>\n\n\n\n<h2 class=\"wp-block-heading\">Quais ingredientes podem ajudar a controlar as espinhas<\/h2>\n\n\n\n<p>Alguns ativos s\u00e3o aliados importantes no cuidado di\u00e1rio com a pele acneica e podem tornar a rotina mais simples. A <strong>niacinamida suave<\/strong> ajuda a reduzir a apar\u00eancia dos poros, equilibrar a produ\u00e7\u00e3o de sebo e fortalecer a barreira da pele, sendo encontrada em s\u00e9runs e hidratantes mais leves.<\/p>\n\n\n\n<p>O <strong>\u00e1cido salic\u00edlico<\/strong> \u00e9 outro componente muito usado: ele faz uma esfolia\u00e7\u00e3o suave, penetra nos poros, dissolve o excesso de \u00f3leo e remove c\u00e9lulas mortas que favorecem cravos. Para organizar melhor esses cuidados, veja alguns produtos que costumam entrar na rotina de quem tem <strong>pele acneica<\/strong>:<\/p>\n\n\n\n<ul class=\"wp-block-list\">\n<li><strong>Niacinamida:<\/strong> auxilia no controle de sebo e na apar\u00eancia de poros dilatados.<\/li>\n\n\n\n<li><strong>\u00c1cido salic\u00edlico:<\/strong> promove esfolia\u00e7\u00e3o suave e desobstru\u00e7\u00e3o dos poros.<\/li>\n\n\n\n<li><strong>Hidratantes leves:<\/strong> evitam o ressecamento sem aumentar a oleosidade.<\/li>\n\n\n\n<li><strong>Filtros solares oil free:<\/strong> protegem sem agravar a acne.<\/li>\n<\/ul>\n\n\n\n<figure class=\"wp-block-embed is-type-rich is-provider-pinterest wp-block-embed-pinterest\"><div class=\"wp-block-embed__wrapper\">\n<iframe loading=\"lazy\" title=\"Cuidados no tratamento da acne\" src=\"https:\/\/assets.pinterest.com\/ext\/embed.html?id=843932417698520451&#038;src=oembed\" height=\"899\" width=\"450\" frameborder=\"0\" scrolling=\"no\" ><\/iframe>\n<\/div><\/figure>\n\n\n\n<h2 class=\"wp-block-heading\">Quais cuidados di\u00e1rios ajudam a pele a responder melhor<\/h2>\n\n\n\n<p>A rotina n\u00e3o precisa ser complexa para funcionar, o segredo est\u00e1 na const\u00e2ncia e na observa\u00e7\u00e3o do pr\u00f3prio corpo. Pequenos h\u00e1bitos di\u00e1rios, feitos com regularidade, reduzem a frequ\u00eancia das <strong>espinhas inc\u00f4modas<\/strong> e deixam a pele mais equilibrada, mesmo em fases de maior estresse ou mudan\u00e7a hormonal.<\/p>\n\n\n\n<p>Ao observar onde surgem as espinhas e combinar essas pistas com uma rotina de higiene simples, produtos adequados e acompanhamento profissional, fica mais f\u00e1cil entender os <strong>sinais da pele<\/strong>. Assim, o cuidado deixa de ser apenas est\u00e9tico e se torna uma forma de olhar para a sa\u00fade do corpo como um todo, com mais consci\u00eancia e <strong>preven\u00e7\u00e3o di\u00e1ria<\/strong>.<\/p>\n","protected":false},"excerpt":{"rendered":"<p>Voc\u00ea j\u00e1 reparou como aquelas pequenas espinhas que aparecem do nada no rosto podem estragar o dia e, ao mesmo tempo, acender um sinal de alerta? Elas incomodam pela est\u00e9tica, claro, mas muitas vezes tamb\u00e9m revelam que algo na rotina, na alimenta\u00e7\u00e3o di\u00e1ria ou at\u00e9 nas emo\u00e7\u00f5es n\u00e3o vai t\u00e3o bem assim. O que as [&hellip;]<\/p>\n","protected":false},"author":9,"featured_media":28008,"comment_status":"open","ping_status":"open","sticky":false,"template":"","format":"standard","meta":{"jnews-multi-image_gallery":[],"jnews_single_post":{"format":"standard"},"jnews_primary_category":[],"jnews_social_meta":[],"jnews_override_counter":[],"footnotes":""},"categories":[8691,8819,1],"tags":[5424,4939,6767,18182],"class_list":["post-181430","post","type-post","status-publish","format-standard","has-post-thumbnail","hentry","category-bem-estar","category-curiosidades","category-noticias","tag-acne","tag-cuidados-com-a-pele","tag-espinhas","tag-pele-lisa"],"yoast_head":"<!-- This site is optimized with the Yoast SEO plugin v23.8 - https:\/\/yoast.com\/wordpress\/plugins\/seo\/ -->\n<title>O que o local da espinha no seu rosto revela sobre a sa\u00fade - Estado de Minas - Em foco<\/title>\n<meta name=\"description\" content=\"Descubra o que a localiza\u00e7\u00e3o das espinhas revela sobre sua sa\u00fade e aprenda a controlar a acne naturalmente.\" \/>\n<meta name=\"robots\" content=\"index, follow, max-snippet:-1, max-image-preview:large, max-video-preview:-1\" \/>\n<link rel=\"canonical\" href=\"https:\/\/www.em.com.br\/emfoco\/2026\/03\/14\/o-que-o-local-da-espinha-no-seu-rosto-revela-sobre-a-saude\/\" \/>\n<meta property=\"og:locale\" content=\"pt_BR\" \/>\n<meta property=\"og:type\" content=\"article\" \/>\n<meta property=\"og:title\" content=\"O que o local da espinha no seu rosto revela sobre a sa\u00fade - Estado de Minas - Em foco\" \/>\n<meta property=\"og:description\" content=\"Descubra o que a localiza\u00e7\u00e3o das espinhas revela sobre sua sa\u00fade e aprenda a controlar a acne naturalmente.\" \/>\n<meta property=\"og:url\" content=\"https:\/\/www.em.com.br\/emfoco\/2026\/03\/14\/o-que-o-local-da-espinha-no-seu-rosto-revela-sobre-a-saude\/\" \/>\n<meta property=\"og:site_name\" content=\"Estado de Minas - Em foco\" \/>\n<meta property=\"article:published_time\" content=\"2026-03-15T00:05:06+00:00\" \/>\n<meta property=\"article:modified_time\" content=\"2026-03-13T22:35:44+00:00\" \/>\n<meta property=\"og:image\" content=\"https:\/\/www.em.com.br\/emfoco\/wp-content\/uploads\/2025\/03\/acne-nas-costas_1741795996551.jpg\" \/>\n\t<meta property=\"og:image:width\" content=\"1280\" \/>\n\t<meta property=\"og:image:height\" content=\"720\" \/>\n\t<meta property=\"og:image:type\" content=\"image\/jpeg\" \/>\n<meta name=\"author\" content=\"Daniely Cardoso\" \/>\n<meta name=\"twitter:card\" content=\"summary_large_image\" \/>\n<meta name=\"twitter:label1\" content=\"Escrito por\" \/>\n\t<meta name=\"twitter:data1\" content=\"Daniely Cardoso\" \/>\n\t<meta name=\"twitter:label2\" content=\"Est. tempo de leitura\" \/>\n\t<meta name=\"twitter:data2\" content=\"5 minutos\" \/>\n<!-- \/ Yoast SEO plugin. -->","yoast_head_json":{"title":"O que o local da espinha no seu rosto revela sobre a sa\u00fade - Estado de Minas - Em foco","description":"Descubra o que a localiza\u00e7\u00e3o das espinhas revela sobre sua sa\u00fade e aprenda a controlar a acne naturalmente.","robots":{"index":"index","follow":"follow","max-snippet":"max-snippet:-1","max-image-preview":"max-image-preview:large","max-video-preview":"max-video-preview:-1"},"canonical":"https:\/\/www.em.com.br\/emfoco\/2026\/03\/14\/o-que-o-local-da-espinha-no-seu-rosto-revela-sobre-a-saude\/","og_locale":"pt_BR","og_type":"article","og_title":"O que o local da espinha no seu rosto revela sobre a sa\u00fade - Estado de Minas - Em foco","og_description":"Descubra o que a localiza\u00e7\u00e3o das espinhas revela sobre sua sa\u00fade e aprenda a controlar a acne naturalmente.","og_url":"https:\/\/www.em.com.br\/emfoco\/2026\/03\/14\/o-que-o-local-da-espinha-no-seu-rosto-revela-sobre-a-saude\/","og_site_name":"Estado de Minas - Em foco","article_published_time":"2026-03-15T00:05:06+00:00","article_modified_time":"2026-03-13T22:35:44+00:00","og_image":[{"width":1280,"height":720,"url":"https:\/\/www.em.com.br\/emfoco\/wp-content\/uploads\/2025\/03\/acne-nas-costas_1741795996551.jpg","type":"image\/jpeg"}],"author":"Daniely Cardoso","twitter_card":"summary_large_image","twitter_misc":{"Escrito por":"Daniely Cardoso","Est. tempo de leitura":"5 minutos"},"schema":{"@context":"https:\/\/schema.org","@graph":[{"@type":"WebPage","@id":"https:\/\/www.em.com.br\/emfoco\/2026\/03\/14\/o-que-o-local-da-espinha-no-seu-rosto-revela-sobre-a-saude\/","url":"https:\/\/www.em.com.br\/emfoco\/2026\/03\/14\/o-que-o-local-da-espinha-no-seu-rosto-revela-sobre-a-saude\/","name":"O que o local da espinha no seu rosto revela sobre a sa\u00fade - Estado de Minas - Em foco","isPartOf":{"@id":"https:\/\/www.em.com.br\/emfoco\/#website"},"primaryImageOfPage":{"@id":"https:\/\/www.em.com.br\/emfoco\/2026\/03\/14\/o-que-o-local-da-espinha-no-seu-rosto-revela-sobre-a-saude\/#primaryimage"},"image":{"@id":"https:\/\/www.em.com.br\/emfoco\/2026\/03\/14\/o-que-o-local-da-espinha-no-seu-rosto-revela-sobre-a-saude\/#primaryimage"},"thumbnailUrl":"https:\/\/www.em.com.br\/emfoco\/wp-content\/uploads\/2025\/03\/acne-nas-costas_1741795996551.jpg","datePublished":"2026-03-15T00:05:06+00:00","dateModified":"2026-03-13T22:35:44+00:00","author":{"@id":"https:\/\/www.em.com.br\/emfoco\/#\/schema\/person\/0a8186d72f2c3a5c6276d90b41f271a0"},"description":"Descubra o que a localiza\u00e7\u00e3o das espinhas revela sobre sua sa\u00fade e aprenda a controlar a acne naturalmente.","breadcrumb":{"@id":"https:\/\/www.em.com.br\/emfoco\/2026\/03\/14\/o-que-o-local-da-espinha-no-seu-rosto-revela-sobre-a-saude\/#breadcrumb"},"inLanguage":"pt-BR","potentialAction":[{"@type":"ReadAction","target":["https:\/\/www.em.com.br\/emfoco\/2026\/03\/14\/o-que-o-local-da-espinha-no-seu-rosto-revela-sobre-a-saude\/"]}]},{"@type":"ImageObject","inLanguage":"pt-BR","@id":"https:\/\/www.em.com.br\/emfoco\/2026\/03\/14\/o-que-o-local-da-espinha-no-seu-rosto-revela-sobre-a-saude\/#primaryimage","url":"https:\/\/www.em.com.br\/emfoco\/wp-content\/uploads\/2025\/03\/acne-nas-costas_1741795996551.jpg","contentUrl":"https:\/\/www.em.com.br\/emfoco\/wp-content\/uploads\/2025\/03\/acne-nas-costas_1741795996551.jpg","width":1280,"height":720,"caption":"A palavra-chave aqui \u00e9 espinhas no rosto, que inclui tanto a acne cl\u00e1ssica quanto pequenas erup\u00e7\u00f5es isoladas. - Cr\u00e9ditos: depositphotos.com \/ AndrewLozovyi"},{"@type":"BreadcrumbList","@id":"https:\/\/www.em.com.br\/emfoco\/2026\/03\/14\/o-que-o-local-da-espinha-no-seu-rosto-revela-sobre-a-saude\/#breadcrumb","itemListElement":[{"@type":"ListItem","position":1,"name":"In\u00edcio","item":"https:\/\/www.em.com.br\/emfoco\/"},{"@type":"ListItem","position":2,"name":"O que o local da espinha no seu rosto revela sobre a sa\u00fade"}]},{"@type":"WebSite","@id":"https:\/\/www.em.com.br\/emfoco\/#website","url":"https:\/\/www.em.com.br\/emfoco\/","name":"Estado de Minas - Em foco","description":"Acompanhe as \u00faltimas not\u00edcias e fique bem informado sobre tudo o que acontece em Minas Gerais, Brasil e no mundo.","potentialAction":[{"@type":"SearchAction","target":{"@type":"EntryPoint","urlTemplate":"https:\/\/www.em.com.br\/emfoco\/?s={search_term_string}"},"query-input":{"@type":"PropertyValueSpecification","valueRequired":true,"valueName":"search_term_string"}}],"inLanguage":"pt-BR"},{"@type":"Person","@id":"https:\/\/www.em.com.br\/emfoco\/#\/schema\/person\/0a8186d72f2c3a5c6276d90b41f271a0","name":"Daniely Cardoso","image":{"@type":"ImageObject","inLanguage":"pt-BR","@id":"https:\/\/www.em.com.br\/emfoco\/#\/schema\/person\/image\/","url":"https:\/\/secure.gravatar.com\/avatar\/4b80ddbd124d1f071b626d52d62e5dff?s=96&d=mm&r=g","contentUrl":"https:\/\/secure.gravatar.com\/avatar\/4b80ddbd124d1f071b626d52d62e5dff?s=96&d=mm&r=g","caption":"Daniely Cardoso"},"url":"https:\/\/www.em.com.br\/emfoco\/author\/danielymyth\/"}]}},"_links":{"self":[{"href":"https:\/\/www.em.com.br\/emfoco\/wp-json\/wp\/v2\/posts\/181430","targetHints":{"allow":["GET"]}}],"collection":[{"href":"https:\/\/www.em.com.br\/emfoco\/wp-json\/wp\/v2\/posts"}],"about":[{"href":"https:\/\/www.em.com.br\/emfoco\/wp-json\/wp\/v2\/types\/post"}],"author":[{"embeddable":true,"href":"https:\/\/www.em.com.br\/emfoco\/wp-json\/wp\/v2\/users\/9"}],"replies":[{"embeddable":true,"href":"https:\/\/www.em.com.br\/emfoco\/wp-json\/wp\/v2\/comments?post=181430"}],"version-history":[{"count":2,"href":"https:\/\/www.em.com.br\/emfoco\/wp-json\/wp\/v2\/posts\/181430\/revisions"}],"predecessor-version":[{"id":181442,"href":"https:\/\/www.em.com.br\/emfoco\/wp-json\/wp\/v2\/posts\/181430\/revisions\/181442"}],"wp:featuredmedia":[{"embeddable":true,"href":"https:\/\/www.em.com.br\/emfoco\/wp-json\/wp\/v2\/media\/28008"}],"wp:attachment":[{"href":"https:\/\/www.em.com.br\/emfoco\/wp-json\/wp\/v2\/media?parent=181430"}],"wp:term":[{"taxonomy":"category","embeddable":true,"href":"https:\/\/www.em.com.br\/emfoco\/wp-json\/wp\/v2\/categories?post=181430"},{"taxonomy":"post_tag","embeddable":true,"href":"https:\/\/www.em.com.br\/emfoco\/wp-json\/wp\/v2\/tags?post=181430"}],"curies":[{"name":"wp","href":"https:\/\/api.w.org\/{rel}","templated":true}]}}