{"id":181383,"date":"2026-03-14T17:15:09","date_gmt":"2026-03-14T20:15:09","guid":{"rendered":"https:\/\/www.em.com.br\/emfoco\/?p=181383"},"modified":"2026-03-13T18:11:18","modified_gmt":"2026-03-13T21:11:18","slug":"o-que-significa-guardar-objetos-antigos-que-ninguem-mais-usa-segundo-a-psicologia","status":"publish","type":"post","link":"https:\/\/www.em.com.br\/emfoco\/2026\/03\/14\/o-que-significa-guardar-objetos-antigos-que-ninguem-mais-usa-segundo-a-psicologia\/","title":{"rendered":"O que significa guardar objetos antigos que ningu\u00e9m mais usa, segundo a psicologia"},"content":{"rendered":"\n<p>Voc\u00ea j\u00e1 abriu uma gaveta e encontrou um <b>ingresso antigo<\/b> de cinema, uma carta amarelada ou uma camiseta que nem serve mais, mas que voc\u00ea simplesmente n\u00e3o consegue <b>jogar fora<\/b>? Guardar esses objetos \u00e9 mais comum do que parece e, muitas vezes, diz muito sobre nossas emo\u00e7\u00f5es, mem\u00f3rias e jeito de lidar com o tempo e com as pessoas que marcaram nossa vida.<\/p>\n\n\n\n<h2 class=\"wp-block-heading\">O que significa guardar objetos antigos na psicologia<\/h2>\n\n\n\n<p>Na psicologia, guardar objetos antigos costuma ser visto como uma forma de <b>preservar lembran\u00e7as<\/b> e dar continuidade \u00e0 pr\u00f3pria hist\u00f3ria. Esses itens funcionam como <b>gatilhos de mem\u00f3ria<\/b>, ajudando a recordar fases da vida, rela\u00e7\u00f5es importantes e momentos marcantes que, de outra forma, poderiam se perder na correria do dia a dia.<\/p>\n\n\n\n<p>Esse comportamento tamb\u00e9m tem rela\u00e7\u00e3o com <b>identidade pessoal<\/b>: muitas pessoas enxergam nesses objetos pistas de quem foram e de quem s\u00e3o hoje. Um uniforme escolar, um ingresso de show ou um presente de inf\u00e2ncia podem servir como <b>marcas da trajet\u00f3ria<\/b> pessoal, desde que n\u00e3o impe\u00e7am a pessoa de viver o presente com leveza e liberdade.<\/p>\n\n\n<div class=\"wp-block-image\">\n<figure class=\"aligncenter size-large\"><img loading=\"lazy\" decoding=\"async\" width=\"1024\" height=\"576\" src=\"https:\/\/www.em.com.br\/emfoco\/wp-content\/uploads\/2026\/03\/coisas-antigas_1773436222166-1-1024x576.jpg\" alt=\"\" class=\"wp-image-181404\" srcset=\"https:\/\/www.em.com.br\/emfoco\/wp-content\/uploads\/2026\/03\/coisas-antigas_1773436222166-1-1024x576.jpg 1024w, https:\/\/www.em.com.br\/emfoco\/wp-content\/uploads\/2026\/03\/coisas-antigas_1773436222166-1-300x169.jpg 300w, https:\/\/www.em.com.br\/emfoco\/wp-content\/uploads\/2026\/03\/coisas-antigas_1773436222166-1-768x432.jpg 768w, https:\/\/www.em.com.br\/emfoco\/wp-content\/uploads\/2026\/03\/coisas-antigas_1773436222166-1-750x422.jpg 750w, https:\/\/www.em.com.br\/emfoco\/wp-content\/uploads\/2026\/03\/coisas-antigas_1773436222166-1-1140x641.jpg 1140w, https:\/\/www.em.com.br\/emfoco\/wp-content\/uploads\/2026\/03\/coisas-antigas_1773436222166-1.jpg 1280w\" sizes=\"auto, (max-width: 1024px) 100vw, 1024px\" \/><figcaption class=\"wp-element-caption\">V\u00e1rios fatores emocionais podem explicar por que algu\u00e9m acumula tantas coisas que ningu\u00e9m mais usa &#8211; Cr\u00e9ditos: depositphotos.com \/ maramorosz<\/figcaption><\/figure><\/div>\n\n\n<p>Leia tamb\u00e9m:&nbsp;<a href=\"https:\/\/www.em.com.br\/emfoco\/2026\/03\/13\/o-que-significa-preferir-ficar-em-silencio-em-conversas-longas-segundo-a-psicologia\/\" target=\"_blank\" rel=\"noopener\">O que significa preferir ficar em sil\u00eancio em conversas longas, segundo a psicologia<\/a><\/p>\n\n\n\n<h2 class=\"wp-block-heading\">Guardar objetos antigos \u00e9 sempre apego emocional<\/h2>\n\n\n\n<p>Na maior parte das vezes, o costume de guardar objetos antigos est\u00e1 ligado ao <b>apego emocional<\/b>. O valor afetivo fala mais alto do que a <b>utilidade pr\u00e1tica<\/b>: o objeto representa algu\u00e9m importante, um relacionamento passado ou um momento de supera\u00e7\u00e3o, quase como um \u201carquivo f\u00edsico\u201d de emo\u00e7\u00f5es e hist\u00f3rias.<\/p>\n\n\n\n<p>Por\u00e9m, a psicologia diferencia o apego <b>saud\u00e1vel<\/b> daquele que causa sofrimento. Quando o h\u00e1bito de guardar coisas n\u00e3o gera culpa, ansiedade ou discuss\u00f5es frequentes, tende a ser funcional. J\u00e1 quando doar uma roupa ou jogar fora um papel simples provoca <b>ang\u00fastia intensa<\/b>, isso pode indicar dificuldade em lidar com perdas, mudan\u00e7as e despedidas.<\/p>\n\n\n\n<h2 class=\"wp-block-heading\">Quais fatores psicol\u00f3gicos podem estar por tr\u00e1s desse comportamento<\/h2>\n\n\n\n<p>V\u00e1rios fatores emocionais podem explicar por que algu\u00e9m acumula tantas coisas que ningu\u00e9m mais usa. Eles variam de pessoa para pessoa, mas muitas vezes se combinam e ajudam a entender a <b>rela\u00e7\u00e3o afetiva<\/b> com esses objetos antigos, revelando tamb\u00e9m como a pessoa lida com o <b>passado<\/b> e com suas experi\u00eancias.<\/p>\n\n\n\n<p>Em geral, psic\u00f3logos observam n\u00e3o s\u00f3 a quantidade de itens, mas tamb\u00e9m o espa\u00e7o que ocupam, o impacto na rotina e o que cada um simboliza. Entre os fatores mais comuns, est\u00e3o:<\/p>\n\n\n<div class=\"wp-block-image\">\n<figure class=\"aligncenter size-large\"><img loading=\"lazy\" decoding=\"async\" width=\"1024\" height=\"576\" src=\"https:\/\/www.em.com.br\/emfoco\/wp-content\/uploads\/2026\/03\/Gemini_Generated_Image_88t5br88t5br88t5-1-1024x576.png\" alt=\"\" class=\"wp-image-181403\" srcset=\"https:\/\/www.em.com.br\/emfoco\/wp-content\/uploads\/2026\/03\/Gemini_Generated_Image_88t5br88t5br88t5-1-1024x576.png 1024w, https:\/\/www.em.com.br\/emfoco\/wp-content\/uploads\/2026\/03\/Gemini_Generated_Image_88t5br88t5br88t5-1-300x169.png 300w, https:\/\/www.em.com.br\/emfoco\/wp-content\/uploads\/2026\/03\/Gemini_Generated_Image_88t5br88t5br88t5-1-768x432.png 768w, https:\/\/www.em.com.br\/emfoco\/wp-content\/uploads\/2026\/03\/Gemini_Generated_Image_88t5br88t5br88t5-1-750x422.png 750w, https:\/\/www.em.com.br\/emfoco\/wp-content\/uploads\/2026\/03\/Gemini_Generated_Image_88t5br88t5br88t5-1-1140x641.png 1140w, https:\/\/www.em.com.br\/emfoco\/wp-content\/uploads\/2026\/03\/Gemini_Generated_Image_88t5br88t5br88t5-1.png 1280w\" sizes=\"auto, (max-width: 1024px) 100vw, 1024px\" \/><figcaption class=\"wp-element-caption\">Na maior parte das vezes, o costume de guardar objetos antigos est\u00e1 ligado ao apego emocional<\/figcaption><\/figure><\/div>\n\n\n<h2 class=\"wp-block-heading\">Quando guardar objetos antigos pode indicar um problema emocional<\/h2>\n\n\n\n<p>Nem todo ac\u00famulo \u00e9 um transtorno, mas em alguns casos ele pode sinalizar algo mais s\u00e9rio, como o <b>transtorno de<\/b> acumula\u00e7\u00e3o. Nesses quadros, a pessoa sente grande dificuldade em se desfazer at\u00e9 de coisas sem utilidade, como embalagens, jornais velhos ou objetos quebrados, e isso come\u00e7a a prejudicar o <b>dia a dia<\/b>.<\/p>\n\n\n\n<p>Quando os c\u00f4modos da casa ficam cheios a ponto de atrapalhar a circula\u00e7\u00e3o, a limpeza ou at\u00e9 a seguran\u00e7a, \u00e9 um alerta importante. Ansiedade intensa ao pensar em descartar algo, conflitos constantes com a fam\u00edlia e sensa\u00e7\u00e3o de culpa ou vergonha pelo ac\u00famulo costumam levar muitos a buscar <b>ajuda psicol\u00f3gica<\/b> ou, em alguns casos, tamb\u00e9m <b>acompanhamento psiqui\u00e1trico<\/b>.<\/p>\n\n\n\n<p>Se voc\u00ea gosta de curiosidades, separamos esse v\u00eddeo do canal <a href=\"https:\/\/www.youtube.com\/@adilsoncostabr\" target=\"_blank\" rel=\"noreferrer noopener\">Adilson Costa <\/a>falando mais sobre esse h\u00e1bito de guardar coisas antigas:<\/p>\n\n\n\n<figure class=\"wp-block-embed is-type-video is-provider-youtube wp-block-embed-youtube wp-embed-aspect-16-9 wp-has-aspect-ratio\"><div class=\"wp-block-embed__wrapper\">\n<div class=\"jeg_video_container jeg_video_content\"><iframe loading=\"lazy\" title=\"Voc\u00ea tem o H\u00c1BITO de guardar coisas velhas? Desapegue\" width=\"500\" height=\"281\" src=\"https:\/\/www.youtube.com\/embed\/Us3wnG_ex04?feature=oembed\" frameborder=\"0\" allow=\"accelerometer; autoplay; clipboard-write; encrypted-media; gyroscope; picture-in-picture; web-share\" referrerpolicy=\"strict-origin-when-cross-origin\" allowfullscreen><\/iframe><\/div>\n<\/div><\/figure>\n\n\n\n<h2 class=\"wp-block-heading\">Como encontrar equil\u00edbrio entre mem\u00f3ria, desapego e bem-estar<\/h2>\n\n\n\n<p>Para a psicologia, guardar alguns objetos antigos pode ser algo saud\u00e1vel, desde que exista <b>equil\u00edbrio emocional<\/b>. A ideia \u00e9 preservar o que realmente faz sentido para a hist\u00f3ria de cada um, sem transformar a casa em um dep\u00f3sito de lembran\u00e7as nem viver preso ao <b>passado<\/b>.<\/p>\n\n\n\n<p>Em terapia, \u00e9 comum trabalhar a escolha consciente do que fica e do que vai, ressignificando mem\u00f3rias sem precisar guard\u00e1-las todas em forma de objeto. Algumas pessoas encontram novas maneiras de registrar suas hist\u00f3rias, como fotos, \u00e1lbuns digitais ou pequenos rituais de despedida, criando espa\u00e7o tanto para boas <b>lembran\u00e7as<\/b> quanto para o que ainda est\u00e1 por vir, favorecendo um maior <b>bem-estar<\/b> no presente.<\/p>\n","protected":false},"excerpt":{"rendered":"<p>Voc\u00ea j\u00e1 abriu uma gaveta e encontrou um ingresso antigo de cinema, uma carta amarelada ou uma camiseta que nem serve mais, mas que voc\u00ea simplesmente n\u00e3o consegue jogar fora? Guardar esses objetos \u00e9 mais comum do que parece e, muitas vezes, diz muito sobre nossas emo\u00e7\u00f5es, mem\u00f3rias e jeito de lidar com o tempo [&hellip;]<\/p>\n","protected":false},"author":9,"featured_media":181400,"comment_status":"open","ping_status":"open","sticky":false,"template":"","format":"standard","meta":{"jnews-multi-image_gallery":[],"jnews_single_post":{"format":"standard"},"jnews_primary_category":[],"jnews_social_meta":[],"jnews_override_counter":[],"footnotes":""},"categories":[8819,1],"tags":[26171,9018,5155],"class_list":["post-181383","post","type-post","status-publish","format-standard","has-post-thumbnail","hentry","category-curiosidades","category-noticias","tag-guardar-objetos-antigos","tag-objetos","tag-psicologia"],"yoast_head":"<!-- This site is optimized with the Yoast SEO plugin v23.8 - https:\/\/yoast.com\/wordpress\/plugins\/seo\/ -->\n<title>O que significa guardar objetos antigos que ningu\u00e9m mais usa, segundo a psicologia - Estado de Minas - Em foco<\/title>\n<meta name=\"description\" content=\"Guardar objetos antigos conecta mem\u00f3rias, emo\u00e7\u00f5es e identidade. Saiba quando \u00e9 apego saud\u00e1vel ou sinal de ac\u00famulo problem\u00e1tico.\" \/>\n<meta name=\"robots\" content=\"index, follow, max-snippet:-1, max-image-preview:large, max-video-preview:-1\" \/>\n<link rel=\"canonical\" href=\"https:\/\/www.em.com.br\/emfoco\/2026\/03\/14\/o-que-significa-guardar-objetos-antigos-que-ninguem-mais-usa-segundo-a-psicologia\/\" \/>\n<meta property=\"og:locale\" content=\"pt_BR\" \/>\n<meta property=\"og:type\" content=\"article\" \/>\n<meta property=\"og:title\" content=\"O que significa guardar objetos antigos que ningu\u00e9m mais usa, segundo a psicologia - Estado de Minas - Em foco\" \/>\n<meta property=\"og:description\" content=\"Guardar objetos antigos conecta mem\u00f3rias, emo\u00e7\u00f5es e identidade. Saiba quando \u00e9 apego saud\u00e1vel ou sinal de ac\u00famulo problem\u00e1tico.\" \/>\n<meta property=\"og:url\" content=\"https:\/\/www.em.com.br\/emfoco\/2026\/03\/14\/o-que-significa-guardar-objetos-antigos-que-ninguem-mais-usa-segundo-a-psicologia\/\" \/>\n<meta property=\"og:site_name\" content=\"Estado de Minas - Em foco\" \/>\n<meta property=\"article:published_time\" content=\"2026-03-14T20:15:09+00:00\" \/>\n<meta property=\"article:modified_time\" content=\"2026-03-13T21:11:18+00:00\" \/>\n<meta property=\"og:image\" content=\"https:\/\/www.em.com.br\/emfoco\/wp-content\/uploads\/2026\/03\/Gemini_Generated_Image_7suaml7suaml7sua-1.png\" \/>\n\t<meta property=\"og:image:width\" content=\"1280\" \/>\n\t<meta property=\"og:image:height\" content=\"720\" \/>\n\t<meta property=\"og:image:type\" content=\"image\/png\" \/>\n<meta name=\"author\" content=\"Daniely Cardoso\" \/>\n<meta name=\"twitter:card\" content=\"summary_large_image\" \/>\n<meta name=\"twitter:label1\" content=\"Escrito por\" \/>\n\t<meta name=\"twitter:data1\" content=\"Daniely Cardoso\" \/>\n\t<meta name=\"twitter:label2\" content=\"Est. tempo de leitura\" \/>\n\t<meta name=\"twitter:data2\" content=\"5 minutos\" \/>\n<!-- \/ Yoast SEO plugin. -->","yoast_head_json":{"title":"O que significa guardar objetos antigos que ningu\u00e9m mais usa, segundo a psicologia - Estado de Minas - Em foco","description":"Guardar objetos antigos conecta mem\u00f3rias, emo\u00e7\u00f5es e identidade. Saiba quando \u00e9 apego saud\u00e1vel ou sinal de ac\u00famulo problem\u00e1tico.","robots":{"index":"index","follow":"follow","max-snippet":"max-snippet:-1","max-image-preview":"max-image-preview:large","max-video-preview":"max-video-preview:-1"},"canonical":"https:\/\/www.em.com.br\/emfoco\/2026\/03\/14\/o-que-significa-guardar-objetos-antigos-que-ninguem-mais-usa-segundo-a-psicologia\/","og_locale":"pt_BR","og_type":"article","og_title":"O que significa guardar objetos antigos que ningu\u00e9m mais usa, segundo a psicologia - Estado de Minas - Em foco","og_description":"Guardar objetos antigos conecta mem\u00f3rias, emo\u00e7\u00f5es e identidade. Saiba quando \u00e9 apego saud\u00e1vel ou sinal de ac\u00famulo problem\u00e1tico.","og_url":"https:\/\/www.em.com.br\/emfoco\/2026\/03\/14\/o-que-significa-guardar-objetos-antigos-que-ninguem-mais-usa-segundo-a-psicologia\/","og_site_name":"Estado de Minas - Em foco","article_published_time":"2026-03-14T20:15:09+00:00","article_modified_time":"2026-03-13T21:11:18+00:00","og_image":[{"width":1280,"height":720,"url":"https:\/\/www.em.com.br\/emfoco\/wp-content\/uploads\/2026\/03\/Gemini_Generated_Image_7suaml7suaml7sua-1.png","type":"image\/png"}],"author":"Daniely Cardoso","twitter_card":"summary_large_image","twitter_misc":{"Escrito por":"Daniely Cardoso","Est. tempo de leitura":"5 minutos"},"schema":{"@context":"https:\/\/schema.org","@graph":[{"@type":"WebPage","@id":"https:\/\/www.em.com.br\/emfoco\/2026\/03\/14\/o-que-significa-guardar-objetos-antigos-que-ninguem-mais-usa-segundo-a-psicologia\/","url":"https:\/\/www.em.com.br\/emfoco\/2026\/03\/14\/o-que-significa-guardar-objetos-antigos-que-ninguem-mais-usa-segundo-a-psicologia\/","name":"O que significa guardar objetos antigos que ningu\u00e9m mais usa, segundo a psicologia - Estado de Minas - Em foco","isPartOf":{"@id":"https:\/\/www.em.com.br\/emfoco\/#website"},"primaryImageOfPage":{"@id":"https:\/\/www.em.com.br\/emfoco\/2026\/03\/14\/o-que-significa-guardar-objetos-antigos-que-ninguem-mais-usa-segundo-a-psicologia\/#primaryimage"},"image":{"@id":"https:\/\/www.em.com.br\/emfoco\/2026\/03\/14\/o-que-significa-guardar-objetos-antigos-que-ninguem-mais-usa-segundo-a-psicologia\/#primaryimage"},"thumbnailUrl":"https:\/\/www.em.com.br\/emfoco\/wp-content\/uploads\/2026\/03\/Gemini_Generated_Image_7suaml7suaml7sua-1.png","datePublished":"2026-03-14T20:15:09+00:00","dateModified":"2026-03-13T21:11:18+00:00","author":{"@id":"https:\/\/www.em.com.br\/emfoco\/#\/schema\/person\/0a8186d72f2c3a5c6276d90b41f271a0"},"description":"Guardar objetos antigos conecta mem\u00f3rias, emo\u00e7\u00f5es e identidade. Saiba quando \u00e9 apego saud\u00e1vel ou sinal de ac\u00famulo problem\u00e1tico.","breadcrumb":{"@id":"https:\/\/www.em.com.br\/emfoco\/2026\/03\/14\/o-que-significa-guardar-objetos-antigos-que-ninguem-mais-usa-segundo-a-psicologia\/#breadcrumb"},"inLanguage":"pt-BR","potentialAction":[{"@type":"ReadAction","target":["https:\/\/www.em.com.br\/emfoco\/2026\/03\/14\/o-que-significa-guardar-objetos-antigos-que-ninguem-mais-usa-segundo-a-psicologia\/"]}]},{"@type":"ImageObject","inLanguage":"pt-BR","@id":"https:\/\/www.em.com.br\/emfoco\/2026\/03\/14\/o-que-significa-guardar-objetos-antigos-que-ninguem-mais-usa-segundo-a-psicologia\/#primaryimage","url":"https:\/\/www.em.com.br\/emfoco\/wp-content\/uploads\/2026\/03\/Gemini_Generated_Image_7suaml7suaml7sua-1.png","contentUrl":"https:\/\/www.em.com.br\/emfoco\/wp-content\/uploads\/2026\/03\/Gemini_Generated_Image_7suaml7suaml7sua-1.png","width":1280,"height":720,"caption":"V\u00e1rios fatores emocionais podem explicar por que algu\u00e9m acumula tantas coisas que ningu\u00e9m mais usa"},{"@type":"BreadcrumbList","@id":"https:\/\/www.em.com.br\/emfoco\/2026\/03\/14\/o-que-significa-guardar-objetos-antigos-que-ninguem-mais-usa-segundo-a-psicologia\/#breadcrumb","itemListElement":[{"@type":"ListItem","position":1,"name":"In\u00edcio","item":"https:\/\/www.em.com.br\/emfoco\/"},{"@type":"ListItem","position":2,"name":"O que significa guardar objetos antigos que ningu\u00e9m mais usa, segundo a psicologia"}]},{"@type":"WebSite","@id":"https:\/\/www.em.com.br\/emfoco\/#website","url":"https:\/\/www.em.com.br\/emfoco\/","name":"Estado de Minas - Em foco","description":"Acompanhe as \u00faltimas not\u00edcias e fique bem informado sobre tudo o que acontece em Minas Gerais, Brasil e no mundo.","potentialAction":[{"@type":"SearchAction","target":{"@type":"EntryPoint","urlTemplate":"https:\/\/www.em.com.br\/emfoco\/?s={search_term_string}"},"query-input":{"@type":"PropertyValueSpecification","valueRequired":true,"valueName":"search_term_string"}}],"inLanguage":"pt-BR"},{"@type":"Person","@id":"https:\/\/www.em.com.br\/emfoco\/#\/schema\/person\/0a8186d72f2c3a5c6276d90b41f271a0","name":"Daniely Cardoso","image":{"@type":"ImageObject","inLanguage":"pt-BR","@id":"https:\/\/www.em.com.br\/emfoco\/#\/schema\/person\/image\/","url":"https:\/\/secure.gravatar.com\/avatar\/4b80ddbd124d1f071b626d52d62e5dff?s=96&d=mm&r=g","contentUrl":"https:\/\/secure.gravatar.com\/avatar\/4b80ddbd124d1f071b626d52d62e5dff?s=96&d=mm&r=g","caption":"Daniely Cardoso"},"url":"https:\/\/www.em.com.br\/emfoco\/author\/danielymyth\/"}]}},"_links":{"self":[{"href":"https:\/\/www.em.com.br\/emfoco\/wp-json\/wp\/v2\/posts\/181383","targetHints":{"allow":["GET"]}}],"collection":[{"href":"https:\/\/www.em.com.br\/emfoco\/wp-json\/wp\/v2\/posts"}],"about":[{"href":"https:\/\/www.em.com.br\/emfoco\/wp-json\/wp\/v2\/types\/post"}],"author":[{"embeddable":true,"href":"https:\/\/www.em.com.br\/emfoco\/wp-json\/wp\/v2\/users\/9"}],"replies":[{"embeddable":true,"href":"https:\/\/www.em.com.br\/emfoco\/wp-json\/wp\/v2\/comments?post=181383"}],"version-history":[{"count":2,"href":"https:\/\/www.em.com.br\/emfoco\/wp-json\/wp\/v2\/posts\/181383\/revisions"}],"predecessor-version":[{"id":181405,"href":"https:\/\/www.em.com.br\/emfoco\/wp-json\/wp\/v2\/posts\/181383\/revisions\/181405"}],"wp:featuredmedia":[{"embeddable":true,"href":"https:\/\/www.em.com.br\/emfoco\/wp-json\/wp\/v2\/media\/181400"}],"wp:attachment":[{"href":"https:\/\/www.em.com.br\/emfoco\/wp-json\/wp\/v2\/media?parent=181383"}],"wp:term":[{"taxonomy":"category","embeddable":true,"href":"https:\/\/www.em.com.br\/emfoco\/wp-json\/wp\/v2\/categories?post=181383"},{"taxonomy":"post_tag","embeddable":true,"href":"https:\/\/www.em.com.br\/emfoco\/wp-json\/wp\/v2\/tags?post=181383"}],"curies":[{"name":"wp","href":"https:\/\/api.w.org\/{rel}","templated":true}]}}