{"id":181341,"date":"2026-03-14T13:05:50","date_gmt":"2026-03-14T16:05:50","guid":{"rendered":"https:\/\/www.em.com.br\/emfoco\/?p=181341"},"modified":"2026-03-13T19:24:44","modified_gmt":"2026-03-13T22:24:44","slug":"adeus-spray-o-aromatizador-eletrico-que-o-seu-lar-precisa","status":"publish","type":"post","link":"https:\/\/www.em.com.br\/emfoco\/2026\/03\/14\/adeus-spray-o-aromatizador-eletrico-que-o-seu-lar-precisa\/","title":{"rendered":"Adeus spray, o aromatizador el\u00e9trico que o seu lar precisa"},"content":{"rendered":"\n<p>Voc\u00ea j\u00e1 entrou em uma casa e pensou: \u201cQue cheiro gostoso, queria que a minha ficasse assim o dia todo\u201d? Manter o lar sempre perfumado, sem esfor\u00e7o, \u00e9 o que tem feito muitas fam\u00edlias adotarem o <b>aromatizador el\u00e9trico<\/b> como aliado na rotina, tanto em casas quanto em ambientes <strong>comerciais<\/strong>.<\/p>\n\n\n\n<h2 class=\"wp-block-heading\">O que \u00e9 um aromatizador el\u00e9trico e como ele funciona na pr\u00e1tica<\/h2>\n\n\n\n<p>O <strong>aromatizador el\u00e9trico<\/strong> \u00e9 um aparelhinho compacto, geralmente de <b>pl\u00e1stico<\/b> ou cer\u00e2mica, que voc\u00ea conecta direto na tomada. Dentro dele vai um refil l\u00edquido ou uma <strong>ess\u00eancia arom\u00e1tica<\/strong>, que \u00e9 aquecida de forma bem suave para liberar o perfume aos poucos no ar.<\/p>\n\n\n\n<p>Existem modelos com <b>refis prontos<\/b> e outros que funcionam com \u00f3leos ou ess\u00eancias dilu\u00eddas em \u00e1gua, sempre com a mesma l\u00f3gica: o calor ajuda o cheiro a se espalhar pelo ambiente. Alguns aparelhos t\u00eam regulagem de <strong>intensidade<\/strong>, permitindo controlar o quanto de fragr\u00e2ncia \u00e9 liberada, algo \u00fatil para quem \u00e9 mais sens\u00edvel a cheiros.<\/p>\n\n\n\n<figure class=\"wp-block-embed is-type-rich is-provider-pinterest wp-block-embed-pinterest\"><div class=\"wp-block-embed__wrapper\">\n<iframe loading=\"lazy\" title=\"Difusor aromatizador el\u00e9trico bivolt\" src=\"https:\/\/assets.pinterest.com\/ext\/embed.html?id=1006484216739335152&#038;src=oembed\" height=\"899\" width=\"450\" frameborder=\"0\" scrolling=\"no\" ><\/iframe>\n<\/div><\/figure>\n\n\n\n<p>Leia tamb\u00e9m:&nbsp;<a href=\"https:\/\/www.em.com.br\/emfoco\/2026\/03\/04\/filtro-de-barro-ou-purificador-eletronico-entenda-qual-e-a-melhor-escolha-para-sua-familia\/\" target=\"_blank\" rel=\"noopener\">Filtro de barro ou purificador eletr\u00f4nico? Entenda qual \u00e9 a melhor escolha para sua fam\u00edlia<\/a><\/p>\n\n\n\n<h2 class=\"wp-block-heading\">Por que o aromatizador el\u00e9trico deixa a casa perfumada sem esfor\u00e7o<\/h2>\n\n\n\n<p>O <strong>aromatizador el\u00e9trico<\/strong> virou queridinho de quem quer casa cheirosa o dia inteiro sem ficar borrifando spray a cada hora. Diferente dos aeross\u00f3is e difusores com varetas, ele solta o perfume de forma <b>cont\u00ednua<\/b> e discreta, mantendo o ambiente agrad\u00e1vel por horas seguidas.<\/p>\n\n\n\n<p>Muita gente liga o aparelho de manh\u00e3, antes de sair para trabalhar, e volta para um lar j\u00e1 <strong>perfumado<\/strong>, sem precisar lembrar de reaplicar nada. \u00c9 um recurso comum em lares com pets, cozinhas integradas e ambientes com pouca ventila\u00e7\u00e3o, onde os odores tendem a ficar mais <b>presentes<\/b>.<\/p>\n\n\n\n<figure class=\"wp-block-embed is-type-rich is-provider-pinterest wp-block-embed-pinterest\"><div class=\"wp-block-embed__wrapper\">\n<iframe loading=\"lazy\" title=\"Verifying your browser. Please wait a few seconds...\" src=\"https:\/\/assets.pinterest.com\/ext\/embed.html?id=826340231651494170&#038;src=oembed\" height=\"699\" width=\"450\" frameborder=\"0\" scrolling=\"no\" ><\/iframe>\n<\/div><\/figure>\n\n\n\n<h2 class=\"wp-block-heading\">Como escolher o melhor aromatizador el\u00e9trico para o seu ambiente<\/h2>\n\n\n\n<p>Na hora de escolher o <strong>aromatizador el\u00e9trico ideal<\/strong>, vale considerar o tamanho do c\u00f4modo, o tipo de cheiro que voc\u00ea gosta e quanto tempo o aparelho ficar\u00e1 ligado. Em banheiros ou corredores pequenos, um modelo compacto j\u00e1 costuma dar conta do <b>recado<\/b>, enquanto salas grandes podem precisar de aparelhos mais potentes ou at\u00e9 de dois difusores.<\/p>\n\n\n\n<ul class=\"wp-block-list\">\n<li><strong>Tamanho do ambiente<\/strong>: espa\u00e7os maiores pedem difus\u00e3o de aroma mais ampla;<\/li>\n\n\n\n<li><strong>Consumo de energia<\/strong>: prefira aparelhos econ\u00f4micos para uso di\u00e1rio;<\/li>\n\n\n\n<li><strong>Tipo de refil<\/strong>: verifique custo, dura\u00e7\u00e3o m\u00e9dia e facilidade de encontrar;<\/li>\n\n\n\n<li><strong>Recursos extras<\/strong>: controle de intensidade, luz de LED ou timer podem ajudar.<\/li>\n<\/ul>\n\n\n\n<p>Para voc\u00ea que gosta de reviews, separamos um v\u00eddeo do canal <a href=\"https:\/\/www.youtube.com\/@AnaniasJ%C3%BAnior-Perfulovers\" target=\"_blank\" rel=\"noreferrer noopener\">Ananias J\u00fanior <\/a>mostrando um modelo desse aparelho para usar na sua casa:<\/p>\n\n\n\n<figure class=\"wp-block-embed is-type-video is-provider-youtube wp-block-embed-youtube wp-embed-aspect-16-9 wp-has-aspect-ratio\"><div class=\"wp-block-embed__wrapper\">\n<div class=\"jeg_video_container jeg_video_content\"><iframe loading=\"lazy\" title=\"O Melhor Aromatizador Baratinho da Shopee - CASA SEMPRE CHEIROSA!\" width=\"500\" height=\"281\" src=\"https:\/\/www.youtube.com\/embed\/87gIVjCWmiA?feature=oembed\" frameborder=\"0\" allow=\"accelerometer; autoplay; clipboard-write; encrypted-media; gyroscope; picture-in-picture; web-share\" referrerpolicy=\"strict-origin-when-cross-origin\" allowfullscreen><\/iframe><\/div>\n<\/div><\/figure>\n\n\n\n<h2 class=\"wp-block-heading\">Quais cuidados de seguran\u00e7a o aromatizador el\u00e9trico exige<\/h2>\n\n\n\n<p>Apesar de simples de usar, o <strong>aromatizador el\u00e9trico<\/strong> precisa de alguns cuidados b\u00e1sicos para n\u00e3o virar dor de cabe\u00e7a. O ideal \u00e9 sempre lig\u00e1-lo em tomada firme, sem adaptadores frouxos, e mant\u00ea-lo longe de cortinas, tecidos e outros materiais <b>inflam\u00e1veis<\/b>.<\/p>\n\n\n\n<p>Tamb\u00e9m \u00e9 importante manter o aparelho fora do alcance de <strong>crian\u00e7as<\/strong> e pets, checar de vez em quando o estado do plugue e da carca\u00e7a e, se poss\u00edvel, deslig\u00e1-lo em aus\u00eancias prolongadas. Em modelos com ess\u00eancias puras, seguir a orienta\u00e7\u00e3o de quantidade de gotas evita cheiros muito fortes e ac\u00famulo de <b>res\u00edduos<\/b>.<\/p>\n\n\n\n<h2 class=\"wp-block-heading\">Quais s\u00e3o as vantagens do aromatizador el\u00e9trico e como usar com equil\u00edbrio<\/h2>\n\n\n\n<p>O <strong>aromatizador el\u00e9trico<\/strong> traz praticidade, perfume cont\u00ednuo e variedade de cheiros, mas tamb\u00e9m tem seus limites. O custo dos refis pode pesar para quem usa em v\u00e1rios c\u00f4modos, e pessoas sens\u00edveis a fragr\u00e2ncias fortes podem preferir aromas mais <b>suaves<\/b> e intensidade baixa.<\/p>\n\n\n\n<p>Uma forma inteligente de uso \u00e9 alternar as fragr\u00e2ncias ao longo do ano, combinar o aromatizador com janelas abertas sempre que poss\u00edvel e escolher ess\u00eancias mais leves para quartos e espa\u00e7os de <strong>descanso<\/strong>. Assim, o aparelho vira um aliado para criar um clima acolhedor, sem exageros e respeitando o bem-estar de quem vive na <b>casa<\/b>.<\/p>\n","protected":false},"excerpt":{"rendered":"<p>Voc\u00ea j\u00e1 entrou em uma casa e pensou: \u201cQue cheiro gostoso, queria que a minha ficasse assim o dia todo\u201d? Manter o lar sempre perfumado, sem esfor\u00e7o, \u00e9 o que tem feito muitas fam\u00edlias adotarem o aromatizador el\u00e9trico como aliado na rotina, tanto em casas quanto em ambientes comerciais. O que \u00e9 um aromatizador el\u00e9trico [&hellip;]<\/p>\n","protected":false},"author":9,"featured_media":181449,"comment_status":"open","ping_status":"open","sticky":false,"template":"","format":"standard","meta":{"jnews-multi-image_gallery":[],"jnews_single_post":{"format":"standard"},"jnews_primary_category":[],"jnews_social_meta":[],"jnews_override_counter":[],"footnotes":""},"categories":[8819,1],"tags":[15038,14042,5660],"class_list":["post-181341","post","type-post","status-publish","format-standard","has-post-thumbnail","hentry","category-curiosidades","category-noticias","tag-aromatizador","tag-casa-perfumada","tag-eletronico"],"yoast_head":"<!-- This site is optimized with the Yoast SEO plugin v23.8 - https:\/\/yoast.com\/wordpress\/plugins\/seo\/ -->\n<title>Adeus spray, o aromatizador el\u00e9trico que o seu lar precisa - Estado de Minas - Em foco<\/title>\n<meta name=\"description\" content=\"Mantenha sua casa perfumada sem esfor\u00e7o com o aromatizador el\u00e9trico. Saiba como escolher e usar com seguran\u00e7a.\" \/>\n<meta name=\"robots\" content=\"index, follow, max-snippet:-1, max-image-preview:large, max-video-preview:-1\" \/>\n<link rel=\"canonical\" href=\"https:\/\/www.em.com.br\/emfoco\/2026\/03\/14\/adeus-spray-o-aromatizador-eletrico-que-o-seu-lar-precisa\/\" \/>\n<meta property=\"og:locale\" content=\"pt_BR\" \/>\n<meta property=\"og:type\" content=\"article\" \/>\n<meta property=\"og:title\" content=\"Adeus spray, o aromatizador el\u00e9trico que o seu lar precisa - Estado de Minas - Em foco\" \/>\n<meta property=\"og:description\" content=\"Mantenha sua casa perfumada sem esfor\u00e7o com o aromatizador el\u00e9trico. Saiba como escolher e usar com seguran\u00e7a.\" \/>\n<meta property=\"og:url\" content=\"https:\/\/www.em.com.br\/emfoco\/2026\/03\/14\/adeus-spray-o-aromatizador-eletrico-que-o-seu-lar-precisa\/\" \/>\n<meta property=\"og:site_name\" content=\"Estado de Minas - Em foco\" \/>\n<meta property=\"article:published_time\" content=\"2026-03-14T16:05:50+00:00\" \/>\n<meta property=\"article:modified_time\" content=\"2026-03-13T22:24:44+00:00\" \/>\n<meta property=\"og:image\" content=\"https:\/\/www.em.com.br\/emfoco\/wp-content\/uploads\/2026\/03\/Gemini_Generated_Image_8x8e638x8e638x8e-1.png\" \/>\n\t<meta property=\"og:image:width\" content=\"1280\" \/>\n\t<meta property=\"og:image:height\" content=\"720\" \/>\n\t<meta property=\"og:image:type\" content=\"image\/png\" \/>\n<meta name=\"author\" content=\"Daniely Cardoso\" \/>\n<meta name=\"twitter:card\" content=\"summary_large_image\" \/>\n<meta name=\"twitter:label1\" content=\"Escrito por\" \/>\n\t<meta name=\"twitter:data1\" content=\"Daniely Cardoso\" \/>\n\t<meta name=\"twitter:label2\" content=\"Est. tempo de leitura\" \/>\n\t<meta name=\"twitter:data2\" content=\"4 minutos\" \/>\n<!-- \/ Yoast SEO plugin. -->","yoast_head_json":{"title":"Adeus spray, o aromatizador el\u00e9trico que o seu lar precisa - Estado de Minas - Em foco","description":"Mantenha sua casa perfumada sem esfor\u00e7o com o aromatizador el\u00e9trico. Saiba como escolher e usar com seguran\u00e7a.","robots":{"index":"index","follow":"follow","max-snippet":"max-snippet:-1","max-image-preview":"max-image-preview:large","max-video-preview":"max-video-preview:-1"},"canonical":"https:\/\/www.em.com.br\/emfoco\/2026\/03\/14\/adeus-spray-o-aromatizador-eletrico-que-o-seu-lar-precisa\/","og_locale":"pt_BR","og_type":"article","og_title":"Adeus spray, o aromatizador el\u00e9trico que o seu lar precisa - Estado de Minas - Em foco","og_description":"Mantenha sua casa perfumada sem esfor\u00e7o com o aromatizador el\u00e9trico. Saiba como escolher e usar com seguran\u00e7a.","og_url":"https:\/\/www.em.com.br\/emfoco\/2026\/03\/14\/adeus-spray-o-aromatizador-eletrico-que-o-seu-lar-precisa\/","og_site_name":"Estado de Minas - Em foco","article_published_time":"2026-03-14T16:05:50+00:00","article_modified_time":"2026-03-13T22:24:44+00:00","og_image":[{"width":1280,"height":720,"url":"https:\/\/www.em.com.br\/emfoco\/wp-content\/uploads\/2026\/03\/Gemini_Generated_Image_8x8e638x8e638x8e-1.png","type":"image\/png"}],"author":"Daniely Cardoso","twitter_card":"summary_large_image","twitter_misc":{"Escrito por":"Daniely Cardoso","Est. tempo de leitura":"4 minutos"},"schema":{"@context":"https:\/\/schema.org","@graph":[{"@type":"WebPage","@id":"https:\/\/www.em.com.br\/emfoco\/2026\/03\/14\/adeus-spray-o-aromatizador-eletrico-que-o-seu-lar-precisa\/","url":"https:\/\/www.em.com.br\/emfoco\/2026\/03\/14\/adeus-spray-o-aromatizador-eletrico-que-o-seu-lar-precisa\/","name":"Adeus spray, o aromatizador el\u00e9trico que o seu lar precisa - Estado de Minas - Em foco","isPartOf":{"@id":"https:\/\/www.em.com.br\/emfoco\/#website"},"primaryImageOfPage":{"@id":"https:\/\/www.em.com.br\/emfoco\/2026\/03\/14\/adeus-spray-o-aromatizador-eletrico-que-o-seu-lar-precisa\/#primaryimage"},"image":{"@id":"https:\/\/www.em.com.br\/emfoco\/2026\/03\/14\/adeus-spray-o-aromatizador-eletrico-que-o-seu-lar-precisa\/#primaryimage"},"thumbnailUrl":"https:\/\/www.em.com.br\/emfoco\/wp-content\/uploads\/2026\/03\/Gemini_Generated_Image_8x8e638x8e638x8e-1.png","datePublished":"2026-03-14T16:05:50+00:00","dateModified":"2026-03-13T22:24:44+00:00","author":{"@id":"https:\/\/www.em.com.br\/emfoco\/#\/schema\/person\/0a8186d72f2c3a5c6276d90b41f271a0"},"description":"Mantenha sua casa perfumada sem esfor\u00e7o com o aromatizador el\u00e9trico. Saiba como escolher e usar com seguran\u00e7a.","breadcrumb":{"@id":"https:\/\/www.em.com.br\/emfoco\/2026\/03\/14\/adeus-spray-o-aromatizador-eletrico-que-o-seu-lar-precisa\/#breadcrumb"},"inLanguage":"pt-BR","potentialAction":[{"@type":"ReadAction","target":["https:\/\/www.em.com.br\/emfoco\/2026\/03\/14\/adeus-spray-o-aromatizador-eletrico-que-o-seu-lar-precisa\/"]}]},{"@type":"ImageObject","inLanguage":"pt-BR","@id":"https:\/\/www.em.com.br\/emfoco\/2026\/03\/14\/adeus-spray-o-aromatizador-eletrico-que-o-seu-lar-precisa\/#primaryimage","url":"https:\/\/www.em.com.br\/emfoco\/wp-content\/uploads\/2026\/03\/Gemini_Generated_Image_8x8e638x8e638x8e-1.png","contentUrl":"https:\/\/www.em.com.br\/emfoco\/wp-content\/uploads\/2026\/03\/Gemini_Generated_Image_8x8e638x8e638x8e-1.png","width":1280,"height":720,"caption":"O aromatizador el\u00e9trico \u00e9 um aparelhinho compacto, geralmente de pl\u00e1stico ou cer\u00e2mica, que voc\u00ea conecta direto na tomada."},{"@type":"BreadcrumbList","@id":"https:\/\/www.em.com.br\/emfoco\/2026\/03\/14\/adeus-spray-o-aromatizador-eletrico-que-o-seu-lar-precisa\/#breadcrumb","itemListElement":[{"@type":"ListItem","position":1,"name":"In\u00edcio","item":"https:\/\/www.em.com.br\/emfoco\/"},{"@type":"ListItem","position":2,"name":"Adeus spray, o aromatizador el\u00e9trico que o seu lar precisa"}]},{"@type":"WebSite","@id":"https:\/\/www.em.com.br\/emfoco\/#website","url":"https:\/\/www.em.com.br\/emfoco\/","name":"Estado de Minas - Em foco","description":"Acompanhe as \u00faltimas not\u00edcias e fique bem informado sobre tudo o que acontece em Minas Gerais, Brasil e no mundo.","potentialAction":[{"@type":"SearchAction","target":{"@type":"EntryPoint","urlTemplate":"https:\/\/www.em.com.br\/emfoco\/?s={search_term_string}"},"query-input":{"@type":"PropertyValueSpecification","valueRequired":true,"valueName":"search_term_string"}}],"inLanguage":"pt-BR"},{"@type":"Person","@id":"https:\/\/www.em.com.br\/emfoco\/#\/schema\/person\/0a8186d72f2c3a5c6276d90b41f271a0","name":"Daniely Cardoso","image":{"@type":"ImageObject","inLanguage":"pt-BR","@id":"https:\/\/www.em.com.br\/emfoco\/#\/schema\/person\/image\/","url":"https:\/\/secure.gravatar.com\/avatar\/4b80ddbd124d1f071b626d52d62e5dff?s=96&d=mm&r=g","contentUrl":"https:\/\/secure.gravatar.com\/avatar\/4b80ddbd124d1f071b626d52d62e5dff?s=96&d=mm&r=g","caption":"Daniely Cardoso"},"url":"https:\/\/www.em.com.br\/emfoco\/author\/danielymyth\/"}]}},"_links":{"self":[{"href":"https:\/\/www.em.com.br\/emfoco\/wp-json\/wp\/v2\/posts\/181341","targetHints":{"allow":["GET"]}}],"collection":[{"href":"https:\/\/www.em.com.br\/emfoco\/wp-json\/wp\/v2\/posts"}],"about":[{"href":"https:\/\/www.em.com.br\/emfoco\/wp-json\/wp\/v2\/types\/post"}],"author":[{"embeddable":true,"href":"https:\/\/www.em.com.br\/emfoco\/wp-json\/wp\/v2\/users\/9"}],"replies":[{"embeddable":true,"href":"https:\/\/www.em.com.br\/emfoco\/wp-json\/wp\/v2\/comments?post=181341"}],"version-history":[{"count":2,"href":"https:\/\/www.em.com.br\/emfoco\/wp-json\/wp\/v2\/posts\/181341\/revisions"}],"predecessor-version":[{"id":181399,"href":"https:\/\/www.em.com.br\/emfoco\/wp-json\/wp\/v2\/posts\/181341\/revisions\/181399"}],"wp:featuredmedia":[{"embeddable":true,"href":"https:\/\/www.em.com.br\/emfoco\/wp-json\/wp\/v2\/media\/181449"}],"wp:attachment":[{"href":"https:\/\/www.em.com.br\/emfoco\/wp-json\/wp\/v2\/media?parent=181341"}],"wp:term":[{"taxonomy":"category","embeddable":true,"href":"https:\/\/www.em.com.br\/emfoco\/wp-json\/wp\/v2\/categories?post=181341"},{"taxonomy":"post_tag","embeddable":true,"href":"https:\/\/www.em.com.br\/emfoco\/wp-json\/wp\/v2\/tags?post=181341"}],"curies":[{"name":"wp","href":"https:\/\/api.w.org\/{rel}","templated":true}]}}