{"id":181338,"date":"2026-03-14T12:05:39","date_gmt":"2026-03-14T15:05:39","guid":{"rendered":"https:\/\/www.em.com.br\/emfoco\/?p=181338"},"modified":"2026-03-13T19:19:38","modified_gmt":"2026-03-13T22:19:38","slug":"nem-laranja-nem-limao-o-fruto-que-protege-suas-celulas-e-turbina-a-sua-imunidade","status":"publish","type":"post","link":"https:\/\/www.em.com.br\/emfoco\/2026\/03\/14\/nem-laranja-nem-limao-o-fruto-que-protege-suas-celulas-e-turbina-a-sua-imunidade\/","title":{"rendered":"Nem laranja nem lim\u00e3o, o fruto que protege suas c\u00e9lulas e turbina a sua imunidade"},"content":{"rendered":"\n<p>Voc\u00ea j\u00e1 provou um suco de tamarindo bem gelado num dia quente e sentiu aquele misto de refresc\u00e2ncia e acidez marcante? Esse fruto tropical, de sabor inconfund\u00edvel, vem chamando aten\u00e7\u00e3o n\u00e3o s\u00f3 na cozinha, mas tamb\u00e9m quando o assunto \u00e9 bem-estar. Em muitos pa\u00edses, o tamarindo j\u00e1 faz parte da rotina em bebidas, molhos e doces, o que facilita sua inclus\u00e3o em uma alimenta\u00e7\u00e3o mais <strong>equilibrada<\/strong> e potencialmente mais <strong>saud\u00e1vel<\/strong>.<\/p>\n\n\n\n<h2 class=\"wp-block-heading\">Quais s\u00e3o os principais benef\u00edcios do tamarindo para a sa\u00fade?<\/h2>\n\n\n\n<p>A palavra-chave principal deste tema \u00e9 <strong>benef\u00edcios do tamarindo para sa\u00fade<\/strong>, ligada \u00e0 composi\u00e7\u00e3o nutricional simples, mas interessante do fruto. Ele oferece fibras sol\u00faveis e insol\u00faveis, que ajudam tanto no <b>tr\u00e2nsito<\/b> intestinal quanto na sensa\u00e7\u00e3o de <b>saciedade<\/b>, al\u00e9m de vitaminas do complexo B, pot\u00e1ssio, magn\u00e9sio e compostos fen\u00f3licos com a\u00e7\u00e3o antioxidante.<\/p>\n\n\n\n<p>No dia a dia, o consumo moderado de tamarindo pode apoiar o <strong>funcionamento intestinal<\/strong>, algo valorizado por quem sofre com pris\u00e3o de ventre ocasional. A polpa tem efeito levemente laxativo, principalmente quando ingerida com \u00e1gua, favorecendo a elimina\u00e7\u00e3o de res\u00edduos e contribuindo para um sistema digestivo mais <b>regulado<\/b> e mais <b>confort\u00e1vel<\/b>.<\/p>\n\n\n\n<figure class=\"wp-block-embed is-type-rich is-provider-pinterest wp-block-embed-pinterest\"><div class=\"wp-block-embed__wrapper\">\n<iframe loading=\"lazy\" title=\" \" src=\"https:\/\/assets.pinterest.com\/ext\/embed.html?id=148196643982628670&#038;src=oembed\" height=\"899\" width=\"450\" frameborder=\"0\" scrolling=\"no\" ><\/iframe>\n<\/div><\/figure>\n\n\n\n<p>Leia tamb\u00e9m:&nbsp;<a href=\"https:\/\/www.em.com.br\/emfoco\/2026\/03\/13\/especialistas-indicam-4-frutas-que-ajudam-a-reduzir-a-vontade-de-comer-no-dia-a-dia\/\" target=\"_blank\" rel=\"noopener\">Especialistas indicam 4 frutas que ajudam a reduzir a vontade de comer no dia a dia<\/a><\/p>\n\n\n\n<h2 class=\"wp-block-heading\">Quais benef\u00edcios o tamarindo traz para a sa\u00fade digestiva e o metabolismo?<\/h2>\n\n\n\n<p>Entre os <strong>benef\u00edcios do tamarindo para sa\u00fade digestiva<\/strong>, destacam-se a melhora do tr\u00e2nsito intestinal, a poss\u00edvel redu\u00e7\u00e3o de desconfortos ap\u00f3s refei\u00e7\u00f5es mais pesadas e o apoio \u00e0 microbiota. As fibras servem de \u201calimento\u201d para bact\u00e9rias ben\u00e9ficas do intestino, ajudando a manter uma flora mais <b>equilibrada<\/b> e um aproveitamento melhor dos <b>nutrientes<\/b>.<\/p>\n\n\n\n<p>O metabolismo tamb\u00e9m pode ser influenciado pelo consumo do fruto em uma rotina alimentar organizada. Estudos sugerem que alguns componentes do tamarindo podem auxiliar no controle de glicose e gorduras no sangue, gra\u00e7as a \u00e1cidos org\u00e2nicos e subst\u00e2ncias bioativas, o que \u00e9 interessante para quem busca mais <b>estabilidade<\/b> metab\u00f3lica, sempre com <b>acompanhamento<\/b> profissional em casos de doen\u00e7a.<\/p>\n\n\n\n<figure class=\"wp-block-embed is-type-rich is-provider-pinterest wp-block-embed-pinterest\"><div class=\"wp-block-embed__wrapper\">\n<iframe loading=\"lazy\" title=\"\ud83c\udf79 Refresque-se com o ex\u00f3tico suco de tamarindo! \ud83c\udf34 \ud83d\udcdd Anote a receita: \u2705 1 x\u00edcara de polpa de tamarindo (sem sementes, hein?) \u2705 500ml de \u00e1gua gelada \u2705 Gotinhas de lim\u00e3o (segredinho extra!) \u2705 Adoce com mel ou ado\u00e7ante natural (a gosto!) Preparo? \ud83c\udf2a\ufe0f Bata tudo no liquidificador, coe (se quiser) e sirva com gelo!  \ud83e\uddca Refresc\u00e2ncia garantida! \ud83d\ude09 Cultura e Conhecimento ao seu alcance. veja detalhes no site https:\/\/www.mpsnet.net\/G\/M\/LCulinariG.html fale pelo nosso Zap https:\/\/wa.me\/5561984214742  Para v...\" src=\"https:\/\/assets.pinterest.com\/ext\/embed.html?id=11962755256807049&#038;src=oembed\" height=\"663\" width=\"450\" frameborder=\"0\" scrolling=\"no\" ><\/iframe>\n<\/div><\/figure>\n\n\n\n<h2 class=\"wp-block-heading\">Quais nutrientes do tamarindo merecem destaque no dia a dia?<\/h2>\n\n\n\n<p>Para entender melhor como incluir o fruto na rotina, vale olhar com calma para seus principais componentes. Eles podem apoiar desde o intestino at\u00e9 a sa\u00fade do cora\u00e7\u00e3o, quando somados a um estilo de vida mais <b>ativo<\/b> e a uma alimenta\u00e7\u00e3o variada e <b>colorida<\/b>.<\/p>\n\n\n\n<ul class=\"wp-block-list\">\n<li><strong>Fibras:<\/strong> contribuem para a saciedade, o ritmo intestinal e podem ajudar no controle do apetite.<\/li>\n\n\n\n<li><strong>Antioxidantes:<\/strong> auxiliam na prote\u00e7\u00e3o celular contra radicais livres do dia a dia.<\/li>\n\n\n\n<li><strong>Min\u00e9rios:<\/strong> pot\u00e1ssio, magn\u00e9sio e c\u00e1lcio colaboram com fun\u00e7\u00f5es musculares, \u00f3sseas e press\u00e3o arterial.<\/li>\n\n\n\n<li><strong>\u00c1cidos org\u00e2nicos:<\/strong> participam de processos metab\u00f3licos importantes no uso de energia.<\/li>\n<\/ul>\n\n\n\n<p>Para voc\u00ea que gosta de se cuidar, separamos um v\u00eddeo do canal da <a href=\"https:\/\/www.youtube.com\/@NutricionistaPatriciaLeite\" target=\"_blank\" rel=\"noreferrer noopener\">Nutricionista Patricia Leite<\/a> com dicas de consumo e os benefcios do tamarindo para sa\u00fade:<\/p>\n\n\n\n<figure class=\"wp-block-embed is-type-video is-provider-youtube wp-block-embed-youtube wp-embed-aspect-16-9 wp-has-aspect-ratio\"><div class=\"wp-block-embed__wrapper\">\n<div class=\"jeg_video_container jeg_video_content\"><iframe loading=\"lazy\" title=\"Para PRIS\u00c3O DE VENTRE, F\u00cdGADO e SA\u00daDE! Benef\u00edcios do TAMARINDO e Como Usar Certo!\" width=\"500\" height=\"281\" src=\"https:\/\/www.youtube.com\/embed\/cUAR_pxuJ6A?feature=oembed\" frameborder=\"0\" allow=\"accelerometer; autoplay; clipboard-write; encrypted-media; gyroscope; picture-in-picture; web-share\" referrerpolicy=\"strict-origin-when-cross-origin\" allowfullscreen><\/iframe><\/div>\n<\/div><\/figure>\n\n\n\n<h2 class=\"wp-block-heading\">Como o tamarindo pode ajudar na imunidade e na prote\u00e7\u00e3o cardiovascular?<\/h2>\n\n\n\n<p>No campo da imunidade, o tamarindo oferece vitamina C em quantidade moderada, al\u00e9m de outros antioxidantes que contribuem para a defesa do organismo. Esses compostos ajudam a reduzir o estresse oxidativo, ligado ao envelhecimento precoce das c\u00e9lulas e a processos inflamat\u00f3rios, somando pontos em uma rotina mais <b>resiliente<\/b> e com sensa\u00e7\u00e3o de maior <b>vitalidade<\/b>.<\/p>\n\n\n\n<p>Quando se fala em <strong>benef\u00edcios do tamarindo para sa\u00fade do cora\u00e7\u00e3o<\/strong>, a aten\u00e7\u00e3o recai sobre o pot\u00e1ssio e os antioxidantes. O pot\u00e1ssio auxilia no equil\u00edbrio da press\u00e3o arterial, enquanto compostos fen\u00f3licos podem colaborar na prote\u00e7\u00e3o dos vasos sangu\u00edneos. Inserir o fruto em pequenas mudan\u00e7as di\u00e1rias favorece escolhas mais <b>conscientes<\/b> e um cuidado gradual com o <b>cora\u00e7\u00e3o<\/b>.<\/p>\n\n\n\n<ol class=\"wp-block-list\">\n<li>Inserir o tamarindo como tempero em molhos de salada pode aumentar o consumo de antioxidantes.<\/li>\n\n\n\n<li>Utilizar a polpa em bebidas naturais, com pouco ou nenhum a\u00e7\u00facar, ajuda na hidrata\u00e7\u00e3o e ingest\u00e3o de fibras.<\/li>\n\n\n\n<li>Combinar o fruto com prote\u00ednas magras e cereais integrais favorece um prato mais equilibrado.<\/li>\n<\/ol>\n\n\n\n<p>Apesar dos diversos <strong>benef\u00edcios do tamarindo para sa\u00fade<\/strong>, alguns cuidados s\u00e3o importantes. A polpa \u00e9 naturalmente rica em \u00e1cidos e a\u00e7\u00facares da pr\u00f3pria fruta, e prepara\u00e7\u00f5es industrializadas costumam receber a\u00e7\u00facar extra; por isso, quem precisa controlar glicemia ou tem sensibilidade g\u00e1strica deve observar a quantidade e priorizar vers\u00f5es mais <b>naturais<\/b> e com menos <b>processos<\/b>.<\/p>\n","protected":false},"excerpt":{"rendered":"<p>Voc\u00ea j\u00e1 provou um suco de tamarindo bem gelado num dia quente e sentiu aquele misto de refresc\u00e2ncia e acidez marcante? Esse fruto tropical, de sabor inconfund\u00edvel, vem chamando aten\u00e7\u00e3o n\u00e3o s\u00f3 na cozinha, mas tamb\u00e9m quando o assunto \u00e9 bem-estar. Em muitos pa\u00edses, o tamarindo j\u00e1 faz parte da rotina em bebidas, molhos e [&hellip;]<\/p>\n","protected":false},"author":9,"featured_media":170089,"comment_status":"open","ping_status":"open","sticky":false,"template":"","format":"standard","meta":{"jnews-multi-image_gallery":[],"jnews_single_post":{"format":"standard"},"jnews_primary_category":[],"jnews_social_meta":[],"jnews_override_counter":[],"footnotes":""},"categories":[8819,1],"tags":[256,5890,7699],"class_list":["post-181338","post","type-post","status-publish","format-standard","has-post-thumbnail","hentry","category-curiosidades","category-noticias","tag-beneficios","tag-fruto","tag-tamarindo"],"yoast_head":"<!-- This site is optimized with the Yoast SEO plugin v23.8 - https:\/\/yoast.com\/wordpress\/plugins\/seo\/ -->\n<title>Nem laranja nem lim\u00e3o, o fruto que protege suas c\u00e9lulas e turbina a sua imunidade - Estado de Minas - Em foco<\/title>\n<meta name=\"description\" content=\"Descubra como o tamarindo regula o intestino, protege o cora\u00e7\u00e3o e ajuda no controle da glicose naturalmente.\" \/>\n<meta name=\"robots\" content=\"index, follow, max-snippet:-1, max-image-preview:large, max-video-preview:-1\" \/>\n<link rel=\"canonical\" href=\"https:\/\/www.em.com.br\/emfoco\/2026\/03\/14\/nem-laranja-nem-limao-o-fruto-que-protege-suas-celulas-e-turbina-a-sua-imunidade\/\" \/>\n<meta property=\"og:locale\" content=\"pt_BR\" \/>\n<meta property=\"og:type\" content=\"article\" \/>\n<meta property=\"og:title\" content=\"Nem laranja nem lim\u00e3o, o fruto que protege suas c\u00e9lulas e turbina a sua imunidade - Estado de Minas - Em foco\" \/>\n<meta property=\"og:description\" content=\"Descubra como o tamarindo regula o intestino, protege o cora\u00e7\u00e3o e ajuda no controle da glicose naturalmente.\" \/>\n<meta property=\"og:url\" content=\"https:\/\/www.em.com.br\/emfoco\/2026\/03\/14\/nem-laranja-nem-limao-o-fruto-que-protege-suas-celulas-e-turbina-a-sua-imunidade\/\" \/>\n<meta property=\"og:site_name\" content=\"Estado de Minas - Em foco\" \/>\n<meta property=\"article:published_time\" content=\"2026-03-14T15:05:39+00:00\" \/>\n<meta property=\"article:modified_time\" content=\"2026-03-13T22:19:38+00:00\" \/>\n<meta property=\"og:image\" content=\"https:\/\/www.em.com.br\/emfoco\/wp-content\/uploads\/2026\/02\/Gemini_Generated_Image_41gwh141gwh141gw-1.png\" \/>\n\t<meta property=\"og:image:width\" content=\"1280\" \/>\n\t<meta property=\"og:image:height\" content=\"720\" \/>\n\t<meta property=\"og:image:type\" content=\"image\/png\" \/>\n<meta name=\"author\" content=\"Daniely Cardoso\" \/>\n<meta name=\"twitter:card\" content=\"summary_large_image\" \/>\n<meta name=\"twitter:label1\" content=\"Escrito por\" \/>\n\t<meta name=\"twitter:data1\" content=\"Daniely Cardoso\" \/>\n\t<meta name=\"twitter:label2\" content=\"Est. tempo de leitura\" \/>\n\t<meta name=\"twitter:data2\" content=\"4 minutos\" \/>\n<!-- \/ Yoast SEO plugin. -->","yoast_head_json":{"title":"Nem laranja nem lim\u00e3o, o fruto que protege suas c\u00e9lulas e turbina a sua imunidade - Estado de Minas - Em foco","description":"Descubra como o tamarindo regula o intestino, protege o cora\u00e7\u00e3o e ajuda no controle da glicose naturalmente.","robots":{"index":"index","follow":"follow","max-snippet":"max-snippet:-1","max-image-preview":"max-image-preview:large","max-video-preview":"max-video-preview:-1"},"canonical":"https:\/\/www.em.com.br\/emfoco\/2026\/03\/14\/nem-laranja-nem-limao-o-fruto-que-protege-suas-celulas-e-turbina-a-sua-imunidade\/","og_locale":"pt_BR","og_type":"article","og_title":"Nem laranja nem lim\u00e3o, o fruto que protege suas c\u00e9lulas e turbina a sua imunidade - Estado de Minas - Em foco","og_description":"Descubra como o tamarindo regula o intestino, protege o cora\u00e7\u00e3o e ajuda no controle da glicose naturalmente.","og_url":"https:\/\/www.em.com.br\/emfoco\/2026\/03\/14\/nem-laranja-nem-limao-o-fruto-que-protege-suas-celulas-e-turbina-a-sua-imunidade\/","og_site_name":"Estado de Minas - Em foco","article_published_time":"2026-03-14T15:05:39+00:00","article_modified_time":"2026-03-13T22:19:38+00:00","og_image":[{"width":1280,"height":720,"url":"https:\/\/www.em.com.br\/emfoco\/wp-content\/uploads\/2026\/02\/Gemini_Generated_Image_41gwh141gwh141gw-1.png","type":"image\/png"}],"author":"Daniely Cardoso","twitter_card":"summary_large_image","twitter_misc":{"Escrito por":"Daniely Cardoso","Est. tempo de leitura":"4 minutos"},"schema":{"@context":"https:\/\/schema.org","@graph":[{"@type":"WebPage","@id":"https:\/\/www.em.com.br\/emfoco\/2026\/03\/14\/nem-laranja-nem-limao-o-fruto-que-protege-suas-celulas-e-turbina-a-sua-imunidade\/","url":"https:\/\/www.em.com.br\/emfoco\/2026\/03\/14\/nem-laranja-nem-limao-o-fruto-que-protege-suas-celulas-e-turbina-a-sua-imunidade\/","name":"Nem laranja nem lim\u00e3o, o fruto que protege suas c\u00e9lulas e turbina a sua imunidade - Estado de Minas - Em foco","isPartOf":{"@id":"https:\/\/www.em.com.br\/emfoco\/#website"},"primaryImageOfPage":{"@id":"https:\/\/www.em.com.br\/emfoco\/2026\/03\/14\/nem-laranja-nem-limao-o-fruto-que-protege-suas-celulas-e-turbina-a-sua-imunidade\/#primaryimage"},"image":{"@id":"https:\/\/www.em.com.br\/emfoco\/2026\/03\/14\/nem-laranja-nem-limao-o-fruto-que-protege-suas-celulas-e-turbina-a-sua-imunidade\/#primaryimage"},"thumbnailUrl":"https:\/\/www.em.com.br\/emfoco\/wp-content\/uploads\/2026\/02\/Gemini_Generated_Image_41gwh141gwh141gw-1.png","datePublished":"2026-03-14T15:05:39+00:00","dateModified":"2026-03-13T22:19:38+00:00","author":{"@id":"https:\/\/www.em.com.br\/emfoco\/#\/schema\/person\/0a8186d72f2c3a5c6276d90b41f271a0"},"description":"Descubra como o tamarindo regula o intestino, protege o cora\u00e7\u00e3o e ajuda no controle da glicose naturalmente.","breadcrumb":{"@id":"https:\/\/www.em.com.br\/emfoco\/2026\/03\/14\/nem-laranja-nem-limao-o-fruto-que-protege-suas-celulas-e-turbina-a-sua-imunidade\/#breadcrumb"},"inLanguage":"pt-BR","potentialAction":[{"@type":"ReadAction","target":["https:\/\/www.em.com.br\/emfoco\/2026\/03\/14\/nem-laranja-nem-limao-o-fruto-que-protege-suas-celulas-e-turbina-a-sua-imunidade\/"]}]},{"@type":"ImageObject","inLanguage":"pt-BR","@id":"https:\/\/www.em.com.br\/emfoco\/2026\/03\/14\/nem-laranja-nem-limao-o-fruto-que-protege-suas-celulas-e-turbina-a-sua-imunidade\/#primaryimage","url":"https:\/\/www.em.com.br\/emfoco\/wp-content\/uploads\/2026\/02\/Gemini_Generated_Image_41gwh141gwh141gw-1.png","contentUrl":"https:\/\/www.em.com.br\/emfoco\/wp-content\/uploads\/2026\/02\/Gemini_Generated_Image_41gwh141gwh141gw-1.png","width":1280,"height":720,"caption":"A palavra-chave principal deste tema \u00e9 benef\u00edcios do tamarindo para sa\u00fade, ligada \u00e0 composi\u00e7\u00e3o nutricional simples"},{"@type":"BreadcrumbList","@id":"https:\/\/www.em.com.br\/emfoco\/2026\/03\/14\/nem-laranja-nem-limao-o-fruto-que-protege-suas-celulas-e-turbina-a-sua-imunidade\/#breadcrumb","itemListElement":[{"@type":"ListItem","position":1,"name":"In\u00edcio","item":"https:\/\/www.em.com.br\/emfoco\/"},{"@type":"ListItem","position":2,"name":"Nem laranja nem lim\u00e3o, o fruto que protege suas c\u00e9lulas e turbina a sua imunidade"}]},{"@type":"WebSite","@id":"https:\/\/www.em.com.br\/emfoco\/#website","url":"https:\/\/www.em.com.br\/emfoco\/","name":"Estado de Minas - Em foco","description":"Acompanhe as \u00faltimas not\u00edcias e fique bem informado sobre tudo o que acontece em Minas Gerais, Brasil e no mundo.","potentialAction":[{"@type":"SearchAction","target":{"@type":"EntryPoint","urlTemplate":"https:\/\/www.em.com.br\/emfoco\/?s={search_term_string}"},"query-input":{"@type":"PropertyValueSpecification","valueRequired":true,"valueName":"search_term_string"}}],"inLanguage":"pt-BR"},{"@type":"Person","@id":"https:\/\/www.em.com.br\/emfoco\/#\/schema\/person\/0a8186d72f2c3a5c6276d90b41f271a0","name":"Daniely Cardoso","image":{"@type":"ImageObject","inLanguage":"pt-BR","@id":"https:\/\/www.em.com.br\/emfoco\/#\/schema\/person\/image\/","url":"https:\/\/secure.gravatar.com\/avatar\/4b80ddbd124d1f071b626d52d62e5dff?s=96&d=mm&r=g","contentUrl":"https:\/\/secure.gravatar.com\/avatar\/4b80ddbd124d1f071b626d52d62e5dff?s=96&d=mm&r=g","caption":"Daniely Cardoso"},"url":"https:\/\/www.em.com.br\/emfoco\/author\/danielymyth\/"}]}},"_links":{"self":[{"href":"https:\/\/www.em.com.br\/emfoco\/wp-json\/wp\/v2\/posts\/181338","targetHints":{"allow":["GET"]}}],"collection":[{"href":"https:\/\/www.em.com.br\/emfoco\/wp-json\/wp\/v2\/posts"}],"about":[{"href":"https:\/\/www.em.com.br\/emfoco\/wp-json\/wp\/v2\/types\/post"}],"author":[{"embeddable":true,"href":"https:\/\/www.em.com.br\/emfoco\/wp-json\/wp\/v2\/users\/9"}],"replies":[{"embeddable":true,"href":"https:\/\/www.em.com.br\/emfoco\/wp-json\/wp\/v2\/comments?post=181338"}],"version-history":[{"count":2,"href":"https:\/\/www.em.com.br\/emfoco\/wp-json\/wp\/v2\/posts\/181338\/revisions"}],"predecessor-version":[{"id":181391,"href":"https:\/\/www.em.com.br\/emfoco\/wp-json\/wp\/v2\/posts\/181338\/revisions\/181391"}],"wp:featuredmedia":[{"embeddable":true,"href":"https:\/\/www.em.com.br\/emfoco\/wp-json\/wp\/v2\/media\/170089"}],"wp:attachment":[{"href":"https:\/\/www.em.com.br\/emfoco\/wp-json\/wp\/v2\/media?parent=181338"}],"wp:term":[{"taxonomy":"category","embeddable":true,"href":"https:\/\/www.em.com.br\/emfoco\/wp-json\/wp\/v2\/categories?post=181338"},{"taxonomy":"post_tag","embeddable":true,"href":"https:\/\/www.em.com.br\/emfoco\/wp-json\/wp\/v2\/tags?post=181338"}],"curies":[{"name":"wp","href":"https:\/\/api.w.org\/{rel}","templated":true}]}}