{"id":181326,"date":"2026-03-14T08:15:51","date_gmt":"2026-03-14T11:15:51","guid":{"rendered":"https:\/\/www.em.com.br\/emfoco\/?p=181326"},"modified":"2026-03-13T19:17:36","modified_gmt":"2026-03-13T22:17:36","slug":"o-fim-do-salto-alto-e-da-sapatilha-como-o-calcado-moderno-urbano-dominou-os-looks-de-trabalho-em-2026","status":"publish","type":"post","link":"https:\/\/www.em.com.br\/emfoco\/2026\/03\/14\/o-fim-do-salto-alto-e-da-sapatilha-como-o-calcado-moderno-urbano-dominou-os-looks-de-trabalho-em-2026\/","title":{"rendered":"O fim do salto alto e da sapatilha como o cal\u00e7ado moderno urbano dominou os looks de trabalho em 2026"},"content":{"rendered":"\n<p>Voc\u00ea j\u00e1 saiu de casa cedo, passou o dia inteiro na rua e s\u00f3 percebeu \u00e0 noite o quanto o <b>sapato<\/b> machucou seu <b>p\u00e9<\/b>? Em 2026, a moda urbana est\u00e1 justamente tentando resolver isso: o foco est\u00e1 em <b>conforto<\/b> e estilo, sem depender do salto alto ou da sapatilha delicada. Surge um tipo de cal\u00e7ado moderno urbano que ocupa as ruas, os escrit\u00f3rios e at\u00e9 eventos mais formais, oferecendo um meio-termo entre eleg\u00e2ncia e praticidade.<\/p>\n\n\n\n<h2 class=\"wp-block-heading\">O que \u00e9 o cal\u00e7ado moderno urbano sem salto e sem sapatilha<\/h2>\n\n\n\n<p>A palavra-chave desse movimento \u00e9 o <strong>cal\u00e7ado moderno<\/strong> urbano, pensado para a correria das cidades, com solado <b>confort\u00e1vel<\/b> e visual contempor\u00e2neo. Diferente do salto, que busca altura, e da sapatilha, que costuma ser mais fina e fr\u00e1gil, esses modelos trazem sola mais grossa, palmilha <b>anat\u00f4mica<\/b> e cabedal firme para encarar cal\u00e7adas irregulares, escadas e longos trajetos.<\/p>\n\n\n\n<p>\u00c9 comum encontrar vers\u00f5es inspiradas em t\u00eanis de lifestyle, loafers robustos e modelos h\u00edbridos que parecem mistura de sapato social com t\u00eanis. A ideia \u00e9 unir amortecimento, <b>estabilidade<\/b> e um design vers\u00e1til que combine com alfaiataria, jeans, vestidos midi e at\u00e9 pe\u00e7as esportivas, deixando o guarda-roupa mais funcional e a troca constante de sapatos menos necess\u00e1ria.<\/p>\n\n\n\n<figure class=\"wp-block-embed is-type-rich is-provider-pinterest wp-block-embed-pinterest\"><div class=\"wp-block-embed__wrapper\">\n<iframe loading=\"lazy\" title=\"zoe-mule-feminino-camurca-com-franjas - Not-Me Shoes - F\u00e1brica Pr\u00f3pria de Cal\u00e7ados Femininos\" src=\"https:\/\/assets.pinterest.com\/ext\/embed.html?id=984810643539825158&#038;src=oembed\" height=\"899\" width=\"450\" frameborder=\"0\" scrolling=\"no\" ><\/iframe>\n<\/div><\/figure>\n\n\n\n<figure class=\"wp-block-embed is-type-rich is-provider-pinterest wp-block-embed-pinterest\"><div class=\"wp-block-embed__wrapper\">\n<iframe loading=\"lazy\" title=\" \" src=\"https:\/\/assets.pinterest.com\/ext\/embed.html?id=2814818506603827&#038;src=oembed\" height=\"758\" width=\"450\" frameborder=\"0\" scrolling=\"no\" ><\/iframe>\n<\/div><\/figure>\n\n\n\n<p>Leia tamb\u00e9m:&nbsp;<a href=\"https:\/\/www.em.com.br\/emfoco\/2026\/02\/24\/conforto-virou-prioridade-calcados-baixos-que-substituem-saltos-sem-perder-elegancia\/\" target=\"_blank\" rel=\"noopener\">Conforto virou prioridade! Cal\u00e7ados baixos que substituem saltos sem perder eleg\u00e2ncia<\/a><\/p>\n\n\n\n<h2 class=\"wp-block-heading\">Quais s\u00e3o as principais caracter\u00edsticas desse tipo de cal\u00e7ado<\/h2>\n\n\n\n<p>Entre os formatos mais comuns est\u00e3o os mules sociais em couro ou material sint\u00e9tico, mocassins com sola tratorada e modelos slip-on que dispensam cadar\u00e7o. A combina\u00e7\u00e3o de tecnologia de amortecimento com design <b>clean<\/b> cria um visual urbano que n\u00e3o remete diretamente ao esporte, mas tamb\u00e9m foge da formalidade r\u00edgida dos sapatos <b>sociais<\/b>.<\/p>\n\n\n\n<p>Para quem depende de transporte p\u00fablico, bicicleta ou longas caminhadas entre compromissos, esse tipo de sapato se torna um aliado di\u00e1rio. Muitos modelos trazem materiais respir\u00e1veis, acabamento <b>refor\u00e7ado<\/b> e cores neutras, permitindo ir do escrit\u00f3rio a um encontro \u00e0 noite sem parecer arrumado demais nem <b>desleixado<\/b>.<\/p>\n\n\n\n<p>Para voc\u00ea que gosta de se cuidar, separamos um v\u00eddeo do canal <a href=\"https:\/\/www.youtube.com\/@Vit%C3%B3riaPortes\" target=\"_blank\" rel=\"noreferrer noopener\">Vit\u00f3ria Portes<\/a> com dicas de cal\u00e7adaos para usar em 2026:<\/p>\n\n\n\n<figure class=\"wp-block-embed is-type-video is-provider-youtube wp-block-embed-youtube wp-embed-aspect-16-9 wp-has-aspect-ratio\"><div class=\"wp-block-embed__wrapper\">\n<div class=\"jeg_video_container jeg_video_content\"><iframe loading=\"lazy\" title=\"VER\u00c3O 2026: CAL\u00c7ADOS - Vit\u00f3ria Portes\" width=\"500\" height=\"281\" src=\"https:\/\/www.youtube.com\/embed\/BNkjzXFKHAc?feature=oembed\" frameborder=\"0\" allow=\"accelerometer; autoplay; clipboard-write; encrypted-media; gyroscope; picture-in-picture; web-share\" referrerpolicy=\"strict-origin-when-cross-origin\" allowfullscreen><\/iframe><\/div>\n<\/div><\/figure>\n\n\n\n<h2 class=\"wp-block-heading\">Por que o cal\u00e7ado moderno est\u00e1 dominando os looks urbanos<\/h2>\n\n\n\n<p>A popularidade desse cal\u00e7ado tem tudo a ver com mudan\u00e7as de rotina e de mentalidade. Depois do boom do home office, a volta ao presencial n\u00e3o resgatou o h\u00e1bito de usar salto todos os dias, e muita gente passou a priorizar bem-estar e <b>mobilidade<\/b>. O mercado reagiu criando produtos que acompanham quem anda muito a p\u00e9, usa patinete, transporte p\u00fablico ou <b>bicicleta<\/b>.<\/p>\n\n\n\n<p>Essa prefer\u00eancia se explica por alguns pontos que fazem diferen\u00e7a no dia a dia e ajudam a transformar o visual sem perder o conforto. Veja como esses fatores aparecem na escolha de quem vive a rotina <b>urbana<\/b>:<\/p>\n\n\n\n<ul class=\"wp-block-list\">\n<li><strong>Conforto prolongado:<\/strong> solados com melhor amortecimento reduzem o cansa\u00e7o ao longo do <b>dia<\/b>.<\/li>\n\n\n\n<li><strong>Versatilidade de estilo:<\/strong> o mesmo par funciona em ambientes casuais e contextos mais <b>formais<\/b>.<\/li>\n\n\n\n<li><strong>Visual contempor\u00e2neo:<\/strong> linhas minimalistas e cores neutras combinam com v\u00e1rios tipos de <b>look<\/b>.<\/li>\n\n\n\n<li><strong>Adapta\u00e7\u00e3o ao clima:<\/strong> materiais respir\u00e1veis e modelos fechados lidam bem com calor e chuva <b>leve<\/b>.<\/li>\n<\/ul>\n\n\n\n<figure class=\"wp-block-embed is-type-rich is-provider-pinterest wp-block-embed-pinterest\"><div class=\"wp-block-embed__wrapper\">\n<iframe loading=\"lazy\" title=\"Look branco MARINA NAVES Inspira\u00e7\u00e3o de looks Look com mocassim Cal\u00e7a alfaiataria Cal\u00e7a pantacourt Cal\u00e7a branca Outfit Ootd Outfit of the day Outfit inspo\" src=\"https:\/\/assets.pinterest.com\/ext\/embed.html?id=3659243439580535&#038;src=oembed\" height=\"1100\" width=\"450\" frameborder=\"0\" scrolling=\"no\" ><\/iframe>\n<\/div><\/figure>\n\n\n\n<figure class=\"wp-block-embed is-type-rich is-provider-pinterest wp-block-embed-pinterest\"><div class=\"wp-block-embed__wrapper\">\n<iframe loading=\"lazy\" title=\" \" src=\"https:\/\/assets.pinterest.com\/ext\/embed.html?id=351912463660131&#038;src=oembed\" height=\"928\" width=\"450\" frameborder=\"0\" scrolling=\"no\" ><\/iframe>\n<\/div><\/figure>\n\n\n\n<h2 class=\"wp-block-heading\">Como escolher o melhor cal\u00e7ado moderno para o dia a dia<\/h2>\n\n\n\n<p>Na hora de levar um <strong>cal\u00e7ado moderno<\/strong> urbano para casa, n\u00e3o vale olhar s\u00f3 a apar\u00eancia; \u00e9 importante pensar na sua rotina real. Muitos consumidores hoje priorizam o ajuste ao p\u00e9, o tipo de sola e a durabilidade do <b>material<\/b>, evitando compras por impulso que acabam encostadas no <b>arm\u00e1rio<\/b>.<\/p>\n\n\n\n<p>Vale observar o solado, preferindo modelos um pouco mais altos, com boa tra\u00e7\u00e3o, que sejam est\u00e1veis em piso molhado ou irregular. Olhe tamb\u00e9m o interior do cal\u00e7ado: palmilhas macias, com suporte para o arco, e formas com bico menos estreito costumam distribuir melhor o peso do <b>corpo<\/b> e incomodar menos ao longo do <b>dia<\/b>.<\/p>\n","protected":false},"excerpt":{"rendered":"<p>Voc\u00ea j\u00e1 saiu de casa cedo, passou o dia inteiro na rua e s\u00f3 percebeu \u00e0 noite o quanto o sapato machucou seu p\u00e9? Em 2026, a moda urbana est\u00e1 justamente tentando resolver isso: o foco est\u00e1 em conforto e estilo, sem depender do salto alto ou da sapatilha delicada. Surge um tipo de cal\u00e7ado [&hellip;]<\/p>\n","protected":false},"author":9,"featured_media":158893,"comment_status":"open","ping_status":"open","sticky":false,"template":"","format":"standard","meta":{"jnews-multi-image_gallery":[],"jnews_single_post":{"format":"standard"},"jnews_primary_category":[],"jnews_social_meta":[],"jnews_override_counter":[],"footnotes":""},"categories":[8819,1],"tags":[4977,22761,6142,3096],"class_list":["post-181326","post","type-post","status-publish","format-standard","has-post-thumbnail","hentry","category-curiosidades","category-noticias","tag-moda","tag-sapatilha","tag-sapatos","tag-tendencias"],"yoast_head":"<!-- This site is optimized with the Yoast SEO plugin v23.8 - https:\/\/yoast.com\/wordpress\/plugins\/seo\/ -->\n<title>O fim do salto alto e da sapatilha como o cal\u00e7ado moderno urbano dominou os looks de trabalho em 2026 - Estado de Minas - Em foco<\/title>\n<meta name=\"description\" content=\"Esque\u00e7a o salto alto e conhe\u00e7a o cal\u00e7ado moderno urbano que une conforto de t\u00eanis e eleg\u00e2ncia para o trabalho.\" \/>\n<meta name=\"robots\" content=\"index, follow, max-snippet:-1, max-image-preview:large, max-video-preview:-1\" \/>\n<link rel=\"canonical\" href=\"https:\/\/www.em.com.br\/emfoco\/2026\/03\/14\/o-fim-do-salto-alto-e-da-sapatilha-como-o-calcado-moderno-urbano-dominou-os-looks-de-trabalho-em-2026\/\" \/>\n<meta property=\"og:locale\" content=\"pt_BR\" \/>\n<meta property=\"og:type\" content=\"article\" \/>\n<meta property=\"og:title\" content=\"O fim do salto alto e da sapatilha como o cal\u00e7ado moderno urbano dominou os looks de trabalho em 2026 - Estado de Minas - Em foco\" \/>\n<meta property=\"og:description\" content=\"Esque\u00e7a o salto alto e conhe\u00e7a o cal\u00e7ado moderno urbano que une conforto de t\u00eanis e eleg\u00e2ncia para o trabalho.\" \/>\n<meta property=\"og:url\" content=\"https:\/\/www.em.com.br\/emfoco\/2026\/03\/14\/o-fim-do-salto-alto-e-da-sapatilha-como-o-calcado-moderno-urbano-dominou-os-looks-de-trabalho-em-2026\/\" \/>\n<meta property=\"og:site_name\" content=\"Estado de Minas - Em foco\" \/>\n<meta property=\"article:published_time\" content=\"2026-03-14T11:15:51+00:00\" \/>\n<meta property=\"article:modified_time\" content=\"2026-03-13T22:17:36+00:00\" \/>\n<meta property=\"og:image\" content=\"https:\/\/www.em.com.br\/emfoco\/wp-content\/uploads\/2026\/01\/Gemini_Generated_Image_ljl29bljl29bljl2-1.png\" \/>\n\t<meta property=\"og:image:width\" content=\"1280\" \/>\n\t<meta property=\"og:image:height\" content=\"720\" \/>\n\t<meta property=\"og:image:type\" content=\"image\/png\" \/>\n<meta name=\"author\" content=\"Daniely Cardoso\" \/>\n<meta name=\"twitter:card\" content=\"summary_large_image\" \/>\n<meta name=\"twitter:label1\" content=\"Escrito por\" \/>\n\t<meta name=\"twitter:data1\" content=\"Daniely Cardoso\" \/>\n\t<meta name=\"twitter:label2\" content=\"Est. tempo de leitura\" \/>\n\t<meta name=\"twitter:data2\" content=\"4 minutos\" \/>\n<!-- \/ Yoast SEO plugin. -->","yoast_head_json":{"title":"O fim do salto alto e da sapatilha como o cal\u00e7ado moderno urbano dominou os looks de trabalho em 2026 - Estado de Minas - Em foco","description":"Esque\u00e7a o salto alto e conhe\u00e7a o cal\u00e7ado moderno urbano que une conforto de t\u00eanis e eleg\u00e2ncia para o trabalho.","robots":{"index":"index","follow":"follow","max-snippet":"max-snippet:-1","max-image-preview":"max-image-preview:large","max-video-preview":"max-video-preview:-1"},"canonical":"https:\/\/www.em.com.br\/emfoco\/2026\/03\/14\/o-fim-do-salto-alto-e-da-sapatilha-como-o-calcado-moderno-urbano-dominou-os-looks-de-trabalho-em-2026\/","og_locale":"pt_BR","og_type":"article","og_title":"O fim do salto alto e da sapatilha como o cal\u00e7ado moderno urbano dominou os looks de trabalho em 2026 - Estado de Minas - Em foco","og_description":"Esque\u00e7a o salto alto e conhe\u00e7a o cal\u00e7ado moderno urbano que une conforto de t\u00eanis e eleg\u00e2ncia para o trabalho.","og_url":"https:\/\/www.em.com.br\/emfoco\/2026\/03\/14\/o-fim-do-salto-alto-e-da-sapatilha-como-o-calcado-moderno-urbano-dominou-os-looks-de-trabalho-em-2026\/","og_site_name":"Estado de Minas - Em foco","article_published_time":"2026-03-14T11:15:51+00:00","article_modified_time":"2026-03-13T22:17:36+00:00","og_image":[{"width":1280,"height":720,"url":"https:\/\/www.em.com.br\/emfoco\/wp-content\/uploads\/2026\/01\/Gemini_Generated_Image_ljl29bljl29bljl2-1.png","type":"image\/png"}],"author":"Daniely Cardoso","twitter_card":"summary_large_image","twitter_misc":{"Escrito por":"Daniely Cardoso","Est. tempo de leitura":"4 minutos"},"schema":{"@context":"https:\/\/schema.org","@graph":[{"@type":"WebPage","@id":"https:\/\/www.em.com.br\/emfoco\/2026\/03\/14\/o-fim-do-salto-alto-e-da-sapatilha-como-o-calcado-moderno-urbano-dominou-os-looks-de-trabalho-em-2026\/","url":"https:\/\/www.em.com.br\/emfoco\/2026\/03\/14\/o-fim-do-salto-alto-e-da-sapatilha-como-o-calcado-moderno-urbano-dominou-os-looks-de-trabalho-em-2026\/","name":"O fim do salto alto e da sapatilha como o cal\u00e7ado moderno urbano dominou os looks de trabalho em 2026 - Estado de Minas - Em foco","isPartOf":{"@id":"https:\/\/www.em.com.br\/emfoco\/#website"},"primaryImageOfPage":{"@id":"https:\/\/www.em.com.br\/emfoco\/2026\/03\/14\/o-fim-do-salto-alto-e-da-sapatilha-como-o-calcado-moderno-urbano-dominou-os-looks-de-trabalho-em-2026\/#primaryimage"},"image":{"@id":"https:\/\/www.em.com.br\/emfoco\/2026\/03\/14\/o-fim-do-salto-alto-e-da-sapatilha-como-o-calcado-moderno-urbano-dominou-os-looks-de-trabalho-em-2026\/#primaryimage"},"thumbnailUrl":"https:\/\/www.em.com.br\/emfoco\/wp-content\/uploads\/2026\/01\/Gemini_Generated_Image_ljl29bljl29bljl2-1.png","datePublished":"2026-03-14T11:15:51+00:00","dateModified":"2026-03-13T22:17:36+00:00","author":{"@id":"https:\/\/www.em.com.br\/emfoco\/#\/schema\/person\/0a8186d72f2c3a5c6276d90b41f271a0"},"description":"Esque\u00e7a o salto alto e conhe\u00e7a o cal\u00e7ado moderno urbano que une conforto de t\u00eanis e eleg\u00e2ncia para o trabalho.","breadcrumb":{"@id":"https:\/\/www.em.com.br\/emfoco\/2026\/03\/14\/o-fim-do-salto-alto-e-da-sapatilha-como-o-calcado-moderno-urbano-dominou-os-looks-de-trabalho-em-2026\/#breadcrumb"},"inLanguage":"pt-BR","potentialAction":[{"@type":"ReadAction","target":["https:\/\/www.em.com.br\/emfoco\/2026\/03\/14\/o-fim-do-salto-alto-e-da-sapatilha-como-o-calcado-moderno-urbano-dominou-os-looks-de-trabalho-em-2026\/"]}]},{"@type":"ImageObject","inLanguage":"pt-BR","@id":"https:\/\/www.em.com.br\/emfoco\/2026\/03\/14\/o-fim-do-salto-alto-e-da-sapatilha-como-o-calcado-moderno-urbano-dominou-os-looks-de-trabalho-em-2026\/#primaryimage","url":"https:\/\/www.em.com.br\/emfoco\/wp-content\/uploads\/2026\/01\/Gemini_Generated_Image_ljl29bljl29bljl2-1.png","contentUrl":"https:\/\/www.em.com.br\/emfoco\/wp-content\/uploads\/2026\/01\/Gemini_Generated_Image_ljl29bljl29bljl2-1.png","width":1280,"height":720,"caption":"A palavra-chave desse movimento \u00e9 o cal\u00e7ado moderno urbano, pensado para a correria das cidades, com solado confort\u00e1vel"},{"@type":"BreadcrumbList","@id":"https:\/\/www.em.com.br\/emfoco\/2026\/03\/14\/o-fim-do-salto-alto-e-da-sapatilha-como-o-calcado-moderno-urbano-dominou-os-looks-de-trabalho-em-2026\/#breadcrumb","itemListElement":[{"@type":"ListItem","position":1,"name":"In\u00edcio","item":"https:\/\/www.em.com.br\/emfoco\/"},{"@type":"ListItem","position":2,"name":"O fim do salto alto e da sapatilha como o cal\u00e7ado moderno urbano dominou os looks de trabalho em 2026"}]},{"@type":"WebSite","@id":"https:\/\/www.em.com.br\/emfoco\/#website","url":"https:\/\/www.em.com.br\/emfoco\/","name":"Estado de Minas - Em foco","description":"Acompanhe as \u00faltimas not\u00edcias e fique bem informado sobre tudo o que acontece em Minas Gerais, Brasil e no mundo.","potentialAction":[{"@type":"SearchAction","target":{"@type":"EntryPoint","urlTemplate":"https:\/\/www.em.com.br\/emfoco\/?s={search_term_string}"},"query-input":{"@type":"PropertyValueSpecification","valueRequired":true,"valueName":"search_term_string"}}],"inLanguage":"pt-BR"},{"@type":"Person","@id":"https:\/\/www.em.com.br\/emfoco\/#\/schema\/person\/0a8186d72f2c3a5c6276d90b41f271a0","name":"Daniely Cardoso","image":{"@type":"ImageObject","inLanguage":"pt-BR","@id":"https:\/\/www.em.com.br\/emfoco\/#\/schema\/person\/image\/","url":"https:\/\/secure.gravatar.com\/avatar\/4b80ddbd124d1f071b626d52d62e5dff?s=96&d=mm&r=g","contentUrl":"https:\/\/secure.gravatar.com\/avatar\/4b80ddbd124d1f071b626d52d62e5dff?s=96&d=mm&r=g","caption":"Daniely Cardoso"},"url":"https:\/\/www.em.com.br\/emfoco\/author\/danielymyth\/"}]}},"_links":{"self":[{"href":"https:\/\/www.em.com.br\/emfoco\/wp-json\/wp\/v2\/posts\/181326","targetHints":{"allow":["GET"]}}],"collection":[{"href":"https:\/\/www.em.com.br\/emfoco\/wp-json\/wp\/v2\/posts"}],"about":[{"href":"https:\/\/www.em.com.br\/emfoco\/wp-json\/wp\/v2\/types\/post"}],"author":[{"embeddable":true,"href":"https:\/\/www.em.com.br\/emfoco\/wp-json\/wp\/v2\/users\/9"}],"replies":[{"embeddable":true,"href":"https:\/\/www.em.com.br\/emfoco\/wp-json\/wp\/v2\/comments?post=181326"}],"version-history":[{"count":2,"href":"https:\/\/www.em.com.br\/emfoco\/wp-json\/wp\/v2\/posts\/181326\/revisions"}],"predecessor-version":[{"id":181382,"href":"https:\/\/www.em.com.br\/emfoco\/wp-json\/wp\/v2\/posts\/181326\/revisions\/181382"}],"wp:featuredmedia":[{"embeddable":true,"href":"https:\/\/www.em.com.br\/emfoco\/wp-json\/wp\/v2\/media\/158893"}],"wp:attachment":[{"href":"https:\/\/www.em.com.br\/emfoco\/wp-json\/wp\/v2\/media?parent=181326"}],"wp:term":[{"taxonomy":"category","embeddable":true,"href":"https:\/\/www.em.com.br\/emfoco\/wp-json\/wp\/v2\/categories?post=181326"},{"taxonomy":"post_tag","embeddable":true,"href":"https:\/\/www.em.com.br\/emfoco\/wp-json\/wp\/v2\/tags?post=181326"}],"curies":[{"name":"wp","href":"https:\/\/api.w.org\/{rel}","templated":true}]}}