{"id":181296,"date":"2026-03-16T17:15:00","date_gmt":"2026-03-16T20:15:00","guid":{"rendered":"https:\/\/www.em.com.br\/emfoco\/?p=181296"},"modified":"2026-03-13T16:31:12","modified_gmt":"2026-03-13T19:31:12","slug":"as-cores-que-muitas-pessoas-com-baixa-autoestima-escolhem-sem-perceber-para-evitar-chamar-atencao","status":"publish","type":"post","link":"https:\/\/www.em.com.br\/emfoco\/2026\/03\/16\/as-cores-que-muitas-pessoas-com-baixa-autoestima-escolhem-sem-perceber-para-evitar-chamar-atencao\/","title":{"rendered":"As cores que muitas pessoas com baixa autoestima escolhem sem perceber para evitar chamar aten\u00e7\u00e3o"},"content":{"rendered":"\n<p>A rela\u00e7\u00e3o entre&nbsp;<strong>cores<\/strong>,&nbsp;<strong>autoestima<\/strong>&nbsp;e comportamento vem sendo estudada pela psicologia h\u00e1 d\u00e9cadas, mostrando como escolhas aparentemente simples, como a cor de uma roupa ou acess\u00f3rio, podem refletir estados internos, necessidades emocionais e formas de prote\u00e7\u00e3o psicol\u00f3gica. A chamada&nbsp;<strong>psicologia das cores<\/strong>&nbsp;n\u00e3o se limita ao design ou \u00e0 publicidade: ela observa como a forma de se apresentar ao mundo pode revelar padr\u00f5es emocionais, sem estabelecer regras fixas, mas apontando tend\u00eancias \u00fateis para o autoconhecimento.<\/p>\n\n\n\n<h2 class=\"wp-block-heading\">Como a psicologia das cores se conecta com a autoestima?<\/h2>\n\n\n\n<p>A\u00a0<strong>psicologia das cores<\/strong>\u00a0parte da ideia de que cada tonalidade desperta associa\u00e7\u00f5es cognitivas e rea\u00e7\u00f5es emocionais que variam conforme cultura, hist\u00f3ria pessoal e contexto social. Em quadros de\u00a0<strong><a href=\"https:\/\/www.em.com.br\/emfoco\/2026\/03\/02\/psicologia-revela-as-3-cores-que-podem-expor-baixa-autoestima-e-muita-gente-se-identifica-sem-perceber\/\" target=\"_blank\" rel=\"noreferrer noopener\">baixa autoestima<\/a><\/strong>, \u00e9 comum o uso de cores que reduzem o destaque visual e comunicam discri\u00e7\u00e3o, quase sempre de forma autom\u00e1tica, como um jeito de controlar a pr\u00f3pria exposi\u00e7\u00e3o.<\/p>\n\n\n\n<p>Pesquisas em&nbsp;<strong>psicologia social<\/strong>&nbsp;mostram que pessoas com autoconfian\u00e7a fr\u00e1gil tendem a evitar cores vibrantes em entrevistas de emprego, encontros profissionais ou eventos sociais. Nessas situa\u00e7\u00f5es avaliativas, tons neutros ou escuros funcionam como prote\u00e7\u00e3o simb\u00f3lica, diminuindo a sensa\u00e7\u00e3o de vulnerabilidade e o medo de cr\u00edticas ou rejei\u00e7\u00e3o.<\/p>\n\n\n\n<figure class=\"wp-block-image size-large\"><img loading=\"lazy\" decoding=\"async\" width=\"1024\" height=\"576\" src=\"https:\/\/www.em.com.br\/emfoco\/wp-content\/uploads\/2026\/03\/2-69-1024x576.jpg\" alt=\"As cores que muitas pessoas com baixa autoestima escolhem sem perceber para evitar chamar aten\u00e7\u00e3o\" class=\"wp-image-181317\" srcset=\"https:\/\/www.em.com.br\/emfoco\/wp-content\/uploads\/2026\/03\/2-69-1024x576.jpg 1024w, https:\/\/www.em.com.br\/emfoco\/wp-content\/uploads\/2026\/03\/2-69-300x169.jpg 300w, https:\/\/www.em.com.br\/emfoco\/wp-content\/uploads\/2026\/03\/2-69-768x432.jpg 768w, https:\/\/www.em.com.br\/emfoco\/wp-content\/uploads\/2026\/03\/2-69-750x422.jpg 750w, https:\/\/www.em.com.br\/emfoco\/wp-content\/uploads\/2026\/03\/2-69-1140x641.jpg 1140w, https:\/\/www.em.com.br\/emfoco\/wp-content\/uploads\/2026\/03\/2-69.jpg 1280w\" sizes=\"auto, (max-width: 1024px) 100vw, 1024px\" \/><figcaption class=\"wp-element-caption\">Baixa autoestima costuma ser associada ao uso frequente de tons discretos<\/figcaption><\/figure>\n\n\n\n<h2 class=\"wp-block-heading\">Quais cores mais aparecem em perfis com baixa autoestima?<\/h2>\n\n\n\n<p>Entre as cores mais frequentes em perfis inseguros ou muito autocr\u00edticos, destacam-se o&nbsp;<strong>cinza claro<\/strong>, o&nbsp;<strong>marrom opaco<\/strong>&nbsp;e o&nbsp;<strong>preto total<\/strong>. Cada um desses tons se associa a um tipo de prote\u00e7\u00e3o emocional espec\u00edfica, ainda que em outros contextos possam significar estilo, eleg\u00e2ncia ou minimalismo, sem qualquer rela\u00e7\u00e3o com inseguran\u00e7a.<\/p>\n\n\n\n<p>O&nbsp;<strong>cinza claro<\/strong>&nbsp;costuma expressar desejo de n\u00e3o se destacar, o&nbsp;<strong>marrom apagado<\/strong>&nbsp;remete \u00e0 busca por estabilidade e rotina, e o&nbsp;<strong>preto absoluto<\/strong>, quando domina o guarda-roupa, pode simbolizar uma barreira entre a pessoa e o ambiente. O ponto de aten\u00e7\u00e3o \u00e9 o uso recorrente e quase exclusivo desses tons, principalmente em roupas e objetos pessoais.<\/p>\n\n\n\n<h2 class=\"wp-block-heading\">Por que cinza, marrom e preto funcionam como escudo emocional?<\/h2>\n\n\n\n<p>O&nbsp;<strong>cinza claro<\/strong>&nbsp;\u00e9 um tom intermedi\u00e1rio, com pouco contraste e baixa carga simb\u00f3lica, facilitando que a pessoa se \u201cmisture\u201d ao ambiente e evite olhares. J\u00e1 o&nbsp;<strong>marrom opaco<\/strong>&nbsp;remete \u00e0 ideia de estabilidade e simplicidade, sendo comum em fases de autocr\u00edtica intensa, por transmitir firmeza, cautela e necessidade de seguran\u00e7a emocional.<\/p>\n\n\n\n<p>O&nbsp;<strong>preto total<\/strong>&nbsp;\u00e9 mais amb\u00edguo: pode indicar poder e eleg\u00e2ncia, mas, quando usado quase exclusivamente, muitas vezes funciona como escudo psicol\u00f3gico. Em pessoas com&nbsp;<strong>baixa autoestima<\/strong>, essa cor reduz contrastes do corpo, diminui a sensa\u00e7\u00e3o de exposi\u00e7\u00e3o e ajuda a controlar a imagem, especialmente quando h\u00e1 desconforto com a pr\u00f3pria apar\u00eancia.<\/p>\n\n\n\n<figure class=\"wp-block-image size-large\"><img loading=\"lazy\" decoding=\"async\" width=\"1024\" height=\"576\" src=\"https:\/\/www.em.com.br\/emfoco\/wp-content\/uploads\/2026\/03\/1-76-1024x576.jpg\" alt=\"As cores que muitas pessoas com baixa autoestima escolhem sem perceber para evitar chamar aten\u00e7\u00e3o\" class=\"wp-image-181316\" srcset=\"https:\/\/www.em.com.br\/emfoco\/wp-content\/uploads\/2026\/03\/1-76-1024x576.jpg 1024w, https:\/\/www.em.com.br\/emfoco\/wp-content\/uploads\/2026\/03\/1-76-300x169.jpg 300w, https:\/\/www.em.com.br\/emfoco\/wp-content\/uploads\/2026\/03\/1-76-768x432.jpg 768w, https:\/\/www.em.com.br\/emfoco\/wp-content\/uploads\/2026\/03\/1-76-750x422.jpg 750w, https:\/\/www.em.com.br\/emfoco\/wp-content\/uploads\/2026\/03\/1-76-1140x641.jpg 1140w, https:\/\/www.em.com.br\/emfoco\/wp-content\/uploads\/2026\/03\/1-76.jpg 1280w\" sizes=\"auto, (max-width: 1024px) 100vw, 1024px\" \/><figcaption class=\"wp-element-caption\">Padr\u00f5es repetitivos no guarda-roupa revelam formas autom\u00e1ticas de prote\u00e7\u00e3o psicol\u00f3gica pessoal<\/figcaption><\/figure>\n\n\n\n<h2 class=\"wp-block-heading\">As cores realmente definem o n\u00edvel de autoestima de algu\u00e9m?<\/h2>\n\n\n\n<p><strong><a href=\"https:\/\/journals.sapienzaeditorial.com\/index.php\/SIJIS\/article\/download\/850\/601\/2832\" target=\"_blank\" rel=\"noreferrer noopener\">Especialistas em comportamento<\/a><\/strong> refor\u00e7am que\u00a0<strong>cores n\u00e3o determinam valor pessoal<\/strong>. A rela\u00e7\u00e3o entre cores e autoestima \u00e9 probabil\u00edstica: algu\u00e9m pode usar preto por praticidade, cinza por gostar de visuais minimalistas ou marrom por afinidade com tons terrosos. Por isso, interpretar uma cor isoladamente corre o risco de ser simplista e at\u00e9 injusto.<\/p>\n\n\n\n<p>Por outro lado, notar padr\u00f5es repetitivos pode gerar bons insights para o autoconhecimento. Quando a pessoa percebe que recorre sempre \u00e0s mesmas cores discretas por medo de cr\u00edticas, isso pode abrir espa\u00e7o para mudan\u00e7as internas e discuss\u00e3o em processos de&nbsp;<strong>psicoterapia<\/strong>, onde as cores entram como recurso complementar, nunca como diagn\u00f3stico.<\/p>\n\n\n\n<h2 class=\"wp-block-heading\">Como usar a psicologia das cores para fortalecer a autoestima?<\/h2>\n\n\n\n<p>A observa\u00e7\u00e3o das cores preferidas pode ser uma ferramenta pr\u00e1tica para cuidar da&nbsp;<strong>sa\u00fade emocional<\/strong>, desde que usada com consci\u00eancia e sem rigidez. Uma estrat\u00e9gia eficiente \u00e9 testar pequenas mudan\u00e7as graduais, ampliando a paleta sem abandonar totalmente o que traz conforto, sempre respeitando limites pessoais e o momento de vida.<\/p>\n\n\n\n<p>Para transformar essa reflex\u00e3o em a\u00e7\u00e3o concreta, vale experimentar alguns passos simples no dia a dia:<\/p>\n\n\n\n<ul class=\"wp-block-list\">\n<li><strong>Perceber padr\u00f5es<\/strong>: observar quais cores predominam em roupas, acess\u00f3rios e ambientes pessoais.<\/li>\n\n\n\n<li><strong>Relacionar com emo\u00e7\u00f5es<\/strong>: notar se certos tons aparecem mais em per\u00edodos de inseguran\u00e7a ou cansa\u00e7o emocional.<\/li>\n\n\n\n<li><strong>Introduzir varia\u00e7\u00f5es suaves<\/strong>: incluir cores um pouco mais vivas em detalhes, sem mudar tudo de uma vez.<\/li>\n\n\n\n<li><strong>Buscar apoio profissional<\/strong>: recorrer \u00e0 psicoterapia quando a baixa autoestima for persistente e limitante.<\/li>\n<\/ul>\n\n\n\n<p>No fim, a forma como voc\u00ea escolhe suas cores pode espelhar necessidades emocionais profundas e, ao mesmo tempo, ser uma poderosa aliada de mudan\u00e7a. Se voc\u00ea sente que sua paleta est\u00e1 mais ligada ao medo de julgamento do que \u00e0 express\u00e3o de quem voc\u00ea \u00e9, este \u00e9 o momento de agir: experimente novas combina\u00e7\u00f5es, observe como se sente e, se necess\u00e1rio, procure ajuda profissional agora. Cada pequena escolha de cor pode ser um passo urgente e decisivo na reconstru\u00e7\u00e3o da sua&nbsp;<strong>autoestima<\/strong>.<\/p>\n\n\n\n<p>N\u00e3o adie esse movimento interno: come\u00e7ar hoje, com um acess\u00f3rio diferente, uma pe\u00e7a um pouco mais ousada ou uma conversa sincera em terapia, pode marcar o in\u00edcio de uma virada real na forma como voc\u00ea se enxerga e se apresenta ao mundo. A mudan\u00e7a n\u00e3o est\u00e1 apenas no guarda-roupa, mas na coragem de se permitir ser visto de verdade.<\/p>\n","protected":false},"excerpt":{"rendered":"<p>A rela\u00e7\u00e3o entre&nbsp;cores,&nbsp;autoestima&nbsp;e comportamento vem sendo estudada pela psicologia h\u00e1 d\u00e9cadas, mostrando como escolhas aparentemente simples, como a cor de uma roupa ou acess\u00f3rio, podem refletir estados internos, necessidades emocionais e formas de prote\u00e7\u00e3o psicol\u00f3gica. A chamada&nbsp;psicologia das cores&nbsp;n\u00e3o se limita ao design ou \u00e0 publicidade: ela observa como a forma de se apresentar ao [&hellip;]<\/p>\n","protected":false},"author":13,"featured_media":181318,"comment_status":"open","ping_status":"open","sticky":false,"template":"","format":"standard","meta":{"jnews-multi-image_gallery":[],"jnews_single_post":{"format":"standard"},"jnews_primary_category":[],"jnews_social_meta":[],"jnews_override_counter":[],"footnotes":""},"categories":[8819],"tags":[23490,8879,8943],"class_list":["post-181296","post","type-post","status-publish","format-standard","has-post-thumbnail","hentry","category-curiosidades","tag-baixa-autoestima","tag-psicologia-das-cores","tag-psicologia-social"],"yoast_head":"<!-- This site is optimized with the Yoast SEO plugin v23.8 - https:\/\/yoast.com\/wordpress\/plugins\/seo\/ -->\n<title>As cores que muitas pessoas com baixa autoestima escolhem sem perceber para evitar chamar aten\u00e7\u00e3o - Estado de Minas - Em foco<\/title>\n<meta name=\"description\" content=\"A escolha frequente de tons discretos pode refletir inseguran\u00e7a e medo de julgamento. Veja os sinais mais comuns.\" \/>\n<meta name=\"robots\" content=\"index, follow, max-snippet:-1, max-image-preview:large, max-video-preview:-1\" \/>\n<link rel=\"canonical\" href=\"https:\/\/www.em.com.br\/emfoco\/2026\/03\/16\/as-cores-que-muitas-pessoas-com-baixa-autoestima-escolhem-sem-perceber-para-evitar-chamar-atencao\/\" \/>\n<meta property=\"og:locale\" content=\"pt_BR\" \/>\n<meta property=\"og:type\" content=\"article\" \/>\n<meta property=\"og:title\" content=\"As cores que muitas pessoas com baixa autoestima escolhem sem perceber para evitar chamar aten\u00e7\u00e3o - Estado de Minas - Em foco\" \/>\n<meta property=\"og:description\" content=\"A escolha frequente de tons discretos pode refletir inseguran\u00e7a e medo de julgamento. Veja os sinais mais comuns.\" \/>\n<meta property=\"og:url\" content=\"https:\/\/www.em.com.br\/emfoco\/2026\/03\/16\/as-cores-que-muitas-pessoas-com-baixa-autoestima-escolhem-sem-perceber-para-evitar-chamar-atencao\/\" \/>\n<meta property=\"og:site_name\" content=\"Estado de Minas - Em foco\" \/>\n<meta property=\"article:published_time\" content=\"2026-03-16T20:15:00+00:00\" \/>\n<meta property=\"article:modified_time\" content=\"2026-03-13T19:31:12+00:00\" \/>\n<meta property=\"og:image\" content=\"https:\/\/www.em.com.br\/emfoco\/wp-content\/uploads\/2026\/03\/3-65.jpg\" \/>\n\t<meta property=\"og:image:width\" content=\"1280\" \/>\n\t<meta property=\"og:image:height\" content=\"720\" \/>\n\t<meta property=\"og:image:type\" content=\"image\/jpeg\" \/>\n<meta name=\"author\" content=\"Gabriel Martins\" \/>\n<meta name=\"twitter:card\" content=\"summary_large_image\" \/>\n<meta name=\"twitter:label1\" content=\"Escrito por\" \/>\n\t<meta name=\"twitter:data1\" content=\"Gabriel Martins\" \/>\n\t<meta name=\"twitter:label2\" content=\"Est. tempo de leitura\" \/>\n\t<meta name=\"twitter:data2\" content=\"6 minutos\" \/>\n<!-- \/ Yoast SEO plugin. -->","yoast_head_json":{"title":"As cores que muitas pessoas com baixa autoestima escolhem sem perceber para evitar chamar aten\u00e7\u00e3o - Estado de Minas - Em foco","description":"A escolha frequente de tons discretos pode refletir inseguran\u00e7a e medo de julgamento. Veja os sinais mais comuns.","robots":{"index":"index","follow":"follow","max-snippet":"max-snippet:-1","max-image-preview":"max-image-preview:large","max-video-preview":"max-video-preview:-1"},"canonical":"https:\/\/www.em.com.br\/emfoco\/2026\/03\/16\/as-cores-que-muitas-pessoas-com-baixa-autoestima-escolhem-sem-perceber-para-evitar-chamar-atencao\/","og_locale":"pt_BR","og_type":"article","og_title":"As cores que muitas pessoas com baixa autoestima escolhem sem perceber para evitar chamar aten\u00e7\u00e3o - Estado de Minas - Em foco","og_description":"A escolha frequente de tons discretos pode refletir inseguran\u00e7a e medo de julgamento. Veja os sinais mais comuns.","og_url":"https:\/\/www.em.com.br\/emfoco\/2026\/03\/16\/as-cores-que-muitas-pessoas-com-baixa-autoestima-escolhem-sem-perceber-para-evitar-chamar-atencao\/","og_site_name":"Estado de Minas - Em foco","article_published_time":"2026-03-16T20:15:00+00:00","article_modified_time":"2026-03-13T19:31:12+00:00","og_image":[{"width":1280,"height":720,"url":"https:\/\/www.em.com.br\/emfoco\/wp-content\/uploads\/2026\/03\/3-65.jpg","type":"image\/jpeg"}],"author":"Gabriel Martins","twitter_card":"summary_large_image","twitter_misc":{"Escrito por":"Gabriel Martins","Est. tempo de leitura":"6 minutos"},"schema":{"@context":"https:\/\/schema.org","@graph":[{"@type":"WebPage","@id":"https:\/\/www.em.com.br\/emfoco\/2026\/03\/16\/as-cores-que-muitas-pessoas-com-baixa-autoestima-escolhem-sem-perceber-para-evitar-chamar-atencao\/","url":"https:\/\/www.em.com.br\/emfoco\/2026\/03\/16\/as-cores-que-muitas-pessoas-com-baixa-autoestima-escolhem-sem-perceber-para-evitar-chamar-atencao\/","name":"As cores que muitas pessoas com baixa autoestima escolhem sem perceber para evitar chamar aten\u00e7\u00e3o - Estado de Minas - Em foco","isPartOf":{"@id":"https:\/\/www.em.com.br\/emfoco\/#website"},"primaryImageOfPage":{"@id":"https:\/\/www.em.com.br\/emfoco\/2026\/03\/16\/as-cores-que-muitas-pessoas-com-baixa-autoestima-escolhem-sem-perceber-para-evitar-chamar-atencao\/#primaryimage"},"image":{"@id":"https:\/\/www.em.com.br\/emfoco\/2026\/03\/16\/as-cores-que-muitas-pessoas-com-baixa-autoestima-escolhem-sem-perceber-para-evitar-chamar-atencao\/#primaryimage"},"thumbnailUrl":"https:\/\/www.em.com.br\/emfoco\/wp-content\/uploads\/2026\/03\/3-65.jpg","datePublished":"2026-03-16T20:15:00+00:00","dateModified":"2026-03-13T19:31:12+00:00","author":{"@id":"https:\/\/www.em.com.br\/emfoco\/#\/schema\/person\/1c9ddeab18b98abeffef834667bcf08a"},"description":"A escolha frequente de tons discretos pode refletir inseguran\u00e7a e medo de julgamento. Veja os sinais mais comuns.","breadcrumb":{"@id":"https:\/\/www.em.com.br\/emfoco\/2026\/03\/16\/as-cores-que-muitas-pessoas-com-baixa-autoestima-escolhem-sem-perceber-para-evitar-chamar-atencao\/#breadcrumb"},"inLanguage":"pt-BR","potentialAction":[{"@type":"ReadAction","target":["https:\/\/www.em.com.br\/emfoco\/2026\/03\/16\/as-cores-que-muitas-pessoas-com-baixa-autoestima-escolhem-sem-perceber-para-evitar-chamar-atencao\/"]}]},{"@type":"ImageObject","inLanguage":"pt-BR","@id":"https:\/\/www.em.com.br\/emfoco\/2026\/03\/16\/as-cores-que-muitas-pessoas-com-baixa-autoestima-escolhem-sem-perceber-para-evitar-chamar-atencao\/#primaryimage","url":"https:\/\/www.em.com.br\/emfoco\/wp-content\/uploads\/2026\/03\/3-65.jpg","contentUrl":"https:\/\/www.em.com.br\/emfoco\/wp-content\/uploads\/2026\/03\/3-65.jpg","width":1280,"height":720,"caption":"Escolha das cores reflete estados internos e necessidades emocionais profundas humanas"},{"@type":"BreadcrumbList","@id":"https:\/\/www.em.com.br\/emfoco\/2026\/03\/16\/as-cores-que-muitas-pessoas-com-baixa-autoestima-escolhem-sem-perceber-para-evitar-chamar-atencao\/#breadcrumb","itemListElement":[{"@type":"ListItem","position":1,"name":"In\u00edcio","item":"https:\/\/www.em.com.br\/emfoco\/"},{"@type":"ListItem","position":2,"name":"As cores que muitas pessoas com baixa autoestima escolhem sem perceber para evitar chamar aten\u00e7\u00e3o"}]},{"@type":"WebSite","@id":"https:\/\/www.em.com.br\/emfoco\/#website","url":"https:\/\/www.em.com.br\/emfoco\/","name":"Estado de Minas - Em foco","description":"Acompanhe as \u00faltimas not\u00edcias e fique bem informado sobre tudo o que acontece em Minas Gerais, Brasil e no mundo.","potentialAction":[{"@type":"SearchAction","target":{"@type":"EntryPoint","urlTemplate":"https:\/\/www.em.com.br\/emfoco\/?s={search_term_string}"},"query-input":{"@type":"PropertyValueSpecification","valueRequired":true,"valueName":"search_term_string"}}],"inLanguage":"pt-BR"},{"@type":"Person","@id":"https:\/\/www.em.com.br\/emfoco\/#\/schema\/person\/1c9ddeab18b98abeffef834667bcf08a","name":"Gabriel Martins","image":{"@type":"ImageObject","inLanguage":"pt-BR","@id":"https:\/\/www.em.com.br\/emfoco\/#\/schema\/person\/image\/","url":"https:\/\/secure.gravatar.com\/avatar\/f0f1e2efdfd88f1ad2cb08c5c2731e50?s=96&d=mm&r=g","contentUrl":"https:\/\/secure.gravatar.com\/avatar\/f0f1e2efdfd88f1ad2cb08c5c2731e50?s=96&d=mm&r=g","caption":"Gabriel Martins"},"sameAs":["https:\/\/www.em.com.br\/emfoco\/"],"url":"https:\/\/www.em.com.br\/emfoco\/author\/gabrielmartinsmyth\/"}]}},"_links":{"self":[{"href":"https:\/\/www.em.com.br\/emfoco\/wp-json\/wp\/v2\/posts\/181296","targetHints":{"allow":["GET"]}}],"collection":[{"href":"https:\/\/www.em.com.br\/emfoco\/wp-json\/wp\/v2\/posts"}],"about":[{"href":"https:\/\/www.em.com.br\/emfoco\/wp-json\/wp\/v2\/types\/post"}],"author":[{"embeddable":true,"href":"https:\/\/www.em.com.br\/emfoco\/wp-json\/wp\/v2\/users\/13"}],"replies":[{"embeddable":true,"href":"https:\/\/www.em.com.br\/emfoco\/wp-json\/wp\/v2\/comments?post=181296"}],"version-history":[{"count":1,"href":"https:\/\/www.em.com.br\/emfoco\/wp-json\/wp\/v2\/posts\/181296\/revisions"}],"predecessor-version":[{"id":181319,"href":"https:\/\/www.em.com.br\/emfoco\/wp-json\/wp\/v2\/posts\/181296\/revisions\/181319"}],"wp:featuredmedia":[{"embeddable":true,"href":"https:\/\/www.em.com.br\/emfoco\/wp-json\/wp\/v2\/media\/181318"}],"wp:attachment":[{"href":"https:\/\/www.em.com.br\/emfoco\/wp-json\/wp\/v2\/media?parent=181296"}],"wp:term":[{"taxonomy":"category","embeddable":true,"href":"https:\/\/www.em.com.br\/emfoco\/wp-json\/wp\/v2\/categories?post=181296"},{"taxonomy":"post_tag","embeddable":true,"href":"https:\/\/www.em.com.br\/emfoco\/wp-json\/wp\/v2\/tags?post=181296"}],"curies":[{"name":"wp","href":"https:\/\/api.w.org\/{rel}","templated":true}]}}