{"id":181295,"date":"2026-03-13T17:55:00","date_gmt":"2026-03-13T20:55:00","guid":{"rendered":"https:\/\/www.em.com.br\/emfoco\/?p=181295"},"modified":"2026-03-13T16:28:00","modified_gmt":"2026-03-13T19:28:00","slug":"o-truque-do-saco-de-sal-na-janela-que-ajuda-a-reduzir-umidade-e-afastar-o-cheiro-de-mofo-em-casa","status":"publish","type":"post","link":"https:\/\/www.em.com.br\/emfoco\/2026\/03\/13\/o-truque-do-saco-de-sal-na-janela-que-ajuda-a-reduzir-umidade-e-afastar-o-cheiro-de-mofo-em-casa\/","title":{"rendered":"O truque do saco de sal na janela que ajuda a reduzir umidade e afastar o cheiro de mofo em casa"},"content":{"rendered":"\n<p>Em diferentes regi\u00f5es do mundo, ainda \u00e9 comum encontrar pequenos h\u00e1bitos dom\u00e9sticos que chamam a aten\u00e7\u00e3o de visitantes, como colocar um pequeno saco de&nbsp;<strong>sal na janela<\/strong>, costume simples que mistura pr\u00e1tica do dia a dia, controle de umidade, cuidado com o ambiente e tradi\u00e7\u00f5es populares que atravessam gera\u00e7\u00f5es.<\/p>\n\n\n\n<h2 class=\"wp-block-heading\">Para que serve colocar um pequeno saco de sal na janela<\/h2>\n\n\n\n<p>Em termos pr\u00e1ticos, o\u00a0<strong>sal<\/strong>\u00a0\u00e9 uma subst\u00e2ncia\u00a0<strong>higrosc\u00f3pica<\/strong>, ou seja, tem capacidade de atrair e reter mol\u00e9culas de \u00e1gua presentes no ar ao redor da casa. Quando um pequeno saco de sal \u00e9 colocado pr\u00f3ximo \u00e0 janela, ele atua como um mini\u00a0<strong><a href=\"https:\/\/ecotelhado.com\/blog\/8-plantas-diminuir-umidade-ar-ambiente\/\" target=\"_blank\" rel=\"noreferrer noopener\">desumidificador natural<\/a><\/strong>, especialmente em locais com pouca ventila\u00e7\u00e3o ou clima mais \u00famido.<\/p>\n\n\n\n<p>Ao capturar parte da umidade, o sal ajuda a reduzir a forma\u00e7\u00e3o de condensa\u00e7\u00e3o em vidros e superf\u00edcies pr\u00f3ximas, evitando mofo e bolor. Indiretamente, isso tamb\u00e9m diminui odores t\u00edpicos de ambientes fechados e \u00famidos, sendo um recurso muito usado em banheiros, lavanderias e quartos menores com pouca circula\u00e7\u00e3o de ar.<\/p>\n\n\n\n<figure class=\"wp-block-image size-large\"><img loading=\"lazy\" decoding=\"async\" width=\"1024\" height=\"576\" src=\"https:\/\/www.em.com.br\/emfoco\/wp-content\/uploads\/2026\/03\/8-40-1024x576.jpg\" alt=\"O truque do saco de sal na janela que ajuda a reduzir umidade e afastar o cheiro de mofo em casa\" class=\"wp-image-181308\" srcset=\"https:\/\/www.em.com.br\/emfoco\/wp-content\/uploads\/2026\/03\/8-40-1024x576.jpg 1024w, https:\/\/www.em.com.br\/emfoco\/wp-content\/uploads\/2026\/03\/8-40-300x169.jpg 300w, https:\/\/www.em.com.br\/emfoco\/wp-content\/uploads\/2026\/03\/8-40-768x432.jpg 768w, https:\/\/www.em.com.br\/emfoco\/wp-content\/uploads\/2026\/03\/8-40-750x422.jpg 750w, https:\/\/www.em.com.br\/emfoco\/wp-content\/uploads\/2026\/03\/8-40-1140x641.jpg 1140w, https:\/\/www.em.com.br\/emfoco\/wp-content\/uploads\/2026\/03\/8-40.jpg 1280w\" sizes=\"auto, (max-width: 1024px) 100vw, 1024px\" \/><figcaption class=\"wp-element-caption\">Subst\u00e2ncia atrai mol\u00e9culas de \u00e1gua reduzindo a forma\u00e7\u00e3o de mofo nos vidros<\/figcaption><\/figure>\n\n\n\n<h2 class=\"wp-block-heading\">Por que o sal \u00e9 associado \u00e0 prote\u00e7\u00e3o e \u00e0 limpeza energ\u00e9tica<\/h2>\n\n\n\n<p>Al\u00e9m da fun\u00e7\u00e3o f\u00edsica, o h\u00e1bito de colocar um saquinho de\u00a0<strong>sal grosso<\/strong>\u00a0na janela est\u00e1 ligado a cren\u00e7as populares e tradi\u00e7\u00f5es espirituais de v\u00e1rias culturas. Em muitos lares, o sal \u00e9 visto como elemento de\u00a0<strong><a href=\"https:\/\/www.em.com.br\/emfoco\/2026\/01\/09\/estas-6-plantas-deixam-o-quarto-mais-calmo-melhoram-a-respiracao-e-ajudam-voce-a-dormir-melhor-com-aroma-natural-e-purificacao-do-ar\/\" target=\"_blank\" rel=\"noreferrer noopener\">purifica\u00e7\u00e3o<\/a><\/strong>, prote\u00e7\u00e3o da casa e limpeza energ\u00e9tica, especialmente nas \u00e1reas consideradas de maior fluxo de energias externas.<\/p>\n\n\n\n<p>Nessas pr\u00e1ticas, portas e janelas s\u00e3o entendidas como pontos de entrada de pessoas e influ\u00eancias vindas de fora, por isso o sal \u00e9 colocado justamente nesses locais. Assim, surge a ideia de uma \u201cbarreira simb\u00f3lica\u201d contra energias indesejadas, que permanece presente em rezas caseiras e rituais de prote\u00e7\u00e3o do lar.<\/p>\n\n\n\n<ul class=\"wp-block-list\">\n<li><strong>Janela:<\/strong>\u00a0vista como ponto de entrada de vento, luz e influ\u00eancias externas.<\/li>\n\n\n\n<li><strong>Porta:<\/strong>\u00a0local simb\u00f3lico de passagem, associado a rituais de prote\u00e7\u00e3o do ambiente.<\/li>\n\n\n\n<li><strong>Parapeito interno:<\/strong>\u00a0\u00e1rea estrat\u00e9gica para posicionar o saquinho sem atrapalhar a abertura.<\/li>\n<\/ul>\n\n\n\n<h2 class=\"wp-block-heading\">Como fazer o saco de sal para usar na janela<\/h2>\n\n\n\n<p>Preparar o&nbsp;<strong>saco de sal<\/strong>&nbsp;\u00e9 simples e n\u00e3o exige habilidades espec\u00edficas, apenas materiais que permitam contato do sal com o ar sem espalhar gr\u00e3os pela casa. Tecidos finos e respir\u00e1veis, como algod\u00e3o ou gaze, s\u00e3o suficientes para criar um saquinho funcional e discreto.<\/p>\n\n\n\n<p>Veja um passo a passo r\u00e1pido para montar e posicionar o seu saquinho de sal na janela de forma pr\u00e1tica e segura:<\/p>\n\n\n\n<ol class=\"wp-block-list\">\n<li><strong>Escolher o tipo de sal:<\/strong>\u00a0o mais usado \u00e9 o sal de cozinha ou o sal grosso, facilmente encontrados em mercados.<\/li>\n\n\n\n<li><strong>Selecionar o tecido:<\/strong>\u00a0um pequeno peda\u00e7o de pano respir\u00e1vel, limpo, que permita a passagem do ar, mas segure os gr\u00e3os.<\/li>\n\n\n\n<li><strong>Montar o saquinho:<\/strong>\u00a0colocar o sal no centro do tecido, juntar as pontas e amarrar com um barbante ou el\u00e1stico.<\/li>\n\n\n\n<li><strong>Definir o local:<\/strong>\u00a0posicionar o saquinho no parapeito da janela, sobre um pires ou base, ou pendur\u00e1-lo em um gancho pr\u00f3ximo.<\/li>\n\n\n\n<li><strong>Evitar contato direto com \u00e1gua:<\/strong>\u00a0manter distante de respingos de chuva ou pontos onde possa molhar com frequ\u00eancia.<\/li>\n<\/ol>\n\n\n\n<figure class=\"wp-block-image size-large\"><img loading=\"lazy\" decoding=\"async\" width=\"1024\" height=\"576\" src=\"https:\/\/www.em.com.br\/emfoco\/wp-content\/uploads\/2026\/03\/7-42-1024x576.jpg\" alt=\"O truque do saco de sal na janela que ajuda a reduzir umidade e afastar o cheiro de mofo em casa\" class=\"wp-image-181307\" srcset=\"https:\/\/www.em.com.br\/emfoco\/wp-content\/uploads\/2026\/03\/7-42-1024x576.jpg 1024w, https:\/\/www.em.com.br\/emfoco\/wp-content\/uploads\/2026\/03\/7-42-300x169.jpg 300w, https:\/\/www.em.com.br\/emfoco\/wp-content\/uploads\/2026\/03\/7-42-768x432.jpg 768w, https:\/\/www.em.com.br\/emfoco\/wp-content\/uploads\/2026\/03\/7-42-750x422.jpg 750w, https:\/\/www.em.com.br\/emfoco\/wp-content\/uploads\/2026\/03\/7-42-1140x641.jpg 1140w, https:\/\/www.em.com.br\/emfoco\/wp-content\/uploads\/2026\/03\/7-42.jpg 1280w\" sizes=\"auto, (max-width: 1024px) 100vw, 1024px\" \/><figcaption class=\"wp-element-caption\">Tecidos respir\u00e1veis como algod\u00e3o facilitam o contato do sal com ar<\/figcaption><\/figure>\n\n\n\n<h2 class=\"wp-block-heading\">Como usar recipientes com sal na janela de forma pr\u00e1tica<\/h2>\n\n\n\n<p>Algumas pessoas preferem substituir o tecido por pequenos recipientes abertos, como potinhos ou copos preenchidos com&nbsp;<strong>sal<\/strong>. A l\u00f3gica \u00e9 a mesma: o sal fica exposto ao ar, absorvendo parte da umidade ao redor, e pode ser colocado em cantos de janelas, prateleiras ou sobre m\u00f3veis pr\u00f3ximos \u00e0s paredes mais frias.<\/p>\n\n\n\n<p>Nesses casos, \u00e9 importante usar recipientes est\u00e1veis para evitar quedas e manter o sal longe de respingos de \u00e1gua. Essa alternativa \u00e9 interessante para quem deseja repor o sal com facilidade, sem precisar trocar o tecido com frequ\u00eancia.<\/p>\n\n\n\n<h2 class=\"wp-block-heading\">Com que frequ\u00eancia o sal deve ser trocado e por que isso \u00e9 importante<\/h2>\n\n\n\n<p>Para manter a efic\u00e1cia, \u00e9 essencial fazer a&nbsp;<strong>troca peri\u00f3dica do sal<\/strong>, observando textura e apar\u00eancia ao longo das semanas. Quando o sal ficar \u00famido, empedrado ou escurecido, \u00e9 sinal de que j\u00e1 absorveu bastante umidade e precisa ser substitu\u00eddo por um novo.<\/p>\n\n\n\n<p>Em ambientes muito \u00famidos, a troca pode ser necess\u00e1ria a cada 15 dias; em locais moderados, o intervalo pode chegar a 30 dias, sempre descartando o sal usado no lixo comum. Comece hoje mesmo a testar o sal na janela e perceba como um gesto simples pode transformar o clima da casa, cuidar da energia do ambiente e proteger o seu lar de forma pr\u00e1tica e urgente.<\/p>\n","protected":false},"excerpt":{"rendered":"<p>Em diferentes regi\u00f5es do mundo, ainda \u00e9 comum encontrar pequenos h\u00e1bitos dom\u00e9sticos que chamam a aten\u00e7\u00e3o de visitantes, como colocar um pequeno saco de&nbsp;sal na janela, costume simples que mistura pr\u00e1tica do dia a dia, controle de umidade, cuidado com o ambiente e tradi\u00e7\u00f5es populares que atravessam gera\u00e7\u00f5es. Para que serve colocar um pequeno saco [&hellip;]<\/p>\n","protected":false},"author":13,"featured_media":181309,"comment_status":"open","ping_status":"open","sticky":false,"template":"","format":"standard","meta":{"jnews-multi-image_gallery":[],"jnews_single_post":{"format":"standard"},"jnews_primary_category":[],"jnews_social_meta":[],"jnews_override_counter":[],"footnotes":""},"categories":[8819],"tags":[13106,26156],"class_list":["post-181295","post","type-post","status-publish","format-standard","has-post-thumbnail","hentry","category-curiosidades","tag-desumidificador-natural","tag-sal-na-janela"],"yoast_head":"<!-- This site is optimized with the Yoast SEO plugin v23.8 - https:\/\/yoast.com\/wordpress\/plugins\/seo\/ -->\n<title>O truque do saco de sal na janela que ajuda a reduzir umidade e afastar o cheiro de mofo em casa - Estado de Minas - Em foco<\/title>\n<meta name=\"description\" content=\"Colocar sal na janela pode ajudar a reduzir umidade, mofo e cheiro de ambiente fechado. Veja como fazer do jeito certo.\" \/>\n<meta name=\"robots\" content=\"index, follow, max-snippet:-1, max-image-preview:large, max-video-preview:-1\" \/>\n<link rel=\"canonical\" href=\"https:\/\/www.em.com.br\/emfoco\/2026\/03\/13\/o-truque-do-saco-de-sal-na-janela-que-ajuda-a-reduzir-umidade-e-afastar-o-cheiro-de-mofo-em-casa\/\" \/>\n<meta property=\"og:locale\" content=\"pt_BR\" \/>\n<meta property=\"og:type\" content=\"article\" \/>\n<meta property=\"og:title\" content=\"O truque do saco de sal na janela que ajuda a reduzir umidade e afastar o cheiro de mofo em casa - Estado de Minas - Em foco\" \/>\n<meta property=\"og:description\" content=\"Colocar sal na janela pode ajudar a reduzir umidade, mofo e cheiro de ambiente fechado. Veja como fazer do jeito certo.\" \/>\n<meta property=\"og:url\" content=\"https:\/\/www.em.com.br\/emfoco\/2026\/03\/13\/o-truque-do-saco-de-sal-na-janela-que-ajuda-a-reduzir-umidade-e-afastar-o-cheiro-de-mofo-em-casa\/\" \/>\n<meta property=\"og:site_name\" content=\"Estado de Minas - Em foco\" \/>\n<meta property=\"article:published_time\" content=\"2026-03-13T20:55:00+00:00\" \/>\n<meta property=\"article:modified_time\" content=\"2026-03-13T19:28:00+00:00\" \/>\n<meta property=\"og:image\" content=\"https:\/\/www.em.com.br\/emfoco\/wp-content\/uploads\/2026\/03\/9-38.jpg\" \/>\n\t<meta property=\"og:image:width\" content=\"1280\" \/>\n\t<meta property=\"og:image:height\" content=\"720\" \/>\n\t<meta property=\"og:image:type\" content=\"image\/jpeg\" \/>\n<meta name=\"author\" content=\"Gabriel Martins\" \/>\n<meta name=\"twitter:card\" content=\"summary_large_image\" \/>\n<meta name=\"twitter:label1\" content=\"Escrito por\" \/>\n\t<meta name=\"twitter:data1\" content=\"Gabriel Martins\" \/>\n\t<meta name=\"twitter:label2\" content=\"Est. tempo de leitura\" \/>\n\t<meta name=\"twitter:data2\" content=\"5 minutos\" \/>\n<!-- \/ Yoast SEO plugin. -->","yoast_head_json":{"title":"O truque do saco de sal na janela que ajuda a reduzir umidade e afastar o cheiro de mofo em casa - Estado de Minas - Em foco","description":"Colocar sal na janela pode ajudar a reduzir umidade, mofo e cheiro de ambiente fechado. Veja como fazer do jeito certo.","robots":{"index":"index","follow":"follow","max-snippet":"max-snippet:-1","max-image-preview":"max-image-preview:large","max-video-preview":"max-video-preview:-1"},"canonical":"https:\/\/www.em.com.br\/emfoco\/2026\/03\/13\/o-truque-do-saco-de-sal-na-janela-que-ajuda-a-reduzir-umidade-e-afastar-o-cheiro-de-mofo-em-casa\/","og_locale":"pt_BR","og_type":"article","og_title":"O truque do saco de sal na janela que ajuda a reduzir umidade e afastar o cheiro de mofo em casa - Estado de Minas - Em foco","og_description":"Colocar sal na janela pode ajudar a reduzir umidade, mofo e cheiro de ambiente fechado. Veja como fazer do jeito certo.","og_url":"https:\/\/www.em.com.br\/emfoco\/2026\/03\/13\/o-truque-do-saco-de-sal-na-janela-que-ajuda-a-reduzir-umidade-e-afastar-o-cheiro-de-mofo-em-casa\/","og_site_name":"Estado de Minas - Em foco","article_published_time":"2026-03-13T20:55:00+00:00","article_modified_time":"2026-03-13T19:28:00+00:00","og_image":[{"width":1280,"height":720,"url":"https:\/\/www.em.com.br\/emfoco\/wp-content\/uploads\/2026\/03\/9-38.jpg","type":"image\/jpeg"}],"author":"Gabriel Martins","twitter_card":"summary_large_image","twitter_misc":{"Escrito por":"Gabriel Martins","Est. tempo de leitura":"5 minutos"},"schema":{"@context":"https:\/\/schema.org","@graph":[{"@type":"WebPage","@id":"https:\/\/www.em.com.br\/emfoco\/2026\/03\/13\/o-truque-do-saco-de-sal-na-janela-que-ajuda-a-reduzir-umidade-e-afastar-o-cheiro-de-mofo-em-casa\/","url":"https:\/\/www.em.com.br\/emfoco\/2026\/03\/13\/o-truque-do-saco-de-sal-na-janela-que-ajuda-a-reduzir-umidade-e-afastar-o-cheiro-de-mofo-em-casa\/","name":"O truque do saco de sal na janela que ajuda a reduzir umidade e afastar o cheiro de mofo em casa - Estado de Minas - Em foco","isPartOf":{"@id":"https:\/\/www.em.com.br\/emfoco\/#website"},"primaryImageOfPage":{"@id":"https:\/\/www.em.com.br\/emfoco\/2026\/03\/13\/o-truque-do-saco-de-sal-na-janela-que-ajuda-a-reduzir-umidade-e-afastar-o-cheiro-de-mofo-em-casa\/#primaryimage"},"image":{"@id":"https:\/\/www.em.com.br\/emfoco\/2026\/03\/13\/o-truque-do-saco-de-sal-na-janela-que-ajuda-a-reduzir-umidade-e-afastar-o-cheiro-de-mofo-em-casa\/#primaryimage"},"thumbnailUrl":"https:\/\/www.em.com.br\/emfoco\/wp-content\/uploads\/2026\/03\/9-38.jpg","datePublished":"2026-03-13T20:55:00+00:00","dateModified":"2026-03-13T19:28:00+00:00","author":{"@id":"https:\/\/www.em.com.br\/emfoco\/#\/schema\/person\/1c9ddeab18b98abeffef834667bcf08a"},"description":"Colocar sal na janela pode ajudar a reduzir umidade, mofo e cheiro de ambiente fechado. Veja como fazer do jeito certo.","breadcrumb":{"@id":"https:\/\/www.em.com.br\/emfoco\/2026\/03\/13\/o-truque-do-saco-de-sal-na-janela-que-ajuda-a-reduzir-umidade-e-afastar-o-cheiro-de-mofo-em-casa\/#breadcrumb"},"inLanguage":"pt-BR","potentialAction":[{"@type":"ReadAction","target":["https:\/\/www.em.com.br\/emfoco\/2026\/03\/13\/o-truque-do-saco-de-sal-na-janela-que-ajuda-a-reduzir-umidade-e-afastar-o-cheiro-de-mofo-em-casa\/"]}]},{"@type":"ImageObject","inLanguage":"pt-BR","@id":"https:\/\/www.em.com.br\/emfoco\/2026\/03\/13\/o-truque-do-saco-de-sal-na-janela-que-ajuda-a-reduzir-umidade-e-afastar-o-cheiro-de-mofo-em-casa\/#primaryimage","url":"https:\/\/www.em.com.br\/emfoco\/wp-content\/uploads\/2026\/03\/9-38.jpg","contentUrl":"https:\/\/www.em.com.br\/emfoco\/wp-content\/uploads\/2026\/03\/9-38.jpg","width":1280,"height":720,"caption":"Colocar sal na janela atua como um mini desumidificador natural caseiro"},{"@type":"BreadcrumbList","@id":"https:\/\/www.em.com.br\/emfoco\/2026\/03\/13\/o-truque-do-saco-de-sal-na-janela-que-ajuda-a-reduzir-umidade-e-afastar-o-cheiro-de-mofo-em-casa\/#breadcrumb","itemListElement":[{"@type":"ListItem","position":1,"name":"In\u00edcio","item":"https:\/\/www.em.com.br\/emfoco\/"},{"@type":"ListItem","position":2,"name":"O truque do saco de sal na janela que ajuda a reduzir umidade e afastar o cheiro de mofo em casa"}]},{"@type":"WebSite","@id":"https:\/\/www.em.com.br\/emfoco\/#website","url":"https:\/\/www.em.com.br\/emfoco\/","name":"Estado de Minas - Em foco","description":"Acompanhe as \u00faltimas not\u00edcias e fique bem informado sobre tudo o que acontece em Minas Gerais, Brasil e no mundo.","potentialAction":[{"@type":"SearchAction","target":{"@type":"EntryPoint","urlTemplate":"https:\/\/www.em.com.br\/emfoco\/?s={search_term_string}"},"query-input":{"@type":"PropertyValueSpecification","valueRequired":true,"valueName":"search_term_string"}}],"inLanguage":"pt-BR"},{"@type":"Person","@id":"https:\/\/www.em.com.br\/emfoco\/#\/schema\/person\/1c9ddeab18b98abeffef834667bcf08a","name":"Gabriel Martins","image":{"@type":"ImageObject","inLanguage":"pt-BR","@id":"https:\/\/www.em.com.br\/emfoco\/#\/schema\/person\/image\/","url":"https:\/\/secure.gravatar.com\/avatar\/f0f1e2efdfd88f1ad2cb08c5c2731e50?s=96&d=mm&r=g","contentUrl":"https:\/\/secure.gravatar.com\/avatar\/f0f1e2efdfd88f1ad2cb08c5c2731e50?s=96&d=mm&r=g","caption":"Gabriel Martins"},"sameAs":["https:\/\/www.em.com.br\/emfoco\/"],"url":"https:\/\/www.em.com.br\/emfoco\/author\/gabrielmartinsmyth\/"}]}},"_links":{"self":[{"href":"https:\/\/www.em.com.br\/emfoco\/wp-json\/wp\/v2\/posts\/181295","targetHints":{"allow":["GET"]}}],"collection":[{"href":"https:\/\/www.em.com.br\/emfoco\/wp-json\/wp\/v2\/posts"}],"about":[{"href":"https:\/\/www.em.com.br\/emfoco\/wp-json\/wp\/v2\/types\/post"}],"author":[{"embeddable":true,"href":"https:\/\/www.em.com.br\/emfoco\/wp-json\/wp\/v2\/users\/13"}],"replies":[{"embeddable":true,"href":"https:\/\/www.em.com.br\/emfoco\/wp-json\/wp\/v2\/comments?post=181295"}],"version-history":[{"count":1,"href":"https:\/\/www.em.com.br\/emfoco\/wp-json\/wp\/v2\/posts\/181295\/revisions"}],"predecessor-version":[{"id":181313,"href":"https:\/\/www.em.com.br\/emfoco\/wp-json\/wp\/v2\/posts\/181295\/revisions\/181313"}],"wp:featuredmedia":[{"embeddable":true,"href":"https:\/\/www.em.com.br\/emfoco\/wp-json\/wp\/v2\/media\/181309"}],"wp:attachment":[{"href":"https:\/\/www.em.com.br\/emfoco\/wp-json\/wp\/v2\/media?parent=181295"}],"wp:term":[{"taxonomy":"category","embeddable":true,"href":"https:\/\/www.em.com.br\/emfoco\/wp-json\/wp\/v2\/categories?post=181295"},{"taxonomy":"post_tag","embeddable":true,"href":"https:\/\/www.em.com.br\/emfoco\/wp-json\/wp\/v2\/tags?post=181295"}],"curies":[{"name":"wp","href":"https:\/\/api.w.org\/{rel}","templated":true}]}}