{"id":181261,"date":"2026-03-16T21:05:00","date_gmt":"2026-03-17T00:05:00","guid":{"rendered":"https:\/\/www.em.com.br\/emfoco\/?p=181261"},"modified":"2026-03-13T15:48:26","modified_gmt":"2026-03-13T18:48:26","slug":"cancer-de-colon-o-exame-que-pode-evitar-a-doenca-antes-mesmo-dos-sintomas","status":"publish","type":"post","link":"https:\/\/www.em.com.br\/emfoco\/2026\/03\/16\/cancer-de-colon-o-exame-que-pode-evitar-a-doenca-antes-mesmo-dos-sintomas\/","title":{"rendered":"C\u00e2ncer de c\u00f3lon: o exame que pode evitar a doen\u00e7a antes mesmo dos sintomas"},"content":{"rendered":"\n<p>O&nbsp;<strong>c\u00e2ncer de c\u00f3lon<\/strong>&nbsp;\u00e9 hoje um dos principais desafios de sa\u00fade p\u00fablica no mundo, mas tamb\u00e9m uma das doen\u00e7as em que o rastreio organizado mostra enorme capacidade de evitar casos graves. Em v\u00e1rios pa\u00edses, inclusive na Su\u00e9cia, grandes estudos populacionais avaliam como exames regulares, como a&nbsp;<strong>colonoscopia<\/strong>&nbsp;e o&nbsp;<strong>teste imunol\u00f3gico fecal (teste FIT)<\/strong>, podem reduzir o surgimento de tumores avan\u00e7ados e at\u00e9 impedir que o c\u00e2ncer se desenvolva ao permitir a detec\u00e7\u00e3o e remo\u00e7\u00e3o de les\u00f5es em est\u00e1gios iniciais.<\/p>\n\n\n\n<h2 class=\"wp-block-heading\">Por que o rastreio do c\u00e2ncer de c\u00f3lon salva tantas vidas<\/h2>\n\n\n\n<p>O&nbsp;<strong>c\u00e2ncer colorretal<\/strong>&nbsp;geralmente n\u00e3o surge de forma s\u00fabita: ele costuma se desenvolver a partir de pequenos&nbsp;<strong>p\u00f3lipos<\/strong>, que podem levar anos at\u00e9 se transformar em tumor maligno. Esse intervalo cria uma janela estrat\u00e9gica para o rastreamento atuar de forma realmente preventiva, identificando altera\u00e7\u00f5es antes de sintomas aparecerem.<\/p>\n\n\n\n<p>Dados da\u00a0<strong><a href=\"https:\/\/www.who.int\/pt\/about\" target=\"_blank\" rel=\"noreferrer noopener\">Organiza\u00e7\u00e3o Mundial da Sa\u00fade (OMS)<\/a><\/strong>\u00a0mostram que o c\u00e2ncer colorretal est\u00e1 entre os tumores mais diagnosticados e entre as principais causas de morte por c\u00e2ncer no mundo. Fatores como alimenta\u00e7\u00e3o pobre em fibras, excesso de carne processada, sedentarismo, obesidade, tabagismo e consumo abusivo de \u00e1lcool aumentam o risco, tornando a vigil\u00e2ncia ainda mais importante a partir de determinada idade, mesmo em pessoas sem sintomas.<\/p>\n\n\n\n<figure class=\"wp-block-image size-large\"><img loading=\"lazy\" decoding=\"async\" width=\"1024\" height=\"576\" src=\"https:\/\/www.em.com.br\/emfoco\/wp-content\/uploads\/2026\/03\/10-32-1024x576.jpg\" alt=\"C\u00e2ncer de c\u00f3lon: o exame que pode evitar a doen\u00e7a antes mesmo dos sintomas\" class=\"wp-image-181280\" srcset=\"https:\/\/www.em.com.br\/emfoco\/wp-content\/uploads\/2026\/03\/10-32-1024x576.jpg 1024w, https:\/\/www.em.com.br\/emfoco\/wp-content\/uploads\/2026\/03\/10-32-300x169.jpg 300w, https:\/\/www.em.com.br\/emfoco\/wp-content\/uploads\/2026\/03\/10-32-768x432.jpg 768w, https:\/\/www.em.com.br\/emfoco\/wp-content\/uploads\/2026\/03\/10-32-750x422.jpg 750w, https:\/\/www.em.com.br\/emfoco\/wp-content\/uploads\/2026\/03\/10-32-1140x641.jpg 1140w, https:\/\/www.em.com.br\/emfoco\/wp-content\/uploads\/2026\/03\/10-32.jpg 1280w\" sizes=\"auto, (max-width: 1024px) 100vw, 1024px\" \/><figcaption class=\"wp-element-caption\">Vigil\u00e2ncia cont\u00ednua permite a remo\u00e7\u00e3o de p\u00f3lipos antes da transforma\u00e7\u00e3o maligna<\/figcaption><\/figure>\n\n\n\n<h2 class=\"wp-block-heading\">Como a colonoscopia e o teste FIT funcionam no rastreamento<\/h2>\n\n\n\n<p>Entre os m\u00e9todos mais estudados para detec\u00e7\u00e3o precoce do c\u00e2ncer de c\u00f3lon, dois se destacam: a&nbsp;<strong>colonoscopia<\/strong>&nbsp;e o&nbsp;<strong>teste FIT<\/strong>. A colonoscopia \u00e9 um exame endosc\u00f3pico em que um tubo flex\u00edvel com c\u00e2mera \u00e9 introduzido pelo reto para visualizar todo o intestino grosso, permitindo a remo\u00e7\u00e3o de p\u00f3lipos suspeitos no mesmo procedimento.<\/p>\n\n\n\n<p>O teste imunol\u00f3gico fecal, por sua vez, \u00e9 um exame de fezes que utiliza anticorpos para identificar pequenas quantidades de sangue oculto, sinal potencial de les\u00f5es no intestino. Embora uma \u00fanica rodada de teste FIT seja menos sens\u00edvel que a colonoscopia, sua realiza\u00e7\u00e3o peri\u00f3dica funciona como vigil\u00e2ncia cont\u00ednua, com boa ades\u00e3o por ser um exame simples, feito em casa e n\u00e3o invasivo.<\/p>\n\n\n\n<h2 class=\"wp-block-heading\">Quais s\u00e3o as diferen\u00e7as pr\u00e1ticas entre colonoscopia e teste FIT<\/h2>\n\n\n\n<p>Ensaios cl\u00ednicos de grande porte, envolvendo centenas de milhares de participantes, mostram que a&nbsp;<strong>colonoscopia<\/strong>&nbsp;detecta mais casos de c\u00e2ncer em est\u00e1gio inicial por 100 mil pessoas-ano quando comparada \u00e0 aus\u00eancia de rastreio e ao teste FIT. J\u00e1 o&nbsp;<strong>teste FIT<\/strong>&nbsp;ganha em facilidade de acesso, custo menor e maior aceita\u00e7\u00e3o da popula\u00e7\u00e3o, o que o torna atrativo para programas p\u00fablicos de rastreio em massa.<\/p>\n\n\n\n<p>Em muitos sistemas de sa\u00fade, essas caracter\u00edsticas levaram \u00e0 discuss\u00e3o de modelos h\u00edbridos, combinando exames de fezes seriados com colonoscopia direcionada para casos selecionados. De forma resumida, as principais diferen\u00e7as podem ser vistas a seguir:<\/p>\n\n\n\n<ul class=\"wp-block-list\">\n<li><strong>Colonoscopia<\/strong>: exame invasivo, feito em intervalos mais espa\u00e7ados, com possibilidade de remo\u00e7\u00e3o de p\u00f3lipos e bi\u00f3psias no mesmo ato.<\/li>\n\n\n\n<li><strong>Teste FIT<\/strong>: exame n\u00e3o invasivo, realizado em casa, geralmente repetido a cada um ou dois anos para monitoriza\u00e7\u00e3o cont\u00ednua.<\/li>\n\n\n\n<li><strong>Ambos<\/strong>: t\u00eam como objetivo principal reduzir casos de c\u00e2ncer de c\u00f3lon avan\u00e7ado e aumentar a chance de diagn\u00f3stico precoce e tratamento curativo.<\/li>\n<\/ul>\n\n\n\n<figure class=\"wp-block-image size-large\"><img loading=\"lazy\" decoding=\"async\" width=\"1024\" height=\"576\" src=\"https:\/\/www.em.com.br\/emfoco\/wp-content\/uploads\/2026\/03\/9-37-1024x576.jpg\" alt=\"C\u00e2ncer de c\u00f3lon: o exame que pode evitar a doen\u00e7a antes mesmo dos sintomas\" class=\"wp-image-181279\" srcset=\"https:\/\/www.em.com.br\/emfoco\/wp-content\/uploads\/2026\/03\/9-37-1024x576.jpg 1024w, https:\/\/www.em.com.br\/emfoco\/wp-content\/uploads\/2026\/03\/9-37-300x169.jpg 300w, https:\/\/www.em.com.br\/emfoco\/wp-content\/uploads\/2026\/03\/9-37-768x432.jpg 768w, https:\/\/www.em.com.br\/emfoco\/wp-content\/uploads\/2026\/03\/9-37-750x422.jpg 750w, https:\/\/www.em.com.br\/emfoco\/wp-content\/uploads\/2026\/03\/9-37-1140x641.jpg 1140w, https:\/\/www.em.com.br\/emfoco\/wp-content\/uploads\/2026\/03\/9-37.jpg 1280w\" sizes=\"auto, (max-width: 1024px) 100vw, 1024px\" \/><figcaption class=\"wp-element-caption\">Escolha do exame depende do risco individual e indica\u00e7\u00e3o m\u00e9dica especializada<\/figcaption><\/figure>\n\n\n\n<h2 class=\"wp-block-heading\">Como os estudos em larga escala medem o impacto do rastreio<\/h2>\n\n\n\n<p>Estudos de rastreamento em massa, conduzidos em diversos centros europeus, acompanham grandes grupos divididos em categorias: um grupo convidado \u00e0 colonoscopia, outro ao teste FIT em rodadas regulares e um grupo de controle, sem oferta sistem\u00e1tica de exames. Ao longo de v\u00e1rios anos, os pesquisadores avaliam quantos tumores surgem em cada grupo, em que est\u00e1gio s\u00e3o encontrados e como isso afeta a&nbsp;<strong>mortalidade espec\u00edfica por c\u00e2ncer de c\u00f3lon<\/strong>.<\/p>\n\n\n\n<p>Os resultados indicam que tanto a colonoscopia quanto o teste FIT reduzem a propor\u00e7\u00e3o de casos diagnosticados em est\u00e1gio avan\u00e7ado, pois permitem a remo\u00e7\u00e3o de les\u00f5es precursoras ou a indica\u00e7\u00e3o de investiga\u00e7\u00e3o endosc\u00f3pica complementar. Como o desenvolvimento de um\u00a0<strong>tumor colorretal<\/strong>\u00a0leva anos, acompanhamentos previstos at\u00e9 2030 s\u00e3o essenciais para medir com precis\u00e3o o impacto em sobrevida, efeitos adversos e <strong><a href=\"https:\/\/www.em.com.br\/emfoco\/2026\/01\/06\/os-5-melhores-aspiradores-robos-custo-beneficio-pra-comprar-em-2026\/\" target=\"_blank\" rel=\"noreferrer noopener\">custo-benef\u00edcio<\/a><\/strong> de cada estrat\u00e9gia de rastreio.<\/p>\n\n\n\n<h2 class=\"wp-block-heading\">Quais s\u00e3o os pr\u00f3ximos passos para prevenir o c\u00e2ncer de c\u00f3lon<\/h2>\n\n\n\n<p>Com novas evid\u00eancias, sociedades m\u00e9dicas tendem a revisar a idade de in\u00edcio do rastreio, o intervalo entre exames e a escolha entre&nbsp;<strong>colonoscopia<\/strong>&nbsp;e&nbsp;<strong>teste FIT<\/strong>&nbsp;como primeira op\u00e7\u00e3o. Em muitos contextos, o modelo ideal combina teste de fezes como porta de entrada para a maioria da popula\u00e7\u00e3o e colonoscopia para quem apresenta resultado alterado ou maior risco individual, sempre aliado a h\u00e1bitos de vida mais saud\u00e1veis.<\/p>\n\n\n\n<p>A decis\u00e3o de se rastrear n\u00e3o pode ser adiada: se voc\u00ea j\u00e1 est\u00e1 na faixa et\u00e1ria recomendada ou tem fatores de risco, converse com seu m\u00e9dico o quanto antes sobre qual exame \u00e9 mais adequado para o seu caso. Agir agora pode significar detectar um p\u00f3lipo ainda inofensivo em vez de enfrentar um&nbsp;<strong>c\u00e2ncer de c\u00f3lon avan\u00e7ado<\/strong>; n\u00e3o espere surgir um sintoma grave para buscar ajuda.<\/p>\n","protected":false},"excerpt":{"rendered":"<p>O&nbsp;c\u00e2ncer de c\u00f3lon&nbsp;\u00e9 hoje um dos principais desafios de sa\u00fade p\u00fablica no mundo, mas tamb\u00e9m uma das doen\u00e7as em que o rastreio organizado mostra enorme capacidade de evitar casos graves. Em v\u00e1rios pa\u00edses, inclusive na Su\u00e9cia, grandes estudos populacionais avaliam como exames regulares, como a&nbsp;colonoscopia&nbsp;e o&nbsp;teste imunol\u00f3gico fecal (teste FIT), podem reduzir o surgimento de [&hellip;]<\/p>\n","protected":false},"author":13,"featured_media":181281,"comment_status":"open","ping_status":"open","sticky":false,"template":"","format":"standard","meta":{"jnews-multi-image_gallery":[],"jnews_single_post":{"format":"standard"},"jnews_primary_category":[],"jnews_social_meta":[],"jnews_override_counter":[],"footnotes":""},"categories":[9053],"tags":[448,16975,7840],"class_list":["post-181261","post","type-post","status-publish","format-standard","has-post-thumbnail","hentry","category-saude","tag-cancer","tag-cancer-de-colon","tag-oms"],"yoast_head":"<!-- This site is optimized with the Yoast SEO plugin v23.8 - https:\/\/yoast.com\/wordpress\/plugins\/seo\/ -->\n<title>C\u00e2ncer de c\u00f3lon: o exame que pode evitar a doen\u00e7a antes mesmo dos sintomas - Estado de Minas - Em foco<\/title>\n<meta name=\"description\" content=\"O rastreio do c\u00e2ncer de c\u00f3lon pode detectar les\u00f5es antes de virarem tumor. Veja como funcionam colonoscopia e teste de fezes\" \/>\n<meta name=\"robots\" content=\"index, follow, max-snippet:-1, max-image-preview:large, max-video-preview:-1\" \/>\n<link rel=\"canonical\" href=\"https:\/\/www.em.com.br\/emfoco\/2026\/03\/16\/cancer-de-colon-o-exame-que-pode-evitar-a-doenca-antes-mesmo-dos-sintomas\/\" \/>\n<meta property=\"og:locale\" content=\"pt_BR\" \/>\n<meta property=\"og:type\" content=\"article\" \/>\n<meta property=\"og:title\" content=\"C\u00e2ncer de c\u00f3lon: o exame que pode evitar a doen\u00e7a antes mesmo dos sintomas - Estado de Minas - Em foco\" \/>\n<meta property=\"og:description\" content=\"O rastreio do c\u00e2ncer de c\u00f3lon pode detectar les\u00f5es antes de virarem tumor. Veja como funcionam colonoscopia e teste de fezes\" \/>\n<meta property=\"og:url\" content=\"https:\/\/www.em.com.br\/emfoco\/2026\/03\/16\/cancer-de-colon-o-exame-que-pode-evitar-a-doenca-antes-mesmo-dos-sintomas\/\" \/>\n<meta property=\"og:site_name\" content=\"Estado de Minas - Em foco\" \/>\n<meta property=\"article:published_time\" content=\"2026-03-17T00:05:00+00:00\" \/>\n<meta property=\"article:modified_time\" content=\"2026-03-13T18:48:26+00:00\" \/>\n<meta property=\"og:image\" content=\"https:\/\/www.em.com.br\/emfoco\/wp-content\/uploads\/2026\/03\/11-26.jpg\" \/>\n\t<meta property=\"og:image:width\" content=\"1280\" \/>\n\t<meta property=\"og:image:height\" content=\"720\" \/>\n\t<meta property=\"og:image:type\" content=\"image\/jpeg\" \/>\n<meta name=\"author\" content=\"Gabriel Martins\" \/>\n<meta name=\"twitter:card\" content=\"summary_large_image\" \/>\n<meta name=\"twitter:label1\" content=\"Escrito por\" \/>\n\t<meta name=\"twitter:data1\" content=\"Gabriel Martins\" \/>\n\t<meta name=\"twitter:label2\" content=\"Est. tempo de leitura\" \/>\n\t<meta name=\"twitter:data2\" content=\"6 minutos\" \/>\n<!-- \/ Yoast SEO plugin. -->","yoast_head_json":{"title":"C\u00e2ncer de c\u00f3lon: o exame que pode evitar a doen\u00e7a antes mesmo dos sintomas - Estado de Minas - Em foco","description":"O rastreio do c\u00e2ncer de c\u00f3lon pode detectar les\u00f5es antes de virarem tumor. Veja como funcionam colonoscopia e teste de fezes","robots":{"index":"index","follow":"follow","max-snippet":"max-snippet:-1","max-image-preview":"max-image-preview:large","max-video-preview":"max-video-preview:-1"},"canonical":"https:\/\/www.em.com.br\/emfoco\/2026\/03\/16\/cancer-de-colon-o-exame-que-pode-evitar-a-doenca-antes-mesmo-dos-sintomas\/","og_locale":"pt_BR","og_type":"article","og_title":"C\u00e2ncer de c\u00f3lon: o exame que pode evitar a doen\u00e7a antes mesmo dos sintomas - Estado de Minas - Em foco","og_description":"O rastreio do c\u00e2ncer de c\u00f3lon pode detectar les\u00f5es antes de virarem tumor. Veja como funcionam colonoscopia e teste de fezes","og_url":"https:\/\/www.em.com.br\/emfoco\/2026\/03\/16\/cancer-de-colon-o-exame-que-pode-evitar-a-doenca-antes-mesmo-dos-sintomas\/","og_site_name":"Estado de Minas - Em foco","article_published_time":"2026-03-17T00:05:00+00:00","article_modified_time":"2026-03-13T18:48:26+00:00","og_image":[{"width":1280,"height":720,"url":"https:\/\/www.em.com.br\/emfoco\/wp-content\/uploads\/2026\/03\/11-26.jpg","type":"image\/jpeg"}],"author":"Gabriel Martins","twitter_card":"summary_large_image","twitter_misc":{"Escrito por":"Gabriel Martins","Est. tempo de leitura":"6 minutos"},"schema":{"@context":"https:\/\/schema.org","@graph":[{"@type":"WebPage","@id":"https:\/\/www.em.com.br\/emfoco\/2026\/03\/16\/cancer-de-colon-o-exame-que-pode-evitar-a-doenca-antes-mesmo-dos-sintomas\/","url":"https:\/\/www.em.com.br\/emfoco\/2026\/03\/16\/cancer-de-colon-o-exame-que-pode-evitar-a-doenca-antes-mesmo-dos-sintomas\/","name":"C\u00e2ncer de c\u00f3lon: o exame que pode evitar a doen\u00e7a antes mesmo dos sintomas - Estado de Minas - Em foco","isPartOf":{"@id":"https:\/\/www.em.com.br\/emfoco\/#website"},"primaryImageOfPage":{"@id":"https:\/\/www.em.com.br\/emfoco\/2026\/03\/16\/cancer-de-colon-o-exame-que-pode-evitar-a-doenca-antes-mesmo-dos-sintomas\/#primaryimage"},"image":{"@id":"https:\/\/www.em.com.br\/emfoco\/2026\/03\/16\/cancer-de-colon-o-exame-que-pode-evitar-a-doenca-antes-mesmo-dos-sintomas\/#primaryimage"},"thumbnailUrl":"https:\/\/www.em.com.br\/emfoco\/wp-content\/uploads\/2026\/03\/11-26.jpg","datePublished":"2026-03-17T00:05:00+00:00","dateModified":"2026-03-13T18:48:26+00:00","author":{"@id":"https:\/\/www.em.com.br\/emfoco\/#\/schema\/person\/1c9ddeab18b98abeffef834667bcf08a"},"description":"O rastreio do c\u00e2ncer de c\u00f3lon pode detectar les\u00f5es antes de virarem tumor. Veja como funcionam colonoscopia e teste de fezes","breadcrumb":{"@id":"https:\/\/www.em.com.br\/emfoco\/2026\/03\/16\/cancer-de-colon-o-exame-que-pode-evitar-a-doenca-antes-mesmo-dos-sintomas\/#breadcrumb"},"inLanguage":"pt-BR","potentialAction":[{"@type":"ReadAction","target":["https:\/\/www.em.com.br\/emfoco\/2026\/03\/16\/cancer-de-colon-o-exame-que-pode-evitar-a-doenca-antes-mesmo-dos-sintomas\/"]}]},{"@type":"ImageObject","inLanguage":"pt-BR","@id":"https:\/\/www.em.com.br\/emfoco\/2026\/03\/16\/cancer-de-colon-o-exame-que-pode-evitar-a-doenca-antes-mesmo-dos-sintomas\/#primaryimage","url":"https:\/\/www.em.com.br\/emfoco\/wp-content\/uploads\/2026\/03\/11-26.jpg","contentUrl":"https:\/\/www.em.com.br\/emfoco\/wp-content\/uploads\/2026\/03\/11-26.jpg","width":1280,"height":720,"caption":"Exames de rastreio regulares reduzem drasticamente casos graves de c\u00e2ncer colorretal"},{"@type":"BreadcrumbList","@id":"https:\/\/www.em.com.br\/emfoco\/2026\/03\/16\/cancer-de-colon-o-exame-que-pode-evitar-a-doenca-antes-mesmo-dos-sintomas\/#breadcrumb","itemListElement":[{"@type":"ListItem","position":1,"name":"In\u00edcio","item":"https:\/\/www.em.com.br\/emfoco\/"},{"@type":"ListItem","position":2,"name":"C\u00e2ncer de c\u00f3lon: o exame que pode evitar a doen\u00e7a antes mesmo dos sintomas"}]},{"@type":"WebSite","@id":"https:\/\/www.em.com.br\/emfoco\/#website","url":"https:\/\/www.em.com.br\/emfoco\/","name":"Estado de Minas - Em foco","description":"Acompanhe as \u00faltimas not\u00edcias e fique bem informado sobre tudo o que acontece em Minas Gerais, Brasil e no mundo.","potentialAction":[{"@type":"SearchAction","target":{"@type":"EntryPoint","urlTemplate":"https:\/\/www.em.com.br\/emfoco\/?s={search_term_string}"},"query-input":{"@type":"PropertyValueSpecification","valueRequired":true,"valueName":"search_term_string"}}],"inLanguage":"pt-BR"},{"@type":"Person","@id":"https:\/\/www.em.com.br\/emfoco\/#\/schema\/person\/1c9ddeab18b98abeffef834667bcf08a","name":"Gabriel Martins","image":{"@type":"ImageObject","inLanguage":"pt-BR","@id":"https:\/\/www.em.com.br\/emfoco\/#\/schema\/person\/image\/","url":"https:\/\/secure.gravatar.com\/avatar\/f0f1e2efdfd88f1ad2cb08c5c2731e50?s=96&d=mm&r=g","contentUrl":"https:\/\/secure.gravatar.com\/avatar\/f0f1e2efdfd88f1ad2cb08c5c2731e50?s=96&d=mm&r=g","caption":"Gabriel Martins"},"sameAs":["https:\/\/www.em.com.br\/emfoco\/"],"url":"https:\/\/www.em.com.br\/emfoco\/author\/gabrielmartinsmyth\/"}]}},"_links":{"self":[{"href":"https:\/\/www.em.com.br\/emfoco\/wp-json\/wp\/v2\/posts\/181261","targetHints":{"allow":["GET"]}}],"collection":[{"href":"https:\/\/www.em.com.br\/emfoco\/wp-json\/wp\/v2\/posts"}],"about":[{"href":"https:\/\/www.em.com.br\/emfoco\/wp-json\/wp\/v2\/types\/post"}],"author":[{"embeddable":true,"href":"https:\/\/www.em.com.br\/emfoco\/wp-json\/wp\/v2\/users\/13"}],"replies":[{"embeddable":true,"href":"https:\/\/www.em.com.br\/emfoco\/wp-json\/wp\/v2\/comments?post=181261"}],"version-history":[{"count":1,"href":"https:\/\/www.em.com.br\/emfoco\/wp-json\/wp\/v2\/posts\/181261\/revisions"}],"predecessor-version":[{"id":181286,"href":"https:\/\/www.em.com.br\/emfoco\/wp-json\/wp\/v2\/posts\/181261\/revisions\/181286"}],"wp:featuredmedia":[{"embeddable":true,"href":"https:\/\/www.em.com.br\/emfoco\/wp-json\/wp\/v2\/media\/181281"}],"wp:attachment":[{"href":"https:\/\/www.em.com.br\/emfoco\/wp-json\/wp\/v2\/media?parent=181261"}],"wp:term":[{"taxonomy":"category","embeddable":true,"href":"https:\/\/www.em.com.br\/emfoco\/wp-json\/wp\/v2\/categories?post=181261"},{"taxonomy":"post_tag","embeddable":true,"href":"https:\/\/www.em.com.br\/emfoco\/wp-json\/wp\/v2\/tags?post=181261"}],"curies":[{"name":"wp","href":"https:\/\/api.w.org\/{rel}","templated":true}]}}