{"id":181249,"date":"2026-03-16T08:15:00","date_gmt":"2026-03-16T11:15:00","guid":{"rendered":"https:\/\/www.em.com.br\/emfoco\/?p=181249"},"modified":"2026-03-13T13:31:03","modified_gmt":"2026-03-13T16:31:03","slug":"5-oleos-vegetais-que-podem-transformar-cabelos-secos-quando-usados-da-forma-certa","status":"publish","type":"post","link":"https:\/\/www.em.com.br\/emfoco\/2026\/03\/16\/5-oleos-vegetais-que-podem-transformar-cabelos-secos-quando-usados-da-forma-certa\/","title":{"rendered":"5 \u00f3leos vegetais que podem transformar cabelos secos quando usados da forma certa"},"content":{"rendered":"\n<p>Cabelos secos costumam apresentar aspecto opaco, frizz em excesso e dificuldade para manter a hidrata\u00e7\u00e3o ao longo do dia. Esse quadro est\u00e1 ligado \u00e0 perda de \u00e1gua, \u00e0 pouca produ\u00e7\u00e3o de oleosidade natural no couro cabeludo ou ao uso frequente de processos qu\u00edmicos e ferramentas de calor. Nesse cen\u00e1rio, os&nbsp;<strong>\u00f3leos vegetais para cabelos secos<\/strong>&nbsp;ganham espa\u00e7o como aliados para refor\u00e7ar a nutri\u00e7\u00e3o e devolver maciez aos fios, quando usados de forma estrat\u00e9gica na rotina de cuidados.<\/p>\n\n\n\n<h2 class=\"wp-block-heading\">Quais s\u00e3o os melhores \u00f3leos vegetais para cabelos secos<\/h2>\n\n\n\n<p>Entre os diversos \u00f3leos dispon\u00edveis, alguns se destacam pela capacidade de penetrar no fio e refor\u00e7ar a\u00a0<strong>nutri\u00e7\u00e3o dos<a href=\"https:\/\/www.em.com.br\/emfoco\/2026\/01\/09\/como-recuperar-cabelos-ressecados-pelo-sol-mar-e-piscina-neste-verao\/\" target=\"_blank\" rel=\"noreferrer noopener\"> cabelos ressecados<\/a><\/strong>. Quanto mais puro e prensado a frio, maior tende a ser a preserva\u00e7\u00e3o de\u00a0<strong>\u00e1cidos graxos<\/strong>, vitaminas e antioxidantes importantes para a fibra capilar.<\/p>\n\n\n\n<p>Os \u00f3leos a seguir s\u00e3o considerados vers\u00e1teis para tratar o ressecamento, podendo ser usados sozinhos ou combinados, sempre observando a rea\u00e7\u00e3o do cabelo e ajustando as quantidades.<\/p>\n\n\n\n<ul class=\"wp-block-list\">\n<li><strong>\u00d3leo de coco<\/strong>: rico em \u00e1cido l\u00e1urico, ajuda a reduzir a perda de prote\u00ednas e \u00e9 muito usado em umecta\u00e7\u00f5es.<\/li>\n\n\n\n<li><strong>\u00d3leo de argan<\/strong>: concentrado em vitamina E e antioxidantes, \u00e9 aplicado no comprimento e pontas para dar brilho e maciez.<\/li>\n\n\n\n<li><strong>\u00d3leo de abacate<\/strong>: cont\u00e9m lip\u00eddios e vitaminas A, D e E, indicado para fios grossos ou muito danificados por qu\u00edmica.<\/li>\n\n\n\n<li><strong>\u00d3leo de r\u00edcino<\/strong>\u00a0(mamona): mais denso, costuma ser usado em massagens no couro cabeludo e misturas nutritivas.<\/li>\n\n\n\n<li><strong>\u00d3leo de jojoba<\/strong>: com composi\u00e7\u00e3o pr\u00f3xima ao sebo natural, ajuda a equilibrar couro cabeludo ressecado.<\/li>\n<\/ul>\n\n\n\n<figure class=\"wp-block-image size-large\"><img loading=\"lazy\" decoding=\"async\" width=\"1024\" height=\"576\" src=\"https:\/\/www.em.com.br\/emfoco\/wp-content\/uploads\/2026\/03\/2-65-1024x576.jpg\" alt=\"5 \u00f3leos vegetais que podem transformar cabelos secos quando usados da forma certa\" class=\"wp-image-181252\" srcset=\"https:\/\/www.em.com.br\/emfoco\/wp-content\/uploads\/2026\/03\/2-65-1024x576.jpg 1024w, https:\/\/www.em.com.br\/emfoco\/wp-content\/uploads\/2026\/03\/2-65-300x169.jpg 300w, https:\/\/www.em.com.br\/emfoco\/wp-content\/uploads\/2026\/03\/2-65-768x432.jpg 768w, https:\/\/www.em.com.br\/emfoco\/wp-content\/uploads\/2026\/03\/2-65-750x422.jpg 750w, https:\/\/www.em.com.br\/emfoco\/wp-content\/uploads\/2026\/03\/2-65-1140x641.jpg 1140w, https:\/\/www.em.com.br\/emfoco\/wp-content\/uploads\/2026\/03\/2-65.jpg 1280w\" sizes=\"auto, (max-width: 1024px) 100vw, 1024px\" \/><figcaption class=\"wp-element-caption\">Nutrientes essenciais penetram na fibra capilar devolvendo a maleabilidade aos fios<\/figcaption><\/figure>\n\n\n\n<h2 class=\"wp-block-heading\">Como usar \u00f3leos vegetais para nutrir cabelos secos<\/h2>\n\n\n\n<p>O uso correto dos&nbsp;<strong>\u00f3leos nutritivos<\/strong>&nbsp;passa por tr\u00eas frentes principais: umecta\u00e7\u00e3o, potencializa\u00e7\u00e3o de m\u00e1scaras e finaliza\u00e7\u00e3o. Cada etapa atende a necessidades diferentes e pode ser adaptada conforme a rotina capilar, sempre evitando exageros para n\u00e3o pesar os fios.<\/p>\n\n\n\n<p>Na\u00a0<strong><a href=\"https:\/\/www.natura.com.br\/blog\/cabelo\/umectacao-capilar\" target=\"_blank\" rel=\"noreferrer noopener\">umecta\u00e7\u00e3o capilar<\/a><\/strong>, o \u00f3leo vegetal \u00e9 aplicado nos fios secos antes da lavagem, deixando agir de 30 minutos a algumas horas, ou durante a noite em umecta\u00e7\u00e3o noturna. Tamb\u00e9m \u00e9 poss\u00edvel adicionar algumas gotas de \u00f3leo de argan, abacate ou coco \u00e0 m\u00e1scara de tratamento para refor\u00e7ar a etapa de nutri\u00e7\u00e3o do cronograma capilar.<\/p>\n\n\n\n<h2 class=\"wp-block-heading\">Como fazer finaliza\u00e7\u00e3o com \u00f3leos vegetais e controlar o frizz<\/h2>\n\n\n\n<p>Para o dia a dia, o uso de uma quantidade pequena de \u00f3leo vegetal leve nas pontas ajuda a controlar o&nbsp;<strong>frizz<\/strong>&nbsp;e as pontas espigadas. \u00d3leos como&nbsp;<strong>jojoba<\/strong>&nbsp;e&nbsp;<strong>argan<\/strong>&nbsp;s\u00e3o frequentemente escolhidos por terem textura mais fluida e acabamento mais natural.<\/p>\n\n\n\n<p>A aplica\u00e7\u00e3o deve ser feita espalhando o produto nas m\u00e3os antes de passar nos fios, evitando concentra\u00e7\u00e3o em um \u00fanico ponto. Em cabelos muito secos ou com danos t\u00e9rmicos, o \u00f3leo pode ser usado ap\u00f3s o leave-in, como etapa final da finaliza\u00e7\u00e3o, sempre com modera\u00e7\u00e3o.<\/p>\n\n\n\n<figure class=\"wp-block-image size-large\"><img loading=\"lazy\" decoding=\"async\" width=\"1024\" height=\"576\" src=\"https:\/\/www.em.com.br\/emfoco\/wp-content\/uploads\/2026\/03\/3-61-1024x576.jpg\" alt=\"5 \u00f3leos vegetais que podem transformar cabelos secos quando usados da forma certa\" class=\"wp-image-181253\" srcset=\"https:\/\/www.em.com.br\/emfoco\/wp-content\/uploads\/2026\/03\/3-61-1024x576.jpg 1024w, https:\/\/www.em.com.br\/emfoco\/wp-content\/uploads\/2026\/03\/3-61-300x169.jpg 300w, https:\/\/www.em.com.br\/emfoco\/wp-content\/uploads\/2026\/03\/3-61-768x432.jpg 768w, https:\/\/www.em.com.br\/emfoco\/wp-content\/uploads\/2026\/03\/3-61-750x422.jpg 750w, https:\/\/www.em.com.br\/emfoco\/wp-content\/uploads\/2026\/03\/3-61-1140x641.jpg 1140w, https:\/\/www.em.com.br\/emfoco\/wp-content\/uploads\/2026\/03\/3-61.jpg 1280w\" sizes=\"auto, (max-width: 1024px) 100vw, 1024px\" \/><figcaption class=\"wp-element-caption\">Finaliza\u00e7\u00e3o com gotas de argan controla o frizz e protege as pontas<\/figcaption><\/figure>\n\n\n\n<h2 class=\"wp-block-heading\">Quais cuidados s\u00e3o essenciais ao usar \u00f3leos vegetais nos cabelos<\/h2>\n\n\n\n<p>Apesar dos benef\u00edcios, o uso de \u00f3leos em cabelos secos exige aten\u00e7\u00e3o \u00e0&nbsp;<strong>frequ\u00eancia<\/strong>&nbsp;e \u00e0 forma de remo\u00e7\u00e3o. Para que o tratamento n\u00e3o provoque efeito contr\u00e1rio, alguns cuidados b\u00e1sicos garantem resultados melhores e evitam o ac\u00famulo de res\u00edduos.<\/p>\n\n\n\n<ul class=\"wp-block-list\">\n<li><strong>Evitar excesso de produto<\/strong>: muita quantidade deixa o fio pesado e com apar\u00eancia suja, mesmo em cabelos secos.<\/li>\n\n\n\n<li><strong>Lavar corretamente<\/strong>: ap\u00f3s umecta\u00e7\u00e3o, use shampoo em quantidade adequada, massageando at\u00e9 remover o res\u00edduo gorduroso.<\/li>\n\n\n\n<li><strong>Respeitar a frequ\u00eancia<\/strong>: em geral, 1 ou 2 sess\u00f5es de nutri\u00e7\u00e3o com \u00f3leo por semana s\u00e3o suficientes.<\/li>\n\n\n\n<li><strong>Adequar ao tipo de fio<\/strong>: fios finos pedem \u00f3leos leves e em menor quantidade; fios grossos e crespos toleram f\u00f3rmulas mais densas.<\/li>\n\n\n\n<li><strong>Preferir \u00f3leos 100% vegetais<\/strong>: evite r\u00f3tulos com \u00f3leo mineral, parafina ou silicone, que n\u00e3o entregam a mesma nutri\u00e7\u00e3o.<\/li>\n<\/ul>\n\n\n\n<h2 class=\"wp-block-heading\">Como manter uma rotina eficiente com \u00f3leos vegetais para cabelos secos<\/h2>\n\n\n\n<p>Quando o uso de&nbsp;<strong>\u00f3leos vegetais<\/strong>&nbsp;\u00e9 combinado com uma rotina equilibrada de lavagem, condicionamento, prote\u00e7\u00e3o t\u00e9rmica e um bom cronograma capilar, os cabelos secos tendem a ganhar maciez progressiva, maleabilidade e redu\u00e7\u00e3o da quebra. Observar a resposta dos fios ajuda a ajustar tipos de \u00f3leo, formas de aplica\u00e7\u00e3o e intervalos, mantendo o cuidado eficiente e personalizado.<\/p>\n\n\n\n<p>Se seus cabelos est\u00e3o \u00e1speros, quebradi\u00e7os e sem brilho, n\u00e3o espere piorar: comece hoje mesmo a testar um \u00f3leo vegetal adequado ao seu tipo de fio e acompanhe a evolu\u00e7\u00e3o a cada semana. Quanto antes voc\u00ea agir, mais r\u00e1pido vai resgatar a sa\u00fade, o brilho e a for\u00e7a do seu cabelo.<\/p>\n","protected":false},"excerpt":{"rendered":"<p>Cabelos secos costumam apresentar aspecto opaco, frizz em excesso e dificuldade para manter a hidrata\u00e7\u00e3o ao longo do dia. Esse quadro est\u00e1 ligado \u00e0 perda de \u00e1gua, \u00e0 pouca produ\u00e7\u00e3o de oleosidade natural no couro cabeludo ou ao uso frequente de processos qu\u00edmicos e ferramentas de calor. Nesse cen\u00e1rio, os&nbsp;\u00f3leos vegetais para cabelos secos&nbsp;ganham espa\u00e7o [&hellip;]<\/p>\n","protected":false},"author":13,"featured_media":181254,"comment_status":"open","ping_status":"open","sticky":false,"template":"","format":"standard","meta":{"jnews-multi-image_gallery":[],"jnews_single_post":{"format":"standard"},"jnews_primary_category":[],"jnews_social_meta":[],"jnews_override_counter":[],"footnotes":""},"categories":[8819],"tags":[712,15935,18388],"class_list":["post-181249","post","type-post","status-publish","format-standard","has-post-thumbnail","hentry","category-curiosidades","tag-autocuidado","tag-cuidado-com-os-cabelos","tag-oleos-vegetais-2"],"yoast_head":"<!-- This site is optimized with the Yoast SEO plugin v23.8 - https:\/\/yoast.com\/wordpress\/plugins\/seo\/ -->\n<title>5 \u00f3leos vegetais que podem transformar cabelos secos quando usados da forma certa - Estado de Minas - Em foco<\/title>\n<meta name=\"description\" content=\"Veja quais s\u00e3o os melhores \u00f3leos vegetais para cabelos secos e como usar na umecta\u00e7\u00e3o, na m\u00e1scara e na finaliza\u00e7\u00e3o sem pesar os fios.\" \/>\n<meta name=\"robots\" content=\"index, follow, max-snippet:-1, max-image-preview:large, max-video-preview:-1\" \/>\n<link rel=\"canonical\" href=\"https:\/\/www.em.com.br\/emfoco\/2026\/03\/16\/5-oleos-vegetais-que-podem-transformar-cabelos-secos-quando-usados-da-forma-certa\/\" \/>\n<meta property=\"og:locale\" content=\"pt_BR\" \/>\n<meta property=\"og:type\" content=\"article\" \/>\n<meta property=\"og:title\" content=\"5 \u00f3leos vegetais que podem transformar cabelos secos quando usados da forma certa - Estado de Minas - Em foco\" \/>\n<meta property=\"og:description\" content=\"Veja quais s\u00e3o os melhores \u00f3leos vegetais para cabelos secos e como usar na umecta\u00e7\u00e3o, na m\u00e1scara e na finaliza\u00e7\u00e3o sem pesar os fios.\" \/>\n<meta property=\"og:url\" content=\"https:\/\/www.em.com.br\/emfoco\/2026\/03\/16\/5-oleos-vegetais-que-podem-transformar-cabelos-secos-quando-usados-da-forma-certa\/\" \/>\n<meta property=\"og:site_name\" content=\"Estado de Minas - Em foco\" \/>\n<meta property=\"article:published_time\" content=\"2026-03-16T11:15:00+00:00\" \/>\n<meta property=\"article:modified_time\" content=\"2026-03-13T16:31:03+00:00\" \/>\n<meta property=\"og:image\" content=\"https:\/\/www.em.com.br\/emfoco\/wp-content\/uploads\/2026\/03\/4-57.jpg\" \/>\n\t<meta property=\"og:image:width\" content=\"1280\" \/>\n\t<meta property=\"og:image:height\" content=\"720\" \/>\n\t<meta property=\"og:image:type\" content=\"image\/jpeg\" \/>\n<meta name=\"author\" content=\"Gabriel Martins\" \/>\n<meta name=\"twitter:card\" content=\"summary_large_image\" \/>\n<meta name=\"twitter:label1\" content=\"Escrito por\" \/>\n\t<meta name=\"twitter:data1\" content=\"Gabriel Martins\" \/>\n\t<meta name=\"twitter:label2\" content=\"Est. tempo de leitura\" \/>\n\t<meta name=\"twitter:data2\" content=\"5 minutos\" \/>\n<!-- \/ Yoast SEO plugin. -->","yoast_head_json":{"title":"5 \u00f3leos vegetais que podem transformar cabelos secos quando usados da forma certa - Estado de Minas - Em foco","description":"Veja quais s\u00e3o os melhores \u00f3leos vegetais para cabelos secos e como usar na umecta\u00e7\u00e3o, na m\u00e1scara e na finaliza\u00e7\u00e3o sem pesar os fios.","robots":{"index":"index","follow":"follow","max-snippet":"max-snippet:-1","max-image-preview":"max-image-preview:large","max-video-preview":"max-video-preview:-1"},"canonical":"https:\/\/www.em.com.br\/emfoco\/2026\/03\/16\/5-oleos-vegetais-que-podem-transformar-cabelos-secos-quando-usados-da-forma-certa\/","og_locale":"pt_BR","og_type":"article","og_title":"5 \u00f3leos vegetais que podem transformar cabelos secos quando usados da forma certa - Estado de Minas - Em foco","og_description":"Veja quais s\u00e3o os melhores \u00f3leos vegetais para cabelos secos e como usar na umecta\u00e7\u00e3o, na m\u00e1scara e na finaliza\u00e7\u00e3o sem pesar os fios.","og_url":"https:\/\/www.em.com.br\/emfoco\/2026\/03\/16\/5-oleos-vegetais-que-podem-transformar-cabelos-secos-quando-usados-da-forma-certa\/","og_site_name":"Estado de Minas - Em foco","article_published_time":"2026-03-16T11:15:00+00:00","article_modified_time":"2026-03-13T16:31:03+00:00","og_image":[{"width":1280,"height":720,"url":"https:\/\/www.em.com.br\/emfoco\/wp-content\/uploads\/2026\/03\/4-57.jpg","type":"image\/jpeg"}],"author":"Gabriel Martins","twitter_card":"summary_large_image","twitter_misc":{"Escrito por":"Gabriel Martins","Est. tempo de leitura":"5 minutos"},"schema":{"@context":"https:\/\/schema.org","@graph":[{"@type":"WebPage","@id":"https:\/\/www.em.com.br\/emfoco\/2026\/03\/16\/5-oleos-vegetais-que-podem-transformar-cabelos-secos-quando-usados-da-forma-certa\/","url":"https:\/\/www.em.com.br\/emfoco\/2026\/03\/16\/5-oleos-vegetais-que-podem-transformar-cabelos-secos-quando-usados-da-forma-certa\/","name":"5 \u00f3leos vegetais que podem transformar cabelos secos quando usados da forma certa - Estado de Minas - Em foco","isPartOf":{"@id":"https:\/\/www.em.com.br\/emfoco\/#website"},"primaryImageOfPage":{"@id":"https:\/\/www.em.com.br\/emfoco\/2026\/03\/16\/5-oleos-vegetais-que-podem-transformar-cabelos-secos-quando-usados-da-forma-certa\/#primaryimage"},"image":{"@id":"https:\/\/www.em.com.br\/emfoco\/2026\/03\/16\/5-oleos-vegetais-que-podem-transformar-cabelos-secos-quando-usados-da-forma-certa\/#primaryimage"},"thumbnailUrl":"https:\/\/www.em.com.br\/emfoco\/wp-content\/uploads\/2026\/03\/4-57.jpg","datePublished":"2026-03-16T11:15:00+00:00","dateModified":"2026-03-13T16:31:03+00:00","author":{"@id":"https:\/\/www.em.com.br\/emfoco\/#\/schema\/person\/1c9ddeab18b98abeffef834667bcf08a"},"description":"Veja quais s\u00e3o os melhores \u00f3leos vegetais para cabelos secos e como usar na umecta\u00e7\u00e3o, na m\u00e1scara e na finaliza\u00e7\u00e3o sem pesar os fios.","breadcrumb":{"@id":"https:\/\/www.em.com.br\/emfoco\/2026\/03\/16\/5-oleos-vegetais-que-podem-transformar-cabelos-secos-quando-usados-da-forma-certa\/#breadcrumb"},"inLanguage":"pt-BR","potentialAction":[{"@type":"ReadAction","target":["https:\/\/www.em.com.br\/emfoco\/2026\/03\/16\/5-oleos-vegetais-que-podem-transformar-cabelos-secos-quando-usados-da-forma-certa\/"]}]},{"@type":"ImageObject","inLanguage":"pt-BR","@id":"https:\/\/www.em.com.br\/emfoco\/2026\/03\/16\/5-oleos-vegetais-que-podem-transformar-cabelos-secos-quando-usados-da-forma-certa\/#primaryimage","url":"https:\/\/www.em.com.br\/emfoco\/wp-content\/uploads\/2026\/03\/4-57.jpg","contentUrl":"https:\/\/www.em.com.br\/emfoco\/wp-content\/uploads\/2026\/03\/4-57.jpg","width":1280,"height":720,"caption":"\u00d3leos vegetais puros refor\u00e7am a nutri\u00e7\u00e3o e combatem o ressecamento extremo"},{"@type":"BreadcrumbList","@id":"https:\/\/www.em.com.br\/emfoco\/2026\/03\/16\/5-oleos-vegetais-que-podem-transformar-cabelos-secos-quando-usados-da-forma-certa\/#breadcrumb","itemListElement":[{"@type":"ListItem","position":1,"name":"In\u00edcio","item":"https:\/\/www.em.com.br\/emfoco\/"},{"@type":"ListItem","position":2,"name":"5 \u00f3leos vegetais que podem transformar cabelos secos quando usados da forma certa"}]},{"@type":"WebSite","@id":"https:\/\/www.em.com.br\/emfoco\/#website","url":"https:\/\/www.em.com.br\/emfoco\/","name":"Estado de Minas - Em foco","description":"Acompanhe as \u00faltimas not\u00edcias e fique bem informado sobre tudo o que acontece em Minas Gerais, Brasil e no mundo.","potentialAction":[{"@type":"SearchAction","target":{"@type":"EntryPoint","urlTemplate":"https:\/\/www.em.com.br\/emfoco\/?s={search_term_string}"},"query-input":{"@type":"PropertyValueSpecification","valueRequired":true,"valueName":"search_term_string"}}],"inLanguage":"pt-BR"},{"@type":"Person","@id":"https:\/\/www.em.com.br\/emfoco\/#\/schema\/person\/1c9ddeab18b98abeffef834667bcf08a","name":"Gabriel Martins","image":{"@type":"ImageObject","inLanguage":"pt-BR","@id":"https:\/\/www.em.com.br\/emfoco\/#\/schema\/person\/image\/","url":"https:\/\/secure.gravatar.com\/avatar\/f0f1e2efdfd88f1ad2cb08c5c2731e50?s=96&d=mm&r=g","contentUrl":"https:\/\/secure.gravatar.com\/avatar\/f0f1e2efdfd88f1ad2cb08c5c2731e50?s=96&d=mm&r=g","caption":"Gabriel Martins"},"sameAs":["https:\/\/www.em.com.br\/emfoco\/"],"url":"https:\/\/www.em.com.br\/emfoco\/author\/gabrielmartinsmyth\/"}]}},"_links":{"self":[{"href":"https:\/\/www.em.com.br\/emfoco\/wp-json\/wp\/v2\/posts\/181249","targetHints":{"allow":["GET"]}}],"collection":[{"href":"https:\/\/www.em.com.br\/emfoco\/wp-json\/wp\/v2\/posts"}],"about":[{"href":"https:\/\/www.em.com.br\/emfoco\/wp-json\/wp\/v2\/types\/post"}],"author":[{"embeddable":true,"href":"https:\/\/www.em.com.br\/emfoco\/wp-json\/wp\/v2\/users\/13"}],"replies":[{"embeddable":true,"href":"https:\/\/www.em.com.br\/emfoco\/wp-json\/wp\/v2\/comments?post=181249"}],"version-history":[{"count":1,"href":"https:\/\/www.em.com.br\/emfoco\/wp-json\/wp\/v2\/posts\/181249\/revisions"}],"predecessor-version":[{"id":181260,"href":"https:\/\/www.em.com.br\/emfoco\/wp-json\/wp\/v2\/posts\/181249\/revisions\/181260"}],"wp:featuredmedia":[{"embeddable":true,"href":"https:\/\/www.em.com.br\/emfoco\/wp-json\/wp\/v2\/media\/181254"}],"wp:attachment":[{"href":"https:\/\/www.em.com.br\/emfoco\/wp-json\/wp\/v2\/media?parent=181249"}],"wp:term":[{"taxonomy":"category","embeddable":true,"href":"https:\/\/www.em.com.br\/emfoco\/wp-json\/wp\/v2\/categories?post=181249"},{"taxonomy":"post_tag","embeddable":true,"href":"https:\/\/www.em.com.br\/emfoco\/wp-json\/wp\/v2\/tags?post=181249"}],"curies":[{"name":"wp","href":"https:\/\/api.w.org\/{rel}","templated":true}]}}