{"id":181248,"date":"2026-03-16T12:55:00","date_gmt":"2026-03-16T15:55:00","guid":{"rendered":"https:\/\/www.em.com.br\/emfoco\/?p=181248"},"modified":"2026-03-13T13:30:05","modified_gmt":"2026-03-13T16:30:05","slug":"frizz-fora-de-controle-veja-como-a-hidratacao-com-babosa-pode-transformar-seus-fios","status":"publish","type":"post","link":"https:\/\/www.em.com.br\/emfoco\/2026\/03\/16\/frizz-fora-de-controle-veja-como-a-hidratacao-com-babosa-pode-transformar-seus-fios\/","title":{"rendered":"Frizz fora de controle? Veja como a hidrata\u00e7\u00e3o com babosa pode transformar seus fios"},"content":{"rendered":"\n<p>A&nbsp;<strong>hidrata\u00e7\u00e3o caseira com babosa<\/strong>&nbsp;vem ganhando espa\u00e7o nas rotinas de cuidado capilar como uma alternativa pr\u00e1tica para deixar o cabelo mais macio, com menos frizz e visual mais alinhado. O uso do gel da planta, tamb\u00e9m chamada de&nbsp;<strong>aloe vera<\/strong>, \u00e9 associado \u00e0 reposi\u00e7\u00e3o de \u00e1gua nos fios, ajudando quem sente o cabelo \u00e1spero, sem brilho ou com volume descontrolado, sem precisar de procedimentos complexos em sal\u00e3o.<\/p>\n\n\n\n<h2 class=\"wp-block-heading\">O que \u00e9 hidrata\u00e7\u00e3o caseira com babosa e como ela age nos fios<\/h2>\n\n\n\n<p>A&nbsp;<strong>hidrata\u00e7\u00e3o caseira com babosa<\/strong>&nbsp;\u00e9 um tratamento em que se usa o gel transparente retirado de dentro da folha diretamente no cabelo ou misturado a m\u00e1scaras prontas. Esse gel tem textura aquosa e escorregadia, o que facilita o espalhamento e deixa as mechas mais male\u00e1veis na hora da aplica\u00e7\u00e3o.<\/p>\n\n\n\n<p>No cuidado capilar, esse tipo de hidrata\u00e7\u00e3o \u00e9 classificado como etapa de reposi\u00e7\u00e3o h\u00eddrica, focada em devolver umidade e emoli\u00eancia. Quando bem distribu\u00eddo, o gel ajuda a \u201cdesgrudar\u201d os fios, reduz o aspecto de rigidez, diminui o&nbsp;<strong>frizz<\/strong>&nbsp;aparente e facilita o desembara\u00e7o ap\u00f3s o uso de shampoo.<\/p>\n\n\n\n<figure class=\"wp-block-image size-large\"><img loading=\"lazy\" decoding=\"async\" width=\"1024\" height=\"576\" src=\"https:\/\/www.em.com.br\/emfoco\/wp-content\/uploads\/2026\/03\/5-54-1024x576.jpg\" alt=\"Frizz fora de controle? Veja como a hidrata\u00e7\u00e3o com babosa pode transformar seus fios\" class=\"wp-image-181255\" srcset=\"https:\/\/www.em.com.br\/emfoco\/wp-content\/uploads\/2026\/03\/5-54-1024x576.jpg 1024w, https:\/\/www.em.com.br\/emfoco\/wp-content\/uploads\/2026\/03\/5-54-300x169.jpg 300w, https:\/\/www.em.com.br\/emfoco\/wp-content\/uploads\/2026\/03\/5-54-768x432.jpg 768w, https:\/\/www.em.com.br\/emfoco\/wp-content\/uploads\/2026\/03\/5-54-750x422.jpg 750w, https:\/\/www.em.com.br\/emfoco\/wp-content\/uploads\/2026\/03\/5-54-1140x641.jpg 1140w, https:\/\/www.em.com.br\/emfoco\/wp-content\/uploads\/2026\/03\/5-54.jpg 1280w\" sizes=\"auto, (max-width: 1024px) 100vw, 1024px\" \/><figcaption class=\"wp-element-caption\">Gel de aloe vera atua na reposi\u00e7\u00e3o h\u00eddrica da fibra capilar<\/figcaption><\/figure>\n\n\n\n<h2 class=\"wp-block-heading\">Quando a hidrata\u00e7\u00e3o caseira com babosa \u00e9 mais indicada<\/h2>\n\n\n\n<p>A hidrata\u00e7\u00e3o com&nbsp;<strong>babosa<\/strong>&nbsp;em casa \u00e9 indicada quando o cabelo apresenta sinais claros de ressecamento e desorganiza\u00e7\u00e3o do fio. Exposi\u00e7\u00e3o intensa ao sol, uso constante de secador, chapinha ou babyliss e lavagens muito frequentes podem deixar o comprimento opaco, \u00e1spero e com pontas sem forma.<\/p>\n\n\n\n<p>Alguns sinais ajudam a identificar quando \u00e9 hora de incluir a\u00a0<strong><a href=\"https:\/\/www.em.com.br\/emfoco\/2026\/03\/11\/lavar-o-cabelo-com-shampoo-e-bicarbonato-de-sodio-e-o-novo-metodo-de-cuidado-capilar-saiba-por-que-e-recomendado\/\" target=\"_blank\" rel=\"noreferrer noopener\">hidrata\u00e7\u00e3o capilar<\/a> com babosa<\/strong>\u00a0na rotina:<\/p>\n\n\n\n<ul class=\"wp-block-list\">\n<li>Fios opacos, sem reflexo de luz;<\/li>\n\n\n\n<li>Frizz em excesso, mesmo ap\u00f3s a finaliza\u00e7\u00e3o;<\/li>\n\n\n\n<li>Pontas visivelmente ressecadas e sem defini\u00e7\u00e3o;<\/li>\n\n\n\n<li>Dificuldade para alinhar o cabelo ap\u00f3s a escova\u00e7\u00e3o;<\/li>\n\n\n\n<li>Toque \u00e1spero, mesmo usando condicionador.<\/li>\n<\/ul>\n\n\n\n<h2 class=\"wp-block-heading\">Como fazer hidrata\u00e7\u00e3o caseira com babosa passo a passo<\/h2>\n\n\n\n<p>Para preparar a&nbsp;<strong>hidrata\u00e7\u00e3o com aloe vera<\/strong>&nbsp;em casa, voc\u00ea pode usar o gel transparente retirado da folha ou produtos capilares que tragam a planta na f\u00f3rmula. Em receitas caseiras, muitas pessoas misturam a babosa a uma m\u00e1scara hidratante para potencializar o efeito emoliente, sempre focando no comprimento e nas pontas.<\/p>\n\n\n\n<ol class=\"wp-block-list\">\n<li><strong>Lavar o cabelo:<\/strong>\u00a0use um shampoo adequado ao seu tipo de fio, enx\u00e1gue bem e retire o excesso de \u00e1gua com toalha.<\/li>\n\n\n\n<li><strong>Preparar o gel:<\/strong>\u00a0abra a folha de babosa, retire o gel transparente e, se quiser, bata no liquidificador para deixar mais homog\u00eaneo.<\/li>\n\n\n\n<li><strong>Misturar (opcional):<\/strong>\u00a0combine o gel com uma m\u00e1scara de hidrata\u00e7\u00e3o para criar uma textura mais cremosa e f\u00e1cil de aplicar.<\/li>\n\n\n\n<li><strong>Aplicar nos fios:<\/strong>\u00a0distribua mecha a mecha, concentrando no comprimento e nas pontas, enluvando para aumentar a penetra\u00e7\u00e3o.<\/li>\n\n\n\n<li><strong>Pausa:<\/strong>\u00a0deixe agir pelo tempo indicado no r\u00f3tulo da m\u00e1scara ou, no gel puro, cerca de 15 a 20 minutos.<\/li>\n\n\n\n<li><strong>Enx\u00e1gue e finaliza\u00e7\u00e3o:<\/strong>\u00a0enx\u00e1gue bem e finalize com condicionador, creme de pentear ou protetor t\u00e9rmico, conforme sua rotina.<\/li>\n<\/ol>\n\n\n\n<p>Confira o v\u00eddeo compartilhado pelo canal do YouTube <strong><a href=\"https:\/\/www.youtube.com\/@nathminatto\" target=\"_blank\" rel=\"noreferrer noopener\">Nath Minatto<\/a><\/strong> dando dicas de como aliminar o frizz do seu cabelo de uma vez por todas.<\/p>\n\n\n\n<figure class=\"wp-block-embed is-type-video is-provider-youtube wp-block-embed-youtube wp-embed-aspect-16-9 wp-has-aspect-ratio\"><div class=\"wp-block-embed__wrapper\">\n<div class=\"jeg_video_container jeg_video_content\"><iframe loading=\"lazy\" title=\"Como eliminar o FRIZZ do seu cabelo\" width=\"500\" height=\"281\" src=\"https:\/\/www.youtube.com\/embed\/TVZlKngfm_U?feature=oembed\" frameborder=\"0\" allow=\"accelerometer; autoplay; clipboard-write; encrypted-media; gyroscope; picture-in-picture; web-share\" referrerpolicy=\"strict-origin-when-cross-origin\" allowfullscreen><\/iframe><\/div>\n<\/div><\/figure>\n\n\n\n<h2 class=\"wp-block-heading\">Quais cuidados mant\u00eam o efeito da hidrata\u00e7\u00e3o com babosa por mais tempo<\/h2>\n\n\n\n<p>Para prolongar o resultado da&nbsp;<strong>hidrata\u00e7\u00e3o caseira com babosa<\/strong>, \u00e9 essencial adotar h\u00e1bitos di\u00e1rios que protejam a fibra capilar. A escolha de shampoos mais suaves evita a remo\u00e7\u00e3o excessiva da oleosidade natural e ajuda a manter a sensa\u00e7\u00e3o de maciez e brilho ao longo dos dias.<\/p>\n\n\n\n<p>Algumas atitudes simples fazem diferen\u00e7a real na durabilidade do efeito hidratante:<\/p>\n\n\n\n<ul class=\"wp-block-list\">\n<li>Lavar o cabelo com \u00e1gua morna ou fria, evitando \u00e1gua muito quente;<\/li>\n\n\n\n<li>Usar toalhas de algod\u00e3o ou camisetas macias para secar, sem friccionar;<\/li>\n\n\n\n<li>Aplicar finalizadores antifrizz ou s\u00e9runs leves no comprimento;<\/li>\n\n\n\n<li>Diminuir o uso de ferramentas t\u00e9rmicas e sempre usar\u00a0<strong>protetor t\u00e9rmico<\/strong>;<\/li>\n\n\n\n<li>Manter uma frequ\u00eancia regular de hidrata\u00e7\u00f5es ao longo do m\u00eas.<\/li>\n<\/ul>\n\n\n\n<h2 class=\"wp-block-heading\">Por que apostar na hidrata\u00e7\u00e3o com babosa agora mesmo<\/h2>\n\n\n\n<p>Incluir a&nbsp;<strong>hidrata\u00e7\u00e3o caseira com babosa<\/strong>&nbsp;no seu cronograma capilar \u00e9 uma forma simples e acess\u00edvel de recuperar o toque macio, reduzir o frizz e devolver movimento aos fios, do liso ao crespo. Em cabelos com qu\u00edmica, ela atua como aliada na manuten\u00e7\u00e3o, sem substituir etapas de nutri\u00e7\u00e3o e reconstru\u00e7\u00e3o, mas tornando o fio mais flex\u00edvel e resistente ao dia a dia.<\/p>\n\n\n\n<p>Se o seu cabelo j\u00e1 mostra sinais de ressecamento e descontrole, n\u00e3o espere piorar: separe uma folha de babosa, organize sua rotina e com<\/p>\n","protected":false},"excerpt":{"rendered":"<p>A&nbsp;hidrata\u00e7\u00e3o caseira com babosa&nbsp;vem ganhando espa\u00e7o nas rotinas de cuidado capilar como uma alternativa pr\u00e1tica para deixar o cabelo mais macio, com menos frizz e visual mais alinhado. O uso do gel da planta, tamb\u00e9m chamada de&nbsp;aloe vera, \u00e9 associado \u00e0 reposi\u00e7\u00e3o de \u00e1gua nos fios, ajudando quem sente o cabelo \u00e1spero, sem brilho ou [&hellip;]<\/p>\n","protected":false},"author":13,"featured_media":181256,"comment_status":"open","ping_status":"open","sticky":false,"template":"","format":"standard","meta":{"jnews-multi-image_gallery":[],"jnews_single_post":{"format":"standard"},"jnews_primary_category":[],"jnews_social_meta":[],"jnews_override_counter":[],"footnotes":""},"categories":[8819],"tags":[3833,6730,18018],"class_list":["post-181248","post","type-post","status-publish","format-standard","has-post-thumbnail","hentry","category-curiosidades","tag-babosa","tag-hidratacao-capilar","tag-hidratacao-caseira"],"yoast_head":"<!-- This site is optimized with the Yoast SEO plugin v23.8 - https:\/\/yoast.com\/wordpress\/plugins\/seo\/ -->\n<title>Frizz fora de controle? Veja como a hidrata\u00e7\u00e3o com babosa pode transformar seus fios - Estado de Minas - Em foco<\/title>\n<meta name=\"description\" content=\"Aprenda como usar babosa no cabelo passo a passo e entenda quando a hidrata\u00e7\u00e3o caseira ajuda a recuperar fios ressecados e sem brilho.\" \/>\n<meta name=\"robots\" content=\"index, follow, max-snippet:-1, max-image-preview:large, max-video-preview:-1\" \/>\n<link rel=\"canonical\" href=\"https:\/\/www.em.com.br\/emfoco\/2026\/03\/16\/frizz-fora-de-controle-veja-como-a-hidratacao-com-babosa-pode-transformar-seus-fios\/\" \/>\n<meta property=\"og:locale\" content=\"pt_BR\" \/>\n<meta property=\"og:type\" content=\"article\" \/>\n<meta property=\"og:title\" content=\"Frizz fora de controle? Veja como a hidrata\u00e7\u00e3o com babosa pode transformar seus fios - Estado de Minas - Em foco\" \/>\n<meta property=\"og:description\" content=\"Aprenda como usar babosa no cabelo passo a passo e entenda quando a hidrata\u00e7\u00e3o caseira ajuda a recuperar fios ressecados e sem brilho.\" \/>\n<meta property=\"og:url\" content=\"https:\/\/www.em.com.br\/emfoco\/2026\/03\/16\/frizz-fora-de-controle-veja-como-a-hidratacao-com-babosa-pode-transformar-seus-fios\/\" \/>\n<meta property=\"og:site_name\" content=\"Estado de Minas - Em foco\" \/>\n<meta property=\"article:published_time\" content=\"2026-03-16T15:55:00+00:00\" \/>\n<meta property=\"article:modified_time\" content=\"2026-03-13T16:30:05+00:00\" \/>\n<meta property=\"og:image\" content=\"https:\/\/www.em.com.br\/emfoco\/wp-content\/uploads\/2026\/03\/6-49.jpg\" \/>\n\t<meta property=\"og:image:width\" content=\"1280\" \/>\n\t<meta property=\"og:image:height\" content=\"720\" \/>\n\t<meta property=\"og:image:type\" content=\"image\/jpeg\" \/>\n<meta name=\"author\" content=\"Gabriel Martins\" \/>\n<meta name=\"twitter:card\" content=\"summary_large_image\" \/>\n<meta name=\"twitter:label1\" content=\"Escrito por\" \/>\n\t<meta name=\"twitter:data1\" content=\"Gabriel Martins\" \/>\n\t<meta name=\"twitter:label2\" content=\"Est. tempo de leitura\" \/>\n\t<meta name=\"twitter:data2\" content=\"5 minutos\" \/>\n<!-- \/ Yoast SEO plugin. -->","yoast_head_json":{"title":"Frizz fora de controle? Veja como a hidrata\u00e7\u00e3o com babosa pode transformar seus fios - Estado de Minas - Em foco","description":"Aprenda como usar babosa no cabelo passo a passo e entenda quando a hidrata\u00e7\u00e3o caseira ajuda a recuperar fios ressecados e sem brilho.","robots":{"index":"index","follow":"follow","max-snippet":"max-snippet:-1","max-image-preview":"max-image-preview:large","max-video-preview":"max-video-preview:-1"},"canonical":"https:\/\/www.em.com.br\/emfoco\/2026\/03\/16\/frizz-fora-de-controle-veja-como-a-hidratacao-com-babosa-pode-transformar-seus-fios\/","og_locale":"pt_BR","og_type":"article","og_title":"Frizz fora de controle? Veja como a hidrata\u00e7\u00e3o com babosa pode transformar seus fios - Estado de Minas - Em foco","og_description":"Aprenda como usar babosa no cabelo passo a passo e entenda quando a hidrata\u00e7\u00e3o caseira ajuda a recuperar fios ressecados e sem brilho.","og_url":"https:\/\/www.em.com.br\/emfoco\/2026\/03\/16\/frizz-fora-de-controle-veja-como-a-hidratacao-com-babosa-pode-transformar-seus-fios\/","og_site_name":"Estado de Minas - Em foco","article_published_time":"2026-03-16T15:55:00+00:00","article_modified_time":"2026-03-13T16:30:05+00:00","og_image":[{"width":1280,"height":720,"url":"https:\/\/www.em.com.br\/emfoco\/wp-content\/uploads\/2026\/03\/6-49.jpg","type":"image\/jpeg"}],"author":"Gabriel Martins","twitter_card":"summary_large_image","twitter_misc":{"Escrito por":"Gabriel Martins","Est. tempo de leitura":"5 minutos"},"schema":{"@context":"https:\/\/schema.org","@graph":[{"@type":"WebPage","@id":"https:\/\/www.em.com.br\/emfoco\/2026\/03\/16\/frizz-fora-de-controle-veja-como-a-hidratacao-com-babosa-pode-transformar-seus-fios\/","url":"https:\/\/www.em.com.br\/emfoco\/2026\/03\/16\/frizz-fora-de-controle-veja-como-a-hidratacao-com-babosa-pode-transformar-seus-fios\/","name":"Frizz fora de controle? Veja como a hidrata\u00e7\u00e3o com babosa pode transformar seus fios - Estado de Minas - Em foco","isPartOf":{"@id":"https:\/\/www.em.com.br\/emfoco\/#website"},"primaryImageOfPage":{"@id":"https:\/\/www.em.com.br\/emfoco\/2026\/03\/16\/frizz-fora-de-controle-veja-como-a-hidratacao-com-babosa-pode-transformar-seus-fios\/#primaryimage"},"image":{"@id":"https:\/\/www.em.com.br\/emfoco\/2026\/03\/16\/frizz-fora-de-controle-veja-como-a-hidratacao-com-babosa-pode-transformar-seus-fios\/#primaryimage"},"thumbnailUrl":"https:\/\/www.em.com.br\/emfoco\/wp-content\/uploads\/2026\/03\/6-49.jpg","datePublished":"2026-03-16T15:55:00+00:00","dateModified":"2026-03-13T16:30:05+00:00","author":{"@id":"https:\/\/www.em.com.br\/emfoco\/#\/schema\/person\/1c9ddeab18b98abeffef834667bcf08a"},"description":"Aprenda como usar babosa no cabelo passo a passo e entenda quando a hidrata\u00e7\u00e3o caseira ajuda a recuperar fios ressecados e sem brilho.","breadcrumb":{"@id":"https:\/\/www.em.com.br\/emfoco\/2026\/03\/16\/frizz-fora-de-controle-veja-como-a-hidratacao-com-babosa-pode-transformar-seus-fios\/#breadcrumb"},"inLanguage":"pt-BR","potentialAction":[{"@type":"ReadAction","target":["https:\/\/www.em.com.br\/emfoco\/2026\/03\/16\/frizz-fora-de-controle-veja-como-a-hidratacao-com-babosa-pode-transformar-seus-fios\/"]}]},{"@type":"ImageObject","inLanguage":"pt-BR","@id":"https:\/\/www.em.com.br\/emfoco\/2026\/03\/16\/frizz-fora-de-controle-veja-como-a-hidratacao-com-babosa-pode-transformar-seus-fios\/#primaryimage","url":"https:\/\/www.em.com.br\/emfoco\/wp-content\/uploads\/2026\/03\/6-49.jpg","contentUrl":"https:\/\/www.em.com.br\/emfoco\/wp-content\/uploads\/2026\/03\/6-49.jpg","width":1280,"height":720,"caption":"Hidrata\u00e7\u00e3o com babosa recupera a maciez e devolve brilho aos fios"},{"@type":"BreadcrumbList","@id":"https:\/\/www.em.com.br\/emfoco\/2026\/03\/16\/frizz-fora-de-controle-veja-como-a-hidratacao-com-babosa-pode-transformar-seus-fios\/#breadcrumb","itemListElement":[{"@type":"ListItem","position":1,"name":"In\u00edcio","item":"https:\/\/www.em.com.br\/emfoco\/"},{"@type":"ListItem","position":2,"name":"Frizz fora de controle? Veja como a hidrata\u00e7\u00e3o com babosa pode transformar seus fios"}]},{"@type":"WebSite","@id":"https:\/\/www.em.com.br\/emfoco\/#website","url":"https:\/\/www.em.com.br\/emfoco\/","name":"Estado de Minas - Em foco","description":"Acompanhe as \u00faltimas not\u00edcias e fique bem informado sobre tudo o que acontece em Minas Gerais, Brasil e no mundo.","potentialAction":[{"@type":"SearchAction","target":{"@type":"EntryPoint","urlTemplate":"https:\/\/www.em.com.br\/emfoco\/?s={search_term_string}"},"query-input":{"@type":"PropertyValueSpecification","valueRequired":true,"valueName":"search_term_string"}}],"inLanguage":"pt-BR"},{"@type":"Person","@id":"https:\/\/www.em.com.br\/emfoco\/#\/schema\/person\/1c9ddeab18b98abeffef834667bcf08a","name":"Gabriel Martins","image":{"@type":"ImageObject","inLanguage":"pt-BR","@id":"https:\/\/www.em.com.br\/emfoco\/#\/schema\/person\/image\/","url":"https:\/\/secure.gravatar.com\/avatar\/f0f1e2efdfd88f1ad2cb08c5c2731e50?s=96&d=mm&r=g","contentUrl":"https:\/\/secure.gravatar.com\/avatar\/f0f1e2efdfd88f1ad2cb08c5c2731e50?s=96&d=mm&r=g","caption":"Gabriel Martins"},"sameAs":["https:\/\/www.em.com.br\/emfoco\/"],"url":"https:\/\/www.em.com.br\/emfoco\/author\/gabrielmartinsmyth\/"}]}},"_links":{"self":[{"href":"https:\/\/www.em.com.br\/emfoco\/wp-json\/wp\/v2\/posts\/181248","targetHints":{"allow":["GET"]}}],"collection":[{"href":"https:\/\/www.em.com.br\/emfoco\/wp-json\/wp\/v2\/posts"}],"about":[{"href":"https:\/\/www.em.com.br\/emfoco\/wp-json\/wp\/v2\/types\/post"}],"author":[{"embeddable":true,"href":"https:\/\/www.em.com.br\/emfoco\/wp-json\/wp\/v2\/users\/13"}],"replies":[{"embeddable":true,"href":"https:\/\/www.em.com.br\/emfoco\/wp-json\/wp\/v2\/comments?post=181248"}],"version-history":[{"count":1,"href":"https:\/\/www.em.com.br\/emfoco\/wp-json\/wp\/v2\/posts\/181248\/revisions"}],"predecessor-version":[{"id":181259,"href":"https:\/\/www.em.com.br\/emfoco\/wp-json\/wp\/v2\/posts\/181248\/revisions\/181259"}],"wp:featuredmedia":[{"embeddable":true,"href":"https:\/\/www.em.com.br\/emfoco\/wp-json\/wp\/v2\/media\/181256"}],"wp:attachment":[{"href":"https:\/\/www.em.com.br\/emfoco\/wp-json\/wp\/v2\/media?parent=181248"}],"wp:term":[{"taxonomy":"category","embeddable":true,"href":"https:\/\/www.em.com.br\/emfoco\/wp-json\/wp\/v2\/categories?post=181248"},{"taxonomy":"post_tag","embeddable":true,"href":"https:\/\/www.em.com.br\/emfoco\/wp-json\/wp\/v2\/tags?post=181248"}],"curies":[{"name":"wp","href":"https:\/\/api.w.org\/{rel}","templated":true}]}}