{"id":181212,"date":"2026-03-16T18:45:00","date_gmt":"2026-03-16T21:45:00","guid":{"rendered":"https:\/\/www.em.com.br\/emfoco\/?p=181212"},"modified":"2026-03-13T12:23:57","modified_gmt":"2026-03-13T15:23:57","slug":"saque-aniversario-do-fgts-libera-dinheiro-para-nascidos-em-marco-veja-quanto-e-possivel-retirar","status":"publish","type":"post","link":"https:\/\/www.em.com.br\/emfoco\/2026\/03\/16\/saque-aniversario-do-fgts-libera-dinheiro-para-nascidos-em-marco-veja-quanto-e-possivel-retirar\/","title":{"rendered":"Saque-Anivers\u00e1rio do FGTS libera dinheiro para nascidos em mar\u00e7o: veja quanto \u00e9 poss\u00edvel retirar"},"content":{"rendered":"\n<p>Quem nasceu em mar\u00e7o e aderiu ao&nbsp;<strong>Saque-Anivers\u00e1rio do FGTS<\/strong>&nbsp;encontra em 2026 uma nova chance de movimentar parte do saldo do&nbsp;<strong>Fundo de Garantia<\/strong>, em uma modalidade que libera um saque anual dentro de um calend\u00e1rio espec\u00edfico, exigindo aten\u00e7\u00e3o redobrada aos prazos, \u00e0s regras de retirada e ao impacto dessa escolha em caso de demiss\u00e3o sem justa causa.<\/p>\n\n\n\n<h2 class=\"wp-block-heading\">Como funciona o Saque-Anivers\u00e1rio FGTS para nascidos em mar\u00e7o<\/h2>\n\n\n\n<p>O\u00a0<strong>Saque-Anivers\u00e1rio<\/strong>\u00a0\u00e9 uma op\u00e7\u00e3o em que o trabalhador pode sacar, uma vez por ano, parte do saldo de suas contas ativas e inativas do\u00a0<strong><a href=\"https:\/\/www.em.com.br\/emfoco\/2026\/03\/12\/trabalhadores-estao-retirando-parte-do-fgts-todos-os-anos-veja-como-funciona-essa-opcao-e-o-que-avaliar-antes\/\" target=\"_blank\" rel=\"noreferrer noopener\">FGTS<\/a><\/strong>. Para quem nasceu em mar\u00e7o, a libera\u00e7\u00e3o em 2026 ocorre entre o in\u00edcio de mar\u00e7o e o fim de maio, respeitando uma janela anual definida pela Caixa.<\/p>\n\n\n\n<p>Ao fim desse prazo, o valor n\u00e3o utilizado volta automaticamente para a conta vinculada, sem multa ou taxa. Diferente do&nbsp;<strong>saque-rescis\u00e3o<\/strong>, essa modalidade cria um fluxo anual de retiradas, mas impede o saque total do saldo em caso de demiss\u00e3o, mantendo apenas a multa rescis\u00f3ria.<\/p>\n\n\n\n<figure class=\"wp-block-image size-large\"><img loading=\"lazy\" decoding=\"async\" width=\"1024\" height=\"576\" src=\"https:\/\/www.em.com.br\/emfoco\/wp-content\/uploads\/2026\/03\/8-38-1024x576.jpg\" alt=\"Saque-Anivers\u00e1rio do FGTS libera dinheiro para nascidos em mar\u00e7o: veja quanto \u00e9 poss\u00edvel retirar\" class=\"wp-image-181226\" srcset=\"https:\/\/www.em.com.br\/emfoco\/wp-content\/uploads\/2026\/03\/8-38-1024x576.jpg 1024w, https:\/\/www.em.com.br\/emfoco\/wp-content\/uploads\/2026\/03\/8-38-300x169.jpg 300w, https:\/\/www.em.com.br\/emfoco\/wp-content\/uploads\/2026\/03\/8-38-768x432.jpg 768w, https:\/\/www.em.com.br\/emfoco\/wp-content\/uploads\/2026\/03\/8-38-750x422.jpg 750w, https:\/\/www.em.com.br\/emfoco\/wp-content\/uploads\/2026\/03\/8-38-1140x641.jpg 1140w, https:\/\/www.em.com.br\/emfoco\/wp-content\/uploads\/2026\/03\/8-38.jpg 1280w\" sizes=\"auto, (max-width: 1024px) 100vw, 1024px\" \/><figcaption class=\"wp-element-caption\">Modalidade opcional de saque anual exige aten\u00e7\u00e3o rigorosa ao calend\u00e1rio oficial vigente<\/figcaption><\/figure>\n\n\n\n<h2 class=\"wp-block-heading\">Qual \u00e9 o calend\u00e1rio do Saque-Anivers\u00e1rio FGTS 2026<\/h2>\n\n\n\n<p>No calend\u00e1rio de 2026, os nascidos em mar\u00e7o podem sacar entre&nbsp;<strong>2 de mar\u00e7o e 29 de maio de 2026<\/strong>, per\u00edodo em que o valor liberado pode ser transferido para conta banc\u00e1ria do pr\u00f3prio titular. O processo pode ser feito pelo aplicativo oficial do FGTS ou por canais presenciais da Caixa.<\/p>\n\n\n\n<p>Outros meses seguem janelas espec\u00edficas de dois a tr\u00eas meses, o que refor\u00e7a a necessidade de organiza\u00e7\u00e3o para que o dinheiro n\u00e3o retorne ao FGTS sem ser usado de forma planejada. Confira alguns prazos importantes do calend\u00e1rio de 2026:<\/p>\n\n\n\n<ul class=\"wp-block-list\">\n<li><strong>Janeiro:<\/strong>\u00a0saque at\u00e9 31\/03\/2026<\/li>\n\n\n\n<li><strong>Fevereiro:<\/strong>\u00a0saque at\u00e9 30\/04\/2026<\/li>\n\n\n\n<li><strong>Mar\u00e7o:<\/strong>\u00a0saque at\u00e9 29\/05\/2026<\/li>\n<\/ul>\n\n\n\n<h2 class=\"wp-block-heading\">Quanto \u00e9 poss\u00edvel sacar no Saque-Anivers\u00e1rio FGTS<\/h2>\n\n\n\n<p>O valor liberado para quem escolhe o&nbsp;<strong>Saque-Anivers\u00e1rio FGTS<\/strong>&nbsp;n\u00e3o corresponde ao saldo integral. A Caixa aplica uma&nbsp;<strong>al\u00edquota percentual<\/strong>&nbsp;sobre o saldo, somada a uma&nbsp;<strong>parcela adicional fixa<\/strong>, variando conforme a faixa de saldo dispon\u00edvel em contas ativas e inativas.<\/p>\n\n\n\n<p>Trabalhadores com saldos menores sacam um percentual maior, enquanto quem tem valores altos recebe uma porcentagem menor, por\u00e9m com adicional mais elevado. Na faixa acima de\u00a0<strong>R$ 20 mil<\/strong>, por exemplo, a retirada \u00e9 de 5% do saldo mais um adicional de at\u00e9\u00a0<strong>R$ 2.900<\/strong>, preservando parte dos recursos no Fundo para outras situa\u00e7\u00f5es previstas em lei.<\/p>\n\n\n\n<p>A regra \u00e9 progressiva: quanto maior for o saldo, menor o percentual aplicado, mas maior a parcela adicional. Veja como funciona:<\/p>\n\n\n\n<ul class=\"wp-block-list\">\n<li><strong>At\u00e9 R$ 500,00:<\/strong>\u00a050% do saldo<\/li>\n\n\n\n<li><strong>De R$ 500,01 at\u00e9 R$ 1.000,00:<\/strong>\u00a040% do saldo + R$ 50<\/li>\n\n\n\n<li><strong>De R$ 1.000,01 at\u00e9 R$ 5.000,00:<\/strong>\u00a030% do saldo + R$ 150<\/li>\n\n\n\n<li><strong>De R$ 5.000,01 at\u00e9 R$ 10.000,00:<\/strong>\u00a020% do saldo + R$ 650<\/li>\n\n\n\n<li><strong>De R$ 10.000,01 at\u00e9 R$ 15.000,00:<\/strong>\u00a015% do saldo + R$ 1.150<\/li>\n\n\n\n<li><strong>De R$ 15.000,01 at\u00e9 R$ 20.000,00:<\/strong>\u00a010% do saldo + R$ 1.900<\/li>\n\n\n\n<li><strong>Acima de R$ 20.001,00:<\/strong>\u00a05% do saldo + R$ 2.900<\/li>\n<\/ul>\n\n\n\n<p>Essa estrutura busca equilibrar o benef\u00edcio entre trabalhadores com diferentes n\u00edveis de saldo, permitindo que quem tem menos recursos consiga movimentar uma parcela maior do FGTS, enquanto quem possui valores elevados mant\u00e9m parte significativa como reserva para o longo prazo.<\/p>\n\n\n\n<p>Confira o v\u00eddeo compartilhado pelo canal do YouTube <strong><a href=\"https:\/\/www.youtube.com\/@meutudoapp\" target=\"_blank\" rel=\"noreferrer noopener\">meutudo.<\/a><\/strong> falando sobre quando o pagamento do saque-anivers\u00e1rio pode cair para nascidos em mar\u00e7o.<\/p>\n\n\n\n<figure class=\"wp-block-embed is-type-video is-provider-youtube wp-block-embed-youtube wp-embed-aspect-16-9 wp-has-aspect-ratio\"><div class=\"wp-block-embed__wrapper\">\n<div class=\"jeg_video_container jeg_video_content\"><iframe loading=\"lazy\" title=\"QUANDO Cai o SAQUE-ANIVERS\u00c1RIO FGTS para Nascidos em Mar\u00e7o de 2026? Veja CALEND\u00c1RIO\" width=\"500\" height=\"281\" src=\"https:\/\/www.youtube.com\/embed\/n1Te518FTzw?feature=oembed\" frameborder=\"0\" allow=\"accelerometer; autoplay; clipboard-write; encrypted-media; gyroscope; picture-in-picture; web-share\" referrerpolicy=\"strict-origin-when-cross-origin\" allowfullscreen><\/iframe><\/div>\n<\/div><\/figure>\n\n\n\n<h2 class=\"wp-block-heading\">Como consultar e solicitar o Saque-Anivers\u00e1rio pelo aplicativo do FGTS<\/h2>\n\n\n\n<p>Quase todo o processo de consulta e solicita\u00e7\u00e3o do&nbsp;<strong>Saque-Anivers\u00e1rio<\/strong>&nbsp;hoje \u00e9 digital, concentrado principalmente no aplicativo oficial do&nbsp;<strong>FGTS<\/strong>, dispon\u00edvel para celulares. Nele, o trabalhador acompanha saldo, modalidade ativa, valores liberados e prazos finais para saque.<\/p>\n\n\n\n<p>Depois de conferir se a modalidade est\u00e1 ativa, \u00e9 poss\u00edvel indicar uma conta banc\u00e1ria de mesma titularidade para receber o cr\u00e9dito e enviar a solicita\u00e7\u00e3o. Quando n\u00e3o h\u00e1 pend\u00eancias ou bloqueios, a libera\u00e7\u00e3o costuma ocorrer em poucos dias \u00fateis, mas o trabalhador tamb\u00e9m pode recorrer \u00e0s ag\u00eancias da Caixa para tirar d\u00favidas ou resolver eventuais limita\u00e7\u00f5es.<\/p>\n\n\n\n<h2 class=\"wp-block-heading\">Quais cuidados tomar antes de aderir ao Saque-Anivers\u00e1rio FGTS<\/h2>\n\n\n\n<p>Antes de optar ou manter o&nbsp;<strong>Saque-Anivers\u00e1rio<\/strong>, \u00e9 essencial avaliar o impacto em uma poss\u00edvel demiss\u00e3o sem justa causa, pois nessa modalidade n\u00e3o \u00e9 permitido sacar o saldo total do FGTS, apenas a multa rescis\u00f3ria de 40%. Isso pode comprometer quem conta com o Fundo como reserva de seguran\u00e7a em cen\u00e1rios de perda de renda.<\/p>\n\n\n\n<p>Se voc\u00ea tem maior estabilidade no emprego ou j\u00e1 possui reserva de emerg\u00eancia, o saque anual pode ajudar a complementar o or\u00e7amento ou reorganizar d\u00edvidas. Por\u00e9m, se nasceu em mar\u00e7o e pretende usar essa quantia em 2026, n\u00e3o espere: acompanhe seu saldo agora, entre no aplicativo do FGTS, confira o calend\u00e1rio e garanta seu saque at\u00e9 o fim de maio, antes que o valor retorne para a conta e a oportunidade passe.<\/p>\n","protected":false},"excerpt":{"rendered":"<p>Quem nasceu em mar\u00e7o e aderiu ao&nbsp;Saque-Anivers\u00e1rio do FGTS&nbsp;encontra em 2026 uma nova chance de movimentar parte do saldo do&nbsp;Fundo de Garantia, em uma modalidade que libera um saque anual dentro de um calend\u00e1rio espec\u00edfico, exigindo aten\u00e7\u00e3o redobrada aos prazos, \u00e0s regras de retirada e ao impacto dessa escolha em caso de demiss\u00e3o sem justa [&hellip;]<\/p>\n","protected":false},"author":13,"featured_media":181227,"comment_status":"open","ping_status":"open","sticky":false,"template":"","format":"standard","meta":{"jnews-multi-image_gallery":[],"jnews_single_post":{"format":"standard"},"jnews_primary_category":[],"jnews_social_meta":[],"jnews_override_counter":[],"footnotes":""},"categories":[28],"tags":[1036,25627,1038],"class_list":["post-181212","post","type-post","status-publish","format-standard","has-post-thumbnail","hentry","category-economia","tag-fgts","tag-fundo-de-garantia","tag-saque-aniversario"],"yoast_head":"<!-- This site is optimized with the Yoast SEO plugin v23.8 - https:\/\/yoast.com\/wordpress\/plugins\/seo\/ -->\n<title>Saque-Anivers\u00e1rio do FGTS libera dinheiro para nascidos em mar\u00e7o: veja quanto \u00e9 poss\u00edvel retirar - Estado de Minas - Em foco<\/title>\n<meta name=\"description\" content=\"Trabalhadores nascidos em mar\u00e7o j\u00e1 podem sacar parte do FGTS pelo saque anivers\u00e1rio com prazo at\u00e9 29 de maio de 2026\" \/>\n<meta name=\"robots\" content=\"index, follow, max-snippet:-1, max-image-preview:large, max-video-preview:-1\" \/>\n<link rel=\"canonical\" href=\"https:\/\/www.em.com.br\/emfoco\/2026\/03\/16\/saque-aniversario-do-fgts-libera-dinheiro-para-nascidos-em-marco-veja-quanto-e-possivel-retirar\/\" \/>\n<meta property=\"og:locale\" content=\"pt_BR\" \/>\n<meta property=\"og:type\" content=\"article\" \/>\n<meta property=\"og:title\" content=\"Saque-Anivers\u00e1rio do FGTS libera dinheiro para nascidos em mar\u00e7o: veja quanto \u00e9 poss\u00edvel retirar - Estado de Minas - Em foco\" \/>\n<meta property=\"og:description\" content=\"Trabalhadores nascidos em mar\u00e7o j\u00e1 podem sacar parte do FGTS pelo saque anivers\u00e1rio com prazo at\u00e9 29 de maio de 2026\" \/>\n<meta property=\"og:url\" content=\"https:\/\/www.em.com.br\/emfoco\/2026\/03\/16\/saque-aniversario-do-fgts-libera-dinheiro-para-nascidos-em-marco-veja-quanto-e-possivel-retirar\/\" \/>\n<meta property=\"og:site_name\" content=\"Estado de Minas - Em foco\" \/>\n<meta property=\"article:published_time\" content=\"2026-03-16T21:45:00+00:00\" \/>\n<meta property=\"article:modified_time\" content=\"2026-03-13T15:23:57+00:00\" \/>\n<meta property=\"og:image\" content=\"https:\/\/www.em.com.br\/emfoco\/wp-content\/uploads\/2026\/03\/9-36.jpg\" \/>\n\t<meta property=\"og:image:width\" content=\"1280\" \/>\n\t<meta property=\"og:image:height\" content=\"720\" \/>\n\t<meta property=\"og:image:type\" content=\"image\/jpeg\" \/>\n<meta name=\"author\" content=\"Gabriel Martins\" \/>\n<meta name=\"twitter:card\" content=\"summary_large_image\" \/>\n<meta name=\"twitter:label1\" content=\"Escrito por\" \/>\n\t<meta name=\"twitter:data1\" content=\"Gabriel Martins\" \/>\n\t<meta name=\"twitter:label2\" content=\"Est. tempo de leitura\" \/>\n\t<meta name=\"twitter:data2\" content=\"5 minutos\" \/>\n<!-- \/ Yoast SEO plugin. -->","yoast_head_json":{"title":"Saque-Anivers\u00e1rio do FGTS libera dinheiro para nascidos em mar\u00e7o: veja quanto \u00e9 poss\u00edvel retirar - Estado de Minas - Em foco","description":"Trabalhadores nascidos em mar\u00e7o j\u00e1 podem sacar parte do FGTS pelo saque anivers\u00e1rio com prazo at\u00e9 29 de maio de 2026","robots":{"index":"index","follow":"follow","max-snippet":"max-snippet:-1","max-image-preview":"max-image-preview:large","max-video-preview":"max-video-preview:-1"},"canonical":"https:\/\/www.em.com.br\/emfoco\/2026\/03\/16\/saque-aniversario-do-fgts-libera-dinheiro-para-nascidos-em-marco-veja-quanto-e-possivel-retirar\/","og_locale":"pt_BR","og_type":"article","og_title":"Saque-Anivers\u00e1rio do FGTS libera dinheiro para nascidos em mar\u00e7o: veja quanto \u00e9 poss\u00edvel retirar - Estado de Minas - Em foco","og_description":"Trabalhadores nascidos em mar\u00e7o j\u00e1 podem sacar parte do FGTS pelo saque anivers\u00e1rio com prazo at\u00e9 29 de maio de 2026","og_url":"https:\/\/www.em.com.br\/emfoco\/2026\/03\/16\/saque-aniversario-do-fgts-libera-dinheiro-para-nascidos-em-marco-veja-quanto-e-possivel-retirar\/","og_site_name":"Estado de Minas - Em foco","article_published_time":"2026-03-16T21:45:00+00:00","article_modified_time":"2026-03-13T15:23:57+00:00","og_image":[{"width":1280,"height":720,"url":"https:\/\/www.em.com.br\/emfoco\/wp-content\/uploads\/2026\/03\/9-36.jpg","type":"image\/jpeg"}],"author":"Gabriel Martins","twitter_card":"summary_large_image","twitter_misc":{"Escrito por":"Gabriel Martins","Est. tempo de leitura":"5 minutos"},"schema":{"@context":"https:\/\/schema.org","@graph":[{"@type":"WebPage","@id":"https:\/\/www.em.com.br\/emfoco\/2026\/03\/16\/saque-aniversario-do-fgts-libera-dinheiro-para-nascidos-em-marco-veja-quanto-e-possivel-retirar\/","url":"https:\/\/www.em.com.br\/emfoco\/2026\/03\/16\/saque-aniversario-do-fgts-libera-dinheiro-para-nascidos-em-marco-veja-quanto-e-possivel-retirar\/","name":"Saque-Anivers\u00e1rio do FGTS libera dinheiro para nascidos em mar\u00e7o: veja quanto \u00e9 poss\u00edvel retirar - Estado de Minas - Em foco","isPartOf":{"@id":"https:\/\/www.em.com.br\/emfoco\/#website"},"primaryImageOfPage":{"@id":"https:\/\/www.em.com.br\/emfoco\/2026\/03\/16\/saque-aniversario-do-fgts-libera-dinheiro-para-nascidos-em-marco-veja-quanto-e-possivel-retirar\/#primaryimage"},"image":{"@id":"https:\/\/www.em.com.br\/emfoco\/2026\/03\/16\/saque-aniversario-do-fgts-libera-dinheiro-para-nascidos-em-marco-veja-quanto-e-possivel-retirar\/#primaryimage"},"thumbnailUrl":"https:\/\/www.em.com.br\/emfoco\/wp-content\/uploads\/2026\/03\/9-36.jpg","datePublished":"2026-03-16T21:45:00+00:00","dateModified":"2026-03-13T15:23:57+00:00","author":{"@id":"https:\/\/www.em.com.br\/emfoco\/#\/schema\/person\/1c9ddeab18b98abeffef834667bcf08a"},"description":"Trabalhadores nascidos em mar\u00e7o j\u00e1 podem sacar parte do FGTS pelo saque anivers\u00e1rio com prazo at\u00e9 29 de maio de 2026","breadcrumb":{"@id":"https:\/\/www.em.com.br\/emfoco\/2026\/03\/16\/saque-aniversario-do-fgts-libera-dinheiro-para-nascidos-em-marco-veja-quanto-e-possivel-retirar\/#breadcrumb"},"inLanguage":"pt-BR","potentialAction":[{"@type":"ReadAction","target":["https:\/\/www.em.com.br\/emfoco\/2026\/03\/16\/saque-aniversario-do-fgts-libera-dinheiro-para-nascidos-em-marco-veja-quanto-e-possivel-retirar\/"]}]},{"@type":"ImageObject","inLanguage":"pt-BR","@id":"https:\/\/www.em.com.br\/emfoco\/2026\/03\/16\/saque-aniversario-do-fgts-libera-dinheiro-para-nascidos-em-marco-veja-quanto-e-possivel-retirar\/#primaryimage","url":"https:\/\/www.em.com.br\/emfoco\/wp-content\/uploads\/2026\/03\/9-36.jpg","contentUrl":"https:\/\/www.em.com.br\/emfoco\/wp-content\/uploads\/2026\/03\/9-36.jpg","width":1280,"height":720,"caption":"Nascidos em mar\u00e7o possuem janela espec\u00edfica para retirar valores do FGTS"},{"@type":"BreadcrumbList","@id":"https:\/\/www.em.com.br\/emfoco\/2026\/03\/16\/saque-aniversario-do-fgts-libera-dinheiro-para-nascidos-em-marco-veja-quanto-e-possivel-retirar\/#breadcrumb","itemListElement":[{"@type":"ListItem","position":1,"name":"In\u00edcio","item":"https:\/\/www.em.com.br\/emfoco\/"},{"@type":"ListItem","position":2,"name":"Saque-Anivers\u00e1rio do FGTS libera dinheiro para nascidos em mar\u00e7o: veja quanto \u00e9 poss\u00edvel retirar"}]},{"@type":"WebSite","@id":"https:\/\/www.em.com.br\/emfoco\/#website","url":"https:\/\/www.em.com.br\/emfoco\/","name":"Estado de Minas - Em foco","description":"Acompanhe as \u00faltimas not\u00edcias e fique bem informado sobre tudo o que acontece em Minas Gerais, Brasil e no mundo.","potentialAction":[{"@type":"SearchAction","target":{"@type":"EntryPoint","urlTemplate":"https:\/\/www.em.com.br\/emfoco\/?s={search_term_string}"},"query-input":{"@type":"PropertyValueSpecification","valueRequired":true,"valueName":"search_term_string"}}],"inLanguage":"pt-BR"},{"@type":"Person","@id":"https:\/\/www.em.com.br\/emfoco\/#\/schema\/person\/1c9ddeab18b98abeffef834667bcf08a","name":"Gabriel Martins","image":{"@type":"ImageObject","inLanguage":"pt-BR","@id":"https:\/\/www.em.com.br\/emfoco\/#\/schema\/person\/image\/","url":"https:\/\/secure.gravatar.com\/avatar\/f0f1e2efdfd88f1ad2cb08c5c2731e50?s=96&d=mm&r=g","contentUrl":"https:\/\/secure.gravatar.com\/avatar\/f0f1e2efdfd88f1ad2cb08c5c2731e50?s=96&d=mm&r=g","caption":"Gabriel Martins"},"sameAs":["https:\/\/www.em.com.br\/emfoco\/"],"url":"https:\/\/www.em.com.br\/emfoco\/author\/gabrielmartinsmyth\/"}]}},"_links":{"self":[{"href":"https:\/\/www.em.com.br\/emfoco\/wp-json\/wp\/v2\/posts\/181212","targetHints":{"allow":["GET"]}}],"collection":[{"href":"https:\/\/www.em.com.br\/emfoco\/wp-json\/wp\/v2\/posts"}],"about":[{"href":"https:\/\/www.em.com.br\/emfoco\/wp-json\/wp\/v2\/types\/post"}],"author":[{"embeddable":true,"href":"https:\/\/www.em.com.br\/emfoco\/wp-json\/wp\/v2\/users\/13"}],"replies":[{"embeddable":true,"href":"https:\/\/www.em.com.br\/emfoco\/wp-json\/wp\/v2\/comments?post=181212"}],"version-history":[{"count":1,"href":"https:\/\/www.em.com.br\/emfoco\/wp-json\/wp\/v2\/posts\/181212\/revisions"}],"predecessor-version":[{"id":181235,"href":"https:\/\/www.em.com.br\/emfoco\/wp-json\/wp\/v2\/posts\/181212\/revisions\/181235"}],"wp:featuredmedia":[{"embeddable":true,"href":"https:\/\/www.em.com.br\/emfoco\/wp-json\/wp\/v2\/media\/181227"}],"wp:attachment":[{"href":"https:\/\/www.em.com.br\/emfoco\/wp-json\/wp\/v2\/media?parent=181212"}],"wp:term":[{"taxonomy":"category","embeddable":true,"href":"https:\/\/www.em.com.br\/emfoco\/wp-json\/wp\/v2\/categories?post=181212"},{"taxonomy":"post_tag","embeddable":true,"href":"https:\/\/www.em.com.br\/emfoco\/wp-json\/wp\/v2\/tags?post=181212"}],"curies":[{"name":"wp","href":"https:\/\/api.w.org\/{rel}","templated":true}]}}