{"id":181190,"date":"2026-03-13T11:25:00","date_gmt":"2026-03-13T14:25:00","guid":{"rendered":"https:\/\/www.em.com.br\/emfoco\/?p=181190"},"modified":"2026-03-13T11:02:47","modified_gmt":"2026-03-13T14:02:47","slug":"a-poucos-km-de-belo-horizonte-a-cidade-onde-zacarias-nasceu-e-uma-das-melhores-para-se-viver-em-2026","status":"publish","type":"post","link":"https:\/\/www.em.com.br\/emfoco\/2026\/03\/13\/a-poucos-km-de-belo-horizonte-a-cidade-onde-zacarias-nasceu-e-uma-das-melhores-para-se-viver-em-2026\/","title":{"rendered":"A poucos km de Belo Horizonte, a cidade onde Zacarias nasceu \u00e9 uma das melhores para se viver em 2026"},"content":{"rendered":"\n<p>Sete lagoas naturais no meio da cidade, uma gruta com pinturas rupestres de seis mil anos e o ber\u00e7o do Trapalh\u00e3o mais querido do <strong>Brasil<\/strong>. <strong>Sete Lagoas<\/strong>, a 72 km de <strong>Belo Horizonte<\/strong>, \u00e9 o tipo de cidade mineira que mistura hist\u00f3ria colonial, natureza subterr\u00e2nea e um cotidiano tranquilo sem abrir m\u00e3o de um parque industrial forte e indicadores sociais acima da m\u00e9dia estadual.<\/p>\n\n\n\n<h2 class=\"wp-block-heading\">Curiosidades que poucas pessoas conhecem sobre a cidade<\/h2>\n\n\n\n<p>Entre <strong>1780<\/strong> e <strong>1781<\/strong>, <strong>Joaquim Jos\u00e9 da Silva Xavier<\/strong>, o <strong>Tiradentes<\/strong>, comandou a guarni\u00e7\u00e3o militar respons\u00e1vel pelo posto de arrecada\u00e7\u00e3o fiscal instalado na regi\u00e3o. O futuro m\u00e1rtir da Inconfid\u00eancia Mineira patrulhava as estradas para coibir contrabando de ouro e auxiliar na cobran\u00e7a de tributos da Coroa Portuguesa.<\/p>\n\n\n\n<p>Outro filho ilustre \u00e9 <strong>Mauro Faccio Gon\u00e7alves<\/strong>, nascido em <strong>1934<\/strong>, que o pa\u00eds conheceu como <strong>Zacarias<\/strong>, do quarteto <strong>Os Trapalh\u00f5es<\/strong>. Antes de conquistar a TV, ele foi vendedor de sapatos e locutor na <strong>R\u00e1dio Cultura<\/strong> da cidade. Em 1974, foi convidado por Renato Arag\u00e3o para completar o grupo que marcou gera\u00e7\u00f5es. Quando faleceu, em 1990, cerca de 30 mil pessoas compareceram ao vel\u00f3rio no gin\u00e1sio local. Hoje, o <strong>Memorial Zacarias<\/strong>, no Casar\u00e3o Nh\u00f4 Quim Drummond, na <strong>Pra\u00e7a Tiradentes<\/strong>, preserva figurinos, perucas e cinco bustos do humorista. Em 2023, um mural gigante com o rosto de Zacarias foi pintado na empena do pr\u00e9dio onde ele morou, vis\u00edvel do <strong>Museu Ferrovi\u00e1rio<\/strong>.<\/p>\n\n\n<div class=\"wp-block-image\">\n<figure class=\"aligncenter size-large\"><img loading=\"lazy\" decoding=\"async\" width=\"1024\" height=\"576\" src=\"https:\/\/www.em.com.br\/emfoco\/wp-content\/uploads\/2025\/12\/Sete-Lagoas-como-voce-nunca-viu-7L-MG-Drone-4K-0-42-screenshot-1-1024x576.jpg\" alt=\"Essa cidade vizinha de Belo Horizonte \u00e9 uma das melhores para se viver em Minas Gerais\" class=\"wp-image-147346\" srcset=\"https:\/\/www.em.com.br\/emfoco\/wp-content\/uploads\/2025\/12\/Sete-Lagoas-como-voce-nunca-viu-7L-MG-Drone-4K-0-42-screenshot-1-1024x576.jpg 1024w, https:\/\/www.em.com.br\/emfoco\/wp-content\/uploads\/2025\/12\/Sete-Lagoas-como-voce-nunca-viu-7L-MG-Drone-4K-0-42-screenshot-1-300x169.jpg 300w, https:\/\/www.em.com.br\/emfoco\/wp-content\/uploads\/2025\/12\/Sete-Lagoas-como-voce-nunca-viu-7L-MG-Drone-4K-0-42-screenshot-1-768x432.jpg 768w, https:\/\/www.em.com.br\/emfoco\/wp-content\/uploads\/2025\/12\/Sete-Lagoas-como-voce-nunca-viu-7L-MG-Drone-4K-0-42-screenshot-1-750x422.jpg 750w, https:\/\/www.em.com.br\/emfoco\/wp-content\/uploads\/2025\/12\/Sete-Lagoas-como-voce-nunca-viu-7L-MG-Drone-4K-0-42-screenshot-1-1140x641.jpg 1140w, https:\/\/www.em.com.br\/emfoco\/wp-content\/uploads\/2025\/12\/Sete-Lagoas-como-voce-nunca-viu-7L-MG-Drone-4K-0-42-screenshot-1.jpg 1280w\" sizes=\"auto, (max-width: 1024px) 100vw, 1024px\" \/><figcaption class=\"wp-element-caption\">Sete Lagoas une qualidade de vida e for\u00e7a industrial em Minas Gerais \/\/ Cr\u00e9ditos: YouTube.com\/@reloaddrone-urielmenezes<\/figcaption><\/figure><\/div>\n\n\n<h2 class=\"wp-block-heading\">Vale a pena morar em Sete Lagoas?<\/h2>\n\n\n\n<p>Os dados oficiais sustentam a reputa\u00e7\u00e3o. Segundo o <a href=\"https:\/\/www.ibge.gov.br\/cidades-e-estados\/mg\/sete-lagoas.html\" target=\"_blank\" rel=\"noreferrer noopener\"><strong>Instituto Brasileiro de Geografia e Estat\u00edstica (IBGE)<\/strong><\/a>, a cidade re\u00fane 227.397 habitantes (Censo 2022), escolariza\u00e7\u00e3o de 99,16% entre crian\u00e7as de 6 a 14 anos, <strong>IDHM<\/strong> de 0,760 e um <strong>PIB per capita<\/strong> de R$ 65.543 em 2023, valor acima da m\u00e9dia de <strong>Minas Gerais<\/strong>.<\/p>\n\n\n\n<p>Em 2025, Sete Lagoas figurou entre as <a href=\"https:\/\/setelagoas.com.br\/noticias\/cidades\/243660-sete-lagoas-entre-as-10-melhores-cidades-para-viver-em-minas-gerais-aponta-estudo\/\" target=\"_blank\" rel=\"noreferrer noopener\"><strong>10 melhores cidades para viver no estado<\/strong><\/a>, em levantamento publicado pelo jornal Estado de Minas com base em seguran\u00e7a, sa\u00fade, educa\u00e7\u00e3o e servi\u00e7os p\u00fablicos. A presen\u00e7a do <strong>Instituto Federal de Minas Gerais (IFMG)<\/strong>, do <strong>Senai<\/strong> e de um campus da <strong>Universidade Federal de S\u00e3o Jo\u00e3o del-Rei (UFSJ)<\/strong> oferece ensino t\u00e9cnico e superior sem precisar ir at\u00e9 a capital. O parque industrial, ancorado na siderurgia e na agroind\u00fastria, sustenta uma economia diversificada que emprega moradores de toda a regi\u00e3o.<\/p>\n\n\n\n<h2 class=\"wp-block-heading\">O que fazer na cidade das sete lagoas?<\/h2>\n\n\n\n<p>O turismo em Sete Lagoas gira em torno de lagoas urbanas, grutas centen\u00e1rias e uma serra com vista para tr\u00eas cordilheiras mineiras. A cidade integra o <a href=\"https:\/\/circuitodasgrutas.com.br\/sete-lagoas\/\" target=\"_blank\" rel=\"noreferrer noopener\"><strong>Circuito Tur\u00edstico das Grutas<\/strong><\/a>, ao lado de Cordisburgo e Lagoa Santa. Estes s\u00e3o os pontos que merecem entrar no roteiro:<\/p>\n\n\n\n<ul class=\"wp-block-list has-medium-font-size\">\n<li><strong>Gruta Rei do Mato<\/strong>: 998 metros de extens\u00e3o e 30 metros de desn\u00edvel, com pinturas rupestres de seis mil anos na &#8220;Grutinha&#8221; ao lado. No quarto sal\u00e3o, duas colunas cil\u00edndricas de calcita s\u00e3o consideradas forma\u00e7\u00e3o \u00fanica no pa\u00eds. Fica \u00e0s margens da <strong>BR-040<\/strong>, no trevo de acesso \u00e0 cidade.<\/li>\n\n\n\n<li><strong>Lagoa Paulino<\/strong>: a mais central das sete, com 1.250 metros de orla, pedalinhos, fonte iluminada e feira de artesanato e comidas t\u00edpicas \u00e0s sextas e s\u00e1bados \u00e0 noite.<\/li>\n\n\n\n<li><strong>Lagoa da Boa Vista<\/strong>: pista dupla de 1.630 metros no entorno, com quadras de areia, pista de skate, bicicross e a <strong>Ilha dos Macacos<\/strong> no centro do espelho d&#8217;\u00e1gua.<\/li>\n\n\n\n<li><strong>Serra de Santa Helena<\/strong>: ponto mais alto da cidade a 1.076 metros, com a <strong>Capela de Santa Helena<\/strong> (1852) e rampa de voo livre com vista das serras do Curral e da Piedade.<\/li>\n\n\n\n<li><strong>Parque da Cascata<\/strong>: 295 hectares de mata nativa na serra, com lago artificial, praia, trilhas e mirante para uma cachoeira de 35 metros.<\/li>\n\n\n\n<li><strong>Museu Ferrovi\u00e1rio<\/strong>: instalado na esta\u00e7\u00e3o inaugurada em 1896, preserva locomotivas e equipamentos da extinta <strong>Estrada de Ferro Central do Brasil<\/strong>.<\/li>\n<\/ul>\n\n\n\n<p>Informa\u00e7\u00f5es tur\u00edsticas atualizadas podem ser consultadas no <a href=\"https:\/\/www.minasgerais.com.br\/pt\/destinos\/sete-lagoas\" target=\"_blank\" rel=\"noreferrer noopener\"><strong>portal oficial de turismo de Minas Gerais<\/strong><\/a>.<\/p>\n\n\n\n<p>Quem deseja conhecer <strong>Sete Lagoas<\/strong>, vai curtir esse v\u00eddeo especialmente selecionado do canal <strong>Vou na Frente<\/strong>, que conta com mais de <strong>12 mil<\/strong> visualiza\u00e7\u00f5es, onde o apresentador mostra os principais pontos tur\u00edsticos da terra do <strong>Zacarias<\/strong>, em <strong>Minas Gerais<\/strong>:<\/p>\n\n\n\n<figure class=\"wp-block-embed is-type-video is-provider-youtube wp-block-embed-youtube wp-embed-aspect-16-9 wp-has-aspect-ratio\"><div class=\"wp-block-embed__wrapper\">\n<div class=\"jeg_video_container jeg_video_content\"><iframe loading=\"lazy\" title=\"1 DIA EM SETE LAGOAS - MG \/ CONHECENDO A TERRA DO ZACARIAS\" width=\"500\" height=\"281\" src=\"https:\/\/www.youtube.com\/embed\/wVTqs71njy8?feature=oembed\" frameborder=\"0\" allow=\"accelerometer; autoplay; clipboard-write; encrypted-media; gyroscope; picture-in-picture; web-share\" referrerpolicy=\"strict-origin-when-cross-origin\" allowfullscreen><\/iframe><\/div>\n<\/div><\/figure>\n\n\n\n<h2 class=\"wp-block-heading\">Quando o clima favorece cada tipo de passeio?<\/h2>\n\n\n\n<p>Sete Lagoas tem clima tropical com esta\u00e7\u00e3o seca bem definida. O inverno, entre maio e setembro, \u00e9 a melhor fase para trilhas, grutas e atividades ao ar livre. O ver\u00e3o traz chuvas intensas, mas mant\u00e9m as lagoas cheias e a vegeta\u00e7\u00e3o verde. A tabela resume as condi\u00e7\u00f5es por esta\u00e7\u00e3o:<\/p>\n\n\n\n<style>\n    .card-interativo {\n        transition: transform 0.15s ease-in-out, box-shadow 0.15s ease-in-out;\n        cursor: pointer;\n    }\n    .card-interativo:hover {\n        transform: translateY(-4px);\n    }\n    .card-interativo:active {\n        transform: scale(0.96);\n    }\n<\/style>\n<div class=\"google-auto-ads-ignore\" style=\"box-sizing: border-box; display: flex; flex-direction: column; width: 100%; max-width: 900px; margin: 30px auto; font-family: 'Segoe UI', Roboto, Helvetica, Arial, sans-serif; clear: both;\">\n    <div style=\"display: flex; flex-wrap: wrap; gap: 15px;\">\n        \n        <div class=\"card-interativo\" style=\"flex: 1 1 calc(25% - 15px); min-width: 200px; border: 1px solid #e1e6ef; border-top: 4px solid #1a2a57; border-radius: 8px; padding: 20px; background: #fff; box-sizing: border-box; box-shadow: 0 4px 10px rgba(26, 42, 87, 0.05); display: flex; flex-direction: column;\">\n            <div style=\"display: flex; align-items: center; justify-content: center; gap: 8px; margin-bottom: 20px;\">\n                <span style=\"font-size: 22px; line-height: 1;\">\u2600\ufe0f<\/span>\n                <strong style=\"color: #1a2a57; font-size: 16px; text-transform: uppercase;\">Ver\u00e3o<\/strong>\n            <\/div>\n            <div style=\"margin-bottom: auto;\">\n                <div style=\"text-align: center; font-size: 11px; font-weight: 800; color: #111c3a; text-transform: uppercase; margin-bottom: 5px;\">Dezembro &#8211; Fevereiro<\/div>\n                <div style=\"text-align: center; font-size: 26px; font-weight: 900; color: #1a2a57; margin-bottom: 10px;\">18\u00b0C a 30\u00b0C<\/div>\n                <div style=\"text-align: center; font-size: 13px; color: #555; line-height: 1.5; margin-bottom: 15px;\">Apesar das fortes e intensas chuvas de ver\u00e3o, \u00e9 a \u00e9poca em que as <strong>lagoas ficam mais cheias<\/strong> e a vegeta\u00e7\u00e3o exuberante. Bom para curtir as <strong>feiras noturnas e o Memorial Zacarias<\/strong>.<\/div>\n            <\/div>\n            <div style=\"text-align: center;\">\n                <span style=\"display: inline-block; background: #f0f4f8; color: #1a2a57; font-size: 10px; font-weight: 800; padding: 6px 12px; border-radius: 20px; text-transform: uppercase; border: 1px solid #e1e6ef; line-height: 1.4;\">\ud83d\udca7 Chuva Alta<\/span>\n            <\/div>\n        <\/div>\n\n        <div class=\"card-interativo\" style=\"flex: 1 1 calc(25% - 15px); min-width: 200px; border: 1px solid #e1e6ef; border-top: 4px solid #1a2a57; border-radius: 8px; padding: 20px; background: #fff; box-sizing: border-box; box-shadow: 0 4px 10px rgba(26, 42, 87, 0.05); display: flex; flex-direction: column;\">\n            <div style=\"display: flex; align-items: center; justify-content: center; gap: 8px; margin-bottom: 20px;\">\n                <span style=\"font-size: 22px; line-height: 1;\">\ud83c\udf42<\/span>\n                <strong style=\"color: #1a2a57; font-size: 16px; text-transform: uppercase;\">Outono<\/strong>\n            <\/div>\n            <div style=\"margin-bottom: auto;\">\n                <div style=\"text-align: center; font-size: 11px; font-weight: 800; color: #111c3a; text-transform: uppercase; margin-bottom: 5px;\">Mar\u00e7o &#8211; Maio<\/div>\n                <div style=\"text-align: center; font-size: 26px; font-weight: 900; color: #1a2a57; margin-bottom: 10px;\">15\u00b0C a 28\u00b0C<\/div>\n                <div style=\"text-align: center; font-size: 13px; color: #555; line-height: 1.5; margin-bottom: 15px;\">O clima chuvoso come\u00e7a a ceder espa\u00e7o para dias mais est\u00e1veis. Excelente momento para desbravar os incr\u00edveis sal\u00f5es da <strong>Gruta Rei do Mato e visitar o Museu Ferrovi\u00e1rio<\/strong>.<\/div>\n            <\/div>\n            <div style=\"text-align: center;\">\n                <span style=\"display: inline-block; background: #f0f4f8; color: #1a2a57; font-size: 10px; font-weight: 800; padding: 6px 12px; border-radius: 20px; text-transform: uppercase; border: 1px solid #e1e6ef; line-height: 1.4;\">\u2601\ufe0f Chuva M\u00e9dia<\/span>\n            <\/div>\n        <\/div>\n\n        <div class=\"card-interativo\" style=\"flex: 1 1 calc(25% - 15px); min-width: 200px; border: 2px solid #1a2a57; border-radius: 8px; padding: 20px; background: #f0f4f8; box-sizing: border-box; box-shadow: 0 4px 10px rgba(26, 42, 87, 0.1); display: flex; flex-direction: column;\">\n            <div style=\"display: flex; align-items: center; justify-content: center; gap: 8px; margin-bottom: 20px;\">\n                <span style=\"font-size: 22px; line-height: 1;\">\u2744\ufe0f<\/span>\n                <strong style=\"color: #1a2a57; font-size: 16px; text-transform: uppercase;\">Inverno<\/strong>\n            <\/div>\n            <div style=\"margin-bottom: auto;\">\n                <div style=\"text-align: center; font-size: 11px; font-weight: 800; color: #111c3a; text-transform: uppercase; margin-bottom: 5px;\">Junho &#8211; Agosto<\/div>\n                <div style=\"text-align: center; font-size: 26px; font-weight: 900; color: #1a2a57; margin-bottom: 10px;\">10\u00b0C a 26\u00b0C<\/div>\n                <div style=\"text-align: center; font-size: 13px; color: #555; line-height: 1.5; margin-bottom: 15px;\">A janela de ouro da cidade! O per\u00edodo seco e com c\u00e9u azul aberto \u00e9 impec\u00e1vel para fazer <strong>trilhas na Serra de Santa Helena e praticar voo livre<\/strong> com seguran\u00e7a.<\/div>\n            <\/div>\n            <div style=\"text-align: center;\">\n                <span style=\"display: inline-block; background: #1a2a57; color: #fff; font-size: 10px; font-weight: 800; padding: 6px 12px; border-radius: 20px; text-transform: uppercase; line-height: 1.4;\">\ud83c\udf92 Melhor \u00c9poca<\/span>\n            <\/div>\n        <\/div>\n\n        <div class=\"card-interativo\" style=\"flex: 1 1 calc(25% - 15px); min-width: 200px; border: 1px solid #e1e6ef; border-top: 4px solid #1a2a57; border-radius: 8px; padding: 20px; background: #fff; box-sizing: border-box; box-shadow: 0 4px 10px rgba(26, 42, 87, 0.05); display: flex; flex-direction: column;\">\n            <div style=\"display: flex; align-items: center; justify-content: center; gap: 8px; margin-bottom: 20px;\">\n                <span style=\"font-size: 22px; line-height: 1;\">\ud83c\udf38<\/span>\n                <strong style=\"color: #1a2a57; font-size: 16px; text-transform: uppercase;\">Primavera<\/strong>\n            <\/div>\n            <div style=\"margin-bottom: auto;\">\n                <div style=\"text-align: center; font-size: 11px; font-weight: 800; color: #111c3a; text-transform: uppercase; margin-bottom: 5px;\">Setembro &#8211; Novembro<\/div>\n                <div style=\"text-align: center; font-size: 26px; font-weight: 900; color: #1a2a57; margin-bottom: 10px;\">16\u00b0C a 31\u00b0C<\/div>\n                <div style=\"text-align: center; font-size: 13px; color: #555; line-height: 1.5; margin-bottom: 15px;\">Os term\u00f4metros ganham tra\u00e7\u00e3o e o calor retorna com for\u00e7a antes das chuvas cont\u00ednuas. Aproveite os dias quentes para curtir o <strong>Parque da Cascata e os esportes ao ar livre<\/strong>.<\/div>\n            <\/div>\n            <div style=\"text-align: center;\">\n                <span style=\"display: inline-block; background: #f0f4f8; color: #1a2a57; font-size: 10px; font-weight: 800; padding: 6px 12px; border-radius: 20px; text-transform: uppercase; border: 1px solid #e1e6ef; line-height: 1.4;\">\u2601\ufe0f Chuva M\u00e9dia<\/span>\n            <\/div>\n        <\/div>\n        \n    <\/div>\n<\/div>\n\n\n\n<p><em>Temperaturas aproximadas com base no <a href=\"https:\/\/www.climatempo.com.br\/previsao-do-tempo\/cidade\/189\/setelagoas-mg\" target=\"_blank\" rel=\"noreferrer noopener\"><strong>Climatempo<\/strong><\/a>. Condi\u00e7\u00f5es podem variar.<\/em><\/p>\n\n\n\n<h2 class=\"wp-block-heading\">Como chegar a Sete Lagoas?<\/h2>\n\n\n\n<p>A cidade fica a 72 km de <a href=\"https:\/\/www.em.com.br\/emfoco\/2025\/12\/08\/as-praias-proximas-de-belo-horizonte-que-viraram-refugio-rapido-para-quem-quer-descansar\/\" target=\"_blank\" rel=\"noreferrer noopener\"><strong>Belo Horizonte<\/strong><\/a> pela <strong>BR-040<\/strong>, cerca de 1 hora de carro. O <strong>Aeroporto Internacional de Confins<\/strong> est\u00e1 a apenas 40 km. \u00d4nibus intermunicipais partem da rodovi\u00e1ria de BH com frequ\u00eancia ao longo do dia. O acesso tamb\u00e9m \u00e9 poss\u00edvel pela <strong>MG-238<\/strong>.<\/p>\n\n\n\n<iframe src=\"https:\/\/www.google.com\/maps\/embed?pb=!1m18!1m12!1m3!1d60191.94268883749!2d-44.281435713572186!3d-19.45572124794003!2m3!1f0!2f0!3f0!3m2!1i1024!2i768!4f13.1!3m3!1m2!1s0xa65aa48d5ab029%3A0x3158b7984cbbf15f!2sSete%20Lagoas%2C%20MG!5e0!3m2!1spt-BR!2sbr!4v1773410526939!5m2!1spt-BR!2sbr\" width=\"600\" height=\"450\" style=\"border:0;\" allowfullscreen=\"\" loading=\"lazy\" referrerpolicy=\"no-referrer-when-downgrade\"><\/iframe>\n\n\n\n<h2 class=\"wp-block-heading\">Conhe\u00e7a a cidade que carrega sete espelhos d&#8217;\u00e1gua no nome e na paisagem<\/h2>\n\n\n\n<p>Sete Lagoas entrega algo raro: grutas com forma\u00e7\u00f5es que continuam crescendo, lagoas que funcionam como pra\u00e7as de conviv\u00eancia e a mem\u00f3ria de figuras que marcaram a hist\u00f3ria do Brasil. Tudo isso a pouco mais de uma hora da capital mineira.<\/p>\n\n\n\n<p>Voc\u00ea precisa descer os 30 metros da Gruta Rei do Mato, caminhar pela orla da Lagoa Paulino ao anoitecer e sentir o orgulho que a cidade tem do menino que saiu dali para fazer o pa\u00eds inteiro rir.<\/p>\n","protected":false},"excerpt":{"rendered":"<p>Sete lagoas naturais no meio da cidade, uma gruta com pinturas rupestres de seis mil anos e o ber\u00e7o do Trapalh\u00e3o mais querido do Brasil. Sete Lagoas, a 72 km de Belo Horizonte, \u00e9 o tipo de cidade mineira que mistura hist\u00f3ria colonial, natureza subterr\u00e2nea e um cotidiano tranquilo sem abrir m\u00e3o de um parque [&hellip;]<\/p>\n","protected":false},"author":6,"featured_media":159999,"comment_status":"open","ping_status":"open","sticky":false,"template":"","format":"standard","meta":{"jnews-multi-image_gallery":[],"jnews_single_post":{"format":"standard"},"jnews_primary_category":[],"jnews_social_meta":[],"jnews_override_counter":[],"footnotes":""},"categories":[26],"tags":[183,207,1023],"class_list":["post-181190","post","type-post","status-publish","format-standard","has-post-thumbnail","hentry","category-cidades","tag-cidades","tag-minas-gerais","tag-sete-lagoas"],"yoast_head":"<!-- This site is optimized with the Yoast SEO plugin v23.8 - https:\/\/yoast.com\/wordpress\/plugins\/seo\/ -->\n<title>A poucos km de Belo Horizonte, a cidade onde Zacarias nasceu \u00e9 uma das melhores para se viver em 2026 - Estado de Minas - Em foco<\/title>\n<meta name=\"description\" content=\"Perto de Belo Horizonte, a terra natal de Zacarias ganhou destaque e entrou para a lista das melhores cidades para se viver no Brasil.\" \/>\n<meta name=\"robots\" content=\"index, follow, max-snippet:-1, max-image-preview:large, max-video-preview:-1\" \/>\n<link rel=\"canonical\" href=\"https:\/\/www.em.com.br\/emfoco\/2026\/03\/13\/a-poucos-km-de-belo-horizonte-a-cidade-onde-zacarias-nasceu-e-uma-das-melhores-para-se-viver-em-2026\/\" \/>\n<meta property=\"og:locale\" content=\"pt_BR\" \/>\n<meta property=\"og:type\" content=\"article\" \/>\n<meta property=\"og:title\" content=\"A poucos km de Belo Horizonte, a cidade onde Zacarias nasceu \u00e9 uma das melhores para se viver em 2026 - Estado de Minas - Em foco\" \/>\n<meta property=\"og:description\" content=\"Perto de Belo Horizonte, a terra natal de Zacarias ganhou destaque e entrou para a lista das melhores cidades para se viver no Brasil.\" \/>\n<meta property=\"og:url\" content=\"https:\/\/www.em.com.br\/emfoco\/2026\/03\/13\/a-poucos-km-de-belo-horizonte-a-cidade-onde-zacarias-nasceu-e-uma-das-melhores-para-se-viver-em-2026\/\" \/>\n<meta property=\"og:site_name\" content=\"Estado de Minas - Em foco\" \/>\n<meta property=\"article:published_time\" content=\"2026-03-13T14:25:00+00:00\" \/>\n<meta property=\"article:modified_time\" content=\"2026-03-13T14:02:47+00:00\" \/>\n<meta property=\"og:image\" content=\"https:\/\/www.em.com.br\/emfoco\/wp-content\/uploads\/2026\/01\/sete-lagoas2.jpg\" \/>\n\t<meta property=\"og:image:width\" content=\"1280\" \/>\n\t<meta property=\"og:image:height\" content=\"720\" \/>\n\t<meta property=\"og:image:type\" content=\"image\/jpeg\" \/>\n<meta name=\"author\" content=\"Vitor Bruno\" \/>\n<meta name=\"twitter:card\" content=\"summary_large_image\" \/>\n<meta name=\"twitter:label1\" content=\"Escrito por\" \/>\n\t<meta name=\"twitter:data1\" content=\"Vitor Bruno\" \/>\n\t<meta name=\"twitter:label2\" content=\"Est. tempo de leitura\" \/>\n\t<meta name=\"twitter:data2\" content=\"7 minutos\" \/>\n<!-- \/ Yoast SEO plugin. -->","yoast_head_json":{"title":"A poucos km de Belo Horizonte, a cidade onde Zacarias nasceu \u00e9 uma das melhores para se viver em 2026 - Estado de Minas - Em foco","description":"Perto de Belo Horizonte, a terra natal de Zacarias ganhou destaque e entrou para a lista das melhores cidades para se viver no Brasil.","robots":{"index":"index","follow":"follow","max-snippet":"max-snippet:-1","max-image-preview":"max-image-preview:large","max-video-preview":"max-video-preview:-1"},"canonical":"https:\/\/www.em.com.br\/emfoco\/2026\/03\/13\/a-poucos-km-de-belo-horizonte-a-cidade-onde-zacarias-nasceu-e-uma-das-melhores-para-se-viver-em-2026\/","og_locale":"pt_BR","og_type":"article","og_title":"A poucos km de Belo Horizonte, a cidade onde Zacarias nasceu \u00e9 uma das melhores para se viver em 2026 - Estado de Minas - Em foco","og_description":"Perto de Belo Horizonte, a terra natal de Zacarias ganhou destaque e entrou para a lista das melhores cidades para se viver no Brasil.","og_url":"https:\/\/www.em.com.br\/emfoco\/2026\/03\/13\/a-poucos-km-de-belo-horizonte-a-cidade-onde-zacarias-nasceu-e-uma-das-melhores-para-se-viver-em-2026\/","og_site_name":"Estado de Minas - Em foco","article_published_time":"2026-03-13T14:25:00+00:00","article_modified_time":"2026-03-13T14:02:47+00:00","og_image":[{"width":1280,"height":720,"url":"https:\/\/www.em.com.br\/emfoco\/wp-content\/uploads\/2026\/01\/sete-lagoas2.jpg","type":"image\/jpeg"}],"author":"Vitor Bruno","twitter_card":"summary_large_image","twitter_misc":{"Escrito por":"Vitor Bruno","Est. tempo de leitura":"7 minutos"},"schema":{"@context":"https:\/\/schema.org","@graph":[{"@type":"WebPage","@id":"https:\/\/www.em.com.br\/emfoco\/2026\/03\/13\/a-poucos-km-de-belo-horizonte-a-cidade-onde-zacarias-nasceu-e-uma-das-melhores-para-se-viver-em-2026\/","url":"https:\/\/www.em.com.br\/emfoco\/2026\/03\/13\/a-poucos-km-de-belo-horizonte-a-cidade-onde-zacarias-nasceu-e-uma-das-melhores-para-se-viver-em-2026\/","name":"A poucos km de Belo Horizonte, a cidade onde Zacarias nasceu \u00e9 uma das melhores para se viver em 2026 - Estado de Minas - Em foco","isPartOf":{"@id":"https:\/\/www.em.com.br\/emfoco\/#website"},"primaryImageOfPage":{"@id":"https:\/\/www.em.com.br\/emfoco\/2026\/03\/13\/a-poucos-km-de-belo-horizonte-a-cidade-onde-zacarias-nasceu-e-uma-das-melhores-para-se-viver-em-2026\/#primaryimage"},"image":{"@id":"https:\/\/www.em.com.br\/emfoco\/2026\/03\/13\/a-poucos-km-de-belo-horizonte-a-cidade-onde-zacarias-nasceu-e-uma-das-melhores-para-se-viver-em-2026\/#primaryimage"},"thumbnailUrl":"https:\/\/www.em.com.br\/emfoco\/wp-content\/uploads\/2026\/01\/sete-lagoas2.jpg","datePublished":"2026-03-13T14:25:00+00:00","dateModified":"2026-03-13T14:02:47+00:00","author":{"@id":"https:\/\/www.em.com.br\/emfoco\/#\/schema\/person\/364ac1852fafd00f1be20f0b8b237569"},"description":"Perto de Belo Horizonte, a terra natal de Zacarias ganhou destaque e entrou para a lista das melhores cidades para se viver no Brasil.","breadcrumb":{"@id":"https:\/\/www.em.com.br\/emfoco\/2026\/03\/13\/a-poucos-km-de-belo-horizonte-a-cidade-onde-zacarias-nasceu-e-uma-das-melhores-para-se-viver-em-2026\/#breadcrumb"},"inLanguage":"pt-BR","potentialAction":[{"@type":"ReadAction","target":["https:\/\/www.em.com.br\/emfoco\/2026\/03\/13\/a-poucos-km-de-belo-horizonte-a-cidade-onde-zacarias-nasceu-e-uma-das-melhores-para-se-viver-em-2026\/"]}]},{"@type":"ImageObject","inLanguage":"pt-BR","@id":"https:\/\/www.em.com.br\/emfoco\/2026\/03\/13\/a-poucos-km-de-belo-horizonte-a-cidade-onde-zacarias-nasceu-e-uma-das-melhores-para-se-viver-em-2026\/#primaryimage","url":"https:\/\/www.em.com.br\/emfoco\/wp-content\/uploads\/2026\/01\/sete-lagoas2.jpg","contentUrl":"https:\/\/www.em.com.br\/emfoco\/wp-content\/uploads\/2026\/01\/sete-lagoas2.jpg","width":1280,"height":720,"caption":"A cidade mineira com grutas milenares, f\u00e1brica de caminh\u00f5es e lagoas no centro: viver em Sete Lagoas a 72 km de BH (imagem ilustrativa)"},{"@type":"BreadcrumbList","@id":"https:\/\/www.em.com.br\/emfoco\/2026\/03\/13\/a-poucos-km-de-belo-horizonte-a-cidade-onde-zacarias-nasceu-e-uma-das-melhores-para-se-viver-em-2026\/#breadcrumb","itemListElement":[{"@type":"ListItem","position":1,"name":"In\u00edcio","item":"https:\/\/www.em.com.br\/emfoco\/"},{"@type":"ListItem","position":2,"name":"A poucos km de Belo Horizonte, a cidade onde Zacarias nasceu \u00e9 uma das melhores para se viver em 2026"}]},{"@type":"WebSite","@id":"https:\/\/www.em.com.br\/emfoco\/#website","url":"https:\/\/www.em.com.br\/emfoco\/","name":"Estado de Minas - Em foco","description":"Acompanhe as \u00faltimas not\u00edcias e fique bem informado sobre tudo o que acontece em Minas Gerais, Brasil e no mundo.","potentialAction":[{"@type":"SearchAction","target":{"@type":"EntryPoint","urlTemplate":"https:\/\/www.em.com.br\/emfoco\/?s={search_term_string}"},"query-input":{"@type":"PropertyValueSpecification","valueRequired":true,"valueName":"search_term_string"}}],"inLanguage":"pt-BR"},{"@type":"Person","@id":"https:\/\/www.em.com.br\/emfoco\/#\/schema\/person\/364ac1852fafd00f1be20f0b8b237569","name":"Vitor Bruno","image":{"@type":"ImageObject","inLanguage":"pt-BR","@id":"https:\/\/www.em.com.br\/emfoco\/#\/schema\/person\/image\/","url":"https:\/\/secure.gravatar.com\/avatar\/b719e5cdede09f942064960883b5524d?s=96&d=mm&r=g","contentUrl":"https:\/\/secure.gravatar.com\/avatar\/b719e5cdede09f942064960883b5524d?s=96&d=mm&r=g","caption":"Vitor Bruno"},"sameAs":["https:\/\/www.em.com.br\/emfoco\/"],"url":"https:\/\/www.em.com.br\/emfoco\/author\/vitormyth\/"}]}},"_links":{"self":[{"href":"https:\/\/www.em.com.br\/emfoco\/wp-json\/wp\/v2\/posts\/181190","targetHints":{"allow":["GET"]}}],"collection":[{"href":"https:\/\/www.em.com.br\/emfoco\/wp-json\/wp\/v2\/posts"}],"about":[{"href":"https:\/\/www.em.com.br\/emfoco\/wp-json\/wp\/v2\/types\/post"}],"author":[{"embeddable":true,"href":"https:\/\/www.em.com.br\/emfoco\/wp-json\/wp\/v2\/users\/6"}],"replies":[{"embeddable":true,"href":"https:\/\/www.em.com.br\/emfoco\/wp-json\/wp\/v2\/comments?post=181190"}],"version-history":[{"count":4,"href":"https:\/\/www.em.com.br\/emfoco\/wp-json\/wp\/v2\/posts\/181190\/revisions"}],"predecessor-version":[{"id":181210,"href":"https:\/\/www.em.com.br\/emfoco\/wp-json\/wp\/v2\/posts\/181190\/revisions\/181210"}],"wp:featuredmedia":[{"embeddable":true,"href":"https:\/\/www.em.com.br\/emfoco\/wp-json\/wp\/v2\/media\/159999"}],"wp:attachment":[{"href":"https:\/\/www.em.com.br\/emfoco\/wp-json\/wp\/v2\/media?parent=181190"}],"wp:term":[{"taxonomy":"category","embeddable":true,"href":"https:\/\/www.em.com.br\/emfoco\/wp-json\/wp\/v2\/categories?post=181190"},{"taxonomy":"post_tag","embeddable":true,"href":"https:\/\/www.em.com.br\/emfoco\/wp-json\/wp\/v2\/tags?post=181190"}],"curies":[{"name":"wp","href":"https:\/\/api.w.org\/{rel}","templated":true}]}}