{"id":181188,"date":"2026-03-13T18:05:00","date_gmt":"2026-03-13T21:05:00","guid":{"rendered":"https:\/\/www.em.com.br\/emfoco\/?p=181188"},"modified":"2026-03-13T18:05:18","modified_gmt":"2026-03-13T21:05:18","slug":"california-brasileira-a-cidade-do-interior-que-supera-capitais-em-qualidade-de-vida","status":"publish","type":"post","link":"https:\/\/www.em.com.br\/emfoco\/2026\/03\/13\/california-brasileira-a-cidade-do-interior-que-supera-capitais-em-qualidade-de-vida\/","title":{"rendered":"Calif\u00f3rnia Brasileira: a cidade do interior que supera capitais em qualidade de vida"},"content":{"rendered":"\n<p>No in\u00edcio do s\u00e9culo XX, a elite do caf\u00e9 imitava costumes franceses e chamava a cidade de <strong>Petit Paris<\/strong>. D\u00e9cadas depois, um jornalista do <strong>Jornal do Brasil<\/strong> rebatizou <strong>Ribeir\u00e3o Preto<\/strong> de <strong>Calif\u00f3rnia Brasileira<\/strong>. Entre um apelido e outro, a cidade no nordeste de <strong>S\u00e3o Paulo<\/strong> acumulou t\u00edtulos que v\u00e3o de Capital do Chope a Capital Nacional do Agroneg\u00f3cio.<\/p>\n\n\n\n<h2 class=\"wp-block-heading\">De onde veio o apelido que colou no mapa<\/h2>\n\n\n\n<p>O termo \u201cCalif\u00f3rnia Brasileira\u201d nasceu em 22 de mar\u00e7o de 1987, numa reportagem do jornalista <strong>Ricardo Kotscho<\/strong> para o <strong>Jornal do Brasil<\/strong>. Kotscho passou 15 dias em Ribeir\u00e3o Preto investigando os efeitos da ind\u00fastria sucroalcooleira na economia local. Durante as entrevistas, ouviu a express\u00e3o \u201cisso aqui est\u00e1 parecendo a Calif\u00f3rnia\u201d e a transformou em t\u00edtulo, registrado como \u201cCalif\u00f3rnia Paulista\u201d, conforme reportagem do <a href=\"https:\/\/www.acidadeon.com\/ribeiraopreto\/cotidiano\/saiba-o-motivo-de-ribeirao-preto-ser-a-california-brasileira\/\" target=\"_blank\" rel=\"noreferrer noopener\"><strong>ACidade ON<\/strong><\/a>.<\/p>\n\n\n\n<p>A compara\u00e7\u00e3o n\u00e3o veio do nada. O clima quente e seco, a economia forte baseada em agroneg\u00f3cio e tecnologia e o crescimento populacional acelerado lembravam o estado norte-americano. Em 1987, Ribeir\u00e3o tinha cerca de 318 mil habitantes. O <strong>Censo 2022<\/strong> do <a href=\"https:\/\/www.ibge.gov.br\/cidades-e-estados\/sp\/ribeirao-preto.html\" target=\"_blank\" rel=\"noreferrer noopener\"><strong>IBGE<\/strong><\/a> registrou 698.642 moradores, mais que o dobro em pouco mais de tr\u00eas d\u00e9cadas. Um especial do Globo Rep\u00f3rter nos anos 1990 ajudou a popularizar o apelido em todo o pa\u00eds.<\/p>\n\n\n<div class=\"wp-block-image\">\n<figure class=\"aligncenter size-large\"><img loading=\"lazy\" decoding=\"async\" width=\"1024\" height=\"576\" src=\"https:\/\/www.em.com.br\/emfoco\/wp-content\/uploads\/2025\/12\/Ribeirao-Preto_1747784475981-1024x576.jpg\" alt=\"\" class=\"wp-image-146272\" srcset=\"https:\/\/www.em.com.br\/emfoco\/wp-content\/uploads\/2025\/12\/Ribeirao-Preto_1747784475981-1024x576.jpg 1024w, https:\/\/www.em.com.br\/emfoco\/wp-content\/uploads\/2025\/12\/Ribeirao-Preto_1747784475981-300x169.jpg 300w, https:\/\/www.em.com.br\/emfoco\/wp-content\/uploads\/2025\/12\/Ribeirao-Preto_1747784475981-768x432.jpg 768w, https:\/\/www.em.com.br\/emfoco\/wp-content\/uploads\/2025\/12\/Ribeirao-Preto_1747784475981-750x422.jpg 750w, https:\/\/www.em.com.br\/emfoco\/wp-content\/uploads\/2025\/12\/Ribeirao-Preto_1747784475981-1140x641.jpg 1140w, https:\/\/www.em.com.br\/emfoco\/wp-content\/uploads\/2025\/12\/Ribeirao-Preto_1747784475981.jpg 1280w\" sizes=\"auto, (max-width: 1024px) 100vw, 1024px\" \/><figcaption class=\"wp-element-caption\">Ribeir\u00e3o Preto, SP \u2013 a \u201cCalif\u00f3rnia Brasileira\u201d que combina oportunidades, modernidade e estilo de vida acolhedor \/\/ Cr\u00e9ditos: depositphotos.com \/ mailsonpignata<\/figcaption><\/figure><\/div>\n\n\n<h2 class=\"wp-block-heading\">A cidade que j\u00e1 foi a maior produtora de caf\u00e9 do mundo<\/h2>\n\n\n\n<p>Antes de ser Calif\u00f3rnia, Ribeir\u00e3o Preto era a capital mundial do caf\u00e9. Fundada em 1856 por fam\u00edlias mineiras, a cidade cresceu sobre a terra roxa que fez do gr\u00e3o paulista a maior riqueza do <strong>Brasil<\/strong> na virada do s\u00e9culo XIX para o XX. A regi\u00e3o chegou a responder por 90% da arrecada\u00e7\u00e3o agr\u00edcola do estado, segundo registros do <a href=\"https:\/\/www.ribeiraopretoconvention.org.br\/nossa-historia\/\" target=\"_blank\" rel=\"noreferrer noopener\"><strong>Convention &amp; Visitors Bureau de Ribeir\u00e3o Preto<\/strong><\/a>.<\/p>\n\n\n\n<p>O fazendeiro <strong>Francisco Schmidt<\/strong> manteve 14 milh\u00f5es de p\u00e9s de caf\u00e9 e produziu 700 mil sacas por ano, a maior opera\u00e7\u00e3o cafeeira do planeta. A riqueza financiou teatros, casar\u00f5es e vida cultural intensa, o que rendeu \u00e0 cidade o apelido de Petit Paris. Com a quebra da Bolsa de Nova York em 1929, o caf\u00e9 perdeu valor e a cana-de-a\u00e7\u00facar assumiu o protagonismo. A regi\u00e3o se tornou a maior produtora mundial de cana, respons\u00e1vel por cerca de 30% de todo o etanol brasileiro durante o programa Pr\u00f3-\u00c1lcool.<\/p>\n\n\n\n<h2 class=\"wp-block-heading\">Chope fabricado com \u00e1gua de um dos maiores aqu\u00edferos do planeta<\/h2>\n\n\n\n<p>A tradi\u00e7\u00e3o cervejeira de Ribeir\u00e3o Preto come\u00e7ou em 1886, com a f\u00e1brica <strong>Livi &amp; Bertoldi<\/strong>. Em 1911, a <strong>Companhia Cervejaria Paulista<\/strong> se instalou na cidade e, em 1936, a <strong>Choperia Pinguim<\/strong> abriu as portas no <strong>Quarteir\u00e3o Paulista<\/strong>. At\u00e9 hoje, o Pinguim serve tulipas a 4\u00b0C e carrega a fama de ter o melhor chope do pa\u00eds, conforme a <a href=\"https:\/\/www.ribeiraopreto.sp.gov.br\/portal\/noticia\/ribeirao-preto-e-a-capital-do-chope-e-da-cerveja-artesanal\" target=\"_blank\" rel=\"noreferrer noopener\"><strong>Prefeitura de Ribeir\u00e3o Preto<\/strong><\/a>.<\/p>\n\n\n\n<p>Uma lenda urbana dizia que um duto subterr\u00e2neo, o \u201cchopeduto\u201d, levava o chope direto da f\u00e1brica da Antarctica para o balc\u00e3o do bar. Na verdade, a qualidade vem de c\u00e2maras refrigeradas com barras de gelo trocadas a cada hora. O que \u00e9 real \u00e9 a \u00e1gua: Ribeir\u00e3o Preto \u00e9 abastecida pelo <strong>Aqu\u00edfero Guarani<\/strong>, uma das maiores reservas subterr\u00e2neas de \u00e1gua doce do planeta. Essa mesma \u00e1gua alimenta as mais de 25 cervejarias artesanais da cidade, incluindo a <strong>Cervejaria Colorado<\/strong>, fundada em 1996 e pioneira no uso de ingredientes como rapadura, mandioca e caf\u00e9 da Alta Mogiana.<\/p>\n\n\n<div class=\"wp-block-image\">\n<figure class=\"aligncenter size-large\"><img loading=\"lazy\" decoding=\"async\" width=\"1024\" height=\"576\" src=\"https:\/\/www.em.com.br\/emfoco\/wp-content\/uploads\/2025\/12\/Ribeirao-Preto_1762391125298-1024x576.jpg\" alt=\"\" class=\"wp-image-146274\" srcset=\"https:\/\/www.em.com.br\/emfoco\/wp-content\/uploads\/2025\/12\/Ribeirao-Preto_1762391125298-1024x576.jpg 1024w, https:\/\/www.em.com.br\/emfoco\/wp-content\/uploads\/2025\/12\/Ribeirao-Preto_1762391125298-300x169.jpg 300w, https:\/\/www.em.com.br\/emfoco\/wp-content\/uploads\/2025\/12\/Ribeirao-Preto_1762391125298-768x432.jpg 768w, https:\/\/www.em.com.br\/emfoco\/wp-content\/uploads\/2025\/12\/Ribeirao-Preto_1762391125298-750x422.jpg 750w, https:\/\/www.em.com.br\/emfoco\/wp-content\/uploads\/2025\/12\/Ribeirao-Preto_1762391125298-1140x641.jpg 1140w, https:\/\/www.em.com.br\/emfoco\/wp-content\/uploads\/2025\/12\/Ribeirao-Preto_1762391125298.jpg 1280w\" sizes=\"auto, (max-width: 1024px) 100vw, 1024px\" \/><figcaption class=\"wp-element-caption\">A cidade de Ribeir\u00e3o Preto \u00e9 conhecida como a \u201cCalif\u00f3rnia Brasileira\u201d por seu desenvolvimento \/\/ Cr\u00e9ditos: depositphotos.com \/ gustavofrazao<\/figcaption><\/figure><\/div>\n\n\n<p><strong>Leia tamb\u00e9m: <a href=\"https:\/\/www.em.com.br\/emfoco\/2026\/03\/08\/a-vila-onde-nao-ha-bancos-nao-ha-asfalto-e-nao-ha-postes-de-luz-so-o-brilho-da-lua-sobre-as-praias-mais-bonitas-do-planeta\/\" target=\"_blank\" rel=\"noreferrer noopener\">A vila onde n\u00e3o h\u00e1 bancos, n\u00e3o h\u00e1 asfalto e n\u00e3o h\u00e1 postes de luz: s\u00f3 o brilho da lua sobre as praias mais bonitas do planeta<\/a><\/strong><\/p>\n\n\n\n<h2 class=\"wp-block-heading\">Onde Ribeir\u00e3o aparece nos rankings de qualidade de vida<\/h2>\n\n\n\n<p>O <strong>\u00cdndice de Desenvolvimento Humano Municipal (IDHM)<\/strong> de Ribeir\u00e3o Preto \u00e9 0,800, considerado elevado pelo <strong>Programa das Na\u00e7\u00f5es Unidas para o Desenvolvimento (PNUD)<\/strong>. No ranking Atlas Brasil, a cidade ocupa a 40\u00aa posi\u00e7\u00e3o nacional, com destaque para o componente de renda (32\u00aa). A taxa de escolariza\u00e7\u00e3o entre 6 e 14 anos \u00e9 de 97,56%, segundo o IBGE.<\/p>\n\n\n\n<p>No <strong>Ranking Connected Smart Cities 2025<\/strong>, Ribeir\u00e3o saltou da 40\u00aa para a 26\u00aa posi\u00e7\u00e3o entre os munic\u00edpios brasileiros, recebendo selos de reconhecimento em ecossistemas de inova\u00e7\u00e3o e cidades inteligentes, conforme o <a href=\"https:\/\/portal.connectedsmartcities.com.br\/2024\/09\/03\/sao-caetano-do-sul-conquista-o-7o-lugar-no-ranking-connected-smart-cities-2024\/\" target=\"_blank\" rel=\"noreferrer noopener\"><strong>Connected Smart Cities<\/strong><\/a>. A cidade tamb\u00e9m sedia a <strong>Agrishow<\/strong>, maior feira de tecnologia agr\u00edcola da Am\u00e9rica Latina, que movimentou R$ 13,6 bilh\u00f5es em inten\u00e7\u00f5es de neg\u00f3cios em 2024. O <strong>Theatro Pedro II<\/strong>, inaugurado em 1930 no auge da crise do caf\u00e9, \u00e9 o terceiro maior teatro de \u00f3pera do pa\u00eds, com mais de 1.500 lugares.<\/p>\n\n\n\n<p>Quem tem curiosidade sobre a vida no interior, vai curtir esse v\u00eddeo especialmente selecionado do canal <strong>MAIS 50<\/strong>, que conta com mais de <strong>29 mil<\/strong> visualiza\u00e7\u00f5es, onde <strong>Dimas Moura<\/strong> mostra os pontos positivos e negativos de morar em <strong>Ribeir\u00e3o Preto<\/strong>, no <strong>Interior de S\u00e3o Paulo<\/strong>:<\/p>\n\n\n\n<figure class=\"wp-block-embed is-type-video is-provider-youtube wp-block-embed-youtube wp-embed-aspect-16-9 wp-has-aspect-ratio\"><div class=\"wp-block-embed__wrapper\">\n<div class=\"jeg_video_container jeg_video_content\"><iframe loading=\"lazy\" title=\"MORAR EM RIBEIR\u00c3O PRETO NO INTERIOR DE S\u00c3O PAULO\" width=\"500\" height=\"281\" src=\"https:\/\/www.youtube.com\/embed\/geXHj5U25Lo?start=24&#038;feature=oembed\" frameborder=\"0\" allow=\"accelerometer; autoplay; clipboard-write; encrypted-media; gyroscope; picture-in-picture; web-share\" referrerpolicy=\"strict-origin-when-cross-origin\" allowfullscreen><\/iframe><\/div>\n<\/div><\/figure>\n\n\n\n<h2 class=\"wp-block-heading\">Quando o calor da Calif\u00f3rnia Brasileira d\u00e1 uma tr\u00e9gua<\/h2>\n\n\n\n<p>O clima tropical de Ribeir\u00e3o Preto explica metade do apelido. Os ver\u00f5es ultrapassam 35\u00b0C com frequ\u00eancia e os invernos s\u00e3o secos e amenos. A cidade j\u00e1 registrou m\u00e1xima de 40,4\u00b0C em outubro de 2020.<\/p>\n\n\n\n<style>\n    .card-interativo {\n        transition: transform 0.15s ease-in-out, box-shadow 0.15s ease-in-out;\n        cursor: pointer;\n    }\n    .card-interativo:hover {\n        transform: translateY(-4px);\n    }\n    .card-interativo:active {\n        transform: scale(0.96);\n    }\n<\/style>\n<div class=\"google-auto-ads-ignore\" style=\"box-sizing: border-box; display: flex; flex-direction: column; width: 100%; max-width: 900px; margin: 30px auto; font-family: 'Segoe UI', Roboto, Helvetica, Arial, sans-serif; clear: both;\">\n    <div style=\"display: flex; flex-wrap: wrap; gap: 15px;\">\n        \n        <div class=\"card-interativo\" style=\"flex: 1 1 calc(25% - 15px); min-width: 200px; border: 1px solid #f0e6d3; border-top: 4px solid #bc8f27; border-radius: 8px; padding: 20px; background: #fff; box-sizing: border-box; box-shadow: 0 4px 10px rgba(188, 143, 39, 0.05); display: flex; flex-direction: column;\">\n            <div style=\"display: flex; align-items: center; justify-content: center; gap: 8px; margin-bottom: 20px;\">\n                <span style=\"font-size: 22px; line-height: 1;\">\u2600\ufe0f<\/span>\n                <strong style=\"color: #bc8f27; font-size: 16px; text-transform: uppercase;\">Ver\u00e3o<\/strong>\n            <\/div>\n            <div style=\"margin-bottom: auto;\">\n                <div style=\"text-align: center; font-size: 11px; font-weight: 800; color: #8a691c; text-transform: uppercase; margin-bottom: 5px;\">Dezembro &#8211; Fevereiro<\/div>\n                <div style=\"text-align: center; font-size: 26px; font-weight: 900; color: #bc8f27; margin-bottom: 10px;\">20\u00b0C a 35\u00b0C<\/div>\n                <div style=\"text-align: center; font-size: 13px; color: #555; line-height: 1.5; margin-bottom: 15px;\">A &#8220;Calif\u00f3rnia Brasileira&#8221; faz jus ao apelido com temperaturas alt\u00edssimas e chuva! A regra \u00e9 clara: <strong>parques apenas pela manh\u00e3 e a Rota das Cervejarias \u00e0 noite<\/strong>. <em>Evite bater perna ao ar livre nas tardes abafadas.<\/em><\/div>\n            <\/div>\n            <div style=\"text-align: center;\">\n                <span style=\"display: inline-block; background: #fbf8f0; color: #bc8f27; font-size: 10px; font-weight: 800; padding: 6px 12px; border-radius: 20px; text-transform: uppercase; border: 1px solid #f0e6d3; line-height: 1.4;\">\ud83d\udca7 Chuva Alta<\/span>\n            <\/div>\n        <\/div>\n\n        <div class=\"card-interativo\" style=\"flex: 1 1 calc(25% - 15px); min-width: 200px; border: 1px solid #f0e6d3; border-top: 4px solid #bc8f27; border-radius: 8px; padding: 20px; background: #fff; box-sizing: border-box; box-shadow: 0 4px 10px rgba(188, 143, 39, 0.05); display: flex; flex-direction: column;\">\n            <div style=\"display: flex; align-items: center; justify-content: center; gap: 8px; margin-bottom: 20px;\">\n                <span style=\"font-size: 22px; line-height: 1;\">\ud83c\udf42<\/span>\n                <strong style=\"color: #bc8f27; font-size: 16px; text-transform: uppercase;\">Outono<\/strong>\n            <\/div>\n            <div style=\"margin-bottom: auto;\">\n                <div style=\"text-align: center; font-size: 11px; font-weight: 800; color: #8a691c; text-transform: uppercase; margin-bottom: 5px;\">Mar\u00e7o &#8211; Maio<\/div>\n                <div style=\"text-align: center; font-size: 26px; font-weight: 900; color: #bc8f27; margin-bottom: 10px;\">17\u00b0C a 30\u00b0C<\/div>\n                <div style=\"text-align: center; font-size: 13px; color: #555; line-height: 1.5; margin-bottom: 15px;\">As chuvas recuam e o clima fica mais toler\u00e1vel, inaugurando uma excelente \u00e9poca para <strong>passeios ao ar livre<\/strong>. \u00c9 a fase em que a cidade ferve de visitantes para a gigantesca feira <strong>Agrishow<\/strong> (abril).<\/div>\n            <\/div>\n            <div style=\"text-align: center;\">\n                <span style=\"display: inline-block; background: #fbf8f0; color: #bc8f27; font-size: 10px; font-weight: 800; padding: 6px 12px; border-radius: 20px; text-transform: uppercase; border: 1px solid #f0e6d3; line-height: 1.4;\">\ud83d\ude9c Agrishow (Abril)<\/span>\n            <\/div>\n        <\/div>\n\n        <div class=\"card-interativo\" style=\"flex: 1 1 calc(25% - 15px); min-width: 200px; border: 2px solid #bc8f27; border-radius: 8px; padding: 20px; background: #fbf8f0; box-sizing: border-box; box-shadow: 0 4px 10px rgba(188, 143, 39, 0.1); display: flex; flex-direction: column;\">\n            <div style=\"display: flex; align-items: center; justify-content: center; gap: 8px; margin-bottom: 20px;\">\n                <span style=\"font-size: 22px; line-height: 1;\">\u2744\ufe0f<\/span>\n                <strong style=\"color: #bc8f27; font-size: 16px; text-transform: uppercase;\">Inverno<\/strong>\n            <\/div>\n            <div style=\"margin-bottom: auto;\">\n                <div style=\"text-align: center; font-size: 11px; font-weight: 800; color: #8a691c; text-transform: uppercase; margin-bottom: 5px;\">Junho &#8211; Agosto<\/div>\n                <div style=\"text-align: center; font-size: 26px; font-weight: 900; color: #bc8f27; margin-bottom: 10px;\">12\u00b0C a 27\u00b0C<\/div>\n                <div style=\"text-align: center; font-size: 13px; color: #555; line-height: 1.5; margin-bottom: 15px;\">A grande e aguardada tr\u00e9gua t\u00e9rmica! O clima ameno e bem seco domina a regi\u00e3o. \u00c9 a janela mais confort\u00e1vel para explorar a rica <strong>vida cultural e arquitet\u00f4nica do Quarteir\u00e3o Paulista<\/strong>.<\/div>\n            <\/div>\n            <div style=\"text-align: center;\">\n                <span style=\"display: inline-block; background: #bc8f27; color: #fff; font-size: 10px; font-weight: 800; padding: 6px 12px; border-radius: 20px; text-transform: uppercase; line-height: 1.4;\">\ud83c\udf92 Melhor \u00c9poca<\/span>\n            <\/div>\n        <\/div>\n\n        <div class=\"card-interativo\" style=\"flex: 1 1 calc(25% - 15px); min-width: 200px; border: 1px solid #f0e6d3; border-top: 4px solid #bc8f27; border-radius: 8px; padding: 20px; background: #fff; box-sizing: border-box; box-shadow: 0 4px 10px rgba(188, 143, 39, 0.05); display: flex; flex-direction: column;\">\n            <div style=\"display: flex; align-items: center; justify-content: center; gap: 8px; margin-bottom: 20px;\">\n                <span style=\"font-size: 22px; line-height: 1;\">\ud83c\udf38<\/span>\n                <strong style=\"color: #bc8f27; font-size: 16px; text-transform: uppercase;\">Primavera<\/strong>\n            <\/div>\n            <div style=\"margin-bottom: auto;\">\n                <div style=\"text-align: center; font-size: 11px; font-weight: 800; color: #8a691c; text-transform: uppercase; margin-bottom: 5px;\">Setembro &#8211; Novembro<\/div>\n                <div style=\"text-align: center; font-size: 26px; font-weight: 900; color: #bc8f27; margin-bottom: 10px;\">18\u00b0C a 33\u00b0C<\/div>\n                <div style=\"text-align: center; font-size: 13px; color: #555; line-height: 1.5; margin-bottom: 15px;\">Aten\u00e7\u00e3o: o calor extremo pode voltar com picos acima de 40\u00b0C! Contudo, \u00e9 uma \u00e9poca m\u00e1gica que sedia a famosa <strong>Feira Nacional do Livro e o belo Festival Tanabata<\/strong> (cultura japonesa).<\/div>\n            <\/div>\n            <div style=\"text-align: center;\">\n                <span style=\"display: inline-block; background: #fbf8f0; color: #bc8f27; font-size: 10px; font-weight: 800; padding: 6px 12px; border-radius: 20px; text-transform: uppercase; border: 1px solid #f0e6d3; line-height: 1.4;\">\ud83c\udfee Grandes Festivais<\/span>\n            <\/div>\n        <\/div>\n        \n    <\/div>\n<\/div>\n\n\n\n<p><em>Temperaturas aproximadas com base no <a href=\"https:\/\/www.climatempo.com.br\/climatologia\/530\/ribeiraopreto-sp\" target=\"_blank\" rel=\"noreferrer noopener\"><strong>Climatempo<\/strong><\/a>. Condi\u00e7\u00f5es podem variar.<\/em><\/p>\n\n\n\n<h2 class=\"wp-block-heading\">Uma Calif\u00f3rnia que se reinventa a cada ciclo<\/h2>\n\n\n\n<p>Ribeir\u00e3o Preto trocou o caf\u00e9 pela cana, a cana pela cerveja artesanal, a ind\u00fastria pelos rankings de inova\u00e7\u00e3o. Em quase 170 anos de hist\u00f3ria, a <a href=\"https:\/\/www.em.com.br\/emfoco\/2026\/02\/18\/a-cidade-do-interior-mantem-uma-alta-qualidade-de-vida-e-um-dos-principais-setores-industriais-do-brasil\/\" target=\"_blank\" rel=\"noreferrer noopener\">cidade do interior<\/a> paulista provou que sabe mudar de rumo sem perder identidade. O calor continua forte, o chope continua gelado e os apelidos continuam se acumulando.<\/p>\n\n\n\n<p>Se voc\u00ea quer entender por que uma cidade a 315 km da capital paulista coleciona tantos t\u00edtulos, Ribeir\u00e3o Preto merece mais que uma pesquisa no Google, merece uma visita com tempo para explorar cada ciclo dessa hist\u00f3ria.<\/p>\n","protected":false},"excerpt":{"rendered":"<p>No in\u00edcio do s\u00e9culo XX, a elite do caf\u00e9 imitava costumes franceses e chamava a cidade de Petit Paris. D\u00e9cadas depois, um jornalista do Jornal do Brasil rebatizou Ribeir\u00e3o Preto de Calif\u00f3rnia Brasileira. Entre um apelido e outro, a cidade no nordeste de S\u00e3o Paulo acumulou t\u00edtulos que v\u00e3o de Capital do Chope a Capital [&hellip;]<\/p>\n","protected":false},"author":6,"featured_media":181393,"comment_status":"open","ping_status":"open","sticky":false,"template":"","format":"standard","meta":{"jnews-multi-image_gallery":[],"jnews_single_post":{"format":"standard"},"jnews_primary_category":[],"jnews_social_meta":[],"jnews_override_counter":[],"footnotes":""},"categories":[26],"tags":[26175,183,3076,553],"class_list":["post-181188","post","type-post","status-publish","format-standard","has-post-thumbnail","hentry","category-cidades","tag-california-brasileira","tag-cidades","tag-ribeirao-preto","tag-sao-paulo"],"yoast_head":"<!-- This site is optimized with the Yoast SEO plugin v23.8 - https:\/\/yoast.com\/wordpress\/plugins\/seo\/ -->\n<title>Calif\u00f3rnia Brasileira: a cidade do interior que supera capitais em qualidade de vida - Estado de Minas - Em foco<\/title>\n<meta name=\"description\" content=\"Conhecida como Calif\u00f3rnia Brasileira, a cidade do interior que supera capitais e chama aten\u00e7\u00e3o pela alta qualidade de vida.\" \/>\n<meta name=\"robots\" content=\"index, follow, max-snippet:-1, max-image-preview:large, max-video-preview:-1\" \/>\n<link rel=\"canonical\" href=\"https:\/\/www.em.com.br\/emfoco\/2026\/03\/13\/california-brasileira-a-cidade-do-interior-que-supera-capitais-em-qualidade-de-vida\/\" \/>\n<meta property=\"og:locale\" content=\"pt_BR\" \/>\n<meta property=\"og:type\" content=\"article\" \/>\n<meta property=\"og:title\" content=\"Calif\u00f3rnia Brasileira: a cidade do interior que supera capitais em qualidade de vida - Estado de Minas - Em foco\" \/>\n<meta property=\"og:description\" content=\"Conhecida como Calif\u00f3rnia Brasileira, a cidade do interior que supera capitais e chama aten\u00e7\u00e3o pela alta qualidade de vida.\" \/>\n<meta property=\"og:url\" content=\"https:\/\/www.em.com.br\/emfoco\/2026\/03\/13\/california-brasileira-a-cidade-do-interior-que-supera-capitais-em-qualidade-de-vida\/\" \/>\n<meta property=\"og:site_name\" content=\"Estado de Minas - Em foco\" \/>\n<meta property=\"article:published_time\" content=\"2026-03-13T21:05:00+00:00\" \/>\n<meta property=\"article:modified_time\" content=\"2026-03-13T21:05:18+00:00\" \/>\n<meta property=\"og:image\" content=\"https:\/\/www.em.com.br\/emfoco\/wp-content\/uploads\/2026\/03\/ngz-freepik__a-cinematic-wide-shot-of-a-prestigious-avenue-in-r__63813-27675.jpg\" \/>\n\t<meta property=\"og:image:width\" content=\"1280\" \/>\n\t<meta property=\"og:image:height\" content=\"720\" \/>\n\t<meta property=\"og:image:type\" content=\"image\/jpeg\" \/>\n<meta name=\"author\" content=\"Vitor Bruno\" \/>\n<meta name=\"twitter:card\" content=\"summary_large_image\" \/>\n<meta name=\"twitter:label1\" content=\"Escrito por\" \/>\n\t<meta name=\"twitter:data1\" content=\"Vitor Bruno\" \/>\n\t<meta name=\"twitter:label2\" content=\"Est. tempo de leitura\" \/>\n\t<meta name=\"twitter:data2\" content=\"7 minutos\" \/>\n<!-- \/ Yoast SEO plugin. -->","yoast_head_json":{"title":"Calif\u00f3rnia Brasileira: a cidade do interior que supera capitais em qualidade de vida - Estado de Minas - Em foco","description":"Conhecida como Calif\u00f3rnia Brasileira, a cidade do interior que supera capitais e chama aten\u00e7\u00e3o pela alta qualidade de vida.","robots":{"index":"index","follow":"follow","max-snippet":"max-snippet:-1","max-image-preview":"max-image-preview:large","max-video-preview":"max-video-preview:-1"},"canonical":"https:\/\/www.em.com.br\/emfoco\/2026\/03\/13\/california-brasileira-a-cidade-do-interior-que-supera-capitais-em-qualidade-de-vida\/","og_locale":"pt_BR","og_type":"article","og_title":"Calif\u00f3rnia Brasileira: a cidade do interior que supera capitais em qualidade de vida - Estado de Minas - Em foco","og_description":"Conhecida como Calif\u00f3rnia Brasileira, a cidade do interior que supera capitais e chama aten\u00e7\u00e3o pela alta qualidade de vida.","og_url":"https:\/\/www.em.com.br\/emfoco\/2026\/03\/13\/california-brasileira-a-cidade-do-interior-que-supera-capitais-em-qualidade-de-vida\/","og_site_name":"Estado de Minas - Em foco","article_published_time":"2026-03-13T21:05:00+00:00","article_modified_time":"2026-03-13T21:05:18+00:00","og_image":[{"width":1280,"height":720,"url":"https:\/\/www.em.com.br\/emfoco\/wp-content\/uploads\/2026\/03\/ngz-freepik__a-cinematic-wide-shot-of-a-prestigious-avenue-in-r__63813-27675.jpg","type":"image\/jpeg"}],"author":"Vitor Bruno","twitter_card":"summary_large_image","twitter_misc":{"Escrito por":"Vitor Bruno","Est. tempo de leitura":"7 minutos"},"schema":{"@context":"https:\/\/schema.org","@graph":[{"@type":"WebPage","@id":"https:\/\/www.em.com.br\/emfoco\/2026\/03\/13\/california-brasileira-a-cidade-do-interior-que-supera-capitais-em-qualidade-de-vida\/","url":"https:\/\/www.em.com.br\/emfoco\/2026\/03\/13\/california-brasileira-a-cidade-do-interior-que-supera-capitais-em-qualidade-de-vida\/","name":"Calif\u00f3rnia Brasileira: a cidade do interior que supera capitais em qualidade de vida - Estado de Minas - Em foco","isPartOf":{"@id":"https:\/\/www.em.com.br\/emfoco\/#website"},"primaryImageOfPage":{"@id":"https:\/\/www.em.com.br\/emfoco\/2026\/03\/13\/california-brasileira-a-cidade-do-interior-que-supera-capitais-em-qualidade-de-vida\/#primaryimage"},"image":{"@id":"https:\/\/www.em.com.br\/emfoco\/2026\/03\/13\/california-brasileira-a-cidade-do-interior-que-supera-capitais-em-qualidade-de-vida\/#primaryimage"},"thumbnailUrl":"https:\/\/www.em.com.br\/emfoco\/wp-content\/uploads\/2026\/03\/ngz-freepik__a-cinematic-wide-shot-of-a-prestigious-avenue-in-r__63813-27675.jpg","datePublished":"2026-03-13T21:05:00+00:00","dateModified":"2026-03-13T21:05:18+00:00","author":{"@id":"https:\/\/www.em.com.br\/emfoco\/#\/schema\/person\/364ac1852fafd00f1be20f0b8b237569"},"description":"Conhecida como Calif\u00f3rnia Brasileira, a cidade do interior que supera capitais e chama aten\u00e7\u00e3o pela alta qualidade de vida.","breadcrumb":{"@id":"https:\/\/www.em.com.br\/emfoco\/2026\/03\/13\/california-brasileira-a-cidade-do-interior-que-supera-capitais-em-qualidade-de-vida\/#breadcrumb"},"inLanguage":"pt-BR","potentialAction":[{"@type":"ReadAction","target":["https:\/\/www.em.com.br\/emfoco\/2026\/03\/13\/california-brasileira-a-cidade-do-interior-que-supera-capitais-em-qualidade-de-vida\/"]}]},{"@type":"ImageObject","inLanguage":"pt-BR","@id":"https:\/\/www.em.com.br\/emfoco\/2026\/03\/13\/california-brasileira-a-cidade-do-interior-que-supera-capitais-em-qualidade-de-vida\/#primaryimage","url":"https:\/\/www.em.com.br\/emfoco\/wp-content\/uploads\/2026\/03\/ngz-freepik__a-cinematic-wide-shot-of-a-prestigious-avenue-in-r__63813-27675.jpg","contentUrl":"https:\/\/www.em.com.br\/emfoco\/wp-content\/uploads\/2026\/03\/ngz-freepik__a-cinematic-wide-shot-of-a-prestigious-avenue-in-r__63813-27675.jpg","width":1280,"height":720,"caption":"De Petit Paris \u00e0 Calif\u00f3rnia Brasileira: os apelidos e recordes que explicam Ribeir\u00e3o Preto (imagem ilustrativa)"},{"@type":"BreadcrumbList","@id":"https:\/\/www.em.com.br\/emfoco\/2026\/03\/13\/california-brasileira-a-cidade-do-interior-que-supera-capitais-em-qualidade-de-vida\/#breadcrumb","itemListElement":[{"@type":"ListItem","position":1,"name":"In\u00edcio","item":"https:\/\/www.em.com.br\/emfoco\/"},{"@type":"ListItem","position":2,"name":"Calif\u00f3rnia Brasileira: a cidade do interior que supera capitais em qualidade de vida"}]},{"@type":"WebSite","@id":"https:\/\/www.em.com.br\/emfoco\/#website","url":"https:\/\/www.em.com.br\/emfoco\/","name":"Estado de Minas - Em foco","description":"Acompanhe as \u00faltimas not\u00edcias e fique bem informado sobre tudo o que acontece em Minas Gerais, Brasil e no mundo.","potentialAction":[{"@type":"SearchAction","target":{"@type":"EntryPoint","urlTemplate":"https:\/\/www.em.com.br\/emfoco\/?s={search_term_string}"},"query-input":{"@type":"PropertyValueSpecification","valueRequired":true,"valueName":"search_term_string"}}],"inLanguage":"pt-BR"},{"@type":"Person","@id":"https:\/\/www.em.com.br\/emfoco\/#\/schema\/person\/364ac1852fafd00f1be20f0b8b237569","name":"Vitor Bruno","image":{"@type":"ImageObject","inLanguage":"pt-BR","@id":"https:\/\/www.em.com.br\/emfoco\/#\/schema\/person\/image\/","url":"https:\/\/secure.gravatar.com\/avatar\/b719e5cdede09f942064960883b5524d?s=96&d=mm&r=g","contentUrl":"https:\/\/secure.gravatar.com\/avatar\/b719e5cdede09f942064960883b5524d?s=96&d=mm&r=g","caption":"Vitor Bruno"},"sameAs":["https:\/\/www.em.com.br\/emfoco\/"],"url":"https:\/\/www.em.com.br\/emfoco\/author\/vitormyth\/"}]}},"_links":{"self":[{"href":"https:\/\/www.em.com.br\/emfoco\/wp-json\/wp\/v2\/posts\/181188","targetHints":{"allow":["GET"]}}],"collection":[{"href":"https:\/\/www.em.com.br\/emfoco\/wp-json\/wp\/v2\/posts"}],"about":[{"href":"https:\/\/www.em.com.br\/emfoco\/wp-json\/wp\/v2\/types\/post"}],"author":[{"embeddable":true,"href":"https:\/\/www.em.com.br\/emfoco\/wp-json\/wp\/v2\/users\/6"}],"replies":[{"embeddable":true,"href":"https:\/\/www.em.com.br\/emfoco\/wp-json\/wp\/v2\/comments?post=181188"}],"version-history":[{"count":3,"href":"https:\/\/www.em.com.br\/emfoco\/wp-json\/wp\/v2\/posts\/181188\/revisions"}],"predecessor-version":[{"id":181397,"href":"https:\/\/www.em.com.br\/emfoco\/wp-json\/wp\/v2\/posts\/181188\/revisions\/181397"}],"wp:featuredmedia":[{"embeddable":true,"href":"https:\/\/www.em.com.br\/emfoco\/wp-json\/wp\/v2\/media\/181393"}],"wp:attachment":[{"href":"https:\/\/www.em.com.br\/emfoco\/wp-json\/wp\/v2\/media?parent=181188"}],"wp:term":[{"taxonomy":"category","embeddable":true,"href":"https:\/\/www.em.com.br\/emfoco\/wp-json\/wp\/v2\/categories?post=181188"},{"taxonomy":"post_tag","embeddable":true,"href":"https:\/\/www.em.com.br\/emfoco\/wp-json\/wp\/v2\/tags?post=181188"}],"curies":[{"name":"wp","href":"https:\/\/api.w.org\/{rel}","templated":true}]}}