{"id":181186,"date":"2026-03-13T10:35:00","date_gmt":"2026-03-13T13:35:00","guid":{"rendered":"https:\/\/www.em.com.br\/emfoco\/?p=181186"},"modified":"2026-03-13T10:57:43","modified_gmt":"2026-03-13T13:57:43","slug":"projetada-por-quem-nunca-a-visitou-essa-cidade-lidera-os-rankings-de-qualidade-de-vida-no-brasil","status":"publish","type":"post","link":"https:\/\/www.em.com.br\/emfoco\/2026\/03\/13\/projetada-por-quem-nunca-a-visitou-essa-cidade-lidera-os-rankings-de-qualidade-de-vida-no-brasil\/","title":{"rendered":"Projetada por quem nunca a visitou: essa cidade lidera os rankings de qualidade de vida no Brasil"},"content":{"rendered":"\n<p>As copas das \u00e1rvores se tocam sobre as avenidas e criam corredores de sombra no meio do asfalto. <strong>Maring\u00e1<\/strong>, no noroeste do <strong>Paran\u00e1<\/strong>, nasceu na prancheta de um urbanista que jamais pisou em seu solo, e o resultado ainda surpreende quase oito d\u00e9cadas depois.<\/p>\n\n\n\n<h2 class=\"wp-block-heading\">A cidade desenhada por fotos a\u00e9reas e batizada por uma can\u00e7\u00e3o<\/h2>\n\n\n\n<p>O engenheiro <strong>Jorge de Macedo Vieira<\/strong> foi contratado pela <strong>Companhia de Terras Norte do Paran\u00e1<\/strong> em 1943 para projetar a nova cidade. Entregou o anteprojeto em 1945 sem ter visitado o terreno. Trabalhou a partir de fotografias a\u00e9reas e mapas topogr\u00e1ficos enviados pelos diretores da companhia. O tra\u00e7ado segue o conceito de cidade-jardim do brit\u00e2nico <strong>Ebenezer Howard<\/strong>: avenidas largas, canteiros centrais arborizados e tr\u00eas reservas de mata nativa dentro do per\u00edmetro urbano.<\/p>\n\n\n\n<p>O nome tem origem ainda mais improv\u00e1vel. Em 1931, o compositor mineiro <strong>Joubert de Carvalho<\/strong> criou a can\u00e7\u00e3o <em>Maring\u00e1<\/em>, unindo o nome Maria ao da cidade paraibana de Ing\u00e1. A m\u00fasica estourou nas r\u00e1dios. Quando os funcion\u00e1rios da colonizadora batizaram o ribeir\u00e3o local, escolheram o nome da can\u00e7\u00e3o. O ribeir\u00e3o deu nome \u00e0 cidade, fundada em <strong>10 de maio de 1947<\/strong>. O apelido <strong>Cidade Can\u00e7\u00e3o<\/strong> foi oficializado por lei municipal em 2002.<\/p>\n\n\n<div class=\"wp-block-image\">\n<figure class=\"aligncenter size-large\"><img loading=\"lazy\" decoding=\"async\" width=\"1024\" height=\"576\" src=\"https:\/\/www.em.com.br\/emfoco\/wp-content\/uploads\/2025\/12\/Maringa-1024x576.jpg\" alt=\"\" class=\"wp-image-144642\" srcset=\"https:\/\/www.em.com.br\/emfoco\/wp-content\/uploads\/2025\/12\/Maringa-1024x576.jpg 1024w, https:\/\/www.em.com.br\/emfoco\/wp-content\/uploads\/2025\/12\/Maringa-300x169.jpg 300w, https:\/\/www.em.com.br\/emfoco\/wp-content\/uploads\/2025\/12\/Maringa-768x432.jpg 768w, https:\/\/www.em.com.br\/emfoco\/wp-content\/uploads\/2025\/12\/Maringa-750x422.jpg 750w, https:\/\/www.em.com.br\/emfoco\/wp-content\/uploads\/2025\/12\/Maringa-1140x641.jpg 1140w, https:\/\/www.em.com.br\/emfoco\/wp-content\/uploads\/2025\/12\/Maringa.jpg 1280w\" sizes=\"auto, (max-width: 1024px) 100vw, 1024px\" \/><figcaption class=\"wp-element-caption\">Maring\u00e1, uma das cidades mais verdes e planejadas do pa\u00eds \/\/ Cr\u00e9ditos: Wikimedia Commons<\/figcaption><\/figure><\/div>\n\n\n<h2 class=\"wp-block-heading\">Por que Maring\u00e1 lidera tantos rankings nacionais?<\/h2>\n\n\n\n<p>A resposta est\u00e1 nos n\u00fameros. No ranking <strong>\u00cdndice de Desafios da Gest\u00e3o Municipal (IDGM)<\/strong>, da consultoria <strong>Macroplan<\/strong>, a Cidade Can\u00e7\u00e3o ficou em primeiro lugar entre as 100 maiores cidades brasileiras em 2024, com \u00edndice de 0,765. Foi a quarta vez no topo, ap\u00f3s liderar tamb\u00e9m em 2017, 2018 e 2020, segundo o <a href=\"https:\/\/www.parana.pr.gov.br\/aen\/Noticia\/Maringa-e-eleita-melhor-cidade-para-se-viver-no-Pais-e-Curitiba-e-Cascavel-estao-no-top\" target=\"_blank\" rel=\"noreferrer noopener\"><strong>Governo do Estado do Paran\u00e1<\/strong><\/a>. O destaque \u00e9 o saneamento, com nota de 0,978.<\/p>\n\n\n\n<p>No <strong>Ranking do Saneamento 2024<\/strong> do <a href=\"https:\/\/tratabrasil.org.br\/ranking-do-saneamento-2024\/\" target=\"_blank\" rel=\"noreferrer noopener\"><strong>Instituto Trata Brasil<\/strong><\/a>, Maring\u00e1 alcan\u00e7ou pontua\u00e7\u00e3o m\u00e1xima em todos os indicadores: 99,9% de atendimento de \u00e1gua e esgoto e 100% do esgoto coletado sendo tratado. O <strong>\u00cdndice de Desenvolvimento Humano (IDH)<\/strong> municipal \u00e9 de 0,808, um dos mais altos do interior brasileiro segundo o <a href=\"https:\/\/www.ibge.gov.br\/cidades-e-estados\/pr\/maringa.html\" target=\"_blank\" rel=\"noreferrer noopener\"><strong>Instituto Brasileiro de Geografia e Estat\u00edstica (IBGE)<\/strong><\/a>, e a taxa de escolariza\u00e7\u00e3o entre 6 e 14 anos chega a 98,4%.<\/p>\n\n\n\n<p>Quem planeja morar em <strong>Maring\u00e1<\/strong>, vai curtir esse v\u00eddeo especialmente selecionado do canal <strong>Mundo Marques<\/strong>, que conta com mais de <strong>55 mil<\/strong> visualiza\u00e7\u00f5es, onde um casal compartilha os pontos positivos e negativos de viver na <strong>Cidade Can\u00e7\u00e3o<\/strong>:<\/p>\n\n\n\n<figure class=\"wp-block-embed is-type-video is-provider-youtube wp-block-embed-youtube wp-embed-aspect-16-9 wp-has-aspect-ratio\"><div class=\"wp-block-embed__wrapper\">\n<div class=\"jeg_video_container jeg_video_content\"><iframe loading=\"lazy\" title=\"Morar em Maring\u00e1 - PR? Assista esse v\u00eddeo antes...\" width=\"500\" height=\"281\" src=\"https:\/\/www.youtube.com\/embed\/2T6XN08iuAw?feature=oembed\" frameborder=\"0\" allow=\"accelerometer; autoplay; clipboard-write; encrypted-media; gyroscope; picture-in-picture; web-share\" referrerpolicy=\"strict-origin-when-cross-origin\" allowfullscreen><\/iframe><\/div>\n<\/div><\/figure>\n\n\n\n<h2 class=\"wp-block-heading\">150 mil \u00e1rvores e um t\u00edtulo da ONU<\/h2>\n\n\n\n<p>Em 2022, a <strong>Organiza\u00e7\u00e3o das Na\u00e7\u00f5es Unidas para Agricultura e Alimenta\u00e7\u00e3o (FAO-ONU)<\/strong> e a <strong>Funda\u00e7\u00e3o Arbor Day<\/strong> reconheceram Maring\u00e1 como Cidade \u00c1rvore do Mundo. O t\u00edtulo foi renovado no ano seguinte, colocando o munic\u00edpio ao lado de metr\u00f3poles como Paris, Nova York, Madri e Toronto. Com cerca de 150 mil \u00e1rvores catalogadas na \u00e1rea urbana, 14 parques e mais de 90 pra\u00e7as, a cidade mant\u00e9m aproximadamente 26 m\u00b2 de \u00e1rea verde por habitante.<\/p>\n\n\n\n<p>O planejamento original de Vieira reservou \u00e1reas de mata dentro do per\u00edmetro urbano, e esse legado define o cotidiano. A <a href=\"https:\/\/www.turismo.pr.gov.br\/Pagina\/Maringa\" target=\"_blank\" rel=\"noreferrer noopener\"><strong>Secretaria do Turismo do Paran\u00e1<\/strong><\/a> inclui Maring\u00e1 no territ\u00f3rio Encantos dos Ip\u00eas. Entre abril e setembro, a florada dos ip\u00eas transforma as avenidas em corredores amarelos, roxos e brancos.<\/p>\n\n\n\n<h2 class=\"wp-block-heading\">O que visitar na Cidade Can\u00e7\u00e3o?<\/h2>\n\n\n\n<p>Maring\u00e1 re\u00fane parques urbanos, arquitetura marcante e espa\u00e7os culturais em dist\u00e2ncias curtas. Boa parte das atra\u00e7\u00f5es fica a menos de 15 minutos do centro, conforme o portal de <a href=\"http:\/\/www3.maringa.pr.gov.br\/turismo\/\" target=\"_blank\" rel=\"noreferrer noopener\"><strong>Turismo da Prefeitura de Maring\u00e1<\/strong><\/a>:<\/p>\n\n\n\n<ul class=\"wp-block-list has-medium-font-size\">\n<li><strong>Catedral Bas\u00edlica Menor Nossa Senhora da Gl\u00f3ria<\/strong>: cone de concreto com 124 m de altura (114 m de estrutura + 10 m de cruz), a catedral mais alta da Am\u00e9rica Latina. Inspirada nos sat\u00e9lites Sputnik, foi projetada pelo arquiteto <strong>Jos\u00e9 Augusto Bellucci<\/strong> e inaugurada em 1972. A pedra fundamental \u00e9 um fragmento de m\u00e1rmore retirado das escava\u00e7\u00f5es da Bas\u00edlica de S\u00e3o Pedro, no Vaticano.<\/li>\n\n\n\n<li><strong>Parque do Ing\u00e1<\/strong>: 47,3 hectares de mata nativa preservada no centro da cidade, com lago artificial, pedalinhos, jardim japon\u00eas inaugurado em 1978 na visita do pr\u00edncipe Akihito, pista de caminhada e uma Maria Fuma\u00e7a do s\u00e9culo XIX.<\/li>\n\n\n\n<li><strong>Parque do Jap\u00e3o<\/strong>: 100 mil m\u00b2 de \u00e1rea de preserva\u00e7\u00e3o com jardim imperial, lago de carpas, casa de ch\u00e1 e o Monumento IMIN 100, em homenagem ao centen\u00e1rio da imigra\u00e7\u00e3o japonesa. Nasceu de um acordo de irmandade com a cidade de <strong>Kakogawa<\/strong>, no Jap\u00e3o, firmado em 1973.<\/li>\n\n\n\n<li><strong>Mercad\u00e3o Municipal<\/strong>: ponto de encontro com produtores locais, restaurantes e gastronomia regional no dia a dia maringaense.<\/li>\n\n\n\n<li><strong>Bosque das Grev\u00edleas<\/strong>: reserva florestal menor e mais silenciosa, ideal para caminhadas curtas longe do movimento.<\/li>\n<\/ul>\n\n\n\n<p>Quem planeja visitar <strong>Maring\u00e1<\/strong>, vai curtir esse v\u00eddeo especialmente selecionado do canal <strong>Araujos por a\u00ed<\/strong>, que conta com mais de <strong>7 mil<\/strong> visualiza\u00e7\u00f5es, onde <strong>Thaago<\/strong> e <strong>Babi<\/strong> mostram os lugares mais incr\u00edveis para conhecer na <strong>Cidade Can\u00e7\u00e3o<\/strong>:<\/p>\n\n\n\n<figure class=\"wp-block-embed is-type-video is-provider-youtube wp-block-embed-youtube wp-embed-aspect-16-9 wp-has-aspect-ratio\"><div class=\"wp-block-embed__wrapper\">\n<div class=\"jeg_video_container jeg_video_content\"><iframe loading=\"lazy\" title=\"O que fazer em Maring\u00e1? Os lugares mais incr\u00edveis pra visitar!\" width=\"500\" height=\"281\" src=\"https:\/\/www.youtube.com\/embed\/sKxTSpqXvws?start=303&#038;feature=oembed\" frameborder=\"0\" allow=\"accelerometer; autoplay; clipboard-write; encrypted-media; gyroscope; picture-in-picture; web-share\" referrerpolicy=\"strict-origin-when-cross-origin\" allowfullscreen><\/iframe><\/div>\n<\/div><\/figure>\n\n\n\n<h2 class=\"wp-block-heading\">Quando ir e como \u00e9 o clima ao longo do ano?<\/h2>\n\n\n\n<p>A 555 m de altitude, Maring\u00e1 tem clima subtropical com ver\u00f5es quentes e invernos secos. A melhor \u00e9poca para passeios ao ar livre \u00e9 entre abril e setembro, quando a chuva diminui e os ip\u00eas florescem:<\/p>\n\n\n\n<style>\n    .card-interativo {\n        transition: transform 0.15s ease-in-out, box-shadow 0.15s ease-in-out;\n        cursor: pointer;\n    }\n    .card-interativo:hover {\n        transform: translateY(-4px);\n    }\n    .card-interativo:active {\n        transform: scale(0.96);\n    }\n<\/style>\n<div class=\"google-auto-ads-ignore\" style=\"box-sizing: border-box; display: flex; flex-direction: column; width: 100%; max-width: 900px; margin: 30px auto; font-family: 'Segoe UI', Roboto, Helvetica, Arial, sans-serif; clear: both;\">\n    <div style=\"display: flex; flex-wrap: wrap; gap: 15px;\">\n        \n        <div class=\"card-interativo\" style=\"flex: 1 1 calc(25% - 15px); min-width: 200px; border: 1px solid #e1e6ef; border-top: 4px solid #1a2a57; border-radius: 8px; padding: 20px; background: #fff; box-sizing: border-box; box-shadow: 0 4px 10px rgba(26, 42, 87, 0.05); display: flex; flex-direction: column;\">\n            <div style=\"display: flex; align-items: center; justify-content: center; gap: 8px; margin-bottom: 20px;\">\n                <span style=\"font-size: 22px; line-height: 1;\">\u2600\ufe0f<\/span>\n                <strong style=\"color: #1a2a57; font-size: 16px; text-transform: uppercase;\">Ver\u00e3o<\/strong>\n            <\/div>\n            <div style=\"margin-bottom: auto;\">\n                <div style=\"text-align: center; font-size: 11px; font-weight: 800; color: #111c3a; text-transform: uppercase; margin-bottom: 5px;\">Dezembro &#8211; Fevereiro<\/div>\n                <div style=\"text-align: center; font-size: 26px; font-weight: 900; color: #1a2a57; margin-bottom: 10px;\">20\u00b0C a 33\u00b0C<\/div>\n                <div style=\"text-align: center; font-size: 13px; color: #555; line-height: 1.5; margin-bottom: 15px;\">A cidade fica com temperaturas bem elevadas e pancadas de chuva \u00e0 tarde. Estrat\u00e9gia de ouro: aproveite os belos <strong>parques pela manh\u00e3 e deixe os shoppings para a tarde<\/strong>.<\/div>\n            <\/div>\n            <div style=\"text-align: center;\">\n                <span style=\"display: inline-block; background: #f0f4f8; color: #1a2a57; font-size: 10px; font-weight: 800; padding: 6px 12px; border-radius: 20px; text-transform: uppercase; border: 1px solid #e1e6ef; line-height: 1.4;\">\ud83d\udca7 Chuva Alta<\/span>\n            <\/div>\n        <\/div>\n\n        <div class=\"card-interativo\" style=\"flex: 1 1 calc(25% - 15px); min-width: 200px; border: 1px solid #e1e6ef; border-top: 4px solid #1a2a57; border-radius: 8px; padding: 20px; background: #fff; box-sizing: border-box; box-shadow: 0 4px 10px rgba(26, 42, 87, 0.05); display: flex; flex-direction: column;\">\n            <div style=\"display: flex; align-items: center; justify-content: center; gap: 8px; margin-bottom: 20px;\">\n                <span style=\"font-size: 22px; line-height: 1;\">\ud83c\udf42<\/span>\n                <strong style=\"color: #1a2a57; font-size: 16px; text-transform: uppercase;\">Outono<\/strong>\n            <\/div>\n            <div style=\"margin-bottom: auto;\">\n                <div style=\"text-align: center; font-size: 11px; font-weight: 800; color: #111c3a; text-transform: uppercase; margin-bottom: 5px;\">Mar\u00e7o &#8211; Maio<\/div>\n                <div style=\"text-align: center; font-size: 26px; font-weight: 900; color: #1a2a57; margin-bottom: 10px;\">16\u00b0C a 28\u00b0C<\/div>\n                <div style=\"text-align: center; font-size: 13px; color: #555; line-height: 1.5; margin-bottom: 15px;\">O calor\u00e3o paranaense cede e o clima fica ameno e super agrad\u00e1vel. Excelente janela para <strong>longas caminhadas na rua e admirar o in\u00edcio da bel\u00edssima florada dos ip\u00eas<\/strong>.<\/div>\n            <\/div>\n            <div style=\"text-align: center;\">\n                <span style=\"display: inline-block; background: #f0f4f8; color: #1a2a57; font-size: 10px; font-weight: 800; padding: 6px 12px; border-radius: 20px; text-transform: uppercase; border: 1px solid #e1e6ef; line-height: 1.4;\">\u2601\ufe0f Chuva M\u00e9dia<\/span>\n            <\/div>\n        <\/div>\n\n        <div class=\"card-interativo\" style=\"flex: 1 1 calc(25% - 15px); min-width: 200px; border: 2px solid #1a2a57; border-radius: 8px; padding: 20px; background: #f0f4f8; box-sizing: border-box; box-shadow: 0 4px 10px rgba(26, 42, 87, 0.1); display: flex; flex-direction: column;\">\n            <div style=\"display: flex; align-items: center; justify-content: center; gap: 8px; margin-bottom: 20px;\">\n                <span style=\"font-size: 22px; line-height: 1;\">\u2744\ufe0f<\/span>\n                <strong style=\"color: #1a2a57; font-size: 16px; text-transform: uppercase;\">Inverno<\/strong>\n            <\/div>\n            <div style=\"margin-bottom: auto;\">\n                <div style=\"text-align: center; font-size: 11px; font-weight: 800; color: #111c3a; text-transform: uppercase; margin-bottom: 5px;\">Junho &#8211; Agosto<\/div>\n                <div style=\"text-align: center; font-size: 26px; font-weight: 900; color: #1a2a57; margin-bottom: 10px;\">12\u00b0C a 24\u00b0C<\/div>\n                <div style=\"text-align: center; font-size: 13px; color: #555; line-height: 1.5; margin-bottom: 15px;\">Um dos per\u00edodos mais belos da cidade! O tempo seco garante <strong>c\u00e9u limpo, o auge dos ip\u00eas colorindo as ruas e uma cena deliciosa para as feiras gastron\u00f4micas<\/strong> noturnas (v\u00e1 agasalhado!).<\/div>\n            <\/div>\n            <div style=\"text-align: center;\">\n                <span style=\"display: inline-block; background: #1a2a57; color: #fff; font-size: 10px; font-weight: 800; padding: 6px 12px; border-radius: 20px; text-transform: uppercase; line-height: 1.4;\">\ud83c\udf38 Florada dos Ip\u00eas<\/span>\n            <\/div>\n        <\/div>\n\n        <div class=\"card-interativo\" style=\"flex: 1 1 calc(25% - 15px); min-width: 200px; border: 1px solid #e1e6ef; border-top: 4px solid #1a2a57; border-radius: 8px; padding: 20px; background: #fff; box-sizing: border-box; box-shadow: 0 4px 10px rgba(26, 42, 87, 0.05); display: flex; flex-direction: column;\">\n            <div style=\"display: flex; align-items: center; justify-content: center; gap: 8px; margin-bottom: 20px;\">\n                <span style=\"font-size: 22px; line-height: 1;\">\ud83c\udf38<\/span>\n                <strong style=\"color: #1a2a57; font-size: 16px; text-transform: uppercase;\">Primavera<\/strong>\n            <\/div>\n            <div style=\"margin-bottom: auto;\">\n                <div style=\"text-align: center; font-size: 11px; font-weight: 800; color: #111c3a; text-transform: uppercase; margin-bottom: 5px;\">Setembro &#8211; Novembro<\/div>\n                <div style=\"text-align: center; font-size: 26px; font-weight: 900; color: #1a2a57; margin-bottom: 10px;\">17\u00b0C a 30\u00b0C<\/div>\n                <div style=\"text-align: center; font-size: 13px; color: #555; line-height: 1.5; margin-bottom: 15px;\">A umidade come\u00e7a a retornar e o clima fica mais animado. Fase fant\u00e1stica para visitar o ic\u00f4nico <strong>Parque do Jap\u00e3o e curtir a grandiosa Festa das Na\u00e7\u00f5es<\/strong> em outubro.<\/div>\n            <\/div>\n            <div style=\"text-align: center;\">\n                <span style=\"display: inline-block; background: #f0f4f8; color: #1a2a57; font-size: 10px; font-weight: 800; padding: 6px 12px; border-radius: 20px; text-transform: uppercase; border: 1px solid #e1e6ef; line-height: 1.4;\">\ud83c\udf89 Festa das Na\u00e7\u00f5es<\/span>\n            <\/div>\n        <\/div>\n        \n    <\/div>\n<\/div>\n\n\n\n<p><em>Temperaturas aproximadas com base no <a href=\"https:\/\/www.climatempo.com.br\/previsao-do-tempo\/cidade\/278\/maringa-pr\" target=\"_blank\" rel=\"noreferrer noopener\"><strong>Climatempo<\/strong><\/a>. Condi\u00e7\u00f5es podem variar.<\/em><\/p>\n\n\n\n<h2 class=\"wp-block-heading\">Como chegar a Maring\u00e1<\/h2>\n\n\n\n<p>A Cidade Can\u00e7\u00e3o fica a 430 km de <strong><a href=\"https:\/\/www.em.com.br\/emfoco\/2025\/09\/11\/essa-cidade-escondida-perto-de-curitiba-guarda-experiencias-inesqueciveis\/\" target=\"_blank\" rel=\"noreferrer noopener\">Curitiba<\/a><\/strong> pela BR-376 e PR-317, cerca de 5 horas de carro. O <strong>Aeroporto Regional de Maring\u00e1 (MGF)<\/strong> recebe voos diretos de S\u00e3o Paulo, Campinas e Curitiba. Quem vem de \u00f4nibus encontra linhas frequentes a partir das principais capitais do Sul e Sudeste, com o trajeto desde S\u00e3o Paulo durando em torno de 8 horas pela <a href=\"https:\/\/www.viajeparana.com\/Maringa\" target=\"_blank\" rel=\"noreferrer noopener\"><strong>Viaje Paran\u00e1<\/strong><\/a>.<\/p>\n\n\n\n<h2 class=\"wp-block-heading\">A cidade que entrega o que outras s\u00f3 prometem<\/h2>\n\n\n\n<p>Maring\u00e1 re\u00fane numa mesma paisagem o verde das copas que se encontram sobre o asfalto, o cone de 124 metros que aponta para o c\u00e9u e os n\u00fameros que pouqu\u00edssimas cidades brasileiras conseguem apresentar em saneamento, educa\u00e7\u00e3o e seguran\u00e7a.<\/p>\n\n\n\n<p>Voc\u00ea precisa caminhar sob as sibipirunas da Cidade Can\u00e7\u00e3o e entender por que quem mora ali raramente quer ir embora.<\/p>\n","protected":false},"excerpt":{"rendered":"<p>As copas das \u00e1rvores se tocam sobre as avenidas e criam corredores de sombra no meio do asfalto. Maring\u00e1, no noroeste do Paran\u00e1, nasceu na prancheta de um urbanista que jamais pisou em seu solo, e o resultado ainda surpreende quase oito d\u00e9cadas depois. A cidade desenhada por fotos a\u00e9reas e batizada por uma can\u00e7\u00e3o [&hellip;]<\/p>\n","protected":false},"author":6,"featured_media":144647,"comment_status":"open","ping_status":"open","sticky":false,"template":"","format":"standard","meta":{"jnews-multi-image_gallery":[],"jnews_single_post":{"format":"standard"},"jnews_primary_category":[],"jnews_social_meta":[],"jnews_override_counter":[],"footnotes":""},"categories":[26],"tags":[183,1387,1209],"class_list":["post-181186","post","type-post","status-publish","format-standard","has-post-thumbnail","hentry","category-cidades","tag-cidades","tag-maringa","tag-parana"],"yoast_head":"<!-- This site is optimized with the Yoast SEO plugin v23.8 - https:\/\/yoast.com\/wordpress\/plugins\/seo\/ -->\n<title>Projetada por quem nunca a visitou: essa cidade lidera os rankings de qualidade de vida no Brasil - Estado de Minas - Em foco<\/title>\n<meta name=\"description\" content=\"Um projeto urbano ousado criou uma cidade que hoje aparece entre os melhores lugares para viver no Brasil.\" \/>\n<meta name=\"robots\" content=\"index, follow, max-snippet:-1, max-image-preview:large, max-video-preview:-1\" \/>\n<link rel=\"canonical\" href=\"https:\/\/www.em.com.br\/emfoco\/2026\/03\/13\/projetada-por-quem-nunca-a-visitou-essa-cidade-lidera-os-rankings-de-qualidade-de-vida-no-brasil\/\" \/>\n<meta property=\"og:locale\" content=\"pt_BR\" \/>\n<meta property=\"og:type\" content=\"article\" \/>\n<meta property=\"og:title\" content=\"Projetada por quem nunca a visitou: essa cidade lidera os rankings de qualidade de vida no Brasil - Estado de Minas - Em foco\" \/>\n<meta property=\"og:description\" content=\"Um projeto urbano ousado criou uma cidade que hoje aparece entre os melhores lugares para viver no Brasil.\" \/>\n<meta property=\"og:url\" content=\"https:\/\/www.em.com.br\/emfoco\/2026\/03\/13\/projetada-por-quem-nunca-a-visitou-essa-cidade-lidera-os-rankings-de-qualidade-de-vida-no-brasil\/\" \/>\n<meta property=\"og:site_name\" content=\"Estado de Minas - Em foco\" \/>\n<meta property=\"article:published_time\" content=\"2026-03-13T13:35:00+00:00\" \/>\n<meta property=\"article:modified_time\" content=\"2026-03-13T13:57:43+00:00\" \/>\n<meta property=\"og:image\" content=\"https:\/\/www.em.com.br\/emfoco\/wp-content\/uploads\/2025\/12\/MARINGA-uma-das-melhores-cidades-do-Brasil-vista-atraves-de-um-Drone.-0-53-screenshot.jpg\" \/>\n\t<meta property=\"og:image:width\" content=\"1280\" \/>\n\t<meta property=\"og:image:height\" content=\"720\" \/>\n\t<meta property=\"og:image:type\" content=\"image\/jpeg\" \/>\n<meta name=\"author\" content=\"Vitor Bruno\" \/>\n<meta name=\"twitter:card\" content=\"summary_large_image\" \/>\n<meta name=\"twitter:label1\" content=\"Escrito por\" \/>\n\t<meta name=\"twitter:data1\" content=\"Vitor Bruno\" \/>\n\t<meta name=\"twitter:label2\" content=\"Est. tempo de leitura\" \/>\n\t<meta name=\"twitter:data2\" content=\"7 minutos\" \/>\n<!-- \/ Yoast SEO plugin. -->","yoast_head_json":{"title":"Projetada por quem nunca a visitou: essa cidade lidera os rankings de qualidade de vida no Brasil - Estado de Minas - Em foco","description":"Um projeto urbano ousado criou uma cidade que hoje aparece entre os melhores lugares para viver no Brasil.","robots":{"index":"index","follow":"follow","max-snippet":"max-snippet:-1","max-image-preview":"max-image-preview:large","max-video-preview":"max-video-preview:-1"},"canonical":"https:\/\/www.em.com.br\/emfoco\/2026\/03\/13\/projetada-por-quem-nunca-a-visitou-essa-cidade-lidera-os-rankings-de-qualidade-de-vida-no-brasil\/","og_locale":"pt_BR","og_type":"article","og_title":"Projetada por quem nunca a visitou: essa cidade lidera os rankings de qualidade de vida no Brasil - Estado de Minas - Em foco","og_description":"Um projeto urbano ousado criou uma cidade que hoje aparece entre os melhores lugares para viver no Brasil.","og_url":"https:\/\/www.em.com.br\/emfoco\/2026\/03\/13\/projetada-por-quem-nunca-a-visitou-essa-cidade-lidera-os-rankings-de-qualidade-de-vida-no-brasil\/","og_site_name":"Estado de Minas - Em foco","article_published_time":"2026-03-13T13:35:00+00:00","article_modified_time":"2026-03-13T13:57:43+00:00","og_image":[{"width":1280,"height":720,"url":"https:\/\/www.em.com.br\/emfoco\/wp-content\/uploads\/2025\/12\/MARINGA-uma-das-melhores-cidades-do-Brasil-vista-atraves-de-um-Drone.-0-53-screenshot.jpg","type":"image\/jpeg"}],"author":"Vitor Bruno","twitter_card":"summary_large_image","twitter_misc":{"Escrito por":"Vitor Bruno","Est. tempo de leitura":"7 minutos"},"schema":{"@context":"https:\/\/schema.org","@graph":[{"@type":"WebPage","@id":"https:\/\/www.em.com.br\/emfoco\/2026\/03\/13\/projetada-por-quem-nunca-a-visitou-essa-cidade-lidera-os-rankings-de-qualidade-de-vida-no-brasil\/","url":"https:\/\/www.em.com.br\/emfoco\/2026\/03\/13\/projetada-por-quem-nunca-a-visitou-essa-cidade-lidera-os-rankings-de-qualidade-de-vida-no-brasil\/","name":"Projetada por quem nunca a visitou: essa cidade lidera os rankings de qualidade de vida no Brasil - Estado de Minas - Em foco","isPartOf":{"@id":"https:\/\/www.em.com.br\/emfoco\/#website"},"primaryImageOfPage":{"@id":"https:\/\/www.em.com.br\/emfoco\/2026\/03\/13\/projetada-por-quem-nunca-a-visitou-essa-cidade-lidera-os-rankings-de-qualidade-de-vida-no-brasil\/#primaryimage"},"image":{"@id":"https:\/\/www.em.com.br\/emfoco\/2026\/03\/13\/projetada-por-quem-nunca-a-visitou-essa-cidade-lidera-os-rankings-de-qualidade-de-vida-no-brasil\/#primaryimage"},"thumbnailUrl":"https:\/\/www.em.com.br\/emfoco\/wp-content\/uploads\/2025\/12\/MARINGA-uma-das-melhores-cidades-do-Brasil-vista-atraves-de-um-Drone.-0-53-screenshot.jpg","datePublished":"2026-03-13T13:35:00+00:00","dateModified":"2026-03-13T13:57:43+00:00","author":{"@id":"https:\/\/www.em.com.br\/emfoco\/#\/schema\/person\/364ac1852fafd00f1be20f0b8b237569"},"description":"Um projeto urbano ousado criou uma cidade que hoje aparece entre os melhores lugares para viver no Brasil.","breadcrumb":{"@id":"https:\/\/www.em.com.br\/emfoco\/2026\/03\/13\/projetada-por-quem-nunca-a-visitou-essa-cidade-lidera-os-rankings-de-qualidade-de-vida-no-brasil\/#breadcrumb"},"inLanguage":"pt-BR","potentialAction":[{"@type":"ReadAction","target":["https:\/\/www.em.com.br\/emfoco\/2026\/03\/13\/projetada-por-quem-nunca-a-visitou-essa-cidade-lidera-os-rankings-de-qualidade-de-vida-no-brasil\/"]}]},{"@type":"ImageObject","inLanguage":"pt-BR","@id":"https:\/\/www.em.com.br\/emfoco\/2026\/03\/13\/projetada-por-quem-nunca-a-visitou-essa-cidade-lidera-os-rankings-de-qualidade-de-vida-no-brasil\/#primaryimage","url":"https:\/\/www.em.com.br\/emfoco\/wp-content\/uploads\/2025\/12\/MARINGA-uma-das-melhores-cidades-do-Brasil-vista-atraves-de-um-Drone.-0-53-screenshot.jpg","contentUrl":"https:\/\/www.em.com.br\/emfoco\/wp-content\/uploads\/2025\/12\/MARINGA-uma-das-melhores-cidades-do-Brasil-vista-atraves-de-um-Drone.-0-53-screenshot.jpg","width":1280,"height":720,"caption":"Maring\u00e1 nasceu a partir de um projeto de coloniza\u00e7\u00e3o que priorizou ruas largas, arboriza\u00e7\u00e3o e espa\u00e7os dedicados ao conv\u00edvio comunit\u00e1rio \/\/ Cr\u00e9ditos: YouTube.com\/@7kDrones"},{"@type":"BreadcrumbList","@id":"https:\/\/www.em.com.br\/emfoco\/2026\/03\/13\/projetada-por-quem-nunca-a-visitou-essa-cidade-lidera-os-rankings-de-qualidade-de-vida-no-brasil\/#breadcrumb","itemListElement":[{"@type":"ListItem","position":1,"name":"In\u00edcio","item":"https:\/\/www.em.com.br\/emfoco\/"},{"@type":"ListItem","position":2,"name":"Projetada por quem nunca a visitou: essa cidade lidera os rankings de qualidade de vida no Brasil"}]},{"@type":"WebSite","@id":"https:\/\/www.em.com.br\/emfoco\/#website","url":"https:\/\/www.em.com.br\/emfoco\/","name":"Estado de Minas - Em foco","description":"Acompanhe as \u00faltimas not\u00edcias e fique bem informado sobre tudo o que acontece em Minas Gerais, Brasil e no mundo.","potentialAction":[{"@type":"SearchAction","target":{"@type":"EntryPoint","urlTemplate":"https:\/\/www.em.com.br\/emfoco\/?s={search_term_string}"},"query-input":{"@type":"PropertyValueSpecification","valueRequired":true,"valueName":"search_term_string"}}],"inLanguage":"pt-BR"},{"@type":"Person","@id":"https:\/\/www.em.com.br\/emfoco\/#\/schema\/person\/364ac1852fafd00f1be20f0b8b237569","name":"Vitor Bruno","image":{"@type":"ImageObject","inLanguage":"pt-BR","@id":"https:\/\/www.em.com.br\/emfoco\/#\/schema\/person\/image\/","url":"https:\/\/secure.gravatar.com\/avatar\/b719e5cdede09f942064960883b5524d?s=96&d=mm&r=g","contentUrl":"https:\/\/secure.gravatar.com\/avatar\/b719e5cdede09f942064960883b5524d?s=96&d=mm&r=g","caption":"Vitor Bruno"},"sameAs":["https:\/\/www.em.com.br\/emfoco\/"],"url":"https:\/\/www.em.com.br\/emfoco\/author\/vitormyth\/"}]}},"_links":{"self":[{"href":"https:\/\/www.em.com.br\/emfoco\/wp-json\/wp\/v2\/posts\/181186","targetHints":{"allow":["GET"]}}],"collection":[{"href":"https:\/\/www.em.com.br\/emfoco\/wp-json\/wp\/v2\/posts"}],"about":[{"href":"https:\/\/www.em.com.br\/emfoco\/wp-json\/wp\/v2\/types\/post"}],"author":[{"embeddable":true,"href":"https:\/\/www.em.com.br\/emfoco\/wp-json\/wp\/v2\/users\/6"}],"replies":[{"embeddable":true,"href":"https:\/\/www.em.com.br\/emfoco\/wp-json\/wp\/v2\/comments?post=181186"}],"version-history":[{"count":7,"href":"https:\/\/www.em.com.br\/emfoco\/wp-json\/wp\/v2\/posts\/181186\/revisions"}],"predecessor-version":[{"id":181209,"href":"https:\/\/www.em.com.br\/emfoco\/wp-json\/wp\/v2\/posts\/181186\/revisions\/181209"}],"wp:featuredmedia":[{"embeddable":true,"href":"https:\/\/www.em.com.br\/emfoco\/wp-json\/wp\/v2\/media\/144647"}],"wp:attachment":[{"href":"https:\/\/www.em.com.br\/emfoco\/wp-json\/wp\/v2\/media?parent=181186"}],"wp:term":[{"taxonomy":"category","embeddable":true,"href":"https:\/\/www.em.com.br\/emfoco\/wp-json\/wp\/v2\/categories?post=181186"},{"taxonomy":"post_tag","embeddable":true,"href":"https:\/\/www.em.com.br\/emfoco\/wp-json\/wp\/v2\/tags?post=181186"}],"curies":[{"name":"wp","href":"https:\/\/api.w.org\/{rel}","templated":true}]}}