{"id":181181,"date":"2026-03-13T18:30:00","date_gmt":"2026-03-13T21:30:00","guid":{"rendered":"https:\/\/www.em.com.br\/emfoco\/?p=181181"},"modified":"2026-03-13T00:32:40","modified_gmt":"2026-03-13T03:32:40","slug":"mae-de-crianca-de-3-anos-fecha-a-propria-loja-e-faz-um-desabafo-ser-autonoma-e-trabalhar-24-horas-por-dia-7-dias-por-semana","status":"publish","type":"post","link":"https:\/\/www.em.com.br\/emfoco\/2026\/03\/13\/mae-de-crianca-de-3-anos-fecha-a-propria-loja-e-faz-um-desabafo-ser-autonoma-e-trabalhar-24-horas-por-dia-7-dias-por-semana\/","title":{"rendered":"M\u00e3e de crian\u00e7a de 3 anos fecha a pr\u00f3pria loja e faz um desabafo: \u201cSer aut\u00f4noma \u00e9 trabalhar 24 horas por dia, 7 dias por semana\u201d"},"content":{"rendered":"\n<p>O empreendedorismo materno vem ganhando for\u00e7a como alternativa para m\u00e3es que querem equilibrar a cria\u00e7\u00e3o dos filhos com uma atividade profissional mais aut\u00f4noma e flex\u00edvel, especialmente em setores como moda infantil, servi\u00e7os de cuidado, alimenta\u00e7\u00e3o e educa\u00e7\u00e3o, mas tamb\u00e9m traz uma rotina intensa, com alta carga de responsabilidade, decis\u00f5es constantes e impacto direto na din\u00e2mica familiar, como mostra a trajet\u00f3ria de <strong>Andrea<\/strong>, de 31 anos, dona da <strong>Meninos <\/strong>\u2014 loja de roupas infantis em <strong>Vigo<\/strong>.<\/p>\n\n\n\n<h2 class=\"wp-block-heading\">O que \u00e9 empreendedorismo materno hoje<\/h2>\n\n\n\n<p>Hoje, \u201cempreendedorismo materno\u201d significa muito mais do que abrir um neg\u00f3cio: \u00e9 reorganizar por completo vida dom\u00e9stica, rotina profissional e prioridades. Muitas m\u00e3es veem no pr\u00f3prio empreendimento a chance de adaptar hor\u00e1rios, estar mais presentes na inf\u00e2ncia dos filhos e, ao mesmo tempo, gerar renda.<\/p>\n\n\n\n<p>Esse caminho exige planejamento, autoconhecimento e clareza sobre o que \u00e9 inegoci\u00e1vel em cada fase da maternidade. Redes de apoio, formais e informais, tornam-se fundamentais para manter o neg\u00f3cio funcionando sem que a sa\u00fade f\u00edsica e mental seja sacrificada.<\/p>\n\n\n\n<figure class=\"wp-block-image is-resized\"><img decoding=\"async\" src=\"https:\/\/www.em.com.br\/emfoco\/wp-content\/uploads\/2026\/02\/Gemini_Generated_Image_v9ys0lv9ys0lv9ys-1-1024x576.png\" alt=\"\" style=\"width:1170px;height:auto\"\/><figcaption class=\"wp-element-caption\">Empreender sendo m\u00e3e exige mais do que for\u00e7a de vontade<\/figcaption><\/figure>\n\n\n\n<h2 class=\"wp-block-heading\">Quais fatores impulsionam o empreendedorismo materno<\/h2>\n\n\n\n<p>Em 2026, o empreendedorismo materno \u00e9 impulsionado por fatores econ\u00f4micos, sociais e tecnol\u00f3gicos, como a busca por independ\u00eancia financeira e a dificuldade de retorno ao mercado formal ap\u00f3s a maternidade. A expans\u00e3o do com\u00e9rcio digital torna mais vi\u00e1vel abrir pequenos neg\u00f3cios com estrutura enxuta e atua\u00e7\u00e3o h\u00edbrida, f\u00edsica e online.<\/p>\n\n\n\n<p>Plataformas de venda, redes sociais e sistemas de pagamento simplificados reduzem barreiras de entrada. Foi assim que Andrea estruturou a Meninos: uniu sua experi\u00eancia como m\u00e3e \u00e0 demanda por roupas infantis confort\u00e1veis e dur\u00e1veis, usando Instagram e marketplaces para alcan\u00e7ar clientes al\u00e9m do bairro.<\/p>\n\n\n\n<h2 class=\"wp-block-heading\">Quais s\u00e3o os principais desafios do empreendedorismo materno<\/h2>\n\n\n\n<p>Apesar da imagem de liberdade, o empreendedorismo materno costuma gerar uma rotina extensa e fragmentada, somando atendimento, compras, marketing digital, finan\u00e7as e cuidados com a casa e os filhos. Essa sobreposi\u00e7\u00e3o de pap\u00e9is aumenta o risco de exaust\u00e3o e adoecimento, sobretudo quando falta apoio e divis\u00e3o real de tarefas.<\/p>\n\n\n\n<p>Os desafios aparecem em diferentes frentes do dia a dia e impactam tanto o neg\u00f3cio quanto a sa\u00fade emocional da m\u00e3e empreendedora, como se percebe na rotina de Andrea, que lida com imprevistos do filho, atrasos de fornecedores e demandas de clientes ao mesmo tempo. Entre os obst\u00e1culos mais frequentes est\u00e3o:<\/p>\n\n\n\n<ul class=\"wp-block-list\">\n<li><strong>Falta de limites claros<\/strong>\u00a0entre casa e neg\u00f3cio, sobretudo quando o trabalho \u00e9 feito no lar;<\/li>\n\n\n\n<li><strong>Ac\u00famulo de fun\u00e7\u00f5es<\/strong>\u00a0envolvendo opera\u00e7\u00e3o, gest\u00e3o, atendimento e planejamento;<\/li>\n\n\n\n<li><strong>Dificuldade para delegar<\/strong>\u00a0por or\u00e7amento reduzido ou falta de confian\u00e7a em repassar atividades;<\/li>\n\n\n\n<li><strong>Press\u00e3o emocional<\/strong>\u00a0para \u201cdar conta de tudo\u201d, afetando sono e sa\u00fade mental;<\/li>\n\n\n\n<li><strong>Imprevisibilidade<\/strong>\u00a0da rotina com crian\u00e7as pequenas, interferindo em prazos e compromissos.<\/li>\n<\/ul>\n\n\n\n<figure class=\"wp-block-image\"><img decoding=\"async\" src=\"https:\/\/www.em.com.br\/emfoco\/wp-content\/uploads\/2026\/02\/Gemini_Generated_Image_inv92linv92linv9-1-1024x576.png\" alt=\"\"\/><figcaption class=\"wp-element-caption\">Empreender sendo m\u00e3e exige mais do que for\u00e7a de vontade<\/figcaption><\/figure>\n\n\n\n<h2 class=\"wp-block-heading\">Como tornar o empreendedorismo materno mais sustent\u00e1vel<\/h2>\n\n\n\n<p>Tornar o empreendedorismo materno sustent\u00e1vel passa por aceitar limites, rever metas e simplificar processos, mesmo que isso envolva pausar temporariamente o neg\u00f3cio. Muitas m\u00e3es reduzem ou interrompem a opera\u00e7\u00e3o n\u00e3o por falta de clientes, mas para reorganizar rotinas, fortalecer a sa\u00fade e ajustar o modelo de trabalho ao que a fam\u00edlia suporta.<\/p>\n\n\n\n<p>Nesse movimento, \u00e9 essencial planejar minimamente finan\u00e7as, impostos, contratos e despesas fixas, al\u00e9m de buscar automatizar tarefas e negociar prazos com fornecedores. Andrea, por exemplo, definiu dias espec\u00edficos para fotos e conte\u00fado, implantou respostas autom\u00e1ticas fora do hor\u00e1rio comercial e renegociou prazos, reduzindo a sensa\u00e7\u00e3o de estar permanentemente \u201cde plant\u00e3o\u201d.<\/p>\n\n\n\n<h2 class=\"wp-block-heading\">Qual \u00e9 o pr\u00f3ximo passo para m\u00e3es que empreendem<\/h2>\n\n\n\n<p>O pr\u00f3ximo passo para o empreendedorismo materno \u00e9 apostar em modelos flex\u00edveis, digitais e colaborativos, que priorizem equil\u00edbrio em vez de crescimento a qualquer custo. Neg\u00f3cios alinhados \u00e0 fase de vida da fam\u00edlia permitem ajustar rota sem culpa, mantendo a sa\u00fade da m\u00e3e como ativo central de qualquer empreendimento.<\/p>\n\n\n\n<p>Se voc\u00ea sente que est\u00e1 no limite, o momento de agir \u00e9 agora: revise metas, corte excessos, pe\u00e7a ajuda e fa\u00e7a mudan\u00e7as concretas antes que a exaust\u00e3o paralise tudo. Assuma hoje o controle do seu tempo e do seu neg\u00f3cio, estabele\u00e7a fronteiras claras entre trabalho e vida pessoal e escolha conscientemente um ritmo poss\u00edvel, para que o empreendedorismo seja fonte de autonomia e renda \u2014 e n\u00e3o de esgotamento.<\/p>\n","protected":false},"excerpt":{"rendered":"<p>O empreendedorismo materno vem ganhando for\u00e7a como alternativa para m\u00e3es que querem equilibrar a cria\u00e7\u00e3o dos filhos com uma atividade profissional mais aut\u00f4noma e flex\u00edvel, especialmente em setores como moda infantil, servi\u00e7os de cuidado, alimenta\u00e7\u00e3o e educa\u00e7\u00e3o, mas tamb\u00e9m traz uma rotina intensa, com alta carga de responsabilidade, decis\u00f5es constantes e impacto direto na din\u00e2mica [&hellip;]<\/p>\n","protected":false},"author":11,"featured_media":167227,"comment_status":"open","ping_status":"open","sticky":false,"template":"","format":"standard","meta":{"jnews-multi-image_gallery":[],"jnews_single_post":{"format":"standard"},"jnews_primary_category":[],"jnews_social_meta":[],"jnews_override_counter":[],"footnotes":""},"categories":[1],"tags":[26136,698,25783,16996,2442,508],"class_list":["post-181181","post","type-post","status-publish","format-standard","has-post-thumbnail","hentry","category-noticias","tag-autonoma","tag-empreendedora","tag-fechar-loja","tag-mae","tag-maternidade","tag-trabalho"],"yoast_head":"<!-- This site is optimized with the Yoast SEO plugin v23.8 - https:\/\/yoast.com\/wordpress\/plugins\/seo\/ -->\n<title>M\u00e3e de crian\u00e7a de 3 anos fecha a pr\u00f3pria loja e faz um desabafo: \u201cSer aut\u00f4noma \u00e9 trabalhar 24 horas por dia, 7 dias por semana\u201d - Estado de Minas - Em foco<\/title>\n<meta name=\"description\" content=\"Empreendedorismo materno n\u00e3o \u00e9 s\u00f3 liberdade. A realidade envolve cansa\u00e7o, escolhas duras e a busca por equil\u00edbrio real.\" \/>\n<meta name=\"robots\" content=\"index, follow, max-snippet:-1, max-image-preview:large, max-video-preview:-1\" \/>\n<link rel=\"canonical\" href=\"https:\/\/www.em.com.br\/emfoco\/2026\/03\/13\/mae-de-crianca-de-3-anos-fecha-a-propria-loja-e-faz-um-desabafo-ser-autonoma-e-trabalhar-24-horas-por-dia-7-dias-por-semana\/\" \/>\n<meta property=\"og:locale\" content=\"pt_BR\" \/>\n<meta property=\"og:type\" content=\"article\" \/>\n<meta property=\"og:title\" content=\"M\u00e3e de crian\u00e7a de 3 anos fecha a pr\u00f3pria loja e faz um desabafo: \u201cSer aut\u00f4noma \u00e9 trabalhar 24 horas por dia, 7 dias por semana\u201d - Estado de Minas - Em foco\" \/>\n<meta property=\"og:description\" content=\"Empreendedorismo materno n\u00e3o \u00e9 s\u00f3 liberdade. A realidade envolve cansa\u00e7o, escolhas duras e a busca por equil\u00edbrio real.\" \/>\n<meta property=\"og:url\" content=\"https:\/\/www.em.com.br\/emfoco\/2026\/03\/13\/mae-de-crianca-de-3-anos-fecha-a-propria-loja-e-faz-um-desabafo-ser-autonoma-e-trabalhar-24-horas-por-dia-7-dias-por-semana\/\" \/>\n<meta property=\"og:site_name\" content=\"Estado de Minas - Em foco\" \/>\n<meta property=\"article:published_time\" content=\"2026-03-13T21:30:00+00:00\" \/>\n<meta property=\"article:modified_time\" content=\"2026-03-13T03:32:40+00:00\" \/>\n<meta property=\"og:image\" content=\"https:\/\/www.em.com.br\/emfoco\/wp-content\/uploads\/2026\/02\/ChatGPT-Image-10-de-fev.-de-2026-15_57_12.png\" \/>\n\t<meta property=\"og:image:width\" content=\"1280\" \/>\n\t<meta property=\"og:image:height\" content=\"720\" \/>\n\t<meta property=\"og:image:type\" content=\"image\/png\" \/>\n<meta name=\"author\" content=\"Andre\u0301 Rangel\u00a0\" \/>\n<meta name=\"twitter:card\" content=\"summary_large_image\" \/>\n<meta name=\"twitter:label1\" content=\"Escrito por\" \/>\n\t<meta name=\"twitter:data1\" content=\"Andre\u0301 Rangel\u00a0\" \/>\n\t<meta name=\"twitter:label2\" content=\"Est. tempo de leitura\" \/>\n\t<meta name=\"twitter:data2\" content=\"5 minutos\" \/>\n<!-- \/ Yoast SEO plugin. -->","yoast_head_json":{"title":"M\u00e3e de crian\u00e7a de 3 anos fecha a pr\u00f3pria loja e faz um desabafo: \u201cSer aut\u00f4noma \u00e9 trabalhar 24 horas por dia, 7 dias por semana\u201d - Estado de Minas - Em foco","description":"Empreendedorismo materno n\u00e3o \u00e9 s\u00f3 liberdade. A realidade envolve cansa\u00e7o, escolhas duras e a busca por equil\u00edbrio real.","robots":{"index":"index","follow":"follow","max-snippet":"max-snippet:-1","max-image-preview":"max-image-preview:large","max-video-preview":"max-video-preview:-1"},"canonical":"https:\/\/www.em.com.br\/emfoco\/2026\/03\/13\/mae-de-crianca-de-3-anos-fecha-a-propria-loja-e-faz-um-desabafo-ser-autonoma-e-trabalhar-24-horas-por-dia-7-dias-por-semana\/","og_locale":"pt_BR","og_type":"article","og_title":"M\u00e3e de crian\u00e7a de 3 anos fecha a pr\u00f3pria loja e faz um desabafo: \u201cSer aut\u00f4noma \u00e9 trabalhar 24 horas por dia, 7 dias por semana\u201d - Estado de Minas - Em foco","og_description":"Empreendedorismo materno n\u00e3o \u00e9 s\u00f3 liberdade. A realidade envolve cansa\u00e7o, escolhas duras e a busca por equil\u00edbrio real.","og_url":"https:\/\/www.em.com.br\/emfoco\/2026\/03\/13\/mae-de-crianca-de-3-anos-fecha-a-propria-loja-e-faz-um-desabafo-ser-autonoma-e-trabalhar-24-horas-por-dia-7-dias-por-semana\/","og_site_name":"Estado de Minas - Em foco","article_published_time":"2026-03-13T21:30:00+00:00","article_modified_time":"2026-03-13T03:32:40+00:00","og_image":[{"width":1280,"height":720,"url":"https:\/\/www.em.com.br\/emfoco\/wp-content\/uploads\/2026\/02\/ChatGPT-Image-10-de-fev.-de-2026-15_57_12.png","type":"image\/png"}],"author":"Andre\u0301 Rangel\u00a0","twitter_card":"summary_large_image","twitter_misc":{"Escrito por":"Andre\u0301 Rangel\u00a0","Est. tempo de leitura":"5 minutos"},"schema":{"@context":"https:\/\/schema.org","@graph":[{"@type":"WebPage","@id":"https:\/\/www.em.com.br\/emfoco\/2026\/03\/13\/mae-de-crianca-de-3-anos-fecha-a-propria-loja-e-faz-um-desabafo-ser-autonoma-e-trabalhar-24-horas-por-dia-7-dias-por-semana\/","url":"https:\/\/www.em.com.br\/emfoco\/2026\/03\/13\/mae-de-crianca-de-3-anos-fecha-a-propria-loja-e-faz-um-desabafo-ser-autonoma-e-trabalhar-24-horas-por-dia-7-dias-por-semana\/","name":"M\u00e3e de crian\u00e7a de 3 anos fecha a pr\u00f3pria loja e faz um desabafo: \u201cSer aut\u00f4noma \u00e9 trabalhar 24 horas por dia, 7 dias por semana\u201d - Estado de Minas - Em foco","isPartOf":{"@id":"https:\/\/www.em.com.br\/emfoco\/#website"},"primaryImageOfPage":{"@id":"https:\/\/www.em.com.br\/emfoco\/2026\/03\/13\/mae-de-crianca-de-3-anos-fecha-a-propria-loja-e-faz-um-desabafo-ser-autonoma-e-trabalhar-24-horas-por-dia-7-dias-por-semana\/#primaryimage"},"image":{"@id":"https:\/\/www.em.com.br\/emfoco\/2026\/03\/13\/mae-de-crianca-de-3-anos-fecha-a-propria-loja-e-faz-um-desabafo-ser-autonoma-e-trabalhar-24-horas-por-dia-7-dias-por-semana\/#primaryimage"},"thumbnailUrl":"https:\/\/www.em.com.br\/emfoco\/wp-content\/uploads\/2026\/02\/ChatGPT-Image-10-de-fev.-de-2026-15_57_12.png","datePublished":"2026-03-13T21:30:00+00:00","dateModified":"2026-03-13T03:32:40+00:00","author":{"@id":"https:\/\/www.em.com.br\/emfoco\/#\/schema\/person\/60eda09c1fedf0d6891f4cef4b60b8b8"},"description":"Empreendedorismo materno n\u00e3o \u00e9 s\u00f3 liberdade. A realidade envolve cansa\u00e7o, escolhas duras e a busca por equil\u00edbrio real.","breadcrumb":{"@id":"https:\/\/www.em.com.br\/emfoco\/2026\/03\/13\/mae-de-crianca-de-3-anos-fecha-a-propria-loja-e-faz-um-desabafo-ser-autonoma-e-trabalhar-24-horas-por-dia-7-dias-por-semana\/#breadcrumb"},"inLanguage":"pt-BR","potentialAction":[{"@type":"ReadAction","target":["https:\/\/www.em.com.br\/emfoco\/2026\/03\/13\/mae-de-crianca-de-3-anos-fecha-a-propria-loja-e-faz-um-desabafo-ser-autonoma-e-trabalhar-24-horas-por-dia-7-dias-por-semana\/"]}]},{"@type":"ImageObject","inLanguage":"pt-BR","@id":"https:\/\/www.em.com.br\/emfoco\/2026\/03\/13\/mae-de-crianca-de-3-anos-fecha-a-propria-loja-e-faz-um-desabafo-ser-autonoma-e-trabalhar-24-horas-por-dia-7-dias-por-semana\/#primaryimage","url":"https:\/\/www.em.com.br\/emfoco\/wp-content\/uploads\/2026\/02\/ChatGPT-Image-10-de-fev.-de-2026-15_57_12.png","contentUrl":"https:\/\/www.em.com.br\/emfoco\/wp-content\/uploads\/2026\/02\/ChatGPT-Image-10-de-fev.-de-2026-15_57_12.png","width":1280,"height":720,"caption":"Empreender sendo m\u00e3e exige mais do que for\u00e7a de vontade"},{"@type":"BreadcrumbList","@id":"https:\/\/www.em.com.br\/emfoco\/2026\/03\/13\/mae-de-crianca-de-3-anos-fecha-a-propria-loja-e-faz-um-desabafo-ser-autonoma-e-trabalhar-24-horas-por-dia-7-dias-por-semana\/#breadcrumb","itemListElement":[{"@type":"ListItem","position":1,"name":"In\u00edcio","item":"https:\/\/www.em.com.br\/emfoco\/"},{"@type":"ListItem","position":2,"name":"M\u00e3e de crian\u00e7a de 3 anos fecha a pr\u00f3pria loja e faz um desabafo: \u201cSer aut\u00f4noma \u00e9 trabalhar 24 horas por dia, 7 dias por semana\u201d"}]},{"@type":"WebSite","@id":"https:\/\/www.em.com.br\/emfoco\/#website","url":"https:\/\/www.em.com.br\/emfoco\/","name":"Estado de Minas - Em foco","description":"Acompanhe as \u00faltimas not\u00edcias e fique bem informado sobre tudo o que acontece em Minas Gerais, Brasil e no mundo.","potentialAction":[{"@type":"SearchAction","target":{"@type":"EntryPoint","urlTemplate":"https:\/\/www.em.com.br\/emfoco\/?s={search_term_string}"},"query-input":{"@type":"PropertyValueSpecification","valueRequired":true,"valueName":"search_term_string"}}],"inLanguage":"pt-BR"},{"@type":"Person","@id":"https:\/\/www.em.com.br\/emfoco\/#\/schema\/person\/60eda09c1fedf0d6891f4cef4b60b8b8","name":"Andre\u0301 Rangel\u00a0","image":{"@type":"ImageObject","inLanguage":"pt-BR","@id":"https:\/\/www.em.com.br\/emfoco\/#\/schema\/person\/image\/","url":"https:\/\/secure.gravatar.com\/avatar\/6234dc814c77c8ef6d8bba622c787efc?s=96&d=mm&r=g","contentUrl":"https:\/\/secure.gravatar.com\/avatar\/6234dc814c77c8ef6d8bba622c787efc?s=96&d=mm&r=g","caption":"Andre\u0301 Rangel\u00a0"},"url":"https:\/\/www.em.com.br\/emfoco\/author\/luizmyth\/"}]}},"_links":{"self":[{"href":"https:\/\/www.em.com.br\/emfoco\/wp-json\/wp\/v2\/posts\/181181","targetHints":{"allow":["GET"]}}],"collection":[{"href":"https:\/\/www.em.com.br\/emfoco\/wp-json\/wp\/v2\/posts"}],"about":[{"href":"https:\/\/www.em.com.br\/emfoco\/wp-json\/wp\/v2\/types\/post"}],"author":[{"embeddable":true,"href":"https:\/\/www.em.com.br\/emfoco\/wp-json\/wp\/v2\/users\/11"}],"replies":[{"embeddable":true,"href":"https:\/\/www.em.com.br\/emfoco\/wp-json\/wp\/v2\/comments?post=181181"}],"version-history":[{"count":2,"href":"https:\/\/www.em.com.br\/emfoco\/wp-json\/wp\/v2\/posts\/181181\/revisions"}],"predecessor-version":[{"id":181183,"href":"https:\/\/www.em.com.br\/emfoco\/wp-json\/wp\/v2\/posts\/181181\/revisions\/181183"}],"wp:featuredmedia":[{"embeddable":true,"href":"https:\/\/www.em.com.br\/emfoco\/wp-json\/wp\/v2\/media\/167227"}],"wp:attachment":[{"href":"https:\/\/www.em.com.br\/emfoco\/wp-json\/wp\/v2\/media?parent=181181"}],"wp:term":[{"taxonomy":"category","embeddable":true,"href":"https:\/\/www.em.com.br\/emfoco\/wp-json\/wp\/v2\/categories?post=181181"},{"taxonomy":"post_tag","embeddable":true,"href":"https:\/\/www.em.com.br\/emfoco\/wp-json\/wp\/v2\/tags?post=181181"}],"curies":[{"name":"wp","href":"https:\/\/api.w.org\/{rel}","templated":true}]}}