{"id":181175,"date":"2026-03-13T17:00:00","date_gmt":"2026-03-13T20:00:00","guid":{"rendered":"https:\/\/www.em.com.br\/emfoco\/?p=181175"},"modified":"2026-03-13T00:19:07","modified_gmt":"2026-03-13T03:19:07","slug":"adeus-cabelo-chanel-apos-os-55-anos-esse-corte-e-a-melhor-opcao-para-dar-volume-aos-cabelos-ralos","status":"publish","type":"post","link":"https:\/\/www.em.com.br\/emfoco\/2026\/03\/13\/adeus-cabelo-chanel-apos-os-55-anos-esse-corte-e-a-melhor-opcao-para-dar-volume-aos-cabelos-ralos\/","title":{"rendered":"Adeus cabelo chanel ap\u00f3s os 55 anos: esse corte \u00e9 a melhor op\u00e7\u00e3o para dar volume aos cabelos ralos"},"content":{"rendered":"\n<p>Depois dos 55 anos, \u00e9 comum o cabelo afinar, perder densidade e n\u00e3o ter mais o mesmo volume natural, fazendo com que cortes cl\u00e1ssicos, como o tradicional chanel, pare\u00e7am r\u00edgidos e sem movimento; por isso, propostas em camadas, como o corte butterfly, v\u00eam ganhando espa\u00e7o entre mulheres que querem renovar o visual sem uma transforma\u00e7\u00e3o radical.<\/p>\n\n\n\n<h2 class=\"wp-block-heading\">Por que o corte chanel perde efeito ap\u00f3s os 55 anos<\/h2>\n\n\n\n<p>O chanel \u00e9 pr\u00e1tico e alinhado, mas o afinamento natural dos fios depois dos 55 anos muda totalmente o resultado. Em cabelos com menos densidade, o corte reto enfatiza a lateral do rosto e pode marcar mais o queixo e a mand\u00edbula.<\/p>\n\n\n\n<p>Quando h\u00e1 pouco cabelo, a linha \u00fanica do chanel tende a pesar nas pontas e esvaziar o topo da cabe\u00e7a. Com fios mais fr\u00e1geis, menos volume na raiz e tend\u00eancia a quebras, um corte muito estruturado pode destacar exatamente o que se quer disfar\u00e7ar: \u00e1reas ralas e falta de movimento.<\/p>\n\n\n\n<figure class=\"wp-block-image\"><img decoding=\"async\" src=\"https:\/\/www.em.com.br\/emfoco\/wp-content\/uploads\/2026\/02\/Gemini_Generated_Image_yjn5aayjn5aayjn5-1-1024x576.png\" alt=\"\"\/><figcaption class=\"wp-element-caption\">Chanel vs. Butterfly: qual corte valoriza melhor cabelos maduros<\/figcaption><\/figure>\n\n\n\n<h2 class=\"wp-block-heading\">O que \u00e9 o corte butterfly e por que ele favorece cabelos maduros<\/h2>\n\n\n\n<p>O corte butterfly \u00e9 um corte em camadas, geralmente em base m\u00e9dia ou longa, que combina diferentes comprimentos para criar movimento e leveza. As camadas superiores s\u00e3o planejadas para moldar o rosto, dar corpo na raiz e distribuir o volume de forma equilibrada ao redor da cabe\u00e7a.<\/p>\n\n\n\n<p>As camadas podem ser desfiadas ou levemente repicadas, respeitando o caimento natural dos fios e criando uma \u201caura\u201d de volume que suaviza o contorno do rosto. Assim, o visual fica menos r\u00edgido que o chanel tradicional e ajuda a disfar\u00e7ar falhas discretas, sem exigir mudan\u00e7as radicais de comprimento ou cor.<\/p>\n\n\n\n<figure class=\"wp-block-image size-large\"><img loading=\"lazy\" decoding=\"async\" width=\"1024\" height=\"145\" src=\"https:\/\/www.em.com.br\/emfoco\/wp-content\/uploads\/2026\/03\/convertido-21-1024x145.jpg\" alt=\"\" class=\"wp-image-181178\" srcset=\"https:\/\/www.em.com.br\/emfoco\/wp-content\/uploads\/2026\/03\/convertido-21-1024x145.jpg 1024w, https:\/\/www.em.com.br\/emfoco\/wp-content\/uploads\/2026\/03\/convertido-21-300x42.jpg 300w, https:\/\/www.em.com.br\/emfoco\/wp-content\/uploads\/2026\/03\/convertido-21-768x109.jpg 768w, https:\/\/www.em.com.br\/emfoco\/wp-content\/uploads\/2026\/03\/convertido-21-750x106.jpg 750w, https:\/\/www.em.com.br\/emfoco\/wp-content\/uploads\/2026\/03\/convertido-21-1140x161.jpg 1140w, https:\/\/www.em.com.br\/emfoco\/wp-content\/uploads\/2026\/03\/convertido-21.jpg 1280w\" sizes=\"auto, (max-width: 1024px) 100vw, 1024px\" \/><\/figure>\n\n\n\n<h2 class=\"wp-block-heading\">Como adaptar o corte butterfly para quem tem mais de 55 anos<\/h2>\n\n\n\n<p>Para cabelos maduros, a adapta\u00e7\u00e3o do butterfly passa pelo formato de rosto, tipo de fio e n\u00edvel de manuten\u00e7\u00e3o desejado. Muitas vezes, o profissional sugere vers\u00f5es na altura dos ombros ou um pouco abaixo, mantendo a praticidade no dia a dia.<\/p>\n\n\n\n<p>Em v\u00e1rios casos, a transi\u00e7\u00e3o do chanel para o butterfly \u00e9 gradual: a parte de tr\u00e1s cresce alguns cent\u00edmetros al\u00e9m do queixo, enquanto o topo recebe camadas discretas. Assim, a pessoa se acostuma ao novo formato sem ruptura brusca e aproveita o crescimento natural para ajustar o desenho.<\/p>\n\n\n\n<figure class=\"wp-block-image size-large\"><img loading=\"lazy\" decoding=\"async\" width=\"1024\" height=\"116\" src=\"https:\/\/www.em.com.br\/emfoco\/wp-content\/uploads\/2026\/03\/convertido-1-1-1024x116.jpg\" alt=\"\" class=\"wp-image-181179\" srcset=\"https:\/\/www.em.com.br\/emfoco\/wp-content\/uploads\/2026\/03\/convertido-1-1-1024x116.jpg 1024w, https:\/\/www.em.com.br\/emfoco\/wp-content\/uploads\/2026\/03\/convertido-1-1-300x34.jpg 300w, https:\/\/www.em.com.br\/emfoco\/wp-content\/uploads\/2026\/03\/convertido-1-1-768x87.jpg 768w, https:\/\/www.em.com.br\/emfoco\/wp-content\/uploads\/2026\/03\/convertido-1-1-750x85.jpg 750w, https:\/\/www.em.com.br\/emfoco\/wp-content\/uploads\/2026\/03\/convertido-1-1-1140x129.jpg 1140w, https:\/\/www.em.com.br\/emfoco\/wp-content\/uploads\/2026\/03\/convertido-1-1.jpg 1280w\" sizes=\"auto, (max-width: 1024px) 100vw, 1024px\" \/><\/figure>\n\n\n\n<h2 class=\"wp-block-heading\">Quais cuidados di\u00e1rios valorizam o corte butterfly em cabelos maduros<\/h2>\n\n\n\n<p>Para manter a proposta de leveza e movimento, o segredo \u00e9 preservar a raiz solta e n\u00e3o pesar os fios. A ideia n\u00e3o \u00e9 ter uma rotina complexa, mas fazer escolhas inteligentes de produtos, secagem e manuten\u00e7\u00e3o para real\u00e7ar o desenho das camadas.<\/p>\n\n\n\n<p>Esses cuidados simples ajudam o corte a parecer sempre cheio, atualizado e com aspecto saud\u00e1vel, mesmo em fios afinados. A lista a seguir re\u00fane pr\u00e1ticas que potencializam o volume e prolongam o efeito do corte no dia a dia.<\/p>\n\n\n\n<ol class=\"wp-block-list\">\n<li><strong>Higieniza\u00e7\u00e3o leve:<\/strong>\u00a0apostar em shampoos suaves que limpem sem ressecar e deixem a raiz mais erguida.<\/li>\n\n\n\n<li><strong>Secagem estrat\u00e9gica:<\/strong>\u00a0usar o secador levantando a raiz com as m\u00e3os ou escova, direcionando o ar de baixo para cima.<\/li>\n\n\n\n<li><strong>Produtos de styling adequados:<\/strong>\u00a0preferir mousses, sprays de volume e finalizadores leves nas camadas superiores; \u00f3leos apenas nas pontas.<\/li>\n\n\n\n<li><strong>Manuten\u00e7\u00f5es regulares:<\/strong>\u00a0cortar a cada 8 a 12 semanas para evitar pontas ralas e preservar o desenho original.<\/li>\n<\/ol>\n\n\n\n<h2 class=\"wp-block-heading\">Como escolher o melhor momento para trocar o chanel pelo corte butterfly<\/h2>\n\n\n\n<p>Trocar o chanel por um corte butterfly pode ser o ponto de virada para recuperar a sensa\u00e7\u00e3o de volume e movimento que o afinamento natural levou. Quando o espelho come\u00e7ar a mostrar um cabelo mais chapado, com pontas pesadas e topo sem vida, \u00e9 um sinal claro de que o corte atual j\u00e1 n\u00e3o favorece tanto quanto antes.<\/p>\n\n\n\n<p>Se voc\u00ea j\u00e1 percebeu essa mudan\u00e7a, n\u00e3o adie a decis\u00e3o: converse com um profissional de confian\u00e7a, leve refer\u00eancias e agende o corte o quanto antes para ver o impacto imediato no seu visual e na sua autoestima. Seu cabelo n\u00e3o precisa esperar mais alguns meses para acompanhar a mulher segura e atual que voc\u00ea \u00e9 hoje.<\/p>\n","protected":false},"excerpt":{"rendered":"<p>Depois dos 55 anos, \u00e9 comum o cabelo afinar, perder densidade e n\u00e3o ter mais o mesmo volume natural, fazendo com que cortes cl\u00e1ssicos, como o tradicional chanel, pare\u00e7am r\u00edgidos e sem movimento; por isso, propostas em camadas, como o corte butterfly, v\u00eam ganhando espa\u00e7o entre mulheres que querem renovar o visual sem uma transforma\u00e7\u00e3o [&hellip;]<\/p>\n","protected":false},"author":11,"featured_media":164495,"comment_status":"open","ping_status":"open","sticky":false,"template":"","format":"standard","meta":{"jnews-multi-image_gallery":[],"jnews_single_post":{"format":"standard"},"jnews_primary_category":[],"jnews_social_meta":[],"jnews_override_counter":[],"footnotes":""},"categories":[8819,1],"tags":[4905,5257,4906,18112,4977,1920],"class_list":["post-181175","post","type-post","status-publish","format-standard","has-post-thumbnail","hentry","category-curiosidades","category-noticias","tag-cabelo","tag-corte","tag-corte-de-cabelo","tag-corte-de-cabelo-feminino","tag-moda","tag-tendencia"],"yoast_head":"<!-- This site is optimized with the Yoast SEO plugin v23.8 - https:\/\/yoast.com\/wordpress\/plugins\/seo\/ -->\n<title>Adeus cabelo chanel ap\u00f3s os 55 anos: esse corte \u00e9 a melhor op\u00e7\u00e3o para dar volume aos cabelos ralos - Estado de Minas - Em foco<\/title>\n<meta name=\"description\" content=\"Troque o chanel pesado por camadas estrat\u00e9gicas do butterfly e d\u00ea leveza e densidade visual ao cabelo maduro.\" \/>\n<meta name=\"robots\" content=\"index, follow, max-snippet:-1, max-image-preview:large, max-video-preview:-1\" \/>\n<link rel=\"canonical\" href=\"https:\/\/www.em.com.br\/emfoco\/2026\/03\/13\/adeus-cabelo-chanel-apos-os-55-anos-esse-corte-e-a-melhor-opcao-para-dar-volume-aos-cabelos-ralos\/\" \/>\n<meta property=\"og:locale\" content=\"pt_BR\" \/>\n<meta property=\"og:type\" content=\"article\" \/>\n<meta property=\"og:title\" content=\"Adeus cabelo chanel ap\u00f3s os 55 anos: esse corte \u00e9 a melhor op\u00e7\u00e3o para dar volume aos cabelos ralos - Estado de Minas - Em foco\" \/>\n<meta property=\"og:description\" content=\"Troque o chanel pesado por camadas estrat\u00e9gicas do butterfly e d\u00ea leveza e densidade visual ao cabelo maduro.\" \/>\n<meta property=\"og:url\" content=\"https:\/\/www.em.com.br\/emfoco\/2026\/03\/13\/adeus-cabelo-chanel-apos-os-55-anos-esse-corte-e-a-melhor-opcao-para-dar-volume-aos-cabelos-ralos\/\" \/>\n<meta property=\"og:site_name\" content=\"Estado de Minas - Em foco\" \/>\n<meta property=\"article:published_time\" content=\"2026-03-13T20:00:00+00:00\" \/>\n<meta property=\"article:modified_time\" content=\"2026-03-13T03:19:07+00:00\" \/>\n<meta property=\"og:image\" content=\"https:\/\/www.em.com.br\/emfoco\/wp-content\/uploads\/2026\/02\/Gemini_Generated_Image_qydwx9qydwx9qydw-1.png\" \/>\n\t<meta property=\"og:image:width\" content=\"1280\" \/>\n\t<meta property=\"og:image:height\" content=\"720\" \/>\n\t<meta property=\"og:image:type\" content=\"image\/png\" \/>\n<meta name=\"author\" content=\"Andre\u0301 Rangel\u00a0\" \/>\n<meta name=\"twitter:card\" content=\"summary_large_image\" \/>\n<meta name=\"twitter:label1\" content=\"Escrito por\" \/>\n\t<meta name=\"twitter:data1\" content=\"Andre\u0301 Rangel\u00a0\" \/>\n\t<meta name=\"twitter:label2\" content=\"Est. tempo de leitura\" \/>\n\t<meta name=\"twitter:data2\" content=\"5 minutos\" \/>\n<!-- \/ Yoast SEO plugin. -->","yoast_head_json":{"title":"Adeus cabelo chanel ap\u00f3s os 55 anos: esse corte \u00e9 a melhor op\u00e7\u00e3o para dar volume aos cabelos ralos - Estado de Minas - Em foco","description":"Troque o chanel pesado por camadas estrat\u00e9gicas do butterfly e d\u00ea leveza e densidade visual ao cabelo maduro.","robots":{"index":"index","follow":"follow","max-snippet":"max-snippet:-1","max-image-preview":"max-image-preview:large","max-video-preview":"max-video-preview:-1"},"canonical":"https:\/\/www.em.com.br\/emfoco\/2026\/03\/13\/adeus-cabelo-chanel-apos-os-55-anos-esse-corte-e-a-melhor-opcao-para-dar-volume-aos-cabelos-ralos\/","og_locale":"pt_BR","og_type":"article","og_title":"Adeus cabelo chanel ap\u00f3s os 55 anos: esse corte \u00e9 a melhor op\u00e7\u00e3o para dar volume aos cabelos ralos - Estado de Minas - Em foco","og_description":"Troque o chanel pesado por camadas estrat\u00e9gicas do butterfly e d\u00ea leveza e densidade visual ao cabelo maduro.","og_url":"https:\/\/www.em.com.br\/emfoco\/2026\/03\/13\/adeus-cabelo-chanel-apos-os-55-anos-esse-corte-e-a-melhor-opcao-para-dar-volume-aos-cabelos-ralos\/","og_site_name":"Estado de Minas - Em foco","article_published_time":"2026-03-13T20:00:00+00:00","article_modified_time":"2026-03-13T03:19:07+00:00","og_image":[{"width":1280,"height":720,"url":"https:\/\/www.em.com.br\/emfoco\/wp-content\/uploads\/2026\/02\/Gemini_Generated_Image_qydwx9qydwx9qydw-1.png","type":"image\/png"}],"author":"Andre\u0301 Rangel\u00a0","twitter_card":"summary_large_image","twitter_misc":{"Escrito por":"Andre\u0301 Rangel\u00a0","Est. tempo de leitura":"5 minutos"},"schema":{"@context":"https:\/\/schema.org","@graph":[{"@type":"WebPage","@id":"https:\/\/www.em.com.br\/emfoco\/2026\/03\/13\/adeus-cabelo-chanel-apos-os-55-anos-esse-corte-e-a-melhor-opcao-para-dar-volume-aos-cabelos-ralos\/","url":"https:\/\/www.em.com.br\/emfoco\/2026\/03\/13\/adeus-cabelo-chanel-apos-os-55-anos-esse-corte-e-a-melhor-opcao-para-dar-volume-aos-cabelos-ralos\/","name":"Adeus cabelo chanel ap\u00f3s os 55 anos: esse corte \u00e9 a melhor op\u00e7\u00e3o para dar volume aos cabelos ralos - Estado de Minas - Em foco","isPartOf":{"@id":"https:\/\/www.em.com.br\/emfoco\/#website"},"primaryImageOfPage":{"@id":"https:\/\/www.em.com.br\/emfoco\/2026\/03\/13\/adeus-cabelo-chanel-apos-os-55-anos-esse-corte-e-a-melhor-opcao-para-dar-volume-aos-cabelos-ralos\/#primaryimage"},"image":{"@id":"https:\/\/www.em.com.br\/emfoco\/2026\/03\/13\/adeus-cabelo-chanel-apos-os-55-anos-esse-corte-e-a-melhor-opcao-para-dar-volume-aos-cabelos-ralos\/#primaryimage"},"thumbnailUrl":"https:\/\/www.em.com.br\/emfoco\/wp-content\/uploads\/2026\/02\/Gemini_Generated_Image_qydwx9qydwx9qydw-1.png","datePublished":"2026-03-13T20:00:00+00:00","dateModified":"2026-03-13T03:19:07+00:00","author":{"@id":"https:\/\/www.em.com.br\/emfoco\/#\/schema\/person\/60eda09c1fedf0d6891f4cef4b60b8b8"},"description":"Troque o chanel pesado por camadas estrat\u00e9gicas do butterfly e d\u00ea leveza e densidade visual ao cabelo maduro.","breadcrumb":{"@id":"https:\/\/www.em.com.br\/emfoco\/2026\/03\/13\/adeus-cabelo-chanel-apos-os-55-anos-esse-corte-e-a-melhor-opcao-para-dar-volume-aos-cabelos-ralos\/#breadcrumb"},"inLanguage":"pt-BR","potentialAction":[{"@type":"ReadAction","target":["https:\/\/www.em.com.br\/emfoco\/2026\/03\/13\/adeus-cabelo-chanel-apos-os-55-anos-esse-corte-e-a-melhor-opcao-para-dar-volume-aos-cabelos-ralos\/"]}]},{"@type":"ImageObject","inLanguage":"pt-BR","@id":"https:\/\/www.em.com.br\/emfoco\/2026\/03\/13\/adeus-cabelo-chanel-apos-os-55-anos-esse-corte-e-a-melhor-opcao-para-dar-volume-aos-cabelos-ralos\/#primaryimage","url":"https:\/\/www.em.com.br\/emfoco\/wp-content\/uploads\/2026\/02\/Gemini_Generated_Image_qydwx9qydwx9qydw-1.png","contentUrl":"https:\/\/www.em.com.br\/emfoco\/wp-content\/uploads\/2026\/02\/Gemini_Generated_Image_qydwx9qydwx9qydw-1.png","width":1280,"height":720,"caption":"Chanel vs. Butterfly: qual corte valoriza melhor cabelos maduros"},{"@type":"BreadcrumbList","@id":"https:\/\/www.em.com.br\/emfoco\/2026\/03\/13\/adeus-cabelo-chanel-apos-os-55-anos-esse-corte-e-a-melhor-opcao-para-dar-volume-aos-cabelos-ralos\/#breadcrumb","itemListElement":[{"@type":"ListItem","position":1,"name":"In\u00edcio","item":"https:\/\/www.em.com.br\/emfoco\/"},{"@type":"ListItem","position":2,"name":"Adeus cabelo chanel ap\u00f3s os 55 anos: esse corte \u00e9 a melhor op\u00e7\u00e3o para dar volume aos cabelos ralos"}]},{"@type":"WebSite","@id":"https:\/\/www.em.com.br\/emfoco\/#website","url":"https:\/\/www.em.com.br\/emfoco\/","name":"Estado de Minas - Em foco","description":"Acompanhe as \u00faltimas not\u00edcias e fique bem informado sobre tudo o que acontece em Minas Gerais, Brasil e no mundo.","potentialAction":[{"@type":"SearchAction","target":{"@type":"EntryPoint","urlTemplate":"https:\/\/www.em.com.br\/emfoco\/?s={search_term_string}"},"query-input":{"@type":"PropertyValueSpecification","valueRequired":true,"valueName":"search_term_string"}}],"inLanguage":"pt-BR"},{"@type":"Person","@id":"https:\/\/www.em.com.br\/emfoco\/#\/schema\/person\/60eda09c1fedf0d6891f4cef4b60b8b8","name":"Andre\u0301 Rangel\u00a0","image":{"@type":"ImageObject","inLanguage":"pt-BR","@id":"https:\/\/www.em.com.br\/emfoco\/#\/schema\/person\/image\/","url":"https:\/\/secure.gravatar.com\/avatar\/6234dc814c77c8ef6d8bba622c787efc?s=96&d=mm&r=g","contentUrl":"https:\/\/secure.gravatar.com\/avatar\/6234dc814c77c8ef6d8bba622c787efc?s=96&d=mm&r=g","caption":"Andre\u0301 Rangel\u00a0"},"url":"https:\/\/www.em.com.br\/emfoco\/author\/luizmyth\/"}]}},"_links":{"self":[{"href":"https:\/\/www.em.com.br\/emfoco\/wp-json\/wp\/v2\/posts\/181175","targetHints":{"allow":["GET"]}}],"collection":[{"href":"https:\/\/www.em.com.br\/emfoco\/wp-json\/wp\/v2\/posts"}],"about":[{"href":"https:\/\/www.em.com.br\/emfoco\/wp-json\/wp\/v2\/types\/post"}],"author":[{"embeddable":true,"href":"https:\/\/www.em.com.br\/emfoco\/wp-json\/wp\/v2\/users\/11"}],"replies":[{"embeddable":true,"href":"https:\/\/www.em.com.br\/emfoco\/wp-json\/wp\/v2\/comments?post=181175"}],"version-history":[{"count":2,"href":"https:\/\/www.em.com.br\/emfoco\/wp-json\/wp\/v2\/posts\/181175\/revisions"}],"predecessor-version":[{"id":181180,"href":"https:\/\/www.em.com.br\/emfoco\/wp-json\/wp\/v2\/posts\/181175\/revisions\/181180"}],"wp:featuredmedia":[{"embeddable":true,"href":"https:\/\/www.em.com.br\/emfoco\/wp-json\/wp\/v2\/media\/164495"}],"wp:attachment":[{"href":"https:\/\/www.em.com.br\/emfoco\/wp-json\/wp\/v2\/media?parent=181175"}],"wp:term":[{"taxonomy":"category","embeddable":true,"href":"https:\/\/www.em.com.br\/emfoco\/wp-json\/wp\/v2\/categories?post=181175"},{"taxonomy":"post_tag","embeddable":true,"href":"https:\/\/www.em.com.br\/emfoco\/wp-json\/wp\/v2\/tags?post=181175"}],"curies":[{"name":"wp","href":"https:\/\/api.w.org\/{rel}","templated":true}]}}