{"id":181169,"date":"2026-03-13T11:00:00","date_gmt":"2026-03-13T14:00:00","guid":{"rendered":"https:\/\/www.em.com.br\/emfoco\/?p=181169"},"modified":"2026-03-13T00:32:32","modified_gmt":"2026-03-13T03:32:32","slug":"comunicado-para-todos-os-que-informam-o-cpf-ao-comprar-em-supermercados-em-marco-de-2026","status":"publish","type":"post","link":"https:\/\/www.em.com.br\/emfoco\/2026\/03\/13\/comunicado-para-todos-os-que-informam-o-cpf-ao-comprar-em-supermercados-em-marco-de-2026\/","title":{"rendered":"Comunicado para todos os que informam o CPF ao comprar em supermercados em mar\u00e7o de 2026"},"content":{"rendered":"\n<p>Informar o CPF no caixa do supermercado, em 2026, deixou de ser um gesto autom\u00e1tico e virou uma escolha estrat\u00e9gica: esse dado conecta suas compras a sistemas inteligentes, criando um hist\u00f3rico detalhado de consumo que impacta diretamente os pre\u00e7os, os benef\u00edcios oferecidos e o quanto sua rotina passa a ser monitorada pelo varejo.<\/p>\n\n\n\n<h2 class=\"wp-block-heading\">O que est\u00e1 por tr\u00e1s do pedido de CPF no supermercado em 2026<\/h2>\n\n\n\n<p>A insist\u00eancia no CPF no caixa, em totens de autoatendimento ou em aplicativos est\u00e1 ligada \u00e0 necessidade de identificar cada cliente de forma \u00fanica. Diferentemente de um simples cadastro com nome e e-mail, o CPF integra lojas f\u00edsicas, e-commerce, apps de entrega, programas de fidelidade e cart\u00f5es pr\u00f3prios.<\/p>\n\n\n\n<p>Na pr\u00e1tica, compras de itens b\u00e1sicos deixam de ser transa\u00e7\u00f5es isoladas e passam a compor um hist\u00f3rico cont\u00ednuo de consumo. Esse hist\u00f3rico, quanto mais completo, mais \u00fatil \u00e9 para o varejo decidir campanhas, reposi\u00e7\u00e3o de estoque e at\u00e9 abertura ou fechamento de lojas em determinadas regi\u00f5es.<\/p>\n\n\n\n<figure class=\"wp-block-image\"><img decoding=\"async\" src=\"https:\/\/www.em.com.br\/emfoco\/wp-content\/uploads\/2025\/12\/Gemini_Generated_Image_wnwqm1wnwqm1wnwq-1-1024x576.png\" alt=\"\"\/><figcaption class=\"wp-element-caption\">Muita gente ainda acha que o CPF no caixa \u00e9 s\u00f3 para desconto, mas 2026 muda esse jogo &#8211; Cr\u00e9ditos: depositphotos.com \/ Mehaniq<\/figcaption><\/figure>\n\n\n\n<h2 class=\"wp-block-heading\">Por que o CPF no supermercado \u00e9 t\u00e3o valorizado em 2026<\/h2>\n\n\n\n<p>Em um mercado de margens apertadas, o CPF no supermercado virou o eixo das estrat\u00e9gias de relacionamento com o cliente. Com esse identificador, as redes consolidam meses e anos de compras, cruzando dados para reduzir desperd\u00edcios, otimizar ofertas e aumentar a fideliza\u00e7\u00e3o.<\/p>\n\n\n\n<p>A partir dessas informa\u00e7\u00f5es, surgem perfis de consumo altamente detalhados e campanhas de descontos segmentadas. Em muitos casos, o consumidor s\u00f3 acessa determinados pre\u00e7os ou cupons personalizados quando se identifica com o CPF, o que intensifica o uso desse dado como \u201cchave\u201d de benef\u00edcios.<\/p>\n\n\n\n<h2 class=\"wp-block-heading\">Quais cuidados s\u00e3o importantes ao informar o CPF no supermercado<\/h2>\n\n\n\n<p>Com o CPF assumindo um papel t\u00e3o estrat\u00e9gico, cresce a preocupa\u00e7\u00e3o com prote\u00e7\u00e3o de dados pessoais e uso massivo de informa\u00e7\u00f5es para constru\u00e7\u00e3o de perfis. Assim, \u00e9 essencial avaliar, em cada compra, se o benef\u00edcio oferecido compensa a amplia\u00e7\u00e3o do seu rastro digital nas redes varejistas.<\/p>\n\n\n\n<p>Algumas pr\u00e1ticas ajudam a manter maior controle sobre o CPF no supermercado e em outros canais de varejo, reduzindo riscos e evitando usos excessivos para marketing e perfiliza\u00e7\u00e3o:<\/p>\n\n\n\n<ul class=\"wp-block-list\">\n<li><strong>Verificar se o CPF \u00e9 realmente obrigat\u00f3rio:<\/strong>\u00a0em muitas compras \u00e0 vista, o documento \u00e9 opcional.<\/li>\n\n\n\n<li><strong>Consultar regulamentos de programas de fidelidade:<\/strong>\u00a0entenda quais dados s\u00e3o coletados, por quanto tempo e com quem s\u00e3o compartilhados.<\/li>\n\n\n\n<li><strong>Evitar exposi\u00e7\u00e3o desnecess\u00e1ria:<\/strong>\u00a0prefira digitar o CPF em terminais, em vez de falar em voz alta em ambientes cheios.<\/li>\n\n\n\n<li><strong>Acompanhar o volume de mensagens:<\/strong>\u00a0aumento repentino de e-mails e SMS pode indicar uso intenso dos seus dados.<\/li>\n\n\n\n<li><strong>Usar seus direitos na LGPD:<\/strong>\u00a0solicite acesso, corre\u00e7\u00e3o, exclus\u00e3o ou limita\u00e7\u00e3o de uso de dados, inclusive para fins de marketing.<\/li>\n<\/ul>\n\n\n\n<figure class=\"wp-block-image\"><img decoding=\"async\" src=\"https:\/\/www.em.com.br\/emfoco\/wp-content\/uploads\/2025\/09\/CPF_1757796582648-1024x576.jpg\" alt=\"\"\/><figcaption class=\"wp-element-caption\">Muita gente ainda acha que o CPF no caixa \u00e9 s\u00f3 para desconto, mas 2026 muda esse jogo &#8211; Cr\u00e9ditos: depositphotos.com \/ Mehaniq<\/figcaption><\/figure>\n\n\n\n<h2 class=\"wp-block-heading\">Como o mercado enxerga quem informa o CPF com frequ\u00eancia<\/h2>\n\n\n\n<p>Quando o CPF \u00e9 informado de forma recorrente, o relacionamento com o supermercado deixa de ser pontual e se torna cont\u00ednuo. Cada compra registrada refor\u00e7a um perfil, que \u00e9 processado por sistemas de an\u00e1lise e intelig\u00eancia artificial para classificar clientes em grupos de comportamento espec\u00edfico.<\/p>\n\n\n\n<p>Esses agrupamentos influenciam diretamente as ofertas, descontos e comunica\u00e7\u00f5es recebidas. Ao mesmo tempo, cresce o debate sobre at\u00e9 que ponto essa personaliza\u00e7\u00e3o \u00e9 ben\u00e9fica ou invasiva, especialmente quando envolve h\u00e1bitos cotidianos e compras essenciais.<\/p>\n\n\n\n<h2 class=\"wp-block-heading\">Como decidir quando informar o CPF no supermercado em 2026<\/h2>\n\n\n\n<p>Informar o CPF no supermercado, hoje, \u00e9 uma troca clara: dados pessoais e hist\u00f3rico de consumo em troca de conveni\u00eancia, personaliza\u00e7\u00e3o e poss\u00edveis vantagens financeiras. Para muitos consumidores, criar um \u201cfiltro pessoal\u201d passou a ser a chave para equilibrar economia imediata e prote\u00e7\u00e3o de privacidade.<\/p>\n\n\n\n<p>Antes da pr\u00f3xima compra, defina seus limites e aja de forma consciente: questione se o desconto realmente vale a exposi\u00e7\u00e3o, revise permiss\u00f5es em aplicativos, limite o uso do CPF a poucas redes de confian\u00e7a e, se necess\u00e1rio, exer\u00e7a agora seus direitos na LGPD. Cada decis\u00e3o no caixa \u00e9 urgente e conta para o tipo de rastro digital que voc\u00ea vai deixar \u2013 e para o controle que ter\u00e1 sobre a sua pr\u00f3pria rotina de consumo.<\/p>\n","protected":false},"excerpt":{"rendered":"<p>Informar o CPF no caixa do supermercado, em 2026, deixou de ser um gesto autom\u00e1tico e virou uma escolha estrat\u00e9gica: esse dado conecta suas compras a sistemas inteligentes, criando um hist\u00f3rico detalhado de consumo que impacta diretamente os pre\u00e7os, os benef\u00edcios oferecidos e o quanto sua rotina passa a ser monitorada pelo varejo. O que [&hellip;]<\/p>\n","protected":false},"author":11,"featured_media":166936,"comment_status":"open","ping_status":"open","sticky":false,"template":"","format":"standard","meta":{"jnews-multi-image_gallery":[],"jnews_single_post":{"format":"standard"},"jnews_primary_category":[],"jnews_social_meta":[],"jnews_override_counter":[],"footnotes":""},"categories":[28,1],"tags":[848,398,3134,22385,22386],"class_list":["post-181169","post","type-post","status-publish","format-standard","has-post-thumbnail","hentry","category-economia","category-noticias","tag-cpf","tag-cpf-na-nota","tag-cpf-na-nota-fiscal","tag-cpf-nas-compras","tag-cpf-no-supermercado"],"yoast_head":"<!-- This site is optimized with the Yoast SEO plugin v23.8 - https:\/\/yoast.com\/wordpress\/plugins\/seo\/ -->\n<title>Comunicado para todos os que informam o CPF ao comprar em supermercados em mar\u00e7o de 2026 - Estado de Minas - Em foco<\/title>\n<meta name=\"description\" content=\"Alerta 2026: comunicado para todos que informam o CPF ao comprar em supermercados, entenda riscos, mudan\u00e7as na lei e como se proteger!\" \/>\n<meta name=\"robots\" content=\"index, follow, max-snippet:-1, max-image-preview:large, max-video-preview:-1\" \/>\n<link rel=\"canonical\" href=\"https:\/\/www.em.com.br\/emfoco\/2026\/03\/13\/comunicado-para-todos-os-que-informam-o-cpf-ao-comprar-em-supermercados-em-marco-de-2026\/\" \/>\n<meta property=\"og:locale\" content=\"pt_BR\" \/>\n<meta property=\"og:type\" content=\"article\" \/>\n<meta property=\"og:title\" content=\"Comunicado para todos os que informam o CPF ao comprar em supermercados em mar\u00e7o de 2026 - Estado de Minas - Em foco\" \/>\n<meta property=\"og:description\" content=\"Alerta 2026: comunicado para todos que informam o CPF ao comprar em supermercados, entenda riscos, mudan\u00e7as na lei e como se proteger!\" \/>\n<meta property=\"og:url\" content=\"https:\/\/www.em.com.br\/emfoco\/2026\/03\/13\/comunicado-para-todos-os-que-informam-o-cpf-ao-comprar-em-supermercados-em-marco-de-2026\/\" \/>\n<meta property=\"og:site_name\" content=\"Estado de Minas - Em foco\" \/>\n<meta property=\"article:published_time\" content=\"2026-03-13T14:00:00+00:00\" \/>\n<meta property=\"article:modified_time\" content=\"2026-03-13T03:32:32+00:00\" \/>\n<meta property=\"og:image\" content=\"https:\/\/www.em.com.br\/emfoco\/wp-content\/uploads\/2026\/02\/ChatGPT-Image-9-de-fev.-de-2026-23_56_39-1.png\" \/>\n\t<meta property=\"og:image:width\" content=\"1280\" \/>\n\t<meta property=\"og:image:height\" content=\"720\" \/>\n\t<meta property=\"og:image:type\" content=\"image\/png\" \/>\n<meta name=\"author\" content=\"Andre\u0301 Rangel\u00a0\" \/>\n<meta name=\"twitter:card\" content=\"summary_large_image\" \/>\n<meta name=\"twitter:label1\" content=\"Escrito por\" \/>\n\t<meta name=\"twitter:data1\" content=\"Andre\u0301 Rangel\u00a0\" \/>\n\t<meta name=\"twitter:label2\" content=\"Est. tempo de leitura\" \/>\n\t<meta name=\"twitter:data2\" content=\"5 minutos\" \/>\n<!-- \/ Yoast SEO plugin. -->","yoast_head_json":{"title":"Comunicado para todos os que informam o CPF ao comprar em supermercados em mar\u00e7o de 2026 - Estado de Minas - Em foco","description":"Alerta 2026: comunicado para todos que informam o CPF ao comprar em supermercados, entenda riscos, mudan\u00e7as na lei e como se proteger!","robots":{"index":"index","follow":"follow","max-snippet":"max-snippet:-1","max-image-preview":"max-image-preview:large","max-video-preview":"max-video-preview:-1"},"canonical":"https:\/\/www.em.com.br\/emfoco\/2026\/03\/13\/comunicado-para-todos-os-que-informam-o-cpf-ao-comprar-em-supermercados-em-marco-de-2026\/","og_locale":"pt_BR","og_type":"article","og_title":"Comunicado para todos os que informam o CPF ao comprar em supermercados em mar\u00e7o de 2026 - Estado de Minas - Em foco","og_description":"Alerta 2026: comunicado para todos que informam o CPF ao comprar em supermercados, entenda riscos, mudan\u00e7as na lei e como se proteger!","og_url":"https:\/\/www.em.com.br\/emfoco\/2026\/03\/13\/comunicado-para-todos-os-que-informam-o-cpf-ao-comprar-em-supermercados-em-marco-de-2026\/","og_site_name":"Estado de Minas - Em foco","article_published_time":"2026-03-13T14:00:00+00:00","article_modified_time":"2026-03-13T03:32:32+00:00","og_image":[{"width":1280,"height":720,"url":"https:\/\/www.em.com.br\/emfoco\/wp-content\/uploads\/2026\/02\/ChatGPT-Image-9-de-fev.-de-2026-23_56_39-1.png","type":"image\/png"}],"author":"Andre\u0301 Rangel\u00a0","twitter_card":"summary_large_image","twitter_misc":{"Escrito por":"Andre\u0301 Rangel\u00a0","Est. tempo de leitura":"5 minutos"},"schema":{"@context":"https:\/\/schema.org","@graph":[{"@type":"WebPage","@id":"https:\/\/www.em.com.br\/emfoco\/2026\/03\/13\/comunicado-para-todos-os-que-informam-o-cpf-ao-comprar-em-supermercados-em-marco-de-2026\/","url":"https:\/\/www.em.com.br\/emfoco\/2026\/03\/13\/comunicado-para-todos-os-que-informam-o-cpf-ao-comprar-em-supermercados-em-marco-de-2026\/","name":"Comunicado para todos os que informam o CPF ao comprar em supermercados em mar\u00e7o de 2026 - Estado de Minas - Em foco","isPartOf":{"@id":"https:\/\/www.em.com.br\/emfoco\/#website"},"primaryImageOfPage":{"@id":"https:\/\/www.em.com.br\/emfoco\/2026\/03\/13\/comunicado-para-todos-os-que-informam-o-cpf-ao-comprar-em-supermercados-em-marco-de-2026\/#primaryimage"},"image":{"@id":"https:\/\/www.em.com.br\/emfoco\/2026\/03\/13\/comunicado-para-todos-os-que-informam-o-cpf-ao-comprar-em-supermercados-em-marco-de-2026\/#primaryimage"},"thumbnailUrl":"https:\/\/www.em.com.br\/emfoco\/wp-content\/uploads\/2026\/02\/ChatGPT-Image-9-de-fev.-de-2026-23_56_39-1.png","datePublished":"2026-03-13T14:00:00+00:00","dateModified":"2026-03-13T03:32:32+00:00","author":{"@id":"https:\/\/www.em.com.br\/emfoco\/#\/schema\/person\/60eda09c1fedf0d6891f4cef4b60b8b8"},"description":"Alerta 2026: comunicado para todos que informam o CPF ao comprar em supermercados, entenda riscos, mudan\u00e7as na lei e como se proteger!","breadcrumb":{"@id":"https:\/\/www.em.com.br\/emfoco\/2026\/03\/13\/comunicado-para-todos-os-que-informam-o-cpf-ao-comprar-em-supermercados-em-marco-de-2026\/#breadcrumb"},"inLanguage":"pt-BR","potentialAction":[{"@type":"ReadAction","target":["https:\/\/www.em.com.br\/emfoco\/2026\/03\/13\/comunicado-para-todos-os-que-informam-o-cpf-ao-comprar-em-supermercados-em-marco-de-2026\/"]}]},{"@type":"ImageObject","inLanguage":"pt-BR","@id":"https:\/\/www.em.com.br\/emfoco\/2026\/03\/13\/comunicado-para-todos-os-que-informam-o-cpf-ao-comprar-em-supermercados-em-marco-de-2026\/#primaryimage","url":"https:\/\/www.em.com.br\/emfoco\/wp-content\/uploads\/2026\/02\/ChatGPT-Image-9-de-fev.-de-2026-23_56_39-1.png","contentUrl":"https:\/\/www.em.com.br\/emfoco\/wp-content\/uploads\/2026\/02\/ChatGPT-Image-9-de-fev.-de-2026-23_56_39-1.png","width":1280,"height":720,"caption":"Por que as redes de supermercado pedem o CPF do consumidor"},{"@type":"BreadcrumbList","@id":"https:\/\/www.em.com.br\/emfoco\/2026\/03\/13\/comunicado-para-todos-os-que-informam-o-cpf-ao-comprar-em-supermercados-em-marco-de-2026\/#breadcrumb","itemListElement":[{"@type":"ListItem","position":1,"name":"In\u00edcio","item":"https:\/\/www.em.com.br\/emfoco\/"},{"@type":"ListItem","position":2,"name":"Comunicado para todos os que informam o CPF ao comprar em supermercados em mar\u00e7o de 2026"}]},{"@type":"WebSite","@id":"https:\/\/www.em.com.br\/emfoco\/#website","url":"https:\/\/www.em.com.br\/emfoco\/","name":"Estado de Minas - Em foco","description":"Acompanhe as \u00faltimas not\u00edcias e fique bem informado sobre tudo o que acontece em Minas Gerais, Brasil e no mundo.","potentialAction":[{"@type":"SearchAction","target":{"@type":"EntryPoint","urlTemplate":"https:\/\/www.em.com.br\/emfoco\/?s={search_term_string}"},"query-input":{"@type":"PropertyValueSpecification","valueRequired":true,"valueName":"search_term_string"}}],"inLanguage":"pt-BR"},{"@type":"Person","@id":"https:\/\/www.em.com.br\/emfoco\/#\/schema\/person\/60eda09c1fedf0d6891f4cef4b60b8b8","name":"Andre\u0301 Rangel\u00a0","image":{"@type":"ImageObject","inLanguage":"pt-BR","@id":"https:\/\/www.em.com.br\/emfoco\/#\/schema\/person\/image\/","url":"https:\/\/secure.gravatar.com\/avatar\/6234dc814c77c8ef6d8bba622c787efc?s=96&d=mm&r=g","contentUrl":"https:\/\/secure.gravatar.com\/avatar\/6234dc814c77c8ef6d8bba622c787efc?s=96&d=mm&r=g","caption":"Andre\u0301 Rangel\u00a0"},"url":"https:\/\/www.em.com.br\/emfoco\/author\/luizmyth\/"}]}},"_links":{"self":[{"href":"https:\/\/www.em.com.br\/emfoco\/wp-json\/wp\/v2\/posts\/181169","targetHints":{"allow":["GET"]}}],"collection":[{"href":"https:\/\/www.em.com.br\/emfoco\/wp-json\/wp\/v2\/posts"}],"about":[{"href":"https:\/\/www.em.com.br\/emfoco\/wp-json\/wp\/v2\/types\/post"}],"author":[{"embeddable":true,"href":"https:\/\/www.em.com.br\/emfoco\/wp-json\/wp\/v2\/users\/11"}],"replies":[{"embeddable":true,"href":"https:\/\/www.em.com.br\/emfoco\/wp-json\/wp\/v2\/comments?post=181169"}],"version-history":[{"count":1,"href":"https:\/\/www.em.com.br\/emfoco\/wp-json\/wp\/v2\/posts\/181169\/revisions"}],"predecessor-version":[{"id":181173,"href":"https:\/\/www.em.com.br\/emfoco\/wp-json\/wp\/v2\/posts\/181169\/revisions\/181173"}],"wp:featuredmedia":[{"embeddable":true,"href":"https:\/\/www.em.com.br\/emfoco\/wp-json\/wp\/v2\/media\/166936"}],"wp:attachment":[{"href":"https:\/\/www.em.com.br\/emfoco\/wp-json\/wp\/v2\/media?parent=181169"}],"wp:term":[{"taxonomy":"category","embeddable":true,"href":"https:\/\/www.em.com.br\/emfoco\/wp-json\/wp\/v2\/categories?post=181169"},{"taxonomy":"post_tag","embeddable":true,"href":"https:\/\/www.em.com.br\/emfoco\/wp-json\/wp\/v2\/tags?post=181169"}],"curies":[{"name":"wp","href":"https:\/\/api.w.org\/{rel}","templated":true}]}}