{"id":181159,"date":"2026-03-13T08:30:00","date_gmt":"2026-03-13T11:30:00","guid":{"rendered":"https:\/\/www.em.com.br\/emfoco\/?p=181159"},"modified":"2026-03-13T00:32:27","modified_gmt":"2026-03-13T03:32:27","slug":"adeus-balayage-com-essa-nova-tecnica-que-disfarca-os-cabelos-brancos-sem-marcar-a-raiz","status":"publish","type":"post","link":"https:\/\/www.em.com.br\/emfoco\/2026\/03\/13\/adeus-balayage-com-essa-nova-tecnica-que-disfarca-os-cabelos-brancos-sem-marcar-a-raiz\/","title":{"rendered":"Adeus balayage com essa nova t\u00e9cnica que disfar\u00e7a os cabelos brancos sem marcar a raiz"},"content":{"rendered":"\n<p>O&nbsp;<strong>hair melting em cabelo grisalho<\/strong>&nbsp;vem ganhando espa\u00e7o em sal\u00f5es de beleza como uma alternativa moderna para quem busca uma transi\u00e7\u00e3o mais suave entre fios brancos e a cor anterior, integrando o grisalho ao visual, reduzindo a necessidade de retoques constantes e deixando o crescimento da raiz menos marcado no dia a dia.<\/p>\n\n\n\n<h2 class=\"wp-block-heading\">O que \u00e9 hair melting em cabelo grisalho e como funciona essa t\u00e9cnica?<\/h2>\n\n\n\n<p>O&nbsp;<strong>hair melting<\/strong>&nbsp;em cabelos grisalhos \u00e9 uma t\u00e9cnica de colora\u00e7\u00e3o que usa camadas de tons semelhantes, aplicadas de forma estrat\u00e9gica da raiz \u00e0s pontas. Em vez de um tom \u00fanico, o profissional combina duas ou mais nuances da mesma fam\u00edlia de cor para criar um efeito de \u201cderretimento\u201d suave entre o couro cabeludo e o comprimento.<\/p>\n\n\n\n<p>Na raiz com fios brancos, aplica-se um tom levemente mais profundo para reduzir o contraste, sem bloquear totalmente o grisalho. O comprimento recebe cores pr\u00f3ximas \u00e0 base natural em mechas finas, enquanto as pontas podem ser alinhadas com tonalizantes ou gloss, garantindo brilho e um resultado coerente em todo o cabelo.<\/p>\n\n\n\n<p>Selecionamos o v\u00eddeo do <a href=\"https:\/\/www.instagram.com\/jairtavaresconsultorias\/reels\/#\"><\/a><a href=\"https:\/\/www.instagram.com\/jairtavaresconsultorias\/reels\/#\">jairtavaresconsultorias<\/a> que faz sucesso no Instagram com seus v\u00eddeos:<\/p>\n\n\n\n<blockquote class=\"instagram-media\" data-instgrm-captioned data-instgrm-permalink=\"https:\/\/www.instagram.com\/reel\/DTyE7HQj7KT\/?utm_source=ig_embed&amp;utm_campaign=loading\" data-instgrm-version=\"14\" style=\" background:#FFF; border:0; border-radius:3px; box-shadow:0 0 1px 0 rgba(0,0,0,0.5),0 1px 10px 0 rgba(0,0,0,0.15); margin: 1px; max-width:540px; min-width:326px; padding:0; width:99.375%; width:-webkit-calc(100% - 2px); width:calc(100% - 2px);\"><div style=\"padding:16px;\"> <a href=\"https:\/\/www.instagram.com\/reel\/DTyE7HQj7KT\/?utm_source=ig_embed&amp;utm_campaign=loading\" style=\" background:#FFFFFF; line-height:0; padding:0 0; text-align:center; text-decoration:none; width:100%;\" target=\"_blank\"> <div style=\" display: flex; flex-direction: row; align-items: center;\"> <div style=\"background-color: #F4F4F4; border-radius: 50%; flex-grow: 0; height: 40px; margin-right: 14px; width: 40px;\"><\/div> <div style=\"display: flex; flex-direction: column; flex-grow: 1; justify-content: center;\"> <div style=\" background-color: #F4F4F4; border-radius: 4px; flex-grow: 0; height: 14px; margin-bottom: 6px; width: 100px;\"><\/div> <div style=\" background-color: #F4F4F4; border-radius: 4px; flex-grow: 0; height: 14px; width: 60px;\"><\/div><\/div><\/div><div style=\"padding: 19% 0;\"><\/div> <div style=\"display:block; height:50px; margin:0 auto 12px; width:50px;\"><svg width=\"50px\" height=\"50px\" viewBox=\"0 0 60 60\" version=\"1.1\" xmlns=\"https:\/\/www.w3.org\/2000\/svg\" xmlns:xlink=\"https:\/\/www.w3.org\/1999\/xlink\"><g stroke=\"none\" stroke-width=\"1\" fill=\"none\" fill-rule=\"evenodd\"><g transform=\"translate(-511.000000, -20.000000)\" fill=\"#000000\"><g><path d=\"M556.869,30.41 C554.814,30.41 553.148,32.076 553.148,34.131 C553.148,36.186 554.814,37.852 556.869,37.852 C558.924,37.852 560.59,36.186 560.59,34.131 C560.59,32.076 558.924,30.41 556.869,30.41 M541,60.657 C535.114,60.657 530.342,55.887 530.342,50 C530.342,44.114 535.114,39.342 541,39.342 C546.887,39.342 551.658,44.114 551.658,50 C551.658,55.887 546.887,60.657 541,60.657 M541,33.886 C532.1,33.886 524.886,41.1 524.886,50 C524.886,58.899 532.1,66.113 541,66.113 C549.9,66.113 557.115,58.899 557.115,50 C557.115,41.1 549.9,33.886 541,33.886 M565.378,62.101 C565.244,65.022 564.756,66.606 564.346,67.663 C563.803,69.06 563.154,70.057 562.106,71.106 C561.058,72.155 560.06,72.803 558.662,73.347 C557.607,73.757 556.021,74.244 553.102,74.378 C549.944,74.521 548.997,74.552 541,74.552 C533.003,74.552 532.056,74.521 528.898,74.378 C525.979,74.244 524.393,73.757 523.338,73.347 C521.94,72.803 520.942,72.155 519.894,71.106 C518.846,70.057 518.197,69.06 517.654,67.663 C517.244,66.606 516.755,65.022 516.623,62.101 C516.479,58.943 516.448,57.996 516.448,50 C516.448,42.003 516.479,41.056 516.623,37.899 C516.755,34.978 517.244,33.391 517.654,32.338 C518.197,30.938 518.846,29.942 519.894,28.894 C520.942,27.846 521.94,27.196 523.338,26.654 C524.393,26.244 525.979,25.756 528.898,25.623 C532.057,25.479 533.004,25.448 541,25.448 C548.997,25.448 549.943,25.479 553.102,25.623 C556.021,25.756 557.607,26.244 558.662,26.654 C560.06,27.196 561.058,27.846 562.106,28.894 C563.154,29.942 563.803,30.938 564.346,32.338 C564.756,33.391 565.244,34.978 565.378,37.899 C565.522,41.056 565.552,42.003 565.552,50 C565.552,57.996 565.522,58.943 565.378,62.101 M570.82,37.631 C570.674,34.438 570.167,32.258 569.425,30.349 C568.659,28.377 567.633,26.702 565.965,25.035 C564.297,23.368 562.623,22.342 560.652,21.575 C558.743,20.834 556.562,20.326 553.369,20.18 C550.169,20.033 549.148,20 541,20 C532.853,20 531.831,20.033 528.631,20.18 C525.438,20.326 523.257,20.834 521.349,21.575 C519.376,22.342 517.703,23.368 516.035,25.035 C514.368,26.702 513.342,28.377 512.574,30.349 C511.834,32.258 511.326,34.438 511.181,37.631 C511.035,40.831 511,41.851 511,50 C511,58.147 511.035,59.17 511.181,62.369 C511.326,65.562 511.834,67.743 512.574,69.651 C513.342,71.625 514.368,73.296 516.035,74.965 C517.703,76.634 519.376,77.658 521.349,78.425 C523.257,79.167 525.438,79.673 528.631,79.82 C531.831,79.965 532.853,80.001 541,80.001 C549.148,80.001 550.169,79.965 553.369,79.82 C556.562,79.673 558.743,79.167 560.652,78.425 C562.623,77.658 564.297,76.634 565.965,74.965 C567.633,73.296 568.659,71.625 569.425,69.651 C570.167,67.743 570.674,65.562 570.82,62.369 C570.966,59.17 571,58.147 571,50 C571,41.851 570.966,40.831 570.82,37.631\"><\/path><\/g><\/g><\/g><\/svg><\/div><div style=\"padding-top: 8px;\"> <div style=\" color:#3897f0; font-family:Arial,sans-serif; font-size:14px; font-style:normal; font-weight:550; line-height:18px;\">Ver essa foto no Instagram<\/div><\/div><div style=\"padding: 12.5% 0;\"><\/div> <div style=\"display: flex; flex-direction: row; margin-bottom: 14px; align-items: center;\"><div> <div style=\"background-color: #F4F4F4; border-radius: 50%; height: 12.5px; width: 12.5px; transform: translateX(0px) translateY(7px);\"><\/div> <div style=\"background-color: #F4F4F4; height: 12.5px; transform: rotate(-45deg) translateX(3px) translateY(1px); width: 12.5px; flex-grow: 0; margin-right: 14px; margin-left: 2px;\"><\/div> <div style=\"background-color: #F4F4F4; border-radius: 50%; height: 12.5px; width: 12.5px; transform: translateX(9px) translateY(-18px);\"><\/div><\/div><div style=\"margin-left: 8px;\"> <div style=\" background-color: #F4F4F4; border-radius: 50%; flex-grow: 0; height: 20px; width: 20px;\"><\/div> <div style=\" width: 0; height: 0; border-top: 2px solid transparent; border-left: 6px solid #f4f4f4; border-bottom: 2px solid transparent; transform: translateX(16px) translateY(-4px) rotate(30deg)\"><\/div><\/div><div style=\"margin-left: auto;\"> <div style=\" width: 0px; border-top: 8px solid #F4F4F4; border-right: 8px solid transparent; transform: translateY(16px);\"><\/div> <div style=\" background-color: #F4F4F4; flex-grow: 0; height: 12px; width: 16px; transform: translateY(-4px);\"><\/div> <div style=\" width: 0; height: 0; border-top: 8px solid #F4F4F4; border-left: 8px solid transparent; transform: translateY(-4px) translateX(8px);\"><\/div><\/div><\/div> <div style=\"display: flex; flex-direction: column; flex-grow: 1; justify-content: center; margin-bottom: 24px;\"> <div style=\" background-color: #F4F4F4; border-radius: 4px; flex-grow: 0; height: 14px; margin-bottom: 6px; width: 224px;\"><\/div> <div style=\" background-color: #F4F4F4; border-radius: 4px; flex-grow: 0; height: 14px; width: 144px;\"><\/div><\/div><\/a><p style=\" color:#c9c8cd; font-family:Arial,sans-serif; font-size:14px; line-height:17px; margin-bottom:0; margin-top:8px; overflow:hidden; padding:8px 0 7px; text-align:center; text-overflow:ellipsis; white-space:nowrap;\"><a href=\"https:\/\/www.instagram.com\/reel\/DTyE7HQj7KT\/?utm_source=ig_embed&amp;utm_campaign=loading\" style=\" color:#c9c8cd; font-family:Arial,sans-serif; font-size:14px; font-style:normal; font-weight:normal; line-height:17px; text-decoration:none;\" target=\"_blank\">Um post compartilhado por Gest\u00e3o para sal\u00e3o de beleza (@jairtavaresconsultorias)<\/a><\/p><\/div><\/blockquote>\n<script async src=\"\/\/www.instagram.com\/embed.js\"><\/script>\n\n\n\n<h2 class=\"wp-block-heading\">Para quem o hair melting em cabelo grisalho \u00e9 mais indicado?<\/h2>\n\n\n\n<p>O&nbsp;<strong>hair melting em cabelo grisalho<\/strong>&nbsp;\u00e9 indicado para quem tem entre 20% e 70% de fios brancos e n\u00e3o deseja uma cobertura r\u00edgida. Em bases castanhas m\u00e9dias, castanhas claras e loiros escuros, a transi\u00e7\u00e3o fica especialmente harmoniosa, pois as nuances pr\u00f3ximas se misturam com naturalidade.<\/p>\n\n\n\n<p>A t\u00e9cnica \u00e9 pr\u00e1tica para quem quer reduzir manuten\u00e7\u00e3o, ajustar reflexos antigos ou come\u00e7ar a conviver com os primeiros fios brancos de forma discreta. Ela funciona bem para quem prefere um visual org\u00e2nico, em que o grisalho faz parte da paleta de cor, e n\u00e3o um \u201cbloco\u201d separado de raiz branca.<\/p>\n\n\n\n<h2 class=\"wp-block-heading\">Como o hair melting em cabelo grisalho \u00e9 feito passo a passo?<\/h2>\n\n\n\n<p>Antes de iniciar o&nbsp;<em>hair melting<\/em>, o profissional avalia hist\u00f3rico de qu\u00edmicas, textura, porosidade e o padr\u00e3o de distribui\u00e7\u00e3o dos fios brancos. Tamb\u00e9m observa como o cabelo \u00e9 usado no dia a dia, como a forma de repartir ou prender, para desenhar a cor de maneira personalizada.<\/p>\n\n\n\n<p>De forma geral, o processo segue algumas etapas que garantem um efeito suave e bem integrado entre raiz e comprimento:<\/p>\n\n\n\n<ol class=\"wp-block-list\">\n<li><strong>Avalia\u00e7\u00e3o e mapeamento:<\/strong>\u00a0an\u00e1lise da quantidade de fios grisalhos, textura, porosidade e \u00e1reas com maior concentra\u00e7\u00e3o de branco.<\/li>\n\n\n\n<li><strong>Raiz esfumada:<\/strong>\u00a0aplica\u00e7\u00e3o de um tom um pouco mais escuro perto do couro cabeludo, suavizando o impacto dos brancos sem criar uma faixa marcada.<\/li>\n\n\n\n<li><strong>Transi\u00e7\u00e3o intermedi\u00e1ria:<\/strong>\u00a0uso de nuances pr\u00f3ximas \u00e0 cor natural em mechas finas, construindo uma \u201cponte\u201d entre raiz e comprimento.<\/li>\n\n\n\n<li><strong>Acabamento de pontas:<\/strong>\u00a0tonalizante ou gloss para alinhar reflexos antigos, corrigir amarelado ou alaranjado e dar brilho ao conjunto.<\/li>\n<\/ol>\n\n\n\n<figure class=\"wp-block-image\"><img decoding=\"async\" src=\"https:\/\/www.em.com.br\/emfoco\/wp-content\/uploads\/2026\/02\/ChatGPT-Image-4-de-fev.-de-2026-15_58_04-1-1024x576.png\" alt=\"\"\/><figcaption class=\"wp-element-caption\">Hair melting deixa o grisalho mais bonito e f\u00e1cil de manter<\/figcaption><\/figure>\n\n\n\n<h2 class=\"wp-block-heading\">Quanto tempo o hair melting em cabelo grisalho dura e como cuidar melhor?<\/h2>\n\n\n\n<p>A durabilidade m\u00e9dia do&nbsp;<strong>hair melting<\/strong>&nbsp;em cabelos grisalhos varia entre oito e doze semanas, dependendo do crescimento do fio, da textura e dos cuidados em casa. Como a proposta n\u00e3o \u00e9 esconder totalmente a raiz, o aparecimento de novos brancos fica mais discreto, permitindo um intervalo maior entre as idas ao sal\u00e3o.<\/p>\n\n\n\n<p>Para preservar o efeito de&nbsp;<strong>melting em cabelo grisalho<\/strong>&nbsp;por mais tempo, alguns cuidados simples na rotina ajudam a manter cor, brilho e reflexos equilibrados:<\/p>\n\n\n\n<ul class=\"wp-block-list\">\n<li><strong>Produtos suaves:<\/strong>\u00a0prefira shampoos menos agressivos e espec\u00edficos para cabelos coloridos, para evitar desbotamento precoce.<\/li>\n\n\n\n<li><strong>Controle de reflexos:<\/strong>\u00a0use shampoo roxo ou azul de forma ocasional para neutralizar o amarelado, principalmente em fios claros.<\/li>\n\n\n\n<li><strong>Prote\u00e7\u00e3o t\u00e9rmica:<\/strong>\u00a0aplique protetor antes de secador, chapinha ou modelador, reduzindo ressecamento e exposi\u00e7\u00e3o de subtons quentes.<\/li>\n\n\n\n<li><strong>Cuidados com piscina e mar:<\/strong>\u00a0enx\u00e1gue o cabelo logo ap\u00f3s o contato com cloro ou \u00e1gua salgada e use m\u00e1scaras nutritivas com frequ\u00eancia.<\/li>\n<\/ul>\n\n\n\n<h2 class=\"wp-block-heading\">O hair melting substitui outras t\u00e9cnicas e como decidir pelo melhor para voc\u00ea?<\/h2>\n\n\n\n<p>O crescimento do&nbsp;<strong>hair melting em cabelo grisalho<\/strong>&nbsp;amplia as possibilidades de colora\u00e7\u00e3o, mas n\u00e3o elimina op\u00e7\u00f5es cl\u00e1ssicas como cobertura total, reflexos finos, luzes marcadas ou simplesmente assumir o grisalho natural. Ele ocupa um lugar intermedi\u00e1rio, ideal para quem busca equil\u00edbrio entre praticidade, naturalidade e integra\u00e7\u00e3o dos fios brancos \u00e0 cor existente.<\/p>\n\n\n\n<p>A escolha entre hair melting, colora\u00e7\u00e3o tradicional ou outras t\u00e9cnicas deve ser feita em parceria com um profissional, considerando rotina, or\u00e7amento, hist\u00f3rico qu\u00edmico e o quanto de branco voc\u00ea quer deixar aparente. Se voc\u00ea quer uma transi\u00e7\u00e3o planejada, bonita em todas as fases e com menos depend\u00eancia de retoque de raiz, agende sua avalia\u00e7\u00e3o com um colorista de confian\u00e7a ainda hoje e d\u00ea o primeiro passo para um grisalho moderno e cheio de personalidade.<\/p>\n","protected":false},"excerpt":{"rendered":"<p>O&nbsp;hair melting em cabelo grisalho&nbsp;vem ganhando espa\u00e7o em sal\u00f5es de beleza como uma alternativa moderna para quem busca uma transi\u00e7\u00e3o mais suave entre fios brancos e a cor anterior, integrando o grisalho ao visual, reduzindo a necessidade de retoques constantes e deixando o crescimento da raiz menos marcado no dia a dia. O que \u00e9 [&hellip;]<\/p>\n","protected":false},"author":11,"featured_media":164644,"comment_status":"open","ping_status":"open","sticky":false,"template":"","format":"standard","meta":{"jnews-multi-image_gallery":[],"jnews_single_post":{"format":"standard"},"jnews_primary_category":[],"jnews_social_meta":[],"jnews_override_counter":[],"footnotes":""},"categories":[8819,1],"tags":[2616,4905,15796,8198,1920],"class_list":["post-181159","post","type-post","status-publish","format-standard","has-post-thumbnail","hentry","category-curiosidades","category-noticias","tag-beleza","tag-cabelo","tag-cabelo-grisalho","tag-cabelos-brancos","tag-tendencia"],"yoast_head":"<!-- This site is optimized with the Yoast SEO plugin v23.8 - https:\/\/yoast.com\/wordpress\/plugins\/seo\/ -->\n<title>Adeus balayage com essa nova t\u00e9cnica que disfar\u00e7a os cabelos brancos sem marcar a raiz - Estado de Minas - Em foco<\/title>\n<meta name=\"description\" content=\"O hair melting em cabelo grisalho suaviza a raiz branca e reduz a necessidade de retoques frequentes. Veja como funciona e para quem \u00e9 indicado.\" \/>\n<meta name=\"robots\" content=\"index, follow, max-snippet:-1, max-image-preview:large, max-video-preview:-1\" \/>\n<link rel=\"canonical\" href=\"https:\/\/www.em.com.br\/emfoco\/2026\/03\/13\/adeus-balayage-com-essa-nova-tecnica-que-disfarca-os-cabelos-brancos-sem-marcar-a-raiz\/\" \/>\n<meta property=\"og:locale\" content=\"pt_BR\" \/>\n<meta property=\"og:type\" content=\"article\" \/>\n<meta property=\"og:title\" content=\"Adeus balayage com essa nova t\u00e9cnica que disfar\u00e7a os cabelos brancos sem marcar a raiz - Estado de Minas - Em foco\" \/>\n<meta property=\"og:description\" content=\"O hair melting em cabelo grisalho suaviza a raiz branca e reduz a necessidade de retoques frequentes. Veja como funciona e para quem \u00e9 indicado.\" \/>\n<meta property=\"og:url\" content=\"https:\/\/www.em.com.br\/emfoco\/2026\/03\/13\/adeus-balayage-com-essa-nova-tecnica-que-disfarca-os-cabelos-brancos-sem-marcar-a-raiz\/\" \/>\n<meta property=\"og:site_name\" content=\"Estado de Minas - Em foco\" \/>\n<meta property=\"article:published_time\" content=\"2026-03-13T11:30:00+00:00\" \/>\n<meta property=\"article:modified_time\" content=\"2026-03-13T03:32:27+00:00\" \/>\n<meta property=\"og:image\" content=\"https:\/\/www.em.com.br\/emfoco\/wp-content\/uploads\/2026\/02\/Gemini_Generated_Image_r6n0p5r6n0p5r6n0-1.png\" \/>\n\t<meta property=\"og:image:width\" content=\"1280\" \/>\n\t<meta property=\"og:image:height\" content=\"720\" \/>\n\t<meta property=\"og:image:type\" content=\"image\/png\" \/>\n<meta name=\"author\" content=\"Andre\u0301 Rangel\u00a0\" \/>\n<meta name=\"twitter:card\" content=\"summary_large_image\" \/>\n<meta name=\"twitter:label1\" content=\"Escrito por\" \/>\n\t<meta name=\"twitter:data1\" content=\"Andre\u0301 Rangel\u00a0\" \/>\n\t<meta name=\"twitter:label2\" content=\"Est. tempo de leitura\" \/>\n\t<meta name=\"twitter:data2\" content=\"5 minutos\" \/>\n<!-- \/ Yoast SEO plugin. -->","yoast_head_json":{"title":"Adeus balayage com essa nova t\u00e9cnica que disfar\u00e7a os cabelos brancos sem marcar a raiz - Estado de Minas - Em foco","description":"O hair melting em cabelo grisalho suaviza a raiz branca e reduz a necessidade de retoques frequentes. Veja como funciona e para quem \u00e9 indicado.","robots":{"index":"index","follow":"follow","max-snippet":"max-snippet:-1","max-image-preview":"max-image-preview:large","max-video-preview":"max-video-preview:-1"},"canonical":"https:\/\/www.em.com.br\/emfoco\/2026\/03\/13\/adeus-balayage-com-essa-nova-tecnica-que-disfarca-os-cabelos-brancos-sem-marcar-a-raiz\/","og_locale":"pt_BR","og_type":"article","og_title":"Adeus balayage com essa nova t\u00e9cnica que disfar\u00e7a os cabelos brancos sem marcar a raiz - Estado de Minas - Em foco","og_description":"O hair melting em cabelo grisalho suaviza a raiz branca e reduz a necessidade de retoques frequentes. Veja como funciona e para quem \u00e9 indicado.","og_url":"https:\/\/www.em.com.br\/emfoco\/2026\/03\/13\/adeus-balayage-com-essa-nova-tecnica-que-disfarca-os-cabelos-brancos-sem-marcar-a-raiz\/","og_site_name":"Estado de Minas - Em foco","article_published_time":"2026-03-13T11:30:00+00:00","article_modified_time":"2026-03-13T03:32:27+00:00","og_image":[{"width":1280,"height":720,"url":"https:\/\/www.em.com.br\/emfoco\/wp-content\/uploads\/2026\/02\/Gemini_Generated_Image_r6n0p5r6n0p5r6n0-1.png","type":"image\/png"}],"author":"Andre\u0301 Rangel\u00a0","twitter_card":"summary_large_image","twitter_misc":{"Escrito por":"Andre\u0301 Rangel\u00a0","Est. tempo de leitura":"5 minutos"},"schema":{"@context":"https:\/\/schema.org","@graph":[{"@type":"WebPage","@id":"https:\/\/www.em.com.br\/emfoco\/2026\/03\/13\/adeus-balayage-com-essa-nova-tecnica-que-disfarca-os-cabelos-brancos-sem-marcar-a-raiz\/","url":"https:\/\/www.em.com.br\/emfoco\/2026\/03\/13\/adeus-balayage-com-essa-nova-tecnica-que-disfarca-os-cabelos-brancos-sem-marcar-a-raiz\/","name":"Adeus balayage com essa nova t\u00e9cnica que disfar\u00e7a os cabelos brancos sem marcar a raiz - Estado de Minas - Em foco","isPartOf":{"@id":"https:\/\/www.em.com.br\/emfoco\/#website"},"primaryImageOfPage":{"@id":"https:\/\/www.em.com.br\/emfoco\/2026\/03\/13\/adeus-balayage-com-essa-nova-tecnica-que-disfarca-os-cabelos-brancos-sem-marcar-a-raiz\/#primaryimage"},"image":{"@id":"https:\/\/www.em.com.br\/emfoco\/2026\/03\/13\/adeus-balayage-com-essa-nova-tecnica-que-disfarca-os-cabelos-brancos-sem-marcar-a-raiz\/#primaryimage"},"thumbnailUrl":"https:\/\/www.em.com.br\/emfoco\/wp-content\/uploads\/2026\/02\/Gemini_Generated_Image_r6n0p5r6n0p5r6n0-1.png","datePublished":"2026-03-13T11:30:00+00:00","dateModified":"2026-03-13T03:32:27+00:00","author":{"@id":"https:\/\/www.em.com.br\/emfoco\/#\/schema\/person\/60eda09c1fedf0d6891f4cef4b60b8b8"},"description":"O hair melting em cabelo grisalho suaviza a raiz branca e reduz a necessidade de retoques frequentes. Veja como funciona e para quem \u00e9 indicado.","breadcrumb":{"@id":"https:\/\/www.em.com.br\/emfoco\/2026\/03\/13\/adeus-balayage-com-essa-nova-tecnica-que-disfarca-os-cabelos-brancos-sem-marcar-a-raiz\/#breadcrumb"},"inLanguage":"pt-BR","potentialAction":[{"@type":"ReadAction","target":["https:\/\/www.em.com.br\/emfoco\/2026\/03\/13\/adeus-balayage-com-essa-nova-tecnica-que-disfarca-os-cabelos-brancos-sem-marcar-a-raiz\/"]}]},{"@type":"ImageObject","inLanguage":"pt-BR","@id":"https:\/\/www.em.com.br\/emfoco\/2026\/03\/13\/adeus-balayage-com-essa-nova-tecnica-que-disfarca-os-cabelos-brancos-sem-marcar-a-raiz\/#primaryimage","url":"https:\/\/www.em.com.br\/emfoco\/wp-content\/uploads\/2026\/02\/Gemini_Generated_Image_r6n0p5r6n0p5r6n0-1.png","contentUrl":"https:\/\/www.em.com.br\/emfoco\/wp-content\/uploads\/2026\/02\/Gemini_Generated_Image_r6n0p5r6n0p5r6n0-1.png","width":1280,"height":720,"caption":"Hair melting deixa o grisalho mais bonito e f\u00e1cil de manter"},{"@type":"BreadcrumbList","@id":"https:\/\/www.em.com.br\/emfoco\/2026\/03\/13\/adeus-balayage-com-essa-nova-tecnica-que-disfarca-os-cabelos-brancos-sem-marcar-a-raiz\/#breadcrumb","itemListElement":[{"@type":"ListItem","position":1,"name":"In\u00edcio","item":"https:\/\/www.em.com.br\/emfoco\/"},{"@type":"ListItem","position":2,"name":"Adeus balayage com essa nova t\u00e9cnica que disfar\u00e7a os cabelos brancos sem marcar a raiz"}]},{"@type":"WebSite","@id":"https:\/\/www.em.com.br\/emfoco\/#website","url":"https:\/\/www.em.com.br\/emfoco\/","name":"Estado de Minas - Em foco","description":"Acompanhe as \u00faltimas not\u00edcias e fique bem informado sobre tudo o que acontece em Minas Gerais, Brasil e no mundo.","potentialAction":[{"@type":"SearchAction","target":{"@type":"EntryPoint","urlTemplate":"https:\/\/www.em.com.br\/emfoco\/?s={search_term_string}"},"query-input":{"@type":"PropertyValueSpecification","valueRequired":true,"valueName":"search_term_string"}}],"inLanguage":"pt-BR"},{"@type":"Person","@id":"https:\/\/www.em.com.br\/emfoco\/#\/schema\/person\/60eda09c1fedf0d6891f4cef4b60b8b8","name":"Andre\u0301 Rangel\u00a0","image":{"@type":"ImageObject","inLanguage":"pt-BR","@id":"https:\/\/www.em.com.br\/emfoco\/#\/schema\/person\/image\/","url":"https:\/\/secure.gravatar.com\/avatar\/6234dc814c77c8ef6d8bba622c787efc?s=96&d=mm&r=g","contentUrl":"https:\/\/secure.gravatar.com\/avatar\/6234dc814c77c8ef6d8bba622c787efc?s=96&d=mm&r=g","caption":"Andre\u0301 Rangel\u00a0"},"url":"https:\/\/www.em.com.br\/emfoco\/author\/luizmyth\/"}]}},"_links":{"self":[{"href":"https:\/\/www.em.com.br\/emfoco\/wp-json\/wp\/v2\/posts\/181159","targetHints":{"allow":["GET"]}}],"collection":[{"href":"https:\/\/www.em.com.br\/emfoco\/wp-json\/wp\/v2\/posts"}],"about":[{"href":"https:\/\/www.em.com.br\/emfoco\/wp-json\/wp\/v2\/types\/post"}],"author":[{"embeddable":true,"href":"https:\/\/www.em.com.br\/emfoco\/wp-json\/wp\/v2\/users\/11"}],"replies":[{"embeddable":true,"href":"https:\/\/www.em.com.br\/emfoco\/wp-json\/wp\/v2\/comments?post=181159"}],"version-history":[{"count":1,"href":"https:\/\/www.em.com.br\/emfoco\/wp-json\/wp\/v2\/posts\/181159\/revisions"}],"predecessor-version":[{"id":181160,"href":"https:\/\/www.em.com.br\/emfoco\/wp-json\/wp\/v2\/posts\/181159\/revisions\/181160"}],"wp:featuredmedia":[{"embeddable":true,"href":"https:\/\/www.em.com.br\/emfoco\/wp-json\/wp\/v2\/media\/164644"}],"wp:attachment":[{"href":"https:\/\/www.em.com.br\/emfoco\/wp-json\/wp\/v2\/media?parent=181159"}],"wp:term":[{"taxonomy":"category","embeddable":true,"href":"https:\/\/www.em.com.br\/emfoco\/wp-json\/wp\/v2\/categories?post=181159"},{"taxonomy":"post_tag","embeddable":true,"href":"https:\/\/www.em.com.br\/emfoco\/wp-json\/wp\/v2\/tags?post=181159"}],"curies":[{"name":"wp","href":"https:\/\/api.w.org\/{rel}","templated":true}]}}