{"id":181151,"date":"2026-03-16T22:05:00","date_gmt":"2026-03-17T01:05:00","guid":{"rendered":"https:\/\/www.em.com.br\/emfoco\/?p=181151"},"modified":"2026-03-13T00:04:00","modified_gmt":"2026-03-13T03:04:00","slug":"comecar-ioga-pode-ser-mais-simples-do-que-parece-e-os-efeitos-no-corpo-e-na-mente-aparecem-rapido","status":"publish","type":"post","link":"https:\/\/www.em.com.br\/emfoco\/2026\/03\/16\/comecar-ioga-pode-ser-mais-simples-do-que-parece-e-os-efeitos-no-corpo-e-na-mente-aparecem-rapido\/","title":{"rendered":"Come\u00e7ar ioga pode ser mais simples do que parece e os efeitos no corpo e na mente aparecem r\u00e1pido"},"content":{"rendered":"\n<p>A pr\u00e1tica de ioga ganhou espa\u00e7o em academias, est\u00fadios e at\u00e9 nas salas de estar, mas seu crescimento vai muito al\u00e9m de uma moda de bem-estar: hoje, \u00e9 vista como uma ferramenta concreta para cuidar do corpo e da mente, com efeitos mensur\u00e1veis em estresse, dor, sono e equil\u00edbrio emocional, o que explica por que tantos profissionais de sa\u00fade passaram a recomend\u00e1-la como complemento de tratamento.<\/p>\n\n\n\n<h2 class=\"wp-block-heading\">Por que a ioga faz diferen\u00e7a para o corpo e para a mente<\/h2>\n\n\n\n<p>Ioga integra movimento, respira\u00e7\u00e3o e foco mental em uma pr\u00e1tica estruturada. As sequ\u00eancias de posturas estimulam o corpo de forma semelhante a um exerc\u00edcio de baixo a moderado impacto, com aumento da <strong><a href=\"https:\/\/www.em.com.br\/emfoco\/2026\/02\/01\/seus-pes-ficam-inchados-com-frequencia-isso-pode-ser-um-alerta-a-saude-do-seu-coracao\/\" target=\"_blank\" rel=\"noreferrer noopener\">frequ\u00eancia card\u00edaca<\/a><\/strong>, ativa\u00e7\u00e3o muscular e maior fluxo de sangue para as articula\u00e7\u00f5es.<\/p>\n\n\n\n<p>Ao mesmo tempo, a respira\u00e7\u00e3o profunda e cadenciada envia sinais de seguran\u00e7a ao c\u00e9rebro, reduzindo a resposta exagerada ao estresse. Com o tempo, o organismo aprende a alternar melhor entre estados de alerta e descanso, o que melhora a recupera\u00e7\u00e3o f\u00edsica, emocional e o t\u00f4nus do nervo vago, considerado um importante \u201cfreio\u201d fisiol\u00f3gico.<\/p>\n\n\n\n<figure class=\"wp-block-image size-large\"><img loading=\"lazy\" decoding=\"async\" width=\"1024\" height=\"576\" src=\"https:\/\/www.em.com.br\/emfoco\/wp-content\/uploads\/2026\/03\/1-69-1024x576.jpg\" alt=\"Come\u00e7ar ioga pode ser mais simples do que parece e os efeitos no corpo e na mente aparecem r\u00e1pido\" class=\"wp-image-181170\" srcset=\"https:\/\/www.em.com.br\/emfoco\/wp-content\/uploads\/2026\/03\/1-69-1024x576.jpg 1024w, https:\/\/www.em.com.br\/emfoco\/wp-content\/uploads\/2026\/03\/1-69-300x169.jpg 300w, https:\/\/www.em.com.br\/emfoco\/wp-content\/uploads\/2026\/03\/1-69-768x432.jpg 768w, https:\/\/www.em.com.br\/emfoco\/wp-content\/uploads\/2026\/03\/1-69-750x422.jpg 750w, https:\/\/www.em.com.br\/emfoco\/wp-content\/uploads\/2026\/03\/1-69-1140x641.jpg 1140w, https:\/\/www.em.com.br\/emfoco\/wp-content\/uploads\/2026\/03\/1-69.jpg 1280w\" sizes=\"auto, (max-width: 1024px) 100vw, 1024px\" \/><figcaption class=\"wp-element-caption\">Sequ\u00eancias de posturas estimulam o fluxo sangu\u00edneo e a ativa\u00e7\u00e3o muscular<\/figcaption><\/figure>\n\n\n\n<h2 class=\"wp-block-heading\">Como a ci\u00eancia descreve os efeitos das posturas e da respira\u00e7\u00e3o<\/h2>\n\n\n\n<p>As posturas de ioga, conhecidas como asanas, combinam flex\u00f5es, extens\u00f5es, tor\u00e7\u00f5es e posi\u00e7\u00f5es de equil\u00edbrio que recrutam m\u00fasculos estabilizadores e grandes grupos musculares. Isso fortalece a musculatura profunda, especialmente na regi\u00e3o do tronco, reduzindo sobrecarga em costas e articula\u00e7\u00f5es.<\/p>\n\n\n\n<p>Quando mantidas por alguns segundos ou minutos, as posturas criam um leve estresse mec\u00e2nico em m\u00fasculos, tend\u00f5es e f\u00e1scias, o que favorece uma s\u00e9rie de adapta\u00e7\u00f5es ben\u00e9ficas:<\/p>\n\n\n\n<ul class=\"wp-block-list\">\n<li>Melhora da flexibilidade e da amplitude de movimento;<\/li>\n\n\n\n<li>Aumento da consci\u00eancia corporal (propriocep\u00e7\u00e3o);<\/li>\n\n\n\n<li>Ajustes finos no equil\u00edbrio, importantes principalmente em idosos;<\/li>\n\n\n\n<li>Fortalecimento com baixo impacto nas articula\u00e7\u00f5es.<\/li>\n<\/ul>\n\n\n\n<h2 class=\"wp-block-heading\">De que forma a ioga modula estresse, inflama\u00e7\u00e3o e sa\u00fade mental<\/h2>\n\n\n\n<p>Quando o organismo permanece muito tempo em alerta, horm\u00f4nios do estresse e vias inflamat\u00f3rias s\u00e3o ativados sem pausa. Com a pr\u00e1tica regular de ioga, essa resposta tende a ser modulada: o corpo continua apto a reagir a amea\u00e7as, mas volta ao estado de repouso de maneira mais eficiente, o que ajuda em quadros de fadiga, dores difusas e altera\u00e7\u00f5es cognitivas leves.<\/p>\n\n\n\n<p>Programas estruturados de ioga tamb\u00e9m s\u00e3o estudados em pessoas com ansiedade, <strong><a href=\"https:\/\/pmc.ncbi.nlm.nih.gov\/articles\/PMC5354384\/\" target=\"_blank\" rel=\"noreferrer noopener\">sintomas depressivos<\/a><\/strong> e dificuldade de regula\u00e7\u00e3o emocional. Ao treinar observar sensa\u00e7\u00f5es e pensamentos sem reagir de imediato, praticantes relatam menos preocupa\u00e7\u00e3o excessiva, inquieta\u00e7\u00e3o f\u00edsica e maior toler\u00e2ncia \u00e0 incerteza, o que se reflete em mais estabilidade emocional no dia a dia.<\/p>\n\n\n\n<figure class=\"wp-block-image size-large\"><img loading=\"lazy\" decoding=\"async\" width=\"1024\" height=\"576\" src=\"https:\/\/www.em.com.br\/emfoco\/wp-content\/uploads\/2026\/03\/1-68-1024x576.jpg\" alt=\"Come\u00e7ar ioga pode ser mais simples do que parece e os efeitos no corpo e na mente aparecem r\u00e1pido\" class=\"wp-image-181161\" srcset=\"https:\/\/www.em.com.br\/emfoco\/wp-content\/uploads\/2026\/03\/1-68-1024x576.jpg 1024w, https:\/\/www.em.com.br\/emfoco\/wp-content\/uploads\/2026\/03\/1-68-300x169.jpg 300w, https:\/\/www.em.com.br\/emfoco\/wp-content\/uploads\/2026\/03\/1-68-768x432.jpg 768w, https:\/\/www.em.com.br\/emfoco\/wp-content\/uploads\/2026\/03\/1-68-750x422.jpg 750w, https:\/\/www.em.com.br\/emfoco\/wp-content\/uploads\/2026\/03\/1-68-1140x641.jpg 1140w, https:\/\/www.em.com.br\/emfoco\/wp-content\/uploads\/2026\/03\/1-68.jpg 1280w\" sizes=\"auto, (max-width: 1024px) 100vw, 1024px\" \/><figcaption class=\"wp-element-caption\">Respira\u00e7\u00e3o profunda modula a resposta inflamat\u00f3ria e controla o estresse di\u00e1rio<\/figcaption><\/figure>\n\n\n\n<h2 class=\"wp-block-heading\">Como a ioga pode ajudar na dor cr\u00f4nica, na mobilidade e no sono<\/h2>\n\n\n\n<p>Na dor lombar cr\u00f4nica, programas de 8 a 12 semanas focados em fortalecimento do centro do corpo e alongamento da cadeia posterior mostram melhora de fun\u00e7\u00e3o e redu\u00e7\u00e3o da dor, muitas vezes compar\u00e1vel a tratamentos convencionais. Al\u00e9m do ganho f\u00edsico, h\u00e1 diminui\u00e7\u00e3o do medo de se movimentar, aspecto central para quem convive com dor h\u00e1 anos.<\/p>\n\n\n\n<p>Em idosos, vers\u00f5es adaptadas, com apoio de cadeiras e materiais, preservam autonomia, mobilidade e equil\u00edbrio, diminuindo o risco de quedas. Estudos de sono indicam que rotinas regulares de ioga est\u00e3o associadas a menor tempo para adormecer, menos despertares noturnos, sensa\u00e7\u00e3o de sono mais reparador e redu\u00e7\u00e3o de sintomas de ins\u00f4nia.<\/p>\n\n\n\n<h2 class=\"wp-block-heading\">Como come\u00e7ar a praticar ioga com seguran\u00e7a e const\u00e2ncia<\/h2>\n\n\n\n<p>Para usar a ioga como aliada real da sa\u00fade, n\u00e3o basta praticar de forma espor\u00e1dica: \u00e9 essencial aprender a t\u00e9cnica b\u00e1sica, respeitar o corpo e construir uma rotina consistente, mesmo que com sess\u00f5es curtas. Uma boa estrat\u00e9gia \u00e9 encaixar a pr\u00e1tica em hor\u00e1rios fixos, como ao acordar ou antes de dormir.<\/p>\n\n\n\n<p>N\u00e3o espere o \u201cmomento perfeito\u201d: escolha um dia nesta semana para come\u00e7ar, nem que seja com 10 minutos guiados em casa, e comprometa-se a manter por pelo menos 30 dias. Seu corpo, sua mente e seu sono podem mudar muito mais r\u00e1pido do que voc\u00ea imagina se voc\u00ea der esse primeiro passo agora.<\/p>\n","protected":false},"excerpt":{"rendered":"<p>A pr\u00e1tica de ioga ganhou espa\u00e7o em academias, est\u00fadios e at\u00e9 nas salas de estar, mas seu crescimento vai muito al\u00e9m de uma moda de bem-estar: hoje, \u00e9 vista como uma ferramenta concreta para cuidar do corpo e da mente, com efeitos mensur\u00e1veis em estresse, dor, sono e equil\u00edbrio emocional, o que explica por que [&hellip;]<\/p>\n","protected":false},"author":13,"featured_media":181168,"comment_status":"open","ping_status":"open","sticky":false,"template":"","format":"standard","meta":{"jnews-multi-image_gallery":[],"jnews_single_post":{"format":"standard"},"jnews_primary_category":[],"jnews_social_meta":[],"jnews_override_counter":[],"footnotes":""},"categories":[8819],"tags":[15687,5855,4977],"class_list":["post-181151","post","type-post","status-publish","format-standard","has-post-thumbnail","hentry","category-curiosidades","tag-corpo-e-mente","tag-ioga","tag-moda"],"yoast_head":"<!-- This site is optimized with the Yoast SEO plugin v23.8 - https:\/\/yoast.com\/wordpress\/plugins\/seo\/ -->\n<title>Come\u00e7ar ioga pode ser mais simples do que parece e os efeitos no corpo e na mente aparecem r\u00e1pido - Estado de Minas - Em foco<\/title>\n<meta name=\"description\" content=\"Praticar ioga regularmente pode reduzir ansiedade, melhorar o sono e aliviar dores. Veja o que acontece no corpo e na mente.\" \/>\n<meta name=\"robots\" content=\"index, follow, max-snippet:-1, max-image-preview:large, max-video-preview:-1\" \/>\n<link rel=\"canonical\" href=\"https:\/\/www.em.com.br\/emfoco\/2026\/03\/16\/comecar-ioga-pode-ser-mais-simples-do-que-parece-e-os-efeitos-no-corpo-e-na-mente-aparecem-rapido\/\" \/>\n<meta property=\"og:locale\" content=\"pt_BR\" \/>\n<meta property=\"og:type\" content=\"article\" \/>\n<meta property=\"og:title\" content=\"Come\u00e7ar ioga pode ser mais simples do que parece e os efeitos no corpo e na mente aparecem r\u00e1pido - Estado de Minas - Em foco\" \/>\n<meta property=\"og:description\" content=\"Praticar ioga regularmente pode reduzir ansiedade, melhorar o sono e aliviar dores. Veja o que acontece no corpo e na mente.\" \/>\n<meta property=\"og:url\" content=\"https:\/\/www.em.com.br\/emfoco\/2026\/03\/16\/comecar-ioga-pode-ser-mais-simples-do-que-parece-e-os-efeitos-no-corpo-e-na-mente-aparecem-rapido\/\" \/>\n<meta property=\"og:site_name\" content=\"Estado de Minas - Em foco\" \/>\n<meta property=\"article:published_time\" content=\"2026-03-17T01:05:00+00:00\" \/>\n<meta property=\"article:modified_time\" content=\"2026-03-13T03:04:00+00:00\" \/>\n<meta property=\"og:image\" content=\"https:\/\/www.em.com.br\/emfoco\/wp-content\/uploads\/2026\/03\/8-37.jpg\" \/>\n\t<meta property=\"og:image:width\" content=\"1280\" \/>\n\t<meta property=\"og:image:height\" content=\"720\" \/>\n\t<meta property=\"og:image:type\" content=\"image\/jpeg\" \/>\n<meta name=\"author\" content=\"Gabriel Martins\" \/>\n<meta name=\"twitter:card\" content=\"summary_large_image\" \/>\n<meta name=\"twitter:label1\" content=\"Escrito por\" \/>\n\t<meta name=\"twitter:data1\" content=\"Gabriel Martins\" \/>\n\t<meta name=\"twitter:label2\" content=\"Est. tempo de leitura\" \/>\n\t<meta name=\"twitter:data2\" content=\"5 minutos\" \/>\n<!-- \/ Yoast SEO plugin. -->","yoast_head_json":{"title":"Come\u00e7ar ioga pode ser mais simples do que parece e os efeitos no corpo e na mente aparecem r\u00e1pido - Estado de Minas - Em foco","description":"Praticar ioga regularmente pode reduzir ansiedade, melhorar o sono e aliviar dores. Veja o que acontece no corpo e na mente.","robots":{"index":"index","follow":"follow","max-snippet":"max-snippet:-1","max-image-preview":"max-image-preview:large","max-video-preview":"max-video-preview:-1"},"canonical":"https:\/\/www.em.com.br\/emfoco\/2026\/03\/16\/comecar-ioga-pode-ser-mais-simples-do-que-parece-e-os-efeitos-no-corpo-e-na-mente-aparecem-rapido\/","og_locale":"pt_BR","og_type":"article","og_title":"Come\u00e7ar ioga pode ser mais simples do que parece e os efeitos no corpo e na mente aparecem r\u00e1pido - Estado de Minas - Em foco","og_description":"Praticar ioga regularmente pode reduzir ansiedade, melhorar o sono e aliviar dores. Veja o que acontece no corpo e na mente.","og_url":"https:\/\/www.em.com.br\/emfoco\/2026\/03\/16\/comecar-ioga-pode-ser-mais-simples-do-que-parece-e-os-efeitos-no-corpo-e-na-mente-aparecem-rapido\/","og_site_name":"Estado de Minas - Em foco","article_published_time":"2026-03-17T01:05:00+00:00","article_modified_time":"2026-03-13T03:04:00+00:00","og_image":[{"width":1280,"height":720,"url":"https:\/\/www.em.com.br\/emfoco\/wp-content\/uploads\/2026\/03\/8-37.jpg","type":"image\/jpeg"}],"author":"Gabriel Martins","twitter_card":"summary_large_image","twitter_misc":{"Escrito por":"Gabriel Martins","Est. tempo de leitura":"5 minutos"},"schema":{"@context":"https:\/\/schema.org","@graph":[{"@type":"WebPage","@id":"https:\/\/www.em.com.br\/emfoco\/2026\/03\/16\/comecar-ioga-pode-ser-mais-simples-do-que-parece-e-os-efeitos-no-corpo-e-na-mente-aparecem-rapido\/","url":"https:\/\/www.em.com.br\/emfoco\/2026\/03\/16\/comecar-ioga-pode-ser-mais-simples-do-que-parece-e-os-efeitos-no-corpo-e-na-mente-aparecem-rapido\/","name":"Come\u00e7ar ioga pode ser mais simples do que parece e os efeitos no corpo e na mente aparecem r\u00e1pido - Estado de Minas - Em foco","isPartOf":{"@id":"https:\/\/www.em.com.br\/emfoco\/#website"},"primaryImageOfPage":{"@id":"https:\/\/www.em.com.br\/emfoco\/2026\/03\/16\/comecar-ioga-pode-ser-mais-simples-do-que-parece-e-os-efeitos-no-corpo-e-na-mente-aparecem-rapido\/#primaryimage"},"image":{"@id":"https:\/\/www.em.com.br\/emfoco\/2026\/03\/16\/comecar-ioga-pode-ser-mais-simples-do-que-parece-e-os-efeitos-no-corpo-e-na-mente-aparecem-rapido\/#primaryimage"},"thumbnailUrl":"https:\/\/www.em.com.br\/emfoco\/wp-content\/uploads\/2026\/03\/8-37.jpg","datePublished":"2026-03-17T01:05:00+00:00","dateModified":"2026-03-13T03:04:00+00:00","author":{"@id":"https:\/\/www.em.com.br\/emfoco\/#\/schema\/person\/1c9ddeab18b98abeffef834667bcf08a"},"description":"Praticar ioga regularmente pode reduzir ansiedade, melhorar o sono e aliviar dores. Veja o que acontece no corpo e na mente.","breadcrumb":{"@id":"https:\/\/www.em.com.br\/emfoco\/2026\/03\/16\/comecar-ioga-pode-ser-mais-simples-do-que-parece-e-os-efeitos-no-corpo-e-na-mente-aparecem-rapido\/#breadcrumb"},"inLanguage":"pt-BR","potentialAction":[{"@type":"ReadAction","target":["https:\/\/www.em.com.br\/emfoco\/2026\/03\/16\/comecar-ioga-pode-ser-mais-simples-do-que-parece-e-os-efeitos-no-corpo-e-na-mente-aparecem-rapido\/"]}]},{"@type":"ImageObject","inLanguage":"pt-BR","@id":"https:\/\/www.em.com.br\/emfoco\/2026\/03\/16\/comecar-ioga-pode-ser-mais-simples-do-que-parece-e-os-efeitos-no-corpo-e-na-mente-aparecem-rapido\/#primaryimage","url":"https:\/\/www.em.com.br\/emfoco\/wp-content\/uploads\/2026\/03\/8-37.jpg","contentUrl":"https:\/\/www.em.com.br\/emfoco\/wp-content\/uploads\/2026\/03\/8-37.jpg","width":1280,"height":720,"caption":"Pr\u00e1tica regular de ioga promove o equil\u00edbrio entre corpo e mente"},{"@type":"BreadcrumbList","@id":"https:\/\/www.em.com.br\/emfoco\/2026\/03\/16\/comecar-ioga-pode-ser-mais-simples-do-que-parece-e-os-efeitos-no-corpo-e-na-mente-aparecem-rapido\/#breadcrumb","itemListElement":[{"@type":"ListItem","position":1,"name":"In\u00edcio","item":"https:\/\/www.em.com.br\/emfoco\/"},{"@type":"ListItem","position":2,"name":"Come\u00e7ar ioga pode ser mais simples do que parece e os efeitos no corpo e na mente aparecem r\u00e1pido"}]},{"@type":"WebSite","@id":"https:\/\/www.em.com.br\/emfoco\/#website","url":"https:\/\/www.em.com.br\/emfoco\/","name":"Estado de Minas - Em foco","description":"Acompanhe as \u00faltimas not\u00edcias e fique bem informado sobre tudo o que acontece em Minas Gerais, Brasil e no mundo.","potentialAction":[{"@type":"SearchAction","target":{"@type":"EntryPoint","urlTemplate":"https:\/\/www.em.com.br\/emfoco\/?s={search_term_string}"},"query-input":{"@type":"PropertyValueSpecification","valueRequired":true,"valueName":"search_term_string"}}],"inLanguage":"pt-BR"},{"@type":"Person","@id":"https:\/\/www.em.com.br\/emfoco\/#\/schema\/person\/1c9ddeab18b98abeffef834667bcf08a","name":"Gabriel Martins","image":{"@type":"ImageObject","inLanguage":"pt-BR","@id":"https:\/\/www.em.com.br\/emfoco\/#\/schema\/person\/image\/","url":"https:\/\/secure.gravatar.com\/avatar\/f0f1e2efdfd88f1ad2cb08c5c2731e50?s=96&d=mm&r=g","contentUrl":"https:\/\/secure.gravatar.com\/avatar\/f0f1e2efdfd88f1ad2cb08c5c2731e50?s=96&d=mm&r=g","caption":"Gabriel Martins"},"sameAs":["https:\/\/www.em.com.br\/emfoco\/"],"url":"https:\/\/www.em.com.br\/emfoco\/author\/gabrielmartinsmyth\/"}]}},"_links":{"self":[{"href":"https:\/\/www.em.com.br\/emfoco\/wp-json\/wp\/v2\/posts\/181151","targetHints":{"allow":["GET"]}}],"collection":[{"href":"https:\/\/www.em.com.br\/emfoco\/wp-json\/wp\/v2\/posts"}],"about":[{"href":"https:\/\/www.em.com.br\/emfoco\/wp-json\/wp\/v2\/types\/post"}],"author":[{"embeddable":true,"href":"https:\/\/www.em.com.br\/emfoco\/wp-json\/wp\/v2\/users\/13"}],"replies":[{"embeddable":true,"href":"https:\/\/www.em.com.br\/emfoco\/wp-json\/wp\/v2\/comments?post=181151"}],"version-history":[{"count":1,"href":"https:\/\/www.em.com.br\/emfoco\/wp-json\/wp\/v2\/posts\/181151\/revisions"}],"predecessor-version":[{"id":181171,"href":"https:\/\/www.em.com.br\/emfoco\/wp-json\/wp\/v2\/posts\/181151\/revisions\/181171"}],"wp:featuredmedia":[{"embeddable":true,"href":"https:\/\/www.em.com.br\/emfoco\/wp-json\/wp\/v2\/media\/181168"}],"wp:attachment":[{"href":"https:\/\/www.em.com.br\/emfoco\/wp-json\/wp\/v2\/media?parent=181151"}],"wp:term":[{"taxonomy":"category","embeddable":true,"href":"https:\/\/www.em.com.br\/emfoco\/wp-json\/wp\/v2\/categories?post=181151"},{"taxonomy":"post_tag","embeddable":true,"href":"https:\/\/www.em.com.br\/emfoco\/wp-json\/wp\/v2\/tags?post=181151"}],"curies":[{"name":"wp","href":"https:\/\/api.w.org\/{rel}","templated":true}]}}