{"id":181150,"date":"2026-03-16T16:35:00","date_gmt":"2026-03-16T19:35:00","guid":{"rendered":"https:\/\/www.em.com.br\/emfoco\/?p=181150"},"modified":"2026-03-13T00:05:51","modified_gmt":"2026-03-13T03:05:51","slug":"a-cor-classica-voltou-com-forca-e-esta-transformando-producoes-simples-em-visuais-cheios-de-presenca","status":"publish","type":"post","link":"https:\/\/www.em.com.br\/emfoco\/2026\/03\/16\/a-cor-classica-voltou-com-forca-e-esta-transformando-producoes-simples-em-visuais-cheios-de-presenca\/","title":{"rendered":"A cor cl\u00e1ssica voltou com for\u00e7a e est\u00e1 transformando produ\u00e7\u00f5es simples em visuais cheios de presen\u00e7a"},"content":{"rendered":"\n<p>A temporada de moda de 2026 colocou o vermelho em evid\u00eancia de um jeito direto: antes restrito a detalhes pontuais, ele agora domina passarelas e vitrines, em vers\u00f5es que v\u00e3o do tom mais fechado ao mais vibrante, transmitindo presen\u00e7a, seguran\u00e7a e um impacto visual imediato em looks formais e casuais.<\/p>\n\n\n\n<h2 class=\"wp-block-heading\">Por que o vermelho \u00e9 a grande cor de 2026<\/h2>\n\n\n\n<p>O vermelho ganhou for\u00e7a em 2026 por se alinhar \u00e0 moda que mistura conforto, sofistica\u00e7\u00e3o e versatilidade. Ele aparece em vestidos de linhas simples, ternos de corte preciso, saias midi com textura e at\u00e9 conjuntos esportivos, mostrando que funciona em contextos do trabalho ao lazer.<\/p>\n\n\n\n<p>Especialistas em tend\u00eancias destacam tamb\u00e9m sua for\u00e7a de presen\u00e7a em fotos e v\u00eddeos. A facilidade de reconhecer o vermelho \u00e0 dist\u00e2ncia favorece sua presen\u00e7a em redes sociais, editoriais e campanhas digitais, consolidando-o como cor de impacto tanto na alta-costura quanto no <strong><a href=\"https:\/\/www.youcom.com.br\/conteudo\/street-style?srsltid=AfmBOoo9kNB-ps9QbHlpwa3VcpMYM71ltVxtDZlgveIata5P-Ax1RcXY\" target=\"_blank\" rel=\"noreferrer noopener\">street style<\/a><\/strong>.<\/p>\n\n\n\n<figure class=\"wp-block-image size-large\"><img loading=\"lazy\" decoding=\"async\" width=\"1024\" height=\"576\" src=\"https:\/\/www.em.com.br\/emfoco\/wp-content\/uploads\/2026\/03\/3-57-1024x576.jpg\" alt=\"A cor cl\u00e1ssica voltou com for\u00e7a e est\u00e1 transformando produ\u00e7\u00f5es simples em visuais cheios de presen\u00e7a\" class=\"wp-image-181163\" srcset=\"https:\/\/www.em.com.br\/emfoco\/wp-content\/uploads\/2026\/03\/3-57-1024x576.jpg 1024w, https:\/\/www.em.com.br\/emfoco\/wp-content\/uploads\/2026\/03\/3-57-300x169.jpg 300w, https:\/\/www.em.com.br\/emfoco\/wp-content\/uploads\/2026\/03\/3-57-768x432.jpg 768w, https:\/\/www.em.com.br\/emfoco\/wp-content\/uploads\/2026\/03\/3-57-750x422.jpg 750w, https:\/\/www.em.com.br\/emfoco\/wp-content\/uploads\/2026\/03\/3-57-1140x641.jpg 1140w, https:\/\/www.em.com.br\/emfoco\/wp-content\/uploads\/2026\/03\/3-57.jpg 1280w\" sizes=\"auto, (max-width: 1024px) 100vw, 1024px\" \/><figcaption class=\"wp-element-caption\">Tom vibrante transmite seguran\u00e7a e presen\u00e7a marcante em diversos looks atuais<\/figcaption><\/figure>\n\n\n\n<h2 class=\"wp-block-heading\">Como usar o vermelho no dia a dia sem exagero<\/h2>\n\n\n\n<p>Para incluir o vermelho no guarda-roupa com equil\u00edbrio, o ideal \u00e9 come\u00e7ar por pe\u00e7as menores e f\u00e1ceis de combinar. A cor surge em bolsas estruturadas, cintos, len\u00e7os, esmaltes e batons, criando pontos de aten\u00e7\u00e3o sem exigir grandes mudan\u00e7as de estilo.<\/p>\n\n\n\n<p>Quando a ideia \u00e9 facilitar escolhas r\u00e1pidas, algumas op\u00e7\u00f5es ajudam a destacar o vermelho de forma pr\u00e1tica e moderna.<\/p>\n\n\n\n<ul class=\"wp-block-list\">\n<li><strong>Acess\u00f3rios vermelhos<\/strong>: ideais para quem prefere discri\u00e7\u00e3o.<\/li>\n\n\n\n<li><strong>Pe\u00e7as \u00fanicas<\/strong>\u00a0(vestidos, macac\u00f5es): facilitam o uso de um s\u00f3 tom forte.<\/li>\n\n\n\n<li><strong>Terceira pe\u00e7a<\/strong>\u00a0(blazers, casacos, trench coats): funcionam como destaque sobre roupas b\u00e1sicas.<\/li>\n\n\n\n<li><strong>Cal\u00e7ados<\/strong>: t\u00eanis, scarpins e botas vermelhas atualizam produ\u00e7\u00f5es simples.<\/li>\n<\/ul>\n\n\n\n<h2 class=\"wp-block-heading\">Com quais cores o vermelho combina em 2026<\/h2>\n\n\n\n<p>A cor em destaque de 2026 permite combina\u00e7\u00f5es que v\u00e3o do discreto ao marcante. Tons neutros equilibram o visual, enquanto cores intensas criam produ\u00e7\u00f5es cheias de personalidade, adapt\u00e1veis tanto ao ambiente profissional quanto a ocasi\u00f5es informais.<\/p>\n\n\n\n<p>Entre as duplas mais usadas, <strong>vermelho<\/strong> e <strong>preto<\/strong> criam um visual urbano forte; <strong>vermelho<\/strong> e <strong>branco <\/strong>deixam o look mais leve; <strong>vermelho <\/strong>e <strong>bege <\/strong>trazem eleg\u00e2ncia discreta. J\u00e1 misturas com rosa suave, roxo, azul-claro, verde-oliva e tons terrosos garantem uma imagem contempor\u00e2nea e f\u00e1cil de repetir com pe\u00e7as que muitos j\u00e1 t\u00eam no arm\u00e1rio.<\/p>\n\n\n\n<figure class=\"wp-block-image size-large\"><img loading=\"lazy\" decoding=\"async\" width=\"1024\" height=\"576\" src=\"https:\/\/www.em.com.br\/emfoco\/wp-content\/uploads\/2026\/03\/2-62-1024x576.jpg\" alt=\"A cor cl\u00e1ssica voltou com for\u00e7a e est\u00e1 transformando produ\u00e7\u00f5es simples em visuais cheios de presen\u00e7a\" class=\"wp-image-181162\" srcset=\"https:\/\/www.em.com.br\/emfoco\/wp-content\/uploads\/2026\/03\/2-62-1024x576.jpg 1024w, https:\/\/www.em.com.br\/emfoco\/wp-content\/uploads\/2026\/03\/2-62-300x169.jpg 300w, https:\/\/www.em.com.br\/emfoco\/wp-content\/uploads\/2026\/03\/2-62-768x432.jpg 768w, https:\/\/www.em.com.br\/emfoco\/wp-content\/uploads\/2026\/03\/2-62-750x422.jpg 750w, https:\/\/www.em.com.br\/emfoco\/wp-content\/uploads\/2026\/03\/2-62-1140x641.jpg 1140w, https:\/\/www.em.com.br\/emfoco\/wp-content\/uploads\/2026\/03\/2-62.jpg 1280w\" sizes=\"auto, (max-width: 1024px) 100vw, 1024px\" \/><figcaption class=\"wp-element-caption\">Duplas crom\u00e1ticas com preto ou branco equilibram o visual urbano contempor\u00e2neo<\/figcaption><\/figure>\n\n\n\n<h2 class=\"wp-block-heading\">O que muda nas pe\u00e7as e modelagens em 2026<\/h2>\n\n\n\n<p>Mais do que uma escolha de tonalidade, o vermelho influenciou cortes e modelagens em 2026. Grifes adotaram a cor em <strong><a href=\"https:\/\/www.em.com.br\/emfoco\/2026\/02\/11\/como-adaptar-vestidos-longos-estampados-a-diferentes-ocasioes-e-estacoes-do-ano\/\" target=\"_blank\" rel=\"noreferrer noopener\">vestidos <\/a><\/strong>de linhas retas, alfaiataria ampla, saias plissadas e cal\u00e7as de cintura alta, valorizando o design simples para deixar a cor como protagonista do visual.<\/p>\n\n\n\n<p>O tom tamb\u00e9m se espalhou por acess\u00f3rios de impacto, como bolsas estruturadas, botas de cano m\u00e9dio e \u00f3culos com detalhes na arma\u00e7\u00e3o. Na maquiagem, batons e esmaltes em diferentes nuances de vermelho acompanham desde produ\u00e7\u00f5es formais at\u00e9 combina\u00e7\u00f5es mais descontra\u00eddas, ampliando as possibilidades de uso no dia a dia.<\/p>\n\n\n\n<h2 class=\"wp-block-heading\">Como aproveitar o vermelho agora e n\u00e3o ficar para tr\u00e1s<\/h2>\n\n\n\n<p>Com presen\u00e7a constante em desfiles, editoriais e nas ruas, o vermelho se firmou em 2026 como recurso visual vers\u00e1til, que pode aparecer em doses discretas ou dominar completamente a produ\u00e7\u00e3o. A escolha do tom, da combina\u00e7\u00e3o e da pe\u00e7a certa permite adaptar essa cor marcante a diferentes rotinas, gostos e contextos.<\/p>\n\n\n\n<p>Se voc\u00ea quer atualizar seu estilo sem esperar a pr\u00f3xima temporada, comece hoje a testar o vermelho em pequenos detalhes ou em uma pe\u00e7a-chave de impacto. N\u00e3o deixe essa tend\u00eancia passar: experimente novas combina\u00e7\u00f5es, observe o efeito no espelho e use a for\u00e7a dessa cor para marcar presen\u00e7a agora, antes que a pr\u00f3xima onda chegue.<\/p>\n","protected":false},"excerpt":{"rendered":"<p>A temporada de moda de 2026 colocou o vermelho em evid\u00eancia de um jeito direto: antes restrito a detalhes pontuais, ele agora domina passarelas e vitrines, em vers\u00f5es que v\u00e3o do tom mais fechado ao mais vibrante, transmitindo presen\u00e7a, seguran\u00e7a e um impacto visual imediato em looks formais e casuais. Por que o vermelho \u00e9 [&hellip;]<\/p>\n","protected":false},"author":13,"featured_media":181164,"comment_status":"open","ping_status":"open","sticky":false,"template":"","format":"standard","meta":{"jnews-multi-image_gallery":[],"jnews_single_post":{"format":"standard"},"jnews_primary_category":[],"jnews_social_meta":[],"jnews_override_counter":[],"footnotes":""},"categories":[8819],"tags":[7173,4977,15942],"class_list":["post-181150","post","type-post","status-publish","format-standard","has-post-thumbnail","hentry","category-curiosidades","tag-cores-da-moda","tag-moda","tag-tendencias-de-cores"],"yoast_head":"<!-- This site is optimized with the Yoast SEO plugin v23.8 - https:\/\/yoast.com\/wordpress\/plugins\/seo\/ -->\n<title>A cor cl\u00e1ssica voltou com for\u00e7a e est\u00e1 transformando produ\u00e7\u00f5es simples em visuais cheios de presen\u00e7a - Estado de Minas - Em foco<\/title>\n<meta name=\"description\" content=\"Uma cor intensa voltou a dominar vitrines e passarelas. Veja como usar a tend\u00eancia em roupas, acess\u00f3rios e combina\u00e7\u00f5es f\u00e1ceis.\" \/>\n<meta name=\"robots\" content=\"index, follow, max-snippet:-1, max-image-preview:large, max-video-preview:-1\" \/>\n<link rel=\"canonical\" href=\"https:\/\/www.em.com.br\/emfoco\/2026\/03\/16\/a-cor-classica-voltou-com-forca-e-esta-transformando-producoes-simples-em-visuais-cheios-de-presenca\/\" \/>\n<meta property=\"og:locale\" content=\"pt_BR\" \/>\n<meta property=\"og:type\" content=\"article\" \/>\n<meta property=\"og:title\" content=\"A cor cl\u00e1ssica voltou com for\u00e7a e est\u00e1 transformando produ\u00e7\u00f5es simples em visuais cheios de presen\u00e7a - Estado de Minas - Em foco\" \/>\n<meta property=\"og:description\" content=\"Uma cor intensa voltou a dominar vitrines e passarelas. Veja como usar a tend\u00eancia em roupas, acess\u00f3rios e combina\u00e7\u00f5es f\u00e1ceis.\" \/>\n<meta property=\"og:url\" content=\"https:\/\/www.em.com.br\/emfoco\/2026\/03\/16\/a-cor-classica-voltou-com-forca-e-esta-transformando-producoes-simples-em-visuais-cheios-de-presenca\/\" \/>\n<meta property=\"og:site_name\" content=\"Estado de Minas - Em foco\" \/>\n<meta property=\"article:published_time\" content=\"2026-03-16T19:35:00+00:00\" \/>\n<meta property=\"article:modified_time\" content=\"2026-03-13T03:05:51+00:00\" \/>\n<meta property=\"og:image\" content=\"https:\/\/www.em.com.br\/emfoco\/wp-content\/uploads\/2026\/03\/4-54.jpg\" \/>\n\t<meta property=\"og:image:width\" content=\"1280\" \/>\n\t<meta property=\"og:image:height\" content=\"720\" \/>\n\t<meta property=\"og:image:type\" content=\"image\/jpeg\" \/>\n<meta name=\"author\" content=\"Gabriel Martins\" \/>\n<meta name=\"twitter:card\" content=\"summary_large_image\" \/>\n<meta name=\"twitter:label1\" content=\"Escrito por\" \/>\n\t<meta name=\"twitter:data1\" content=\"Gabriel Martins\" \/>\n\t<meta name=\"twitter:label2\" content=\"Est. tempo de leitura\" \/>\n\t<meta name=\"twitter:data2\" content=\"4 minutos\" \/>\n<!-- \/ Yoast SEO plugin. -->","yoast_head_json":{"title":"A cor cl\u00e1ssica voltou com for\u00e7a e est\u00e1 transformando produ\u00e7\u00f5es simples em visuais cheios de presen\u00e7a - Estado de Minas - Em foco","description":"Uma cor intensa voltou a dominar vitrines e passarelas. Veja como usar a tend\u00eancia em roupas, acess\u00f3rios e combina\u00e7\u00f5es f\u00e1ceis.","robots":{"index":"index","follow":"follow","max-snippet":"max-snippet:-1","max-image-preview":"max-image-preview:large","max-video-preview":"max-video-preview:-1"},"canonical":"https:\/\/www.em.com.br\/emfoco\/2026\/03\/16\/a-cor-classica-voltou-com-forca-e-esta-transformando-producoes-simples-em-visuais-cheios-de-presenca\/","og_locale":"pt_BR","og_type":"article","og_title":"A cor cl\u00e1ssica voltou com for\u00e7a e est\u00e1 transformando produ\u00e7\u00f5es simples em visuais cheios de presen\u00e7a - Estado de Minas - Em foco","og_description":"Uma cor intensa voltou a dominar vitrines e passarelas. Veja como usar a tend\u00eancia em roupas, acess\u00f3rios e combina\u00e7\u00f5es f\u00e1ceis.","og_url":"https:\/\/www.em.com.br\/emfoco\/2026\/03\/16\/a-cor-classica-voltou-com-forca-e-esta-transformando-producoes-simples-em-visuais-cheios-de-presenca\/","og_site_name":"Estado de Minas - Em foco","article_published_time":"2026-03-16T19:35:00+00:00","article_modified_time":"2026-03-13T03:05:51+00:00","og_image":[{"width":1280,"height":720,"url":"https:\/\/www.em.com.br\/emfoco\/wp-content\/uploads\/2026\/03\/4-54.jpg","type":"image\/jpeg"}],"author":"Gabriel Martins","twitter_card":"summary_large_image","twitter_misc":{"Escrito por":"Gabriel Martins","Est. tempo de leitura":"4 minutos"},"schema":{"@context":"https:\/\/schema.org","@graph":[{"@type":"WebPage","@id":"https:\/\/www.em.com.br\/emfoco\/2026\/03\/16\/a-cor-classica-voltou-com-forca-e-esta-transformando-producoes-simples-em-visuais-cheios-de-presenca\/","url":"https:\/\/www.em.com.br\/emfoco\/2026\/03\/16\/a-cor-classica-voltou-com-forca-e-esta-transformando-producoes-simples-em-visuais-cheios-de-presenca\/","name":"A cor cl\u00e1ssica voltou com for\u00e7a e est\u00e1 transformando produ\u00e7\u00f5es simples em visuais cheios de presen\u00e7a - Estado de Minas - Em foco","isPartOf":{"@id":"https:\/\/www.em.com.br\/emfoco\/#website"},"primaryImageOfPage":{"@id":"https:\/\/www.em.com.br\/emfoco\/2026\/03\/16\/a-cor-classica-voltou-com-forca-e-esta-transformando-producoes-simples-em-visuais-cheios-de-presenca\/#primaryimage"},"image":{"@id":"https:\/\/www.em.com.br\/emfoco\/2026\/03\/16\/a-cor-classica-voltou-com-forca-e-esta-transformando-producoes-simples-em-visuais-cheios-de-presenca\/#primaryimage"},"thumbnailUrl":"https:\/\/www.em.com.br\/emfoco\/wp-content\/uploads\/2026\/03\/4-54.jpg","datePublished":"2026-03-16T19:35:00+00:00","dateModified":"2026-03-13T03:05:51+00:00","author":{"@id":"https:\/\/www.em.com.br\/emfoco\/#\/schema\/person\/1c9ddeab18b98abeffef834667bcf08a"},"description":"Uma cor intensa voltou a dominar vitrines e passarelas. Veja como usar a tend\u00eancia em roupas, acess\u00f3rios e combina\u00e7\u00f5es f\u00e1ceis.","breadcrumb":{"@id":"https:\/\/www.em.com.br\/emfoco\/2026\/03\/16\/a-cor-classica-voltou-com-forca-e-esta-transformando-producoes-simples-em-visuais-cheios-de-presenca\/#breadcrumb"},"inLanguage":"pt-BR","potentialAction":[{"@type":"ReadAction","target":["https:\/\/www.em.com.br\/emfoco\/2026\/03\/16\/a-cor-classica-voltou-com-forca-e-esta-transformando-producoes-simples-em-visuais-cheios-de-presenca\/"]}]},{"@type":"ImageObject","inLanguage":"pt-BR","@id":"https:\/\/www.em.com.br\/emfoco\/2026\/03\/16\/a-cor-classica-voltou-com-forca-e-esta-transformando-producoes-simples-em-visuais-cheios-de-presenca\/#primaryimage","url":"https:\/\/www.em.com.br\/emfoco\/wp-content\/uploads\/2026\/03\/4-54.jpg","contentUrl":"https:\/\/www.em.com.br\/emfoco\/wp-content\/uploads\/2026\/03\/4-54.jpg","width":1280,"height":720,"caption":"Cor vermelha domina as passarelas e vitrines na temporada de moda"},{"@type":"BreadcrumbList","@id":"https:\/\/www.em.com.br\/emfoco\/2026\/03\/16\/a-cor-classica-voltou-com-forca-e-esta-transformando-producoes-simples-em-visuais-cheios-de-presenca\/#breadcrumb","itemListElement":[{"@type":"ListItem","position":1,"name":"In\u00edcio","item":"https:\/\/www.em.com.br\/emfoco\/"},{"@type":"ListItem","position":2,"name":"A cor cl\u00e1ssica voltou com for\u00e7a e est\u00e1 transformando produ\u00e7\u00f5es simples em visuais cheios de presen\u00e7a"}]},{"@type":"WebSite","@id":"https:\/\/www.em.com.br\/emfoco\/#website","url":"https:\/\/www.em.com.br\/emfoco\/","name":"Estado de Minas - Em foco","description":"Acompanhe as \u00faltimas not\u00edcias e fique bem informado sobre tudo o que acontece em Minas Gerais, Brasil e no mundo.","potentialAction":[{"@type":"SearchAction","target":{"@type":"EntryPoint","urlTemplate":"https:\/\/www.em.com.br\/emfoco\/?s={search_term_string}"},"query-input":{"@type":"PropertyValueSpecification","valueRequired":true,"valueName":"search_term_string"}}],"inLanguage":"pt-BR"},{"@type":"Person","@id":"https:\/\/www.em.com.br\/emfoco\/#\/schema\/person\/1c9ddeab18b98abeffef834667bcf08a","name":"Gabriel Martins","image":{"@type":"ImageObject","inLanguage":"pt-BR","@id":"https:\/\/www.em.com.br\/emfoco\/#\/schema\/person\/image\/","url":"https:\/\/secure.gravatar.com\/avatar\/f0f1e2efdfd88f1ad2cb08c5c2731e50?s=96&d=mm&r=g","contentUrl":"https:\/\/secure.gravatar.com\/avatar\/f0f1e2efdfd88f1ad2cb08c5c2731e50?s=96&d=mm&r=g","caption":"Gabriel Martins"},"sameAs":["https:\/\/www.em.com.br\/emfoco\/"],"url":"https:\/\/www.em.com.br\/emfoco\/author\/gabrielmartinsmyth\/"}]}},"_links":{"self":[{"href":"https:\/\/www.em.com.br\/emfoco\/wp-json\/wp\/v2\/posts\/181150","targetHints":{"allow":["GET"]}}],"collection":[{"href":"https:\/\/www.em.com.br\/emfoco\/wp-json\/wp\/v2\/posts"}],"about":[{"href":"https:\/\/www.em.com.br\/emfoco\/wp-json\/wp\/v2\/types\/post"}],"author":[{"embeddable":true,"href":"https:\/\/www.em.com.br\/emfoco\/wp-json\/wp\/v2\/users\/13"}],"replies":[{"embeddable":true,"href":"https:\/\/www.em.com.br\/emfoco\/wp-json\/wp\/v2\/comments?post=181150"}],"version-history":[{"count":1,"href":"https:\/\/www.em.com.br\/emfoco\/wp-json\/wp\/v2\/posts\/181150\/revisions"}],"predecessor-version":[{"id":181176,"href":"https:\/\/www.em.com.br\/emfoco\/wp-json\/wp\/v2\/posts\/181150\/revisions\/181176"}],"wp:featuredmedia":[{"embeddable":true,"href":"https:\/\/www.em.com.br\/emfoco\/wp-json\/wp\/v2\/media\/181164"}],"wp:attachment":[{"href":"https:\/\/www.em.com.br\/emfoco\/wp-json\/wp\/v2\/media?parent=181150"}],"wp:term":[{"taxonomy":"category","embeddable":true,"href":"https:\/\/www.em.com.br\/emfoco\/wp-json\/wp\/v2\/categories?post=181150"},{"taxonomy":"post_tag","embeddable":true,"href":"https:\/\/www.em.com.br\/emfoco\/wp-json\/wp\/v2\/tags?post=181150"}],"curies":[{"name":"wp","href":"https:\/\/api.w.org\/{rel}","templated":true}]}}