{"id":181104,"date":"2026-03-13T07:35:00","date_gmt":"2026-03-13T10:35:00","guid":{"rendered":"https:\/\/www.em.com.br\/emfoco\/?p=181104"},"modified":"2026-03-12T23:47:08","modified_gmt":"2026-03-13T02:47:08","slug":"muito-melhor-que-hamburguer-pao-recheado-gigante-sai-do-forno-dourado-e-irresistivel","status":"publish","type":"post","link":"https:\/\/www.em.com.br\/emfoco\/2026\/03\/13\/muito-melhor-que-hamburguer-pao-recheado-gigante-sai-do-forno-dourado-e-irresistivel\/","title":{"rendered":"Muito melhor que hamb\u00farguer: p\u00e3o recheado gigante sai do forno dourado e irresist\u00edvel"},"content":{"rendered":"\n<p>O p\u00e3o recheado gigante vem conquistando espa\u00e7o nas cozinhas de quem busca um lanche pr\u00e1tico, caprichado e com visual de tirar foto. A combina\u00e7\u00e3o de massa fofinha com recheio generoso rende bem para a fam\u00edlia, \u00e9 f\u00e1cil de fatiar e substitui v\u00e1rios sandu\u00edches individuais com muito menos trabalho.<\/p>\n\n\n\n<h2 class=\"wp-block-heading\">Quais s\u00e3o os ingredientes essenciais do p\u00e3o recheado gigante<\/h2>\n\n\n\n<p>Para preparar um bom <a href=\"https:\/\/www.em.com.br\/emfoco\/2026\/03\/11\/aprenda-a-fazer-pao-de-queijo-mineiro-raiz-com-casquinha-crocante-e-interior-bem-macio\/\" target=\"_blank\" rel=\"noreferrer noopener\">p\u00e3o <\/a>recheado gigante, a base \u00e9 uma massa simples, macia e bem hidratada, combinada com um recheio farto. A seguir, est\u00e3o os ingredientes fundamentais para a massa, uma sugest\u00e3o de recheio cl\u00e1ssico e itens para finalizar o p\u00e3o com brilho e cor.<\/p>\n\n\n\n<ul class=\"wp-block-list\">\n<li><strong>Para a massa:<\/strong><\/li>\n\n\n\n<li>500 g de farinha de trigo<\/li>\n\n\n\n<li>10 g (1 sach\u00ea) de fermento biol\u00f3gico seco<\/li>\n\n\n\n<li>250 ml de leite morno<\/li>\n\n\n\n<li>50 ml de \u00f3leo (soja, milho ou girassol)<\/li>\n\n\n\n<li>1 colher de sopa (10 g) de a\u00e7\u00facar<\/li>\n\n\n\n<li>1 colher de ch\u00e1 (5 g) de sal<\/li>\n\n\n\n<li><strong>Para o recheio (sugest\u00e3o b\u00e1sica):<\/strong><\/li>\n\n\n\n<li>300 g de mu\u00e7arela fatiada ou ralada<\/li>\n\n\n\n<li>200 g de presunto fatiado<\/li>\n\n\n\n<li>100 g de bacon em cubinhos (pr\u00e9-frito e escorrido)<\/li>\n\n\n\n<li>1 tomate grande picado em cubos pequenos (sem excesso de sementes)<\/li>\n\n\n\n<li>2 colheres de sopa de requeij\u00e3o cremoso (cerca de 60 g)<\/li>\n\n\n\n<li>1 colher de ch\u00e1 de or\u00e9gano seco<\/li>\n\n\n\n<li><strong>Para pincelar e finalizar:<\/strong><\/li>\n\n\n\n<li>1 gema de ovo<\/li>\n\n\n\n<li>1 colher de ch\u00e1 de \u00e1gua, leite ou caf\u00e9 sol\u00favel dilu\u00eddo (opcional)<\/li>\n\n\n\n<li>1 colher de ch\u00e1 de a\u00e7\u00facar (opcional)<\/li>\n\n\n\n<li>1 colher de sopa de gergelim ou sementes a gosto (opcional)<\/li>\n<\/ul>\n\n\n\n<figure class=\"wp-block-image size-large\"><img loading=\"lazy\" decoding=\"async\" width=\"1024\" height=\"576\" src=\"https:\/\/www.em.com.br\/emfoco\/wp-content\/uploads\/2026\/03\/ChatGPT-Image-12-de-mar.-de-2026-22_55_17-1-1024x576.png\" alt=\"O p\u00e3o recheado gigante mais irresist\u00edvel para um lanche caprichado\" class=\"wp-image-181117\" srcset=\"https:\/\/www.em.com.br\/emfoco\/wp-content\/uploads\/2026\/03\/ChatGPT-Image-12-de-mar.-de-2026-22_55_17-1-1024x576.png 1024w, https:\/\/www.em.com.br\/emfoco\/wp-content\/uploads\/2026\/03\/ChatGPT-Image-12-de-mar.-de-2026-22_55_17-1-300x169.png 300w, https:\/\/www.em.com.br\/emfoco\/wp-content\/uploads\/2026\/03\/ChatGPT-Image-12-de-mar.-de-2026-22_55_17-1-768x432.png 768w, https:\/\/www.em.com.br\/emfoco\/wp-content\/uploads\/2026\/03\/ChatGPT-Image-12-de-mar.-de-2026-22_55_17-1-750x422.png 750w, https:\/\/www.em.com.br\/emfoco\/wp-content\/uploads\/2026\/03\/ChatGPT-Image-12-de-mar.-de-2026-22_55_17-1-1140x641.png 1140w, https:\/\/www.em.com.br\/emfoco\/wp-content\/uploads\/2026\/03\/ChatGPT-Image-12-de-mar.-de-2026-22_55_17-1.png 1280w\" sizes=\"auto, (max-width: 1024px) 100vw, 1024px\" \/><figcaption class=\"wp-element-caption\">O p\u00e3o recheado gigante mais irresist\u00edvel para um lanche caprichado<\/figcaption><\/figure>\n\n\n\n<h2 class=\"wp-block-heading\">Por que o p\u00e3o recheado gigante se tornou t\u00e3o popular<\/h2>\n\n\n\n<p>O p\u00e3o recheado gigante ganhou for\u00e7a nas redes sociais por unir praticidade, visual impactante e \u00f3timo rendimento. A massa envolve o recheio, segura bem queijos e molhos e ainda absorve parte dos sabores, deixando tudo bem integrado em cada fatia.<\/p>\n\n\n\n<p>Outro ponto forte \u00e9 o aproveitamento de ingredientes que j\u00e1 est\u00e3o na geladeira, como frios, sobras de carne ou<a href=\"https:\/\/br.pinterest.com\/ideas\/legumes-salteados-receitas\/929294910895\/\" target=\"_blank\" rel=\"noreferrer noopener\"> legumes salteados<\/a>. Isso ajuda a evitar desperd\u00edcio, desde que tudo esteja bem temperado, em boa conserva\u00e7\u00e3o e com pouco excesso de l\u00edquido.<\/p>\n\n\n\n<h2 class=\"wp-block-heading\">Como preparar a massa b\u00e1sica do p\u00e3o recheado gigante<\/h2>\n\n\n\n<p>A massa \u00e9 o alicerce da receita e deve ficar lisa, el\u00e1stica e levemente \u00famida, sem grudar demais nas m\u00e3os. Primeiro, mistura-se os l\u00edquidos com o fermento e o a\u00e7\u00facar, espera-se formar uma espuma leve e, ent\u00e3o, acrescenta-se a farinha e o sal aos poucos.<\/p>\n\n\n\n<ul class=\"wp-block-list\">\n<li><strong>Ponto da massa:<\/strong>\u00a0lisa, el\u00e1stica e pouco pegajosa.<\/li>\n\n\n\n<li><strong>Descanso:<\/strong>\u00a0em tigela coberta at\u00e9 dobrar de volume.<\/li>\n\n\n\n<li><strong>Ambiente:<\/strong>\u00a0longe de correntes de ar e frio intenso.<\/li>\n<\/ul>\n\n\n\n<h2 class=\"wp-block-heading\">Como montar, rechear e assar o p\u00e3o recheado gigante corretamente<\/h2>\n\n\n\n<p>Ap\u00f3s crescer, a massa \u00e9 aberta em ret\u00e2ngulo com espessura uniforme para assar por igual. O recheio deve ser bem distribu\u00eddo, deixando bordas livres para fechar, usando queijos que derretem bem e evitando ingredientes com l\u00edquido em excesso.<\/p>\n\n\n\n<ol class=\"wp-block-list\">\n<li>Abrir a massa em formato retangular.<\/li>\n\n\n\n<li>Espalhar um creme (requeij\u00e3o ou similar) em camada fina.<\/li>\n\n\n\n<li>Distribuir queijos e demais ingredientes de forma equilibrada.<\/li>\n\n\n\n<li>Fechar bem as bordas, enrolando como rocambole ou tran\u00e7ando.<\/li>\n\n\n\n<li>Colocar em forma untada, pincelar com gema e polvilhar sementes, se desejar.<\/li>\n<\/ol>\n\n\n\n<figure class=\"wp-block-image size-large\"><img loading=\"lazy\" decoding=\"async\" width=\"1024\" height=\"576\" src=\"https:\/\/www.em.com.br\/emfoco\/wp-content\/uploads\/2026\/03\/ChatGPT-Image-12-de-mar.-de-2026-22_56_08-1-1024x576.png\" alt=\"O p\u00e3o recheado gigante mais irresist\u00edvel para um lanche caprichado\" class=\"wp-image-181118\" srcset=\"https:\/\/www.em.com.br\/emfoco\/wp-content\/uploads\/2026\/03\/ChatGPT-Image-12-de-mar.-de-2026-22_56_08-1-1024x576.png 1024w, https:\/\/www.em.com.br\/emfoco\/wp-content\/uploads\/2026\/03\/ChatGPT-Image-12-de-mar.-de-2026-22_56_08-1-300x169.png 300w, https:\/\/www.em.com.br\/emfoco\/wp-content\/uploads\/2026\/03\/ChatGPT-Image-12-de-mar.-de-2026-22_56_08-1-768x432.png 768w, https:\/\/www.em.com.br\/emfoco\/wp-content\/uploads\/2026\/03\/ChatGPT-Image-12-de-mar.-de-2026-22_56_08-1-750x422.png 750w, https:\/\/www.em.com.br\/emfoco\/wp-content\/uploads\/2026\/03\/ChatGPT-Image-12-de-mar.-de-2026-22_56_08-1-1140x641.png 1140w, https:\/\/www.em.com.br\/emfoco\/wp-content\/uploads\/2026\/03\/ChatGPT-Image-12-de-mar.-de-2026-22_56_08-1.png 1280w\" sizes=\"auto, (max-width: 1024px) 100vw, 1024px\" \/><figcaption class=\"wp-element-caption\">O p\u00e3o recheado gigante mais irresist\u00edvel para um lanche caprichado<\/figcaption><\/figure>\n\n\n\n<p>O forno deve ficar em temperatura m\u00e9dia, cerca de 180\u202f\u00b0C, por 30 a 35 minutos, at\u00e9 dourar por igual. Depois de assado, \u00e9 importante esperar cerca de 5 minutos antes de cortar, para o recheio se acomodar e n\u00e3o escorrer demais.<\/p>\n\n\n\n<h2 class=\"wp-block-heading\">Quais varia\u00e7\u00f5es fazer e por que testar o p\u00e3o recheado gigante hoje mesmo<\/h2>\n\n\n\n<p>Essa receita aceita muitos recheios, como frango desfiado, legumes salteados, ricota temperada, calabresa em rodelas finas ou carne mo\u00edda bem sequinha. Voc\u00ea ainda pode perfumar a massa com ervas secas, alho em p\u00f3 ou p\u00e1prica, deixando o p\u00e3o com mais personalidade.<\/p>\n\n\n\n<p>N\u00e3o deixe essa ideia s\u00f3 na teoria: escolha os ingredientes que voc\u00ea j\u00e1 tem em casa, prepare a massa hoje mesmo e experimente seu primeiro p\u00e3o recheado gigante ainda nesta semana. Re\u00fana a fam\u00edlia, corte em fatias generosas e sinta a diferen\u00e7a de servir um lanche caseiro, farto e cheio de sabor.<\/p>\n\n\n\n<p><\/p>\n","protected":false},"excerpt":{"rendered":"<p>O p\u00e3o recheado gigante vem conquistando espa\u00e7o nas cozinhas de quem busca um lanche pr\u00e1tico, caprichado e com visual de tirar foto. A combina\u00e7\u00e3o de massa fofinha com recheio generoso rende bem para a fam\u00edlia, \u00e9 f\u00e1cil de fatiar e substitui v\u00e1rios sandu\u00edches individuais com muito menos trabalho. Quais s\u00e3o os ingredientes essenciais do p\u00e3o [&hellip;]<\/p>\n","protected":false},"author":11,"featured_media":181116,"comment_status":"open","ping_status":"open","sticky":false,"template":"","format":"standard","meta":{"jnews-multi-image_gallery":[],"jnews_single_post":{"format":"standard"},"jnews_primary_category":[],"jnews_social_meta":[],"jnews_override_counter":[],"footnotes":""},"categories":[8819,1],"tags":[11688,26129,3440],"class_list":["post-181104","post","type-post","status-publish","format-standard","has-post-thumbnail","hentry","category-curiosidades","category-noticias","tag-lanche","tag-pao-recheado-gigante","tag-receita"],"yoast_head":"<!-- This site is optimized with the Yoast SEO plugin v23.8 - https:\/\/yoast.com\/wordpress\/plugins\/seo\/ -->\n<title>Muito melhor que hamb\u00farguer: p\u00e3o recheado gigante sai do forno dourado e irresist\u00edvel - Estado de Minas - Em foco<\/title>\n<meta name=\"description\" content=\"O p\u00e3o recheado gigante virou queridinho nas cozinhas. Uma receita f\u00e1cil, saborosa e perfeita para compartilhar.\" \/>\n<meta name=\"robots\" content=\"index, follow, max-snippet:-1, max-image-preview:large, max-video-preview:-1\" \/>\n<link rel=\"canonical\" href=\"https:\/\/www.em.com.br\/emfoco\/2026\/03\/13\/muito-melhor-que-hamburguer-pao-recheado-gigante-sai-do-forno-dourado-e-irresistivel\/\" \/>\n<meta property=\"og:locale\" content=\"pt_BR\" \/>\n<meta property=\"og:type\" content=\"article\" \/>\n<meta property=\"og:title\" content=\"Muito melhor que hamb\u00farguer: p\u00e3o recheado gigante sai do forno dourado e irresist\u00edvel - Estado de Minas - Em foco\" \/>\n<meta property=\"og:description\" content=\"O p\u00e3o recheado gigante virou queridinho nas cozinhas. Uma receita f\u00e1cil, saborosa e perfeita para compartilhar.\" \/>\n<meta property=\"og:url\" content=\"https:\/\/www.em.com.br\/emfoco\/2026\/03\/13\/muito-melhor-que-hamburguer-pao-recheado-gigante-sai-do-forno-dourado-e-irresistivel\/\" \/>\n<meta property=\"og:site_name\" content=\"Estado de Minas - Em foco\" \/>\n<meta property=\"article:published_time\" content=\"2026-03-13T10:35:00+00:00\" \/>\n<meta property=\"article:modified_time\" content=\"2026-03-13T02:47:08+00:00\" \/>\n<meta property=\"og:image\" content=\"https:\/\/www.em.com.br\/emfoco\/wp-content\/uploads\/2026\/03\/ChatGPT-Image-12-de-mar.-de-2026-22_53_19-1.png\" \/>\n\t<meta property=\"og:image:width\" content=\"1280\" \/>\n\t<meta property=\"og:image:height\" content=\"720\" \/>\n\t<meta property=\"og:image:type\" content=\"image\/png\" \/>\n<meta name=\"author\" content=\"Andre\u0301 Rangel\u00a0\" \/>\n<meta name=\"twitter:card\" content=\"summary_large_image\" \/>\n<meta name=\"twitter:label1\" content=\"Escrito por\" \/>\n\t<meta name=\"twitter:data1\" content=\"Andre\u0301 Rangel\u00a0\" \/>\n\t<meta name=\"twitter:label2\" content=\"Est. tempo de leitura\" \/>\n\t<meta name=\"twitter:data2\" content=\"5 minutos\" \/>\n<!-- \/ Yoast SEO plugin. -->","yoast_head_json":{"title":"Muito melhor que hamb\u00farguer: p\u00e3o recheado gigante sai do forno dourado e irresist\u00edvel - Estado de Minas - Em foco","description":"O p\u00e3o recheado gigante virou queridinho nas cozinhas. Uma receita f\u00e1cil, saborosa e perfeita para compartilhar.","robots":{"index":"index","follow":"follow","max-snippet":"max-snippet:-1","max-image-preview":"max-image-preview:large","max-video-preview":"max-video-preview:-1"},"canonical":"https:\/\/www.em.com.br\/emfoco\/2026\/03\/13\/muito-melhor-que-hamburguer-pao-recheado-gigante-sai-do-forno-dourado-e-irresistivel\/","og_locale":"pt_BR","og_type":"article","og_title":"Muito melhor que hamb\u00farguer: p\u00e3o recheado gigante sai do forno dourado e irresist\u00edvel - Estado de Minas - Em foco","og_description":"O p\u00e3o recheado gigante virou queridinho nas cozinhas. Uma receita f\u00e1cil, saborosa e perfeita para compartilhar.","og_url":"https:\/\/www.em.com.br\/emfoco\/2026\/03\/13\/muito-melhor-que-hamburguer-pao-recheado-gigante-sai-do-forno-dourado-e-irresistivel\/","og_site_name":"Estado de Minas - Em foco","article_published_time":"2026-03-13T10:35:00+00:00","article_modified_time":"2026-03-13T02:47:08+00:00","og_image":[{"width":1280,"height":720,"url":"https:\/\/www.em.com.br\/emfoco\/wp-content\/uploads\/2026\/03\/ChatGPT-Image-12-de-mar.-de-2026-22_53_19-1.png","type":"image\/png"}],"author":"Andre\u0301 Rangel\u00a0","twitter_card":"summary_large_image","twitter_misc":{"Escrito por":"Andre\u0301 Rangel\u00a0","Est. tempo de leitura":"5 minutos"},"schema":{"@context":"https:\/\/schema.org","@graph":[{"@type":"WebPage","@id":"https:\/\/www.em.com.br\/emfoco\/2026\/03\/13\/muito-melhor-que-hamburguer-pao-recheado-gigante-sai-do-forno-dourado-e-irresistivel\/","url":"https:\/\/www.em.com.br\/emfoco\/2026\/03\/13\/muito-melhor-que-hamburguer-pao-recheado-gigante-sai-do-forno-dourado-e-irresistivel\/","name":"Muito melhor que hamb\u00farguer: p\u00e3o recheado gigante sai do forno dourado e irresist\u00edvel - Estado de Minas - Em foco","isPartOf":{"@id":"https:\/\/www.em.com.br\/emfoco\/#website"},"primaryImageOfPage":{"@id":"https:\/\/www.em.com.br\/emfoco\/2026\/03\/13\/muito-melhor-que-hamburguer-pao-recheado-gigante-sai-do-forno-dourado-e-irresistivel\/#primaryimage"},"image":{"@id":"https:\/\/www.em.com.br\/emfoco\/2026\/03\/13\/muito-melhor-que-hamburguer-pao-recheado-gigante-sai-do-forno-dourado-e-irresistivel\/#primaryimage"},"thumbnailUrl":"https:\/\/www.em.com.br\/emfoco\/wp-content\/uploads\/2026\/03\/ChatGPT-Image-12-de-mar.-de-2026-22_53_19-1.png","datePublished":"2026-03-13T10:35:00+00:00","dateModified":"2026-03-13T02:47:08+00:00","author":{"@id":"https:\/\/www.em.com.br\/emfoco\/#\/schema\/person\/60eda09c1fedf0d6891f4cef4b60b8b8"},"description":"O p\u00e3o recheado gigante virou queridinho nas cozinhas. Uma receita f\u00e1cil, saborosa e perfeita para compartilhar.","breadcrumb":{"@id":"https:\/\/www.em.com.br\/emfoco\/2026\/03\/13\/muito-melhor-que-hamburguer-pao-recheado-gigante-sai-do-forno-dourado-e-irresistivel\/#breadcrumb"},"inLanguage":"pt-BR","potentialAction":[{"@type":"ReadAction","target":["https:\/\/www.em.com.br\/emfoco\/2026\/03\/13\/muito-melhor-que-hamburguer-pao-recheado-gigante-sai-do-forno-dourado-e-irresistivel\/"]}]},{"@type":"ImageObject","inLanguage":"pt-BR","@id":"https:\/\/www.em.com.br\/emfoco\/2026\/03\/13\/muito-melhor-que-hamburguer-pao-recheado-gigante-sai-do-forno-dourado-e-irresistivel\/#primaryimage","url":"https:\/\/www.em.com.br\/emfoco\/wp-content\/uploads\/2026\/03\/ChatGPT-Image-12-de-mar.-de-2026-22_53_19-1.png","contentUrl":"https:\/\/www.em.com.br\/emfoco\/wp-content\/uploads\/2026\/03\/ChatGPT-Image-12-de-mar.-de-2026-22_53_19-1.png","width":1280,"height":720,"caption":"O p\u00e3o recheado gigante mais irresist\u00edvel para um lanche caprichado"},{"@type":"BreadcrumbList","@id":"https:\/\/www.em.com.br\/emfoco\/2026\/03\/13\/muito-melhor-que-hamburguer-pao-recheado-gigante-sai-do-forno-dourado-e-irresistivel\/#breadcrumb","itemListElement":[{"@type":"ListItem","position":1,"name":"In\u00edcio","item":"https:\/\/www.em.com.br\/emfoco\/"},{"@type":"ListItem","position":2,"name":"Muito melhor que hamb\u00farguer: p\u00e3o recheado gigante sai do forno dourado e irresist\u00edvel"}]},{"@type":"WebSite","@id":"https:\/\/www.em.com.br\/emfoco\/#website","url":"https:\/\/www.em.com.br\/emfoco\/","name":"Estado de Minas - Em foco","description":"Acompanhe as \u00faltimas not\u00edcias e fique bem informado sobre tudo o que acontece em Minas Gerais, Brasil e no mundo.","potentialAction":[{"@type":"SearchAction","target":{"@type":"EntryPoint","urlTemplate":"https:\/\/www.em.com.br\/emfoco\/?s={search_term_string}"},"query-input":{"@type":"PropertyValueSpecification","valueRequired":true,"valueName":"search_term_string"}}],"inLanguage":"pt-BR"},{"@type":"Person","@id":"https:\/\/www.em.com.br\/emfoco\/#\/schema\/person\/60eda09c1fedf0d6891f4cef4b60b8b8","name":"Andre\u0301 Rangel\u00a0","image":{"@type":"ImageObject","inLanguage":"pt-BR","@id":"https:\/\/www.em.com.br\/emfoco\/#\/schema\/person\/image\/","url":"https:\/\/secure.gravatar.com\/avatar\/6234dc814c77c8ef6d8bba622c787efc?s=96&d=mm&r=g","contentUrl":"https:\/\/secure.gravatar.com\/avatar\/6234dc814c77c8ef6d8bba622c787efc?s=96&d=mm&r=g","caption":"Andre\u0301 Rangel\u00a0"},"url":"https:\/\/www.em.com.br\/emfoco\/author\/luizmyth\/"}]}},"_links":{"self":[{"href":"https:\/\/www.em.com.br\/emfoco\/wp-json\/wp\/v2\/posts\/181104","targetHints":{"allow":["GET"]}}],"collection":[{"href":"https:\/\/www.em.com.br\/emfoco\/wp-json\/wp\/v2\/posts"}],"about":[{"href":"https:\/\/www.em.com.br\/emfoco\/wp-json\/wp\/v2\/types\/post"}],"author":[{"embeddable":true,"href":"https:\/\/www.em.com.br\/emfoco\/wp-json\/wp\/v2\/users\/11"}],"replies":[{"embeddable":true,"href":"https:\/\/www.em.com.br\/emfoco\/wp-json\/wp\/v2\/comments?post=181104"}],"version-history":[{"count":3,"href":"https:\/\/www.em.com.br\/emfoco\/wp-json\/wp\/v2\/posts\/181104\/revisions"}],"predecessor-version":[{"id":181123,"href":"https:\/\/www.em.com.br\/emfoco\/wp-json\/wp\/v2\/posts\/181104\/revisions\/181123"}],"wp:featuredmedia":[{"embeddable":true,"href":"https:\/\/www.em.com.br\/emfoco\/wp-json\/wp\/v2\/media\/181116"}],"wp:attachment":[{"href":"https:\/\/www.em.com.br\/emfoco\/wp-json\/wp\/v2\/media?parent=181104"}],"wp:term":[{"taxonomy":"category","embeddable":true,"href":"https:\/\/www.em.com.br\/emfoco\/wp-json\/wp\/v2\/categories?post=181104"},{"taxonomy":"post_tag","embeddable":true,"href":"https:\/\/www.em.com.br\/emfoco\/wp-json\/wp\/v2\/tags?post=181104"}],"curies":[{"name":"wp","href":"https:\/\/api.w.org\/{rel}","templated":true}]}}