{"id":181101,"date":"2026-03-15T13:45:00","date_gmt":"2026-03-15T16:45:00","guid":{"rendered":"https:\/\/www.em.com.br\/emfoco\/?p=181101"},"modified":"2026-03-14T23:14:20","modified_gmt":"2026-03-15T02:14:20","slug":"loja-de-roupas-muito-conhecida-anuncia-fechamento-de-mais-de-25-lojas","status":"publish","type":"post","link":"https:\/\/www.em.com.br\/emfoco\/2026\/03\/15\/loja-de-roupas-muito-conhecida-anuncia-fechamento-de-mais-de-25-lojas\/","title":{"rendered":"Loja de roupas muito conhecida anuncia fechamento de mais de 25 lojas"},"content":{"rendered":"\n<p>O fechamento de lojas da <strong>H&amp;M<\/strong> na <strong>Espanha <\/strong>tem chamado aten\u00e7\u00e3o de quem acompanha o varejo de moda, refletindo um mercado mais digital, concorrido e pressionado por custos, no qual as marcas precisam reorganizar sua presen\u00e7a f\u00edsica para seguir relevantes e rent\u00e1veis.<\/p>\n\n\n\n<h2 class=\"wp-block-heading\">Por que a H&amp;M est\u00e1 fechando lojas na Espanha<\/h2>\n\n\n\n<p>O fechamento de lojas da <a href=\"https:\/\/www.hm.com.br\/\" target=\"_blank\" rel=\"noreferrer noopener\">H&amp;M <\/a>na Espanha faz parte de um plano de reestrutura\u00e7\u00e3o voltado para efici\u00eancia e corte de custos. A rede busca adequar o n\u00famero de unidades f\u00edsicas ao novo patamar de vendas presenciais, hoje bem abaixo do crescimento do com\u00e9rcio on-line.<\/p>\n\n\n\n<p>Em vez de muitas lojas espalhadas, a marca tende a concentrar esfor\u00e7os em menos pontos com melhor performance, maior integra\u00e7\u00e3o tecnol\u00f3gica e opera\u00e7\u00f5es mais enxutas. Essa reorganiza\u00e7\u00e3o inclui revis\u00e3o de contratos de aluguel, estoques e layouts, al\u00e9m de negocia\u00e7\u00f5es trabalhistas para minimizar impactos sobre empregos.<\/p>\n\n\n\n<figure class=\"wp-block-image\"><img decoding=\"async\" src=\"https:\/\/www.em.com.br\/emfoco\/wp-content\/uploads\/2025\/09\/HM_Man_Grote_Markt_Groningen_2017-1024x576.jpg\" alt=\"\"\/><figcaption class=\"wp-element-caption\">Fechamento de lojas, o que muda para consumidores e varejistas &#8211; Cr\u00e9ditos: Divulga\u00e7\u00e3o\/Wikimedia Commons<\/figcaption><\/figure>\n\n\n\n<h2 class=\"wp-block-heading\">Como o fechamento de lojas afeta trabalhadores e centros comerciais<\/h2>\n\n\n\n<p>O encerramento de unidades da H&amp;M na Espanha n\u00e3o \u00e9 apenas um dado num\u00e9rico: ele altera rotinas, empregos e a din\u00e2mica de centros comerciais. Em muitos casos, o fechamento vem acompanhado de propostas de realoca\u00e7\u00e3o, acordos de sa\u00edda e ajustes de jornada.<\/p>\n\n\n\n<p>Shoppings e ruas comerciais tamb\u00e9m sentem o efeito, pois perdem uma \u00e2ncora de fluxo importante. A empresa, por sua vez, tenta equilibrar cortes de custos com medidas como transfer\u00eancias internas, indeniza\u00e7\u00f5es e, em alguns casos, programas de requalifica\u00e7\u00e3o alinhados \u00e0 legisla\u00e7\u00e3o espanhola.<\/p>\n\n\n\n<h2 class=\"wp-block-heading\">Como o comportamento do consumidor espanhol est\u00e1 mudando<\/h2>\n\n\n\n<p>Para quem compra moda, o fechamento de lojas da H&amp;M na Espanha refor\u00e7a a centralidade do e-commerce e dos aplicativos como principal porta de entrada para cole\u00e7\u00f5es, promo\u00e7\u00f5es e lan\u00e7amentos. Em algumas regi\u00f5es, o acesso ao ponto f\u00edsico fica mais distante, incentivando ainda mais a compra digital.<\/p>\n\n\n\n<p>As lojas que permanecem abertas passam a ter fun\u00e7\u00f5es mais diversificadas, atuando como hubs de servi\u00e7o e experi\u00eancia. Nesse novo modelo, o consumidor transita com mais naturalidade entre o f\u00edsico e o on-line, combinando conveni\u00eancia, pre\u00e7o e rapidez.<\/p>\n\n\n\n<ul class=\"wp-block-list\">\n<li>Ponto de retirada de pedidos on-line (<em>click &amp; collect<\/em>);<\/li>\n\n\n\n<li>Espa\u00e7o para trocas e devolu\u00e7\u00f5es r\u00e1pidas;<\/li>\n\n\n\n<li>Local de prova de pe\u00e7as selecionadas antes da compra digital;<\/li>\n\n\n\n<li>Vitrine f\u00edsica para cole\u00e7\u00f5es c\u00e1psula e campanhas especiais.<\/li>\n<\/ul>\n\n\n\n<figure class=\"wp-block-image\"><img decoding=\"async\" src=\"https:\/\/www.em.com.br\/emfoco\/wp-content\/uploads\/2025\/09\/HM_Costanera_Center-1-1024x576.jpg\" alt=\"\"\/><figcaption class=\"wp-element-caption\">A moda acess\u00edvel da H&amp;M est\u00e1 virando febre nas capitais brasileiras &#8211; Cr\u00e9ditos: Divulga\u00e7\u00e3o\/Wikimedia Commons<\/figcaption><\/figure>\n\n\n\n<h2 class=\"wp-block-heading\">Quais fatores explicam a reorganiza\u00e7\u00e3o do varejo da H&amp;M<\/h2>\n\n\n\n<p>O fechamento de lojas da H&amp;M na Espanha resulta da combina\u00e7\u00e3o de fatores econ\u00f4micos, tecnol\u00f3gicos e sociais. A digitaliza\u00e7\u00e3o reduz o fluxo espont\u00e2neo em lojas f\u00edsicas, enquanto alugu\u00e9is, energia e pessoal encarecem pontos com baixo faturamento por metro quadrado.<\/p>\n\n\n\n<p>Some-se a isso a mudan\u00e7a no consumo de moda, com menos compras por impulso e maior influ\u00eancia de redes sociais, a press\u00e3o por sustentabilidade sobre o<a href=\"https:\/\/www.em.com.br\/emfoco\/2026\/01\/23\/uma-grande-loja-icone-da-moda-se-despede-a-empresa-anunciou-que-uma-de-suas-lojas-mais-queridas-fechara-as-portas-em-31-de-janeiro\/\" target=\"_blank\" rel=\"noreferrer noopener\"> fast fashion<\/a> e a concorr\u00eancia de marketplaces globais, o que obriga a H&amp;M a recalibrar sua presen\u00e7a territorial e investir mais em log\u00edstica, tecnologia e integra\u00e7\u00e3o de canais.<\/p>\n\n\n\n<h2 class=\"wp-block-heading\">O que o futuro da H&amp;M na Espanha sinaliza para o setor de moda<\/h2>\n\n\n\n<p>O movimento da H&amp;M funciona como term\u00f4metro de um varejo de moda que caminha para redes f\u00edsicas menores, forte depend\u00eancia do digital e maior cobran\u00e7a por sustentabilidade e efici\u00eancia. Marcas de todos os portes precisam rever estoques, canais de venda e relacionamento com o cliente para n\u00e3o ficarem para tr\u00e1s.<\/p>\n\n\n\n<p>Se voc\u00ea atua ou quer atuar no mercado de moda, o momento de se adaptar \u00e9 agora: monitore esses fechamentos, reavalie sua estrat\u00e9gia e ajuste rapidamente seus canais e opera\u00e7\u00f5es, porque quem demorar para reagir corre o risco de perder espa\u00e7o em um cen\u00e1rio que muda em alta velocidade.<\/p>\n","protected":false},"excerpt":{"rendered":"<p>O fechamento de lojas da H&amp;M na Espanha tem chamado aten\u00e7\u00e3o de quem acompanha o varejo de moda, refletindo um mercado mais digital, concorrido e pressionado por custos, no qual as marcas precisam reorganizar sua presen\u00e7a f\u00edsica para seguir relevantes e rent\u00e1veis. Por que a H&amp;M est\u00e1 fechando lojas na Espanha O fechamento de lojas [&hellip;]<\/p>\n","protected":false},"author":11,"featured_media":166578,"comment_status":"open","ping_status":"open","sticky":false,"template":"","format":"standard","meta":{"jnews-multi-image_gallery":[],"jnews_single_post":{"format":"standard"},"jnews_primary_category":[],"jnews_social_meta":[],"jnews_override_counter":[],"footnotes":""},"categories":[28,1],"tags":[10179,21364,15635,4977],"class_list":["post-181101","post","type-post","status-publish","format-standard","has-post-thumbnail","hentry","category-economia","category-noticias","tag-fechamento","tag-fechamento-de-lojas","tag-hm","tag-moda"],"yoast_head":"<!-- This site is optimized with the Yoast SEO plugin v23.8 - https:\/\/yoast.com\/wordpress\/plugins\/seo\/ -->\n<title>Loja de roupas muito conhecida anuncia fechamento de mais de 25 lojas - Estado de Minas - Em foco<\/title>\n<meta name=\"description\" content=\"O fechamento de lojas f\u00edsicas da H&amp;M mostra a tend\u00eancia global de digitaliza\u00e7\u00e3o, efici\u00eancia e sustentabilidade no varejo de moda.\" \/>\n<meta name=\"robots\" content=\"index, follow, max-snippet:-1, max-image-preview:large, max-video-preview:-1\" \/>\n<link rel=\"canonical\" href=\"https:\/\/www.em.com.br\/emfoco\/2026\/03\/15\/loja-de-roupas-muito-conhecida-anuncia-fechamento-de-mais-de-25-lojas\/\" \/>\n<meta property=\"og:locale\" content=\"pt_BR\" \/>\n<meta property=\"og:type\" content=\"article\" \/>\n<meta property=\"og:title\" content=\"Loja de roupas muito conhecida anuncia fechamento de mais de 25 lojas - Estado de Minas - Em foco\" \/>\n<meta property=\"og:description\" content=\"O fechamento de lojas f\u00edsicas da H&amp;M mostra a tend\u00eancia global de digitaliza\u00e7\u00e3o, efici\u00eancia e sustentabilidade no varejo de moda.\" \/>\n<meta property=\"og:url\" content=\"https:\/\/www.em.com.br\/emfoco\/2026\/03\/15\/loja-de-roupas-muito-conhecida-anuncia-fechamento-de-mais-de-25-lojas\/\" \/>\n<meta property=\"og:site_name\" content=\"Estado de Minas - Em foco\" \/>\n<meta property=\"article:published_time\" content=\"2026-03-15T16:45:00+00:00\" \/>\n<meta property=\"article:modified_time\" content=\"2026-03-15T02:14:20+00:00\" \/>\n<meta property=\"og:image\" content=\"https:\/\/www.em.com.br\/emfoco\/wp-content\/uploads\/2026\/02\/loja_1770642656190.jpg\" \/>\n\t<meta property=\"og:image:width\" content=\"1280\" \/>\n\t<meta property=\"og:image:height\" content=\"720\" \/>\n\t<meta property=\"og:image:type\" content=\"image\/jpeg\" \/>\n<meta name=\"author\" content=\"Andre\u0301 Rangel\u00a0\" \/>\n<meta name=\"twitter:card\" content=\"summary_large_image\" \/>\n<meta name=\"twitter:label1\" content=\"Escrito por\" \/>\n\t<meta name=\"twitter:data1\" content=\"Andre\u0301 Rangel\u00a0\" \/>\n\t<meta name=\"twitter:label2\" content=\"Est. tempo de leitura\" \/>\n\t<meta name=\"twitter:data2\" content=\"4 minutos\" \/>\n<!-- \/ Yoast SEO plugin. -->","yoast_head_json":{"title":"Loja de roupas muito conhecida anuncia fechamento de mais de 25 lojas - Estado de Minas - Em foco","description":"O fechamento de lojas f\u00edsicas da H&M mostra a tend\u00eancia global de digitaliza\u00e7\u00e3o, efici\u00eancia e sustentabilidade no varejo de moda.","robots":{"index":"index","follow":"follow","max-snippet":"max-snippet:-1","max-image-preview":"max-image-preview:large","max-video-preview":"max-video-preview:-1"},"canonical":"https:\/\/www.em.com.br\/emfoco\/2026\/03\/15\/loja-de-roupas-muito-conhecida-anuncia-fechamento-de-mais-de-25-lojas\/","og_locale":"pt_BR","og_type":"article","og_title":"Loja de roupas muito conhecida anuncia fechamento de mais de 25 lojas - Estado de Minas - Em foco","og_description":"O fechamento de lojas f\u00edsicas da H&M mostra a tend\u00eancia global de digitaliza\u00e7\u00e3o, efici\u00eancia e sustentabilidade no varejo de moda.","og_url":"https:\/\/www.em.com.br\/emfoco\/2026\/03\/15\/loja-de-roupas-muito-conhecida-anuncia-fechamento-de-mais-de-25-lojas\/","og_site_name":"Estado de Minas - Em foco","article_published_time":"2026-03-15T16:45:00+00:00","article_modified_time":"2026-03-15T02:14:20+00:00","og_image":[{"width":1280,"height":720,"url":"https:\/\/www.em.com.br\/emfoco\/wp-content\/uploads\/2026\/02\/loja_1770642656190.jpg","type":"image\/jpeg"}],"author":"Andre\u0301 Rangel\u00a0","twitter_card":"summary_large_image","twitter_misc":{"Escrito por":"Andre\u0301 Rangel\u00a0","Est. tempo de leitura":"4 minutos"},"schema":{"@context":"https:\/\/schema.org","@graph":[{"@type":"WebPage","@id":"https:\/\/www.em.com.br\/emfoco\/2026\/03\/15\/loja-de-roupas-muito-conhecida-anuncia-fechamento-de-mais-de-25-lojas\/","url":"https:\/\/www.em.com.br\/emfoco\/2026\/03\/15\/loja-de-roupas-muito-conhecida-anuncia-fechamento-de-mais-de-25-lojas\/","name":"Loja de roupas muito conhecida anuncia fechamento de mais de 25 lojas - Estado de Minas - Em foco","isPartOf":{"@id":"https:\/\/www.em.com.br\/emfoco\/#website"},"primaryImageOfPage":{"@id":"https:\/\/www.em.com.br\/emfoco\/2026\/03\/15\/loja-de-roupas-muito-conhecida-anuncia-fechamento-de-mais-de-25-lojas\/#primaryimage"},"image":{"@id":"https:\/\/www.em.com.br\/emfoco\/2026\/03\/15\/loja-de-roupas-muito-conhecida-anuncia-fechamento-de-mais-de-25-lojas\/#primaryimage"},"thumbnailUrl":"https:\/\/www.em.com.br\/emfoco\/wp-content\/uploads\/2026\/02\/loja_1770642656190.jpg","datePublished":"2026-03-15T16:45:00+00:00","dateModified":"2026-03-15T02:14:20+00:00","author":{"@id":"https:\/\/www.em.com.br\/emfoco\/#\/schema\/person\/60eda09c1fedf0d6891f4cef4b60b8b8"},"description":"O fechamento de lojas f\u00edsicas da H&M mostra a tend\u00eancia global de digitaliza\u00e7\u00e3o, efici\u00eancia e sustentabilidade no varejo de moda.","breadcrumb":{"@id":"https:\/\/www.em.com.br\/emfoco\/2026\/03\/15\/loja-de-roupas-muito-conhecida-anuncia-fechamento-de-mais-de-25-lojas\/#breadcrumb"},"inLanguage":"pt-BR","potentialAction":[{"@type":"ReadAction","target":["https:\/\/www.em.com.br\/emfoco\/2026\/03\/15\/loja-de-roupas-muito-conhecida-anuncia-fechamento-de-mais-de-25-lojas\/"]}]},{"@type":"ImageObject","inLanguage":"pt-BR","@id":"https:\/\/www.em.com.br\/emfoco\/2026\/03\/15\/loja-de-roupas-muito-conhecida-anuncia-fechamento-de-mais-de-25-lojas\/#primaryimage","url":"https:\/\/www.em.com.br\/emfoco\/wp-content\/uploads\/2026\/02\/loja_1770642656190.jpg","contentUrl":"https:\/\/www.em.com.br\/emfoco\/wp-content\/uploads\/2026\/02\/loja_1770642656190.jpg","width":1280,"height":720,"caption":"Fechamento de lojas, o que muda para consumidores e varejistas - Cr\u00e9ditos: depositphotos.com \/ zhudifeng"},{"@type":"BreadcrumbList","@id":"https:\/\/www.em.com.br\/emfoco\/2026\/03\/15\/loja-de-roupas-muito-conhecida-anuncia-fechamento-de-mais-de-25-lojas\/#breadcrumb","itemListElement":[{"@type":"ListItem","position":1,"name":"In\u00edcio","item":"https:\/\/www.em.com.br\/emfoco\/"},{"@type":"ListItem","position":2,"name":"Loja de roupas muito conhecida anuncia fechamento de mais de 25 lojas"}]},{"@type":"WebSite","@id":"https:\/\/www.em.com.br\/emfoco\/#website","url":"https:\/\/www.em.com.br\/emfoco\/","name":"Estado de Minas - Em foco","description":"Acompanhe as \u00faltimas not\u00edcias e fique bem informado sobre tudo o que acontece em Minas Gerais, Brasil e no mundo.","potentialAction":[{"@type":"SearchAction","target":{"@type":"EntryPoint","urlTemplate":"https:\/\/www.em.com.br\/emfoco\/?s={search_term_string}"},"query-input":{"@type":"PropertyValueSpecification","valueRequired":true,"valueName":"search_term_string"}}],"inLanguage":"pt-BR"},{"@type":"Person","@id":"https:\/\/www.em.com.br\/emfoco\/#\/schema\/person\/60eda09c1fedf0d6891f4cef4b60b8b8","name":"Andre\u0301 Rangel\u00a0","image":{"@type":"ImageObject","inLanguage":"pt-BR","@id":"https:\/\/www.em.com.br\/emfoco\/#\/schema\/person\/image\/","url":"https:\/\/secure.gravatar.com\/avatar\/6234dc814c77c8ef6d8bba622c787efc?s=96&d=mm&r=g","contentUrl":"https:\/\/secure.gravatar.com\/avatar\/6234dc814c77c8ef6d8bba622c787efc?s=96&d=mm&r=g","caption":"Andre\u0301 Rangel\u00a0"},"url":"https:\/\/www.em.com.br\/emfoco\/author\/luizmyth\/"}]}},"_links":{"self":[{"href":"https:\/\/www.em.com.br\/emfoco\/wp-json\/wp\/v2\/posts\/181101","targetHints":{"allow":["GET"]}}],"collection":[{"href":"https:\/\/www.em.com.br\/emfoco\/wp-json\/wp\/v2\/posts"}],"about":[{"href":"https:\/\/www.em.com.br\/emfoco\/wp-json\/wp\/v2\/types\/post"}],"author":[{"embeddable":true,"href":"https:\/\/www.em.com.br\/emfoco\/wp-json\/wp\/v2\/users\/11"}],"replies":[{"embeddable":true,"href":"https:\/\/www.em.com.br\/emfoco\/wp-json\/wp\/v2\/comments?post=181101"}],"version-history":[{"count":2,"href":"https:\/\/www.em.com.br\/emfoco\/wp-json\/wp\/v2\/posts\/181101\/revisions"}],"predecessor-version":[{"id":181103,"href":"https:\/\/www.em.com.br\/emfoco\/wp-json\/wp\/v2\/posts\/181101\/revisions\/181103"}],"wp:featuredmedia":[{"embeddable":true,"href":"https:\/\/www.em.com.br\/emfoco\/wp-json\/wp\/v2\/media\/166578"}],"wp:attachment":[{"href":"https:\/\/www.em.com.br\/emfoco\/wp-json\/wp\/v2\/media?parent=181101"}],"wp:term":[{"taxonomy":"category","embeddable":true,"href":"https:\/\/www.em.com.br\/emfoco\/wp-json\/wp\/v2\/categories?post=181101"},{"taxonomy":"post_tag","embeddable":true,"href":"https:\/\/www.em.com.br\/emfoco\/wp-json\/wp\/v2\/tags?post=181101"}],"curies":[{"name":"wp","href":"https:\/\/api.w.org\/{rel}","templated":true}]}}