{"id":181097,"date":"2026-03-14T13:45:00","date_gmt":"2026-03-14T16:45:00","guid":{"rendered":"https:\/\/www.em.com.br\/emfoco\/?p=181097"},"modified":"2026-03-13T22:41:39","modified_gmt":"2026-03-14T01:41:39","slug":"apos-100-anos-de-trabalho-empresa-fecha-duas-fabricas-e-demite-250-funcionarios","status":"publish","type":"post","link":"https:\/\/www.em.com.br\/emfoco\/2026\/03\/14\/apos-100-anos-de-trabalho-empresa-fecha-duas-fabricas-e-demite-250-funcionarios\/","title":{"rendered":"Ap\u00f3s 100 anos de trabalho, empresa fecha duas f\u00e1bricas e demite 250 funcion\u00e1rios"},"content":{"rendered":"\n<p>A crise na ind\u00fastria t\u00eaxtil na <strong>Argentina <\/strong>em 2026 deixou de ser um epis\u00f3dio pontual e passou a ser um processo prolongado de encolhimento do setor, afetando diretamente emprego, renda e produ\u00e7\u00e3o. Em v\u00e1rias prov\u00edncias, antigas chamin\u00e9s de f\u00e1bricas de fios, tecidos e cal\u00e7ados j\u00e1 n\u00e3o funcionam como antes, com galp\u00f5es operando em apenas um turno ou totalmente fechados, consolidando a express\u00e3o\u00a0<strong>crise t\u00eaxtil na Argentina<\/strong>\u00a0como s\u00edntese de um quadro persistente de dificuldades.<\/p>\n\n\n\n<h2 class=\"wp-block-heading\">Por que a crise t\u00eaxtil na Argentina se agravou nos \u00faltimos anos<\/h2>\n\n\n\n<p>A\u00a0<strong>crise da ind\u00fastria t\u00eaxtil argentina<\/strong>\u00a0se intensificou com a combina\u00e7\u00e3o de demanda interna fraca, competi\u00e7\u00e3o externa forte e custos de produ\u00e7\u00e3o elevados. O poder de compra menor levou fam\u00edlias a adiar a compra de roupas, recorrer a brech\u00f3s, feiras e e-commerce de baixo custo, reduzindo pedidos para as <a href=\"https:\/\/www.em.com.br\/emfoco\/2026\/02\/01\/fabrica-historica-se-despede-para-sempre-seus-produtos-estiveram-presentes-nas-mesas-do-pais-por-180-anos\/\" target=\"_blank\" rel=\"noreferrer noopener\">f\u00e1bricas<\/a>.<\/p>\n\n\n\n<p>Ao mesmo tempo, o mercado passou a receber mais produtos t\u00eaxteis importados, formais e informais, vindos de pa\u00edses com alta mecaniza\u00e7\u00e3o e custos menores. Diante disso, o fabricante argentino precisa escolher entre comprimir margens para competir em pre\u00e7o ou manter valores mais altos e perder espa\u00e7o nas lojas e plataformas on-line.<\/p>\n\n\n\n<figure class=\"wp-block-image\"><img decoding=\"async\" src=\"https:\/\/www.em.com.br\/emfoco\/wp-content\/uploads\/2026\/02\/ChatGPT-Image-4-de-fev.-de-2026-20_48_20-1-1024x576.png\" alt=\"\"\/><figcaption class=\"wp-element-caption\">Crise t\u00eaxtil fecha f\u00e1bricas centen\u00e1rias e amea\u00e7a empregos<\/figcaption><\/figure>\n\n\n\n<h2 class=\"wp-block-heading\">Quais s\u00e3o os principais pilares da perda de competitividade t\u00eaxtil<\/h2>\n\n\n\n<p>Especialistas apontam que a&nbsp;<strong>crise t\u00eaxtil na Argentina<\/strong>&nbsp;se apoia em fatores estruturais que se refor\u00e7am mutuamente. Mesmo em regi\u00f5es com tradi\u00e7\u00e3o no cultivo de algod\u00e3o e na fabrica\u00e7\u00e3o de tecidos, empresas de longa trajet\u00f3ria lutam para manter uma rentabilidade m\u00ednima.<\/p>\n\n\n\n<p>Nesse contexto, muitos empres\u00e1rios relatam f\u00e1bricas com capacidade ociosa prolongada, linhas que funcionam apenas alguns dias por semana ou em um turno, e m\u00e1quinas paradas. Esse padr\u00e3o pressiona o caixa, aumenta o risco de fechamento definitivo e limita qualquer plano de moderniza\u00e7\u00e3o real do parque fabril.<\/p>\n\n\n\n<h2 class=\"wp-block-heading\">Como a crise t\u00eaxtil impacta trabalhadores e economias regionais<\/h2>\n\n\n\n<p>Os efeitos da&nbsp;<strong>crise t\u00eaxtil na Argentina<\/strong>&nbsp;se espalham rapidamente pelo territ\u00f3rio, indo muito al\u00e9m das f\u00e1bricas. Quando uma planta demite ou encerra atividades, trabalhadores com anos de experi\u00eancia em teares, corte e costura precisam buscar novas fontes de renda, muitas vezes na informalidade.<\/p>\n\n\n\n<p>Com menos sal\u00e1rios circulando, o com\u00e9rcio local encolhe e servi\u00e7os b\u00e1sicos, como alimenta\u00e7\u00e3o, transporte e pequenos reparos, perdem clientes. Em regi\u00f5es pouco diversificadas, o fechamento de uma grande ind\u00fastria pode provocar migra\u00e7\u00e3o em massa, alterar a oferta de servi\u00e7os p\u00fablicos e redesenhar completamente a din\u00e2mica econ\u00f4mica local.<\/p>\n\n\n\n<h2 class=\"wp-block-heading\">Quais estrat\u00e9gias est\u00e3o em debate para enfrentar a crise t\u00eaxtil<\/h2>\n\n\n\n<p>Diante desse cen\u00e1rio, governos, empresas e trabalhadores discutem sa\u00eddas que combinem medidas emergenciais com mudan\u00e7as estruturais. A ideia \u00e9 preservar o que ainda existe de base industrial, ao mesmo tempo em que se prepara o setor para competir em novos nichos e mercados.<\/p>\n\n\n\n<figure class=\"wp-block-image\"><img decoding=\"async\" src=\"https:\/\/www.em.com.br\/emfoco\/wp-content\/uploads\/2026\/02\/ChatGPT-Image-4-de-fev.-de-2026-20_47_11-1-1024x576.png\" alt=\"\"\/><figcaption class=\"wp-element-caption\">Crise t\u00eaxtil fecha f\u00e1bricas centen\u00e1rias e amea\u00e7a empregos<\/figcaption><\/figure>\n\n\n\n<p>Entre as alternativas em debate, ganham espa\u00e7o tanto a\u00e7\u00f5es de prote\u00e7\u00e3o pontual quanto iniciativas de inova\u00e7\u00e3o e integra\u00e7\u00e3o produtiva regional, como mostra a lista a seguir:<\/p>\n\n\n\n<ul class=\"wp-block-list\">\n<li><strong>Revis\u00e3o de pol\u00edticas de importa\u00e7\u00e3o e fiscaliza\u00e7\u00e3o<\/strong>, para coibir concorr\u00eancia desleal e contrabando de produtos ultrabaratos.<\/li>\n\n\n\n<li><strong>Programas de cr\u00e9dito orientado<\/strong>, focados em moderniza\u00e7\u00e3o tecnol\u00f3gica, efici\u00eancia energ\u00e9tica e renova\u00e7\u00e3o de m\u00e1quinas.<\/li>\n\n\n\n<li><strong>Aposta em segmentos especializados<\/strong>, como t\u00eaxteis t\u00e9cnicos, sustent\u00e1veis e de alto valor agregado.<\/li>\n\n\n\n<li><strong>Forma\u00e7\u00e3o e requalifica\u00e7\u00e3o<\/strong>\u00a0de trabalhadores para novas fun\u00e7\u00f5es industriais e servi\u00e7os associados \u00e0 cadeia t\u00eaxtil.<\/li>\n\n\n\n<li><strong>Integra\u00e7\u00e3o regional<\/strong>\u00a0com pa\u00edses vizinhos, buscando complementariedade produtiva e novos mercados consumidores.<\/li>\n<\/ul>\n\n\n\n<h2 class=\"wp-block-heading\">Qual \u00e9 o futuro da ind\u00fastria t\u00eaxtil argentina e o que precisa ser feito agora<\/h2>\n\n\n\n<p>O modo como essas iniciativas ser\u00e3o implementadas nos pr\u00f3ximos anos definir\u00e1 se a\u00a0<strong><a href=\"https:\/\/industriasa.com.br\/crise-na-industria-textil-avanco-de-importados-e-risco-de-desindustrializacao-ameacam-o-setor-no-brasil\/\" target=\"_blank\" rel=\"noreferrer noopener\">crise t\u00eaxtil<\/a> na Argentina<\/strong>\u00a0resultar\u00e1 em extin\u00e7\u00e3o ampla do setor ou em uma reconstru\u00e7\u00e3o focada, inovadora e competitiva. Adiar decis\u00f5es significa aprofundar a perda de empregos, renda e capacidade produtiva em diversas regi\u00f5es.<\/p>\n\n\n\n<p>\u00c9 urgente que governos, empres\u00e1rios e trabalhadores assumam compromissos concretos, com metas claras e prazos curtos, para salvar o que ainda pode ser recuperado e preparar a transi\u00e7\u00e3o para um novo ciclo industrial. Se a a\u00e7\u00e3o n\u00e3o for imediata e coordenada, a pr\u00f3xima d\u00e9cada pode selar o desmonte definitivo da base t\u00eaxtil argentina \u2014 e o momento de reagir \u00e9 agora.<\/p>\n","protected":false},"excerpt":{"rendered":"<p>A crise na ind\u00fastria t\u00eaxtil na Argentina em 2026 deixou de ser um epis\u00f3dio pontual e passou a ser um processo prolongado de encolhimento do setor, afetando diretamente emprego, renda e produ\u00e7\u00e3o. Em v\u00e1rias prov\u00edncias, antigas chamin\u00e9s de f\u00e1bricas de fios, tecidos e cal\u00e7ados j\u00e1 n\u00e3o funcionam como antes, com galp\u00f5es operando em apenas um [&hellip;]<\/p>\n","protected":false},"author":11,"featured_media":164854,"comment_status":"open","ping_status":"open","sticky":false,"template":"","format":"standard","meta":{"jnews-multi-image_gallery":[],"jnews_single_post":{"format":"standard"},"jnews_primary_category":[],"jnews_social_meta":[],"jnews_override_counter":[],"footnotes":""},"categories":[28,1],"tags":[4996,21779,5478,9677],"class_list":["post-181097","post","type-post","status-publish","format-standard","has-post-thumbnail","hentry","category-economia","category-noticias","tag-crise","tag-fabrica","tag-falencia","tag-fechou"],"yoast_head":"<!-- This site is optimized with the Yoast SEO plugin v23.8 - https:\/\/yoast.com\/wordpress\/plugins\/seo\/ -->\n<title>Ap\u00f3s 100 anos de trabalho, empresa fecha duas f\u00e1bricas e demite 250 funcion\u00e1rios - Estado de Minas - Em foco<\/title>\n<meta name=\"description\" content=\"A crise na ind\u00fastria t\u00eaxtil da Argentina leva ao fechamento de f\u00e1bricas, demiss\u00f5es e queda hist\u00f3rica da produ\u00e7\u00e3o. Veja os principais motivos.\" \/>\n<meta name=\"robots\" content=\"index, follow, max-snippet:-1, max-image-preview:large, max-video-preview:-1\" \/>\n<link rel=\"canonical\" href=\"https:\/\/www.em.com.br\/emfoco\/2026\/03\/14\/apos-100-anos-de-trabalho-empresa-fecha-duas-fabricas-e-demite-250-funcionarios\/\" \/>\n<meta property=\"og:locale\" content=\"pt_BR\" \/>\n<meta property=\"og:type\" content=\"article\" \/>\n<meta property=\"og:title\" content=\"Ap\u00f3s 100 anos de trabalho, empresa fecha duas f\u00e1bricas e demite 250 funcion\u00e1rios - Estado de Minas - Em foco\" \/>\n<meta property=\"og:description\" content=\"A crise na ind\u00fastria t\u00eaxtil da Argentina leva ao fechamento de f\u00e1bricas, demiss\u00f5es e queda hist\u00f3rica da produ\u00e7\u00e3o. Veja os principais motivos.\" \/>\n<meta property=\"og:url\" content=\"https:\/\/www.em.com.br\/emfoco\/2026\/03\/14\/apos-100-anos-de-trabalho-empresa-fecha-duas-fabricas-e-demite-250-funcionarios\/\" \/>\n<meta property=\"og:site_name\" content=\"Estado de Minas - Em foco\" \/>\n<meta property=\"article:published_time\" content=\"2026-03-14T16:45:00+00:00\" \/>\n<meta property=\"article:modified_time\" content=\"2026-03-14T01:41:39+00:00\" \/>\n<meta property=\"og:image\" content=\"https:\/\/www.em.com.br\/emfoco\/wp-content\/uploads\/2026\/02\/Gemini_Generated_Image_lrxm4jlrxm4jlrxm-1.png\" \/>\n\t<meta property=\"og:image:width\" content=\"1280\" \/>\n\t<meta property=\"og:image:height\" content=\"720\" \/>\n\t<meta property=\"og:image:type\" content=\"image\/png\" \/>\n<meta name=\"author\" content=\"Andre\u0301 Rangel\u00a0\" \/>\n<meta name=\"twitter:card\" content=\"summary_large_image\" \/>\n<meta name=\"twitter:label1\" content=\"Escrito por\" \/>\n\t<meta name=\"twitter:data1\" content=\"Andre\u0301 Rangel\u00a0\" \/>\n\t<meta name=\"twitter:label2\" content=\"Est. tempo de leitura\" \/>\n\t<meta name=\"twitter:data2\" content=\"5 minutos\" \/>\n<!-- \/ Yoast SEO plugin. -->","yoast_head_json":{"title":"Ap\u00f3s 100 anos de trabalho, empresa fecha duas f\u00e1bricas e demite 250 funcion\u00e1rios - Estado de Minas - Em foco","description":"A crise na ind\u00fastria t\u00eaxtil da Argentina leva ao fechamento de f\u00e1bricas, demiss\u00f5es e queda hist\u00f3rica da produ\u00e7\u00e3o. Veja os principais motivos.","robots":{"index":"index","follow":"follow","max-snippet":"max-snippet:-1","max-image-preview":"max-image-preview:large","max-video-preview":"max-video-preview:-1"},"canonical":"https:\/\/www.em.com.br\/emfoco\/2026\/03\/14\/apos-100-anos-de-trabalho-empresa-fecha-duas-fabricas-e-demite-250-funcionarios\/","og_locale":"pt_BR","og_type":"article","og_title":"Ap\u00f3s 100 anos de trabalho, empresa fecha duas f\u00e1bricas e demite 250 funcion\u00e1rios - Estado de Minas - Em foco","og_description":"A crise na ind\u00fastria t\u00eaxtil da Argentina leva ao fechamento de f\u00e1bricas, demiss\u00f5es e queda hist\u00f3rica da produ\u00e7\u00e3o. Veja os principais motivos.","og_url":"https:\/\/www.em.com.br\/emfoco\/2026\/03\/14\/apos-100-anos-de-trabalho-empresa-fecha-duas-fabricas-e-demite-250-funcionarios\/","og_site_name":"Estado de Minas - Em foco","article_published_time":"2026-03-14T16:45:00+00:00","article_modified_time":"2026-03-14T01:41:39+00:00","og_image":[{"width":1280,"height":720,"url":"https:\/\/www.em.com.br\/emfoco\/wp-content\/uploads\/2026\/02\/Gemini_Generated_Image_lrxm4jlrxm4jlrxm-1.png","type":"image\/png"}],"author":"Andre\u0301 Rangel\u00a0","twitter_card":"summary_large_image","twitter_misc":{"Escrito por":"Andre\u0301 Rangel\u00a0","Est. tempo de leitura":"5 minutos"},"schema":{"@context":"https:\/\/schema.org","@graph":[{"@type":"WebPage","@id":"https:\/\/www.em.com.br\/emfoco\/2026\/03\/14\/apos-100-anos-de-trabalho-empresa-fecha-duas-fabricas-e-demite-250-funcionarios\/","url":"https:\/\/www.em.com.br\/emfoco\/2026\/03\/14\/apos-100-anos-de-trabalho-empresa-fecha-duas-fabricas-e-demite-250-funcionarios\/","name":"Ap\u00f3s 100 anos de trabalho, empresa fecha duas f\u00e1bricas e demite 250 funcion\u00e1rios - Estado de Minas - Em foco","isPartOf":{"@id":"https:\/\/www.em.com.br\/emfoco\/#website"},"primaryImageOfPage":{"@id":"https:\/\/www.em.com.br\/emfoco\/2026\/03\/14\/apos-100-anos-de-trabalho-empresa-fecha-duas-fabricas-e-demite-250-funcionarios\/#primaryimage"},"image":{"@id":"https:\/\/www.em.com.br\/emfoco\/2026\/03\/14\/apos-100-anos-de-trabalho-empresa-fecha-duas-fabricas-e-demite-250-funcionarios\/#primaryimage"},"thumbnailUrl":"https:\/\/www.em.com.br\/emfoco\/wp-content\/uploads\/2026\/02\/Gemini_Generated_Image_lrxm4jlrxm4jlrxm-1.png","datePublished":"2026-03-14T16:45:00+00:00","dateModified":"2026-03-14T01:41:39+00:00","author":{"@id":"https:\/\/www.em.com.br\/emfoco\/#\/schema\/person\/60eda09c1fedf0d6891f4cef4b60b8b8"},"description":"A crise na ind\u00fastria t\u00eaxtil da Argentina leva ao fechamento de f\u00e1bricas, demiss\u00f5es e queda hist\u00f3rica da produ\u00e7\u00e3o. Veja os principais motivos.","breadcrumb":{"@id":"https:\/\/www.em.com.br\/emfoco\/2026\/03\/14\/apos-100-anos-de-trabalho-empresa-fecha-duas-fabricas-e-demite-250-funcionarios\/#breadcrumb"},"inLanguage":"pt-BR","potentialAction":[{"@type":"ReadAction","target":["https:\/\/www.em.com.br\/emfoco\/2026\/03\/14\/apos-100-anos-de-trabalho-empresa-fecha-duas-fabricas-e-demite-250-funcionarios\/"]}]},{"@type":"ImageObject","inLanguage":"pt-BR","@id":"https:\/\/www.em.com.br\/emfoco\/2026\/03\/14\/apos-100-anos-de-trabalho-empresa-fecha-duas-fabricas-e-demite-250-funcionarios\/#primaryimage","url":"https:\/\/www.em.com.br\/emfoco\/wp-content\/uploads\/2026\/02\/Gemini_Generated_Image_lrxm4jlrxm4jlrxm-1.png","contentUrl":"https:\/\/www.em.com.br\/emfoco\/wp-content\/uploads\/2026\/02\/Gemini_Generated_Image_lrxm4jlrxm4jlrxm-1.png","width":1280,"height":720,"caption":"Crise t\u00eaxtil fecha f\u00e1bricas centen\u00e1rias e amea\u00e7a empregos"},{"@type":"BreadcrumbList","@id":"https:\/\/www.em.com.br\/emfoco\/2026\/03\/14\/apos-100-anos-de-trabalho-empresa-fecha-duas-fabricas-e-demite-250-funcionarios\/#breadcrumb","itemListElement":[{"@type":"ListItem","position":1,"name":"In\u00edcio","item":"https:\/\/www.em.com.br\/emfoco\/"},{"@type":"ListItem","position":2,"name":"Ap\u00f3s 100 anos de trabalho, empresa fecha duas f\u00e1bricas e demite 250 funcion\u00e1rios"}]},{"@type":"WebSite","@id":"https:\/\/www.em.com.br\/emfoco\/#website","url":"https:\/\/www.em.com.br\/emfoco\/","name":"Estado de Minas - Em foco","description":"Acompanhe as \u00faltimas not\u00edcias e fique bem informado sobre tudo o que acontece em Minas Gerais, Brasil e no mundo.","potentialAction":[{"@type":"SearchAction","target":{"@type":"EntryPoint","urlTemplate":"https:\/\/www.em.com.br\/emfoco\/?s={search_term_string}"},"query-input":{"@type":"PropertyValueSpecification","valueRequired":true,"valueName":"search_term_string"}}],"inLanguage":"pt-BR"},{"@type":"Person","@id":"https:\/\/www.em.com.br\/emfoco\/#\/schema\/person\/60eda09c1fedf0d6891f4cef4b60b8b8","name":"Andre\u0301 Rangel\u00a0","image":{"@type":"ImageObject","inLanguage":"pt-BR","@id":"https:\/\/www.em.com.br\/emfoco\/#\/schema\/person\/image\/","url":"https:\/\/secure.gravatar.com\/avatar\/6234dc814c77c8ef6d8bba622c787efc?s=96&d=mm&r=g","contentUrl":"https:\/\/secure.gravatar.com\/avatar\/6234dc814c77c8ef6d8bba622c787efc?s=96&d=mm&r=g","caption":"Andre\u0301 Rangel\u00a0"},"url":"https:\/\/www.em.com.br\/emfoco\/author\/luizmyth\/"}]}},"_links":{"self":[{"href":"https:\/\/www.em.com.br\/emfoco\/wp-json\/wp\/v2\/posts\/181097","targetHints":{"allow":["GET"]}}],"collection":[{"href":"https:\/\/www.em.com.br\/emfoco\/wp-json\/wp\/v2\/posts"}],"about":[{"href":"https:\/\/www.em.com.br\/emfoco\/wp-json\/wp\/v2\/types\/post"}],"author":[{"embeddable":true,"href":"https:\/\/www.em.com.br\/emfoco\/wp-json\/wp\/v2\/users\/11"}],"replies":[{"embeddable":true,"href":"https:\/\/www.em.com.br\/emfoco\/wp-json\/wp\/v2\/comments?post=181097"}],"version-history":[{"count":2,"href":"https:\/\/www.em.com.br\/emfoco\/wp-json\/wp\/v2\/posts\/181097\/revisions"}],"predecessor-version":[{"id":181100,"href":"https:\/\/www.em.com.br\/emfoco\/wp-json\/wp\/v2\/posts\/181097\/revisions\/181100"}],"wp:featuredmedia":[{"embeddable":true,"href":"https:\/\/www.em.com.br\/emfoco\/wp-json\/wp\/v2\/media\/164854"}],"wp:attachment":[{"href":"https:\/\/www.em.com.br\/emfoco\/wp-json\/wp\/v2\/media?parent=181097"}],"wp:term":[{"taxonomy":"category","embeddable":true,"href":"https:\/\/www.em.com.br\/emfoco\/wp-json\/wp\/v2\/categories?post=181097"},{"taxonomy":"post_tag","embeddable":true,"href":"https:\/\/www.em.com.br\/emfoco\/wp-json\/wp\/v2\/tags?post=181097"}],"curies":[{"name":"wp","href":"https:\/\/api.w.org\/{rel}","templated":true}]}}