{"id":181095,"date":"2026-03-14T10:05:00","date_gmt":"2026-03-14T13:05:00","guid":{"rendered":"https:\/\/www.em.com.br\/emfoco\/?p=181095"},"modified":"2026-03-13T22:31:42","modified_gmt":"2026-03-14T01:31:42","slug":"rede-de-moda-famosa-no-pais-anuncia-fechamento-de-mais-de-90-lojas-e-uma-reestruturacao-necessaria","status":"publish","type":"post","link":"https:\/\/www.em.com.br\/emfoco\/2026\/03\/14\/rede-de-moda-famosa-no-pais-anuncia-fechamento-de-mais-de-90-lojas-e-uma-reestruturacao-necessaria\/","title":{"rendered":"Rede de moda famosa no pa\u00eds anuncia fechamento de mais de 90 lojas: \u201c\u00c9 uma reestrutura\u00e7\u00e3o necess\u00e1ria\u201d"},"content":{"rendered":"\n<p>A situa\u00e7\u00e3o da&nbsp;<strong>Liwe Espa\u00f1ola<\/strong>, controladora da rede de moda&nbsp;<strong>Inside<\/strong>, tornou-se um dos casos mais emblem\u00e1ticos do varejo europeu recente, concentrando em poucos meses uma reestrutura\u00e7\u00e3o acelerada, marcada por fechamento de lojas, renegocia\u00e7\u00e3o com credores e uma guinada for\u00e7ada para um modelo mais digital e enxuto, em meio \u00e0 press\u00e3o crescente do e-commerce e das gigantes globais de fast fashion.<\/p>\n\n\n\n<h2 class=\"wp-block-heading\">Reestrutura\u00e7\u00e3o da Liwe Espa\u00f1ola e impacto na opera\u00e7\u00e3o da Inside<\/h2>\n\n\n\n<p>Desde 2025, o foco da companhia \u00e9 ajustar o tamanho da opera\u00e7\u00e3o \u00e0 nova realidade de consumo, reduzindo custos fixos e preservando apenas os pontos com maior potencial de rentabilidade. A empresa tenta provar ao mercado que ainda consegue gerar caixa suficiente para honrar compromissos e financiar um modelo mais integrado entre lojas f\u00edsicas e canal digital.<\/p>\n\n\n\n<p>A reestrutura\u00e7\u00e3o inclui uma revis\u00e3o profunda da presen\u00e7a da Inside em <strong>Espanha<\/strong>, <strong>It\u00e1lia <\/strong>e <strong>Portugal<\/strong>, com encerramento acelerado de unidades em ruas comerciais, shoppings e grandes superf\u00edcies. Cada <a href=\"https:\/\/www.em.com.br\/emfoco\/2026\/03\/09\/famosa-rede-de-farmacia-fecha-lojas-fisicas-e-aposta-em-megaloja-com-foco-no-e-commerce\/\" target=\"_blank\" rel=\"noreferrer noopener\">loja <\/a>passou a ser analisada por indicadores como fluxo de pessoas, ticket m\u00e9dio e custo de ocupa\u00e7\u00e3o, priorizando efici\u00eancia e sinergia com o e-commerce.<\/p>\n\n\n\n<figure class=\"wp-block-image\"><img decoding=\"async\" src=\"https:\/\/www.em.com.br\/emfoco\/wp-content\/uploads\/2026\/02\/loja_1770642656190-1024x576.jpg\" alt=\"\"\/><figcaption class=\"wp-element-caption\">Loja fecha toda sua rede &#8211; Cr\u00e9ditos: depositphotos.com \/ zhudifeng<\/figcaption><\/figure>\n\n\n\n<h2 class=\"wp-block-heading\">Como a rede Inside est\u00e1 redesenhando seu modelo de neg\u00f3cio<\/h2>\n\n\n\n<p>Em vez de apostar em capilaridade ampla, a Inside migra para uma presen\u00e7a concentrada em pra\u00e7as estrat\u00e9gicas, onde a combina\u00e7\u00e3o entre vendas f\u00edsicas e digitais pode ser melhor explorada. Nesses locais, a Liwe Espa\u00f1ola investe em layout modernizado, sortimento mais assertivo e jornada de compra integrada ao ambiente online.<\/p>\n\n\n\n<p>As lojas remanescentes deixam de ser apenas pontos de venda e passam a atuar como hubs de relacionamento, retirada de pedidos e apoio log\u00edstico. Elas funcionam tamb\u00e9m como laborat\u00f3rios de teste de cole\u00e7\u00f5es, centros de devolu\u00e7\u00e3o e vitrines f\u00edsicas da marca, ampliando o papel de cada unidade na experi\u00eancia omnicanal.<\/p>\n\n\n\n<h2 class=\"wp-block-heading\">O fechamento de lojas Inside e a transi\u00e7\u00e3o para o digital<\/h2>\n\n\n\n<p>O fechamento de lojas altera diretamente o desenho do modelo de neg\u00f3cio, reduzindo custos de aluguel, pessoal e manuten\u00e7\u00e3o, mas exigindo novas formas de atender clientes em cidades sem presen\u00e7a f\u00edsica. Diante disso, a Liwe Espa\u00f1ola intensifica o uso de dados de consumo, mapeando regi\u00f5es com maior demanda potencial e direcionando campanhas espec\u00edficas para antigos clientes das unidades encerradas.<\/p>\n\n\n\n<p>Nesse contexto, a empresa passou a trabalhar em frentes consideradas essenciais para sustentar a opera\u00e7\u00e3o e preservar competitividade no varejo de moda europeu:<\/p>\n\n\n\n<ul class=\"wp-block-list\">\n<li><strong>Racionaliza\u00e7\u00e3o da rede f\u00edsica<\/strong>: encerramento de lojas deficit\u00e1rias e renegocia\u00e7\u00e3o de contratos em pontos com rentabilidade limite.<\/li>\n\n\n\n<li><strong>Fortalecimento do e-commerce<\/strong>: amplia\u00e7\u00e3o de sortimento online, integra\u00e7\u00e3o de estoques e oferta de servi\u00e7os como clique e retire, quando vi\u00e1vel.<\/li>\n\n\n\n<li><strong>Efici\u00eancia log\u00edstica<\/strong>: redesenho de centros de distribui\u00e7\u00e3o, rotas e prazos de entrega para reduzir custos e melhorar o n\u00edvel de servi\u00e7o.<\/li>\n<\/ul>\n\n\n\n<figure class=\"wp-block-image\"><img decoding=\"async\" src=\"https:\/\/www.em.com.br\/emfoco\/wp-content\/uploads\/2025\/06\/loja-de-roupa-fechada_1751122132572-1024x576.jpg\" alt=\"\"\/><figcaption class=\"wp-element-caption\">Loja fecha devido crise &#8211; Cr\u00e9ditos: depositphotos.com \/ diy13@ya.ru<\/figcaption><\/figure>\n\n\n\n<h2 class=\"wp-block-heading\">Negocia\u00e7\u00f5es com credores e riscos de insolv\u00eancia<\/h2>\n\n\n\n<p>O plano de reestrutura\u00e7\u00e3o depende fortemente da rela\u00e7\u00e3o com bancos e demais credores, que analisam proje\u00e7\u00f5es de fluxo de caixa, valor de ativos em garantia e prazos realistas de recupera\u00e7\u00e3o. A tese da <a href=\"https:\/\/www.liwe.net\/\" target=\"_blank\" rel=\"noreferrer noopener\">Liwe Espa\u00f1ola<\/a> \u00e9 clara: aliviar a press\u00e3o de curto prazo sobre a d\u00edvida para ganhar f\u00f4lego e consolidar o novo modelo da Inside.<\/p>\n\n\n\n<p>Entre os pontos centrais est\u00e3o a redu\u00e7\u00e3o ou reestrutura\u00e7\u00e3o do passivo, o alongamento de vencimentos e a oferta de garantias reais, como im\u00f3veis, estoques e participa\u00e7\u00f5es societ\u00e1rias. Sem apoio de uma maioria qualificada, cresce o risco de processos coletivos de insolv\u00eancia, vendas for\u00e7adas de ativos e novos cortes na opera\u00e7\u00e3o, o que preocupa fornecedores, colaboradores e parceiros comerciais.<\/p>\n\n\n\n<h2 class=\"wp-block-heading\">Qual o futuro da Inside no varejo de moda europeu<\/h2>\n\n\n\n<p>O futuro da Inside est\u00e1 diretamente ligado \u00e0 capacidade de executar a reestrutura\u00e7\u00e3o com rigor financeiro e agilidade digital, em um cen\u00e1rio em que marketplaces, sensibilidade a pre\u00e7o e velocidade de cole\u00e7\u00e3o definem quem permanece relevante. A marca pode se consolidar como uma rede mais enxuta, focada em poucos mercados-chave, ou tornar-se quase totalmente dependente do e-commerce como principal canal de relacionamento.<\/p>\n\n\n\n<p>Os pr\u00f3ximos meses ser\u00e3o decisivos para a Liwe Espa\u00f1ola, exigindo decis\u00f5es r\u00e1pidas de portf\u00f3lio, log\u00edstica e presen\u00e7a f\u00edsica. Se voc\u00ea atua ou investe em varejo de moda, este \u00e9 o momento de acompanhar de perto cada movimento da Inside, revisar suas pr\u00f3prias estrat\u00e9gias e agir agora para n\u00e3o ser pego de surpresa pela pr\u00f3xima onda de consolida\u00e7\u00e3o no setor.<\/p>\n","protected":false},"excerpt":{"rendered":"<p>A situa\u00e7\u00e3o da&nbsp;Liwe Espa\u00f1ola, controladora da rede de moda&nbsp;Inside, tornou-se um dos casos mais emblem\u00e1ticos do varejo europeu recente, concentrando em poucos meses uma reestrutura\u00e7\u00e3o acelerada, marcada por fechamento de lojas, renegocia\u00e7\u00e3o com credores e uma guinada for\u00e7ada para um modelo mais digital e enxuto, em meio \u00e0 press\u00e3o crescente do e-commerce e das gigantes [&hellip;]<\/p>\n","protected":false},"author":11,"featured_media":140439,"comment_status":"open","ping_status":"open","sticky":false,"template":"","format":"standard","meta":{"jnews-multi-image_gallery":[],"jnews_single_post":{"format":"standard"},"jnews_primary_category":[],"jnews_social_meta":[],"jnews_override_counter":[],"footnotes":""},"categories":[8819,1],"tags":[4996,10179,21364,9676,4302],"class_list":["post-181095","post","type-post","status-publish","format-standard","has-post-thumbnail","hentry","category-curiosidades","category-noticias","tag-crise","tag-fechamento","tag-fechamento-de-lojas","tag-loja","tag-varejo"],"yoast_head":"<!-- This site is optimized with the Yoast SEO plugin v23.8 - https:\/\/yoast.com\/wordpress\/plugins\/seo\/ -->\n<title>Rede de moda famosa no pa\u00eds anuncia fechamento de mais de 90 lojas: \u201c\u00c9 uma reestrutura\u00e7\u00e3o necess\u00e1ria\u201d - Estado de Minas - Em foco<\/title>\n<meta name=\"description\" content=\"O fechamento de lojas revela a gravidade da crise da Liwe Espa\u00f1ola. Entenda o impacto no varejo de moda europeu.\" \/>\n<meta name=\"robots\" content=\"index, follow, max-snippet:-1, max-image-preview:large, max-video-preview:-1\" \/>\n<link rel=\"canonical\" href=\"https:\/\/www.em.com.br\/emfoco\/2026\/03\/14\/rede-de-moda-famosa-no-pais-anuncia-fechamento-de-mais-de-90-lojas-e-uma-reestruturacao-necessaria\/\" \/>\n<meta property=\"og:locale\" content=\"pt_BR\" \/>\n<meta property=\"og:type\" content=\"article\" \/>\n<meta property=\"og:title\" content=\"Rede de moda famosa no pa\u00eds anuncia fechamento de mais de 90 lojas: \u201c\u00c9 uma reestrutura\u00e7\u00e3o necess\u00e1ria\u201d - Estado de Minas - Em foco\" \/>\n<meta property=\"og:description\" content=\"O fechamento de lojas revela a gravidade da crise da Liwe Espa\u00f1ola. Entenda o impacto no varejo de moda europeu.\" \/>\n<meta property=\"og:url\" content=\"https:\/\/www.em.com.br\/emfoco\/2026\/03\/14\/rede-de-moda-famosa-no-pais-anuncia-fechamento-de-mais-de-90-lojas-e-uma-reestruturacao-necessaria\/\" \/>\n<meta property=\"og:site_name\" content=\"Estado de Minas - Em foco\" \/>\n<meta property=\"article:published_time\" content=\"2026-03-14T13:05:00+00:00\" \/>\n<meta property=\"article:modified_time\" content=\"2026-03-14T01:31:42+00:00\" \/>\n<meta property=\"og:image\" content=\"https:\/\/www.em.com.br\/emfoco\/wp-content\/uploads\/2025\/12\/Gemini_Generated_Image_hjxa0ghjxa0ghjxa-1.png\" \/>\n\t<meta property=\"og:image:width\" content=\"1280\" \/>\n\t<meta property=\"og:image:height\" content=\"720\" \/>\n\t<meta property=\"og:image:type\" content=\"image\/png\" \/>\n<meta name=\"author\" content=\"Andre\u0301 Rangel\u00a0\" \/>\n<meta name=\"twitter:card\" content=\"summary_large_image\" \/>\n<meta name=\"twitter:label1\" content=\"Escrito por\" \/>\n\t<meta name=\"twitter:data1\" content=\"Andre\u0301 Rangel\u00a0\" \/>\n\t<meta name=\"twitter:label2\" content=\"Est. tempo de leitura\" \/>\n\t<meta name=\"twitter:data2\" content=\"5 minutos\" \/>\n<!-- \/ Yoast SEO plugin. -->","yoast_head_json":{"title":"Rede de moda famosa no pa\u00eds anuncia fechamento de mais de 90 lojas: \u201c\u00c9 uma reestrutura\u00e7\u00e3o necess\u00e1ria\u201d - Estado de Minas - Em foco","description":"O fechamento de lojas revela a gravidade da crise da Liwe Espa\u00f1ola. Entenda o impacto no varejo de moda europeu.","robots":{"index":"index","follow":"follow","max-snippet":"max-snippet:-1","max-image-preview":"max-image-preview:large","max-video-preview":"max-video-preview:-1"},"canonical":"https:\/\/www.em.com.br\/emfoco\/2026\/03\/14\/rede-de-moda-famosa-no-pais-anuncia-fechamento-de-mais-de-90-lojas-e-uma-reestruturacao-necessaria\/","og_locale":"pt_BR","og_type":"article","og_title":"Rede de moda famosa no pa\u00eds anuncia fechamento de mais de 90 lojas: \u201c\u00c9 uma reestrutura\u00e7\u00e3o necess\u00e1ria\u201d - Estado de Minas - Em foco","og_description":"O fechamento de lojas revela a gravidade da crise da Liwe Espa\u00f1ola. Entenda o impacto no varejo de moda europeu.","og_url":"https:\/\/www.em.com.br\/emfoco\/2026\/03\/14\/rede-de-moda-famosa-no-pais-anuncia-fechamento-de-mais-de-90-lojas-e-uma-reestruturacao-necessaria\/","og_site_name":"Estado de Minas - Em foco","article_published_time":"2026-03-14T13:05:00+00:00","article_modified_time":"2026-03-14T01:31:42+00:00","og_image":[{"width":1280,"height":720,"url":"https:\/\/www.em.com.br\/emfoco\/wp-content\/uploads\/2025\/12\/Gemini_Generated_Image_hjxa0ghjxa0ghjxa-1.png","type":"image\/png"}],"author":"Andre\u0301 Rangel\u00a0","twitter_card":"summary_large_image","twitter_misc":{"Escrito por":"Andre\u0301 Rangel\u00a0","Est. tempo de leitura":"5 minutos"},"schema":{"@context":"https:\/\/schema.org","@graph":[{"@type":"WebPage","@id":"https:\/\/www.em.com.br\/emfoco\/2026\/03\/14\/rede-de-moda-famosa-no-pais-anuncia-fechamento-de-mais-de-90-lojas-e-uma-reestruturacao-necessaria\/","url":"https:\/\/www.em.com.br\/emfoco\/2026\/03\/14\/rede-de-moda-famosa-no-pais-anuncia-fechamento-de-mais-de-90-lojas-e-uma-reestruturacao-necessaria\/","name":"Rede de moda famosa no pa\u00eds anuncia fechamento de mais de 90 lojas: \u201c\u00c9 uma reestrutura\u00e7\u00e3o necess\u00e1ria\u201d - Estado de Minas - Em foco","isPartOf":{"@id":"https:\/\/www.em.com.br\/emfoco\/#website"},"primaryImageOfPage":{"@id":"https:\/\/www.em.com.br\/emfoco\/2026\/03\/14\/rede-de-moda-famosa-no-pais-anuncia-fechamento-de-mais-de-90-lojas-e-uma-reestruturacao-necessaria\/#primaryimage"},"image":{"@id":"https:\/\/www.em.com.br\/emfoco\/2026\/03\/14\/rede-de-moda-famosa-no-pais-anuncia-fechamento-de-mais-de-90-lojas-e-uma-reestruturacao-necessaria\/#primaryimage"},"thumbnailUrl":"https:\/\/www.em.com.br\/emfoco\/wp-content\/uploads\/2025\/12\/Gemini_Generated_Image_hjxa0ghjxa0ghjxa-1.png","datePublished":"2026-03-14T13:05:00+00:00","dateModified":"2026-03-14T01:31:42+00:00","author":{"@id":"https:\/\/www.em.com.br\/emfoco\/#\/schema\/person\/60eda09c1fedf0d6891f4cef4b60b8b8"},"description":"O fechamento de lojas revela a gravidade da crise da Liwe Espa\u00f1ola. Entenda o impacto no varejo de moda europeu.","breadcrumb":{"@id":"https:\/\/www.em.com.br\/emfoco\/2026\/03\/14\/rede-de-moda-famosa-no-pais-anuncia-fechamento-de-mais-de-90-lojas-e-uma-reestruturacao-necessaria\/#breadcrumb"},"inLanguage":"pt-BR","potentialAction":[{"@type":"ReadAction","target":["https:\/\/www.em.com.br\/emfoco\/2026\/03\/14\/rede-de-moda-famosa-no-pais-anuncia-fechamento-de-mais-de-90-lojas-e-uma-reestruturacao-necessaria\/"]}]},{"@type":"ImageObject","inLanguage":"pt-BR","@id":"https:\/\/www.em.com.br\/emfoco\/2026\/03\/14\/rede-de-moda-famosa-no-pais-anuncia-fechamento-de-mais-de-90-lojas-e-uma-reestruturacao-necessaria\/#primaryimage","url":"https:\/\/www.em.com.br\/emfoco\/wp-content\/uploads\/2025\/12\/Gemini_Generated_Image_hjxa0ghjxa0ghjxa-1.png","contentUrl":"https:\/\/www.em.com.br\/emfoco\/wp-content\/uploads\/2025\/12\/Gemini_Generated_Image_hjxa0ghjxa0ghjxa-1.png","width":1280,"height":720,"caption":"Rede decide fechar suas lojas"},{"@type":"BreadcrumbList","@id":"https:\/\/www.em.com.br\/emfoco\/2026\/03\/14\/rede-de-moda-famosa-no-pais-anuncia-fechamento-de-mais-de-90-lojas-e-uma-reestruturacao-necessaria\/#breadcrumb","itemListElement":[{"@type":"ListItem","position":1,"name":"In\u00edcio","item":"https:\/\/www.em.com.br\/emfoco\/"},{"@type":"ListItem","position":2,"name":"Rede de moda famosa no pa\u00eds anuncia fechamento de mais de 90 lojas: \u201c\u00c9 uma reestrutura\u00e7\u00e3o necess\u00e1ria\u201d"}]},{"@type":"WebSite","@id":"https:\/\/www.em.com.br\/emfoco\/#website","url":"https:\/\/www.em.com.br\/emfoco\/","name":"Estado de Minas - Em foco","description":"Acompanhe as \u00faltimas not\u00edcias e fique bem informado sobre tudo o que acontece em Minas Gerais, Brasil e no mundo.","potentialAction":[{"@type":"SearchAction","target":{"@type":"EntryPoint","urlTemplate":"https:\/\/www.em.com.br\/emfoco\/?s={search_term_string}"},"query-input":{"@type":"PropertyValueSpecification","valueRequired":true,"valueName":"search_term_string"}}],"inLanguage":"pt-BR"},{"@type":"Person","@id":"https:\/\/www.em.com.br\/emfoco\/#\/schema\/person\/60eda09c1fedf0d6891f4cef4b60b8b8","name":"Andre\u0301 Rangel\u00a0","image":{"@type":"ImageObject","inLanguage":"pt-BR","@id":"https:\/\/www.em.com.br\/emfoco\/#\/schema\/person\/image\/","url":"https:\/\/secure.gravatar.com\/avatar\/6234dc814c77c8ef6d8bba622c787efc?s=96&d=mm&r=g","contentUrl":"https:\/\/secure.gravatar.com\/avatar\/6234dc814c77c8ef6d8bba622c787efc?s=96&d=mm&r=g","caption":"Andre\u0301 Rangel\u00a0"},"url":"https:\/\/www.em.com.br\/emfoco\/author\/luizmyth\/"}]}},"_links":{"self":[{"href":"https:\/\/www.em.com.br\/emfoco\/wp-json\/wp\/v2\/posts\/181095","targetHints":{"allow":["GET"]}}],"collection":[{"href":"https:\/\/www.em.com.br\/emfoco\/wp-json\/wp\/v2\/posts"}],"about":[{"href":"https:\/\/www.em.com.br\/emfoco\/wp-json\/wp\/v2\/types\/post"}],"author":[{"embeddable":true,"href":"https:\/\/www.em.com.br\/emfoco\/wp-json\/wp\/v2\/users\/11"}],"replies":[{"embeddable":true,"href":"https:\/\/www.em.com.br\/emfoco\/wp-json\/wp\/v2\/comments?post=181095"}],"version-history":[{"count":1,"href":"https:\/\/www.em.com.br\/emfoco\/wp-json\/wp\/v2\/posts\/181095\/revisions"}],"predecessor-version":[{"id":181096,"href":"https:\/\/www.em.com.br\/emfoco\/wp-json\/wp\/v2\/posts\/181095\/revisions\/181096"}],"wp:featuredmedia":[{"embeddable":true,"href":"https:\/\/www.em.com.br\/emfoco\/wp-json\/wp\/v2\/media\/140439"}],"wp:attachment":[{"href":"https:\/\/www.em.com.br\/emfoco\/wp-json\/wp\/v2\/media?parent=181095"}],"wp:term":[{"taxonomy":"category","embeddable":true,"href":"https:\/\/www.em.com.br\/emfoco\/wp-json\/wp\/v2\/categories?post=181095"},{"taxonomy":"post_tag","embeddable":true,"href":"https:\/\/www.em.com.br\/emfoco\/wp-json\/wp\/v2\/tags?post=181095"}],"curies":[{"name":"wp","href":"https:\/\/api.w.org\/{rel}","templated":true}]}}