{"id":181091,"date":"2026-03-13T13:45:00","date_gmt":"2026-03-13T16:45:00","guid":{"rendered":"https:\/\/www.em.com.br\/emfoco\/?p=181091"},"modified":"2026-03-12T23:52:44","modified_gmt":"2026-03-13T02:52:44","slug":"supermercado-fecha-as-portas-16-lojas-encerram-atividades-e-196-funcionarios-perdem-o-emprego","status":"publish","type":"post","link":"https:\/\/www.em.com.br\/emfoco\/2026\/03\/13\/supermercado-fecha-as-portas-16-lojas-encerram-atividades-e-196-funcionarios-perdem-o-emprego\/","title":{"rendered":"Supermercado fecha as portas: 16 lojas encerram atividades e 196 funcion\u00e1rios perdem o emprego"},"content":{"rendered":"\n<p>O fechamento de lojas f\u00edsicas da <strong>Alcampo <\/strong>na <strong>Espanha <\/strong>chama a aten\u00e7\u00e3o para uma transforma\u00e7\u00e3o profunda no varejo do pa\u00eds, impulsionada pelo avan\u00e7o do e-commerce, novos h\u00e1bitos de compra e press\u00e3o por corte de custos, o que leva grandes redes a rever formatos, presen\u00e7a territorial e formas de atender o consumidor com modelos mais flex\u00edveis e multicanais.<\/p>\n\n\n\n<h2 class=\"wp-block-heading\">Fechamento de lojas da Alcampo na Espanha redesenha o varejo f\u00edsico<\/h2>\n\n\n\n<p>O fechamento de 16 estabelecimentos da <a href=\"https:\/\/www.compraonline.alcampo.es\/?srsltid=AfmBOoqwbcRUktimL7Yas3QzdhWmJPhu1VYZY1_9p_BsKAf6OrRHqd1l\" target=\"_blank\" rel=\"noreferrer noopener\">Alcampo na Espanha <\/a>em diferentes comunidades aut\u00f4nomas faz parte de um redesenho do portf\u00f3lio, focado em descontinuar pontos com menor rentabilidade, custos elevados ou sobreposi\u00e7\u00e3o de unidades em uma mesma \u00e1rea. Essa movimenta\u00e7\u00e3o revela um reposicionamento estrat\u00e9gico alinhado ao novo padr\u00e3o de consumo h\u00edbrido.<\/p>\n\n\n\n<p>O impacto imediato recai sobre quase duzentos trabalhadores, com a empresa oferecendo alternativas como realoca\u00e7\u00e3o em lojas com maior potencial de crescimento, ajustes de jornada e mecanismos de compensa\u00e7\u00e3o. A nova configura\u00e7\u00e3o f\u00edsica da Alcampo na Espanha indica prefer\u00eancia por formatos mais enxutos, flex\u00edveis e conectados ao canal digital.<\/p>\n\n\n\n<figure class=\"wp-block-image\"><img decoding=\"async\" src=\"https:\/\/www.em.com.br\/emfoco\/wp-content\/uploads\/2026\/01\/ChatGPT-Image-28-de-jan.-de-2026-19_40_34-1-1024x576.png\" alt=\"\"\/><figcaption class=\"wp-element-caption\">Fechamento de lojas redesenha o varejo<\/figcaption><\/figure>\n\n\n\n<h2 class=\"wp-block-heading\">Como funciona o novo formato de lojas 7d7 da Alcampo na Espanha<\/h2>\n\n\n\n<p>Um dos eixos centrais da reestrutura\u00e7\u00e3o \u00e9 a convers\u00e3o de parte dos supermercados para o formato \u201c7d7\u201d, em que as lojas operam todos os dias da semana com hor\u00e1rios estendidos. A proposta \u00e9 aumentar o giro de produtos, elevar a produtividade por metro quadrado e oferecer conveni\u00eancia para compras r\u00e1pidas em hor\u00e1rios menos tradicionais.<\/p>\n\n\n\n<p>Nessas unidades, a rede prioriza zonas urbanas densas, refor\u00e7a equipes e amplia servi\u00e7os integrados ao e-commerce, usando a mesma estrutura para atender m\u00faltiplas necessidades do cliente. Para tornar esse modelo mais claro, alguns diferenciais do formato 7d7 se destacam:<\/p>\n\n\n\n<ul class=\"wp-block-list\">\n<li>Funcionamento di\u00e1rio, incluindo domingos e feriados, com hor\u00e1rios ampliados;<\/li>\n\n\n\n<li>Foco em conveni\u00eancia, compras r\u00e1pidas e reposi\u00e7\u00e3o de itens do dia a dia;<\/li>\n\n\n\n<li>Uso intensivo da infraestrutura f\u00edsica j\u00e1 existente, reduzindo ociosidade;<\/li>\n\n\n\n<li>Integra\u00e7\u00e3o com pedidos online, retirada em loja e prepara\u00e7\u00e3o de cestas;<\/li>\n\n\n\n<li>Refinamento de equipe e opera\u00e7\u00e3o em \u00e1reas com maior potencial de demanda.<\/li>\n<\/ul>\n\n\n\n<h2 class=\"wp-block-heading\">Quais s\u00e3o os principais pilares da nova estrat\u00e9gia da Alcampo na Espanha<\/h2>\n\n\n\n<p>A reorganiza\u00e7\u00e3o da Alcampo na Espanha combina formatos diversos de loja, digitaliza\u00e7\u00e3o e revis\u00e3o log\u00edstica para alinhar custos ao comportamento atual de compra, fragmentado entre canais f\u00edsicos e online. A empresa reduz a depend\u00eancia de grandes hipermercados perif\u00e9ricos e fortalece supermercados de proximidade e unidades 7d7.<\/p>\n\n\n\n<p>Entre os pilares, destacam-se o redesenho de formatos, investimentos em plataformas digitais e integra\u00e7\u00e3o entre loja f\u00edsica e e-commerce, com pontos de retirada e apoio log\u00edstico. Al\u00e9m disso, a rede revisa rotas, estoques e centros de distribui\u00e7\u00e3o, focando efici\u00eancia, redu\u00e7\u00e3o de desperd\u00edcios e prioriza\u00e7\u00e3o de unidades com melhor desempenho econ\u00f4mico.<\/p>\n\n\n\n<figure class=\"wp-block-image\"><img decoding=\"async\" src=\"https:\/\/www.em.com.br\/emfoco\/wp-content\/uploads\/2025\/03\/mercado_1741272628181-1024x576.jpg\" alt=\"\"\/><figcaption class=\"wp-element-caption\">Fechamento de lojas redesenha o varejo &#8211; Cr\u00e9ditos: depositphotos.com \/ xxxPATRIK<\/figcaption><\/figure>\n\n\n\n<h2 class=\"wp-block-heading\">Como a Alcampo na Espanha lida com empregos e p\u00fablicos mais vulner\u00e1veis<\/h2>\n\n\n\n<p>A reestrutura\u00e7\u00e3o inclui medidas para mitigar o impacto social, com prote\u00e7\u00e3o especial a funcion\u00e1rios com defici\u00eancia e pessoas identificadas como v\u00edtimas de viol\u00eancia de g\u00eanero, que s\u00e3o priorizados para permanecer fora das listas de desligamento. Essa pr\u00e1tica busca reduzir barreiras j\u00e1 existentes no acesso ao mercado de trabalho.<\/p>\n\n\n\n<p>Para os demais profissionais, a Alcampo na Espanha oferece transfer\u00eancia para outras lojas, negocia\u00e7\u00e3o de jornada, pacotes indenizat\u00f3rios proporcionais ao tempo de servi\u00e7o e apoio de consultorias de recoloca\u00e7\u00e3o. Esse suporte facilita a transi\u00e7\u00e3o para novas oportunidades em servi\u00e7os, log\u00edstica e atendimento, dentro ou fora do setor supermercadista.<\/p>\n\n\n\n<h2 class=\"wp-block-heading\">O que a reinven\u00e7\u00e3o da Alcampo na Espanha revela sobre o futuro do varejo<\/h2>\n\n\n\n<p>A combina\u00e7\u00e3o entre <a href=\"https:\/\/www.em.com.br\/emfoco\/2026\/02\/06\/devido-ao-fechamento-nos-domingos-supermercados-realocam-funcionarios-devido-as-demandas-de-sabado-e-segunda\/\" target=\"_blank\" rel=\"noreferrer noopener\">fechamento <\/a>de lojas, expans\u00e3o do formato 7d7, refor\u00e7o do com\u00e9rcio eletr\u00f4nico e ajustes log\u00edsticos mostra que a Alcampo na Espanha avan\u00e7a para um modelo verdadeiramente multicanal, em que a loja f\u00edsica passa a operar como hub integrado ao site, app, centros de distribui\u00e7\u00e3o e servi\u00e7os de entrega r\u00e1pida. Esse movimento acompanha a digitaliza\u00e7\u00e3o acelerada do varejo europeu e pressiona concorrentes a se modernizarem.<\/p>\n\n\n\n<p>Se voc\u00ea atua no varejo, ignorar esses sinais pode significar ficar para tr\u00e1s em um mercado cada vez mais conectado e competitivo. Use o exemplo da Alcampo na Espanha como alerta: revise seus formatos, fortale\u00e7a seus canais digitais e integre suas opera\u00e7\u00f5es agora, antes que a pr\u00f3xima onda de mudan\u00e7as torne a adapta\u00e7\u00e3o muito mais dif\u00edcil e urgente.<\/p>\n","protected":false},"excerpt":{"rendered":"<p>O fechamento de lojas f\u00edsicas da Alcampo na Espanha chama a aten\u00e7\u00e3o para uma transforma\u00e7\u00e3o profunda no varejo do pa\u00eds, impulsionada pelo avan\u00e7o do e-commerce, novos h\u00e1bitos de compra e press\u00e3o por corte de custos, o que leva grandes redes a rever formatos, presen\u00e7a territorial e formas de atender o consumidor com modelos mais flex\u00edveis [&hellip;]<\/p>\n","protected":false},"author":11,"featured_media":171238,"comment_status":"open","ping_status":"open","sticky":false,"template":"","format":"standard","meta":{"jnews-multi-image_gallery":[],"jnews_single_post":{"format":"standard"},"jnews_primary_category":[],"jnews_social_meta":[],"jnews_override_counter":[],"footnotes":""},"categories":[28,1],"tags":[26128,24733,8605,264],"class_list":["post-181091","post","type-post","status-publish","format-standard","has-post-thumbnail","hentry","category-economia","category-noticias","tag-fechamentos","tag-lojas-fechadas","tag-supermercados","tag-trabalhadores"],"yoast_head":"<!-- This site is optimized with the Yoast SEO plugin v23.8 - https:\/\/yoast.com\/wordpress\/plugins\/seo\/ -->\n<title>Supermercado fecha as portas: 16 lojas encerram atividades e 196 funcion\u00e1rios perdem o emprego - Estado de Minas - Em foco<\/title>\n<meta name=\"description\" content=\"Com 16 lojas fechadas, a Alcampo acelera sua transforma\u00e7\u00e3o digital. Saiba o que muda para consumidores e trabalhadores.\" \/>\n<meta name=\"robots\" content=\"index, follow, max-snippet:-1, max-image-preview:large, max-video-preview:-1\" \/>\n<link rel=\"canonical\" href=\"https:\/\/www.em.com.br\/emfoco\/2026\/03\/13\/supermercado-fecha-as-portas-16-lojas-encerram-atividades-e-196-funcionarios-perdem-o-emprego\/\" \/>\n<meta property=\"og:locale\" content=\"pt_BR\" \/>\n<meta property=\"og:type\" content=\"article\" \/>\n<meta property=\"og:title\" content=\"Supermercado fecha as portas: 16 lojas encerram atividades e 196 funcion\u00e1rios perdem o emprego - Estado de Minas - Em foco\" \/>\n<meta property=\"og:description\" content=\"Com 16 lojas fechadas, a Alcampo acelera sua transforma\u00e7\u00e3o digital. Saiba o que muda para consumidores e trabalhadores.\" \/>\n<meta property=\"og:url\" content=\"https:\/\/www.em.com.br\/emfoco\/2026\/03\/13\/supermercado-fecha-as-portas-16-lojas-encerram-atividades-e-196-funcionarios-perdem-o-emprego\/\" \/>\n<meta property=\"og:site_name\" content=\"Estado de Minas - Em foco\" \/>\n<meta property=\"article:published_time\" content=\"2026-03-13T16:45:00+00:00\" \/>\n<meta property=\"article:modified_time\" content=\"2026-03-13T02:52:44+00:00\" \/>\n<meta property=\"og:image\" content=\"https:\/\/www.em.com.br\/emfoco\/wp-content\/uploads\/2026\/02\/Gemini_Generated_Image_i8clt1i8clt1i8cl-1.png\" \/>\n\t<meta property=\"og:image:width\" content=\"1280\" \/>\n\t<meta property=\"og:image:height\" content=\"720\" \/>\n\t<meta property=\"og:image:type\" content=\"image\/png\" \/>\n<meta name=\"author\" content=\"Andre\u0301 Rangel\u00a0\" \/>\n<meta name=\"twitter:card\" content=\"summary_large_image\" \/>\n<meta name=\"twitter:label1\" content=\"Escrito por\" \/>\n\t<meta name=\"twitter:data1\" content=\"Andre\u0301 Rangel\u00a0\" \/>\n\t<meta name=\"twitter:label2\" content=\"Est. tempo de leitura\" \/>\n\t<meta name=\"twitter:data2\" content=\"5 minutos\" \/>\n<!-- \/ Yoast SEO plugin. -->","yoast_head_json":{"title":"Supermercado fecha as portas: 16 lojas encerram atividades e 196 funcion\u00e1rios perdem o emprego - Estado de Minas - Em foco","description":"Com 16 lojas fechadas, a Alcampo acelera sua transforma\u00e7\u00e3o digital. Saiba o que muda para consumidores e trabalhadores.","robots":{"index":"index","follow":"follow","max-snippet":"max-snippet:-1","max-image-preview":"max-image-preview:large","max-video-preview":"max-video-preview:-1"},"canonical":"https:\/\/www.em.com.br\/emfoco\/2026\/03\/13\/supermercado-fecha-as-portas-16-lojas-encerram-atividades-e-196-funcionarios-perdem-o-emprego\/","og_locale":"pt_BR","og_type":"article","og_title":"Supermercado fecha as portas: 16 lojas encerram atividades e 196 funcion\u00e1rios perdem o emprego - Estado de Minas - Em foco","og_description":"Com 16 lojas fechadas, a Alcampo acelera sua transforma\u00e7\u00e3o digital. Saiba o que muda para consumidores e trabalhadores.","og_url":"https:\/\/www.em.com.br\/emfoco\/2026\/03\/13\/supermercado-fecha-as-portas-16-lojas-encerram-atividades-e-196-funcionarios-perdem-o-emprego\/","og_site_name":"Estado de Minas - Em foco","article_published_time":"2026-03-13T16:45:00+00:00","article_modified_time":"2026-03-13T02:52:44+00:00","og_image":[{"width":1280,"height":720,"url":"https:\/\/www.em.com.br\/emfoco\/wp-content\/uploads\/2026\/02\/Gemini_Generated_Image_i8clt1i8clt1i8cl-1.png","type":"image\/png"}],"author":"Andre\u0301 Rangel\u00a0","twitter_card":"summary_large_image","twitter_misc":{"Escrito por":"Andre\u0301 Rangel\u00a0","Est. tempo de leitura":"5 minutos"},"schema":{"@context":"https:\/\/schema.org","@graph":[{"@type":"WebPage","@id":"https:\/\/www.em.com.br\/emfoco\/2026\/03\/13\/supermercado-fecha-as-portas-16-lojas-encerram-atividades-e-196-funcionarios-perdem-o-emprego\/","url":"https:\/\/www.em.com.br\/emfoco\/2026\/03\/13\/supermercado-fecha-as-portas-16-lojas-encerram-atividades-e-196-funcionarios-perdem-o-emprego\/","name":"Supermercado fecha as portas: 16 lojas encerram atividades e 196 funcion\u00e1rios perdem o emprego - Estado de Minas - Em foco","isPartOf":{"@id":"https:\/\/www.em.com.br\/emfoco\/#website"},"primaryImageOfPage":{"@id":"https:\/\/www.em.com.br\/emfoco\/2026\/03\/13\/supermercado-fecha-as-portas-16-lojas-encerram-atividades-e-196-funcionarios-perdem-o-emprego\/#primaryimage"},"image":{"@id":"https:\/\/www.em.com.br\/emfoco\/2026\/03\/13\/supermercado-fecha-as-portas-16-lojas-encerram-atividades-e-196-funcionarios-perdem-o-emprego\/#primaryimage"},"thumbnailUrl":"https:\/\/www.em.com.br\/emfoco\/wp-content\/uploads\/2026\/02\/Gemini_Generated_Image_i8clt1i8clt1i8cl-1.png","datePublished":"2026-03-13T16:45:00+00:00","dateModified":"2026-03-13T02:52:44+00:00","author":{"@id":"https:\/\/www.em.com.br\/emfoco\/#\/schema\/person\/60eda09c1fedf0d6891f4cef4b60b8b8"},"description":"Com 16 lojas fechadas, a Alcampo acelera sua transforma\u00e7\u00e3o digital. Saiba o que muda para consumidores e trabalhadores.","breadcrumb":{"@id":"https:\/\/www.em.com.br\/emfoco\/2026\/03\/13\/supermercado-fecha-as-portas-16-lojas-encerram-atividades-e-196-funcionarios-perdem-o-emprego\/#breadcrumb"},"inLanguage":"pt-BR","potentialAction":[{"@type":"ReadAction","target":["https:\/\/www.em.com.br\/emfoco\/2026\/03\/13\/supermercado-fecha-as-portas-16-lojas-encerram-atividades-e-196-funcionarios-perdem-o-emprego\/"]}]},{"@type":"ImageObject","inLanguage":"pt-BR","@id":"https:\/\/www.em.com.br\/emfoco\/2026\/03\/13\/supermercado-fecha-as-portas-16-lojas-encerram-atividades-e-196-funcionarios-perdem-o-emprego\/#primaryimage","url":"https:\/\/www.em.com.br\/emfoco\/wp-content\/uploads\/2026\/02\/Gemini_Generated_Image_i8clt1i8clt1i8cl-1.png","contentUrl":"https:\/\/www.em.com.br\/emfoco\/wp-content\/uploads\/2026\/02\/Gemini_Generated_Image_i8clt1i8clt1i8cl-1.png","width":1280,"height":720,"caption":"Supermercados fecham portas e consumo preocupa fam\u00edlias"},{"@type":"BreadcrumbList","@id":"https:\/\/www.em.com.br\/emfoco\/2026\/03\/13\/supermercado-fecha-as-portas-16-lojas-encerram-atividades-e-196-funcionarios-perdem-o-emprego\/#breadcrumb","itemListElement":[{"@type":"ListItem","position":1,"name":"In\u00edcio","item":"https:\/\/www.em.com.br\/emfoco\/"},{"@type":"ListItem","position":2,"name":"Supermercado fecha as portas: 16 lojas encerram atividades e 196 funcion\u00e1rios perdem o emprego"}]},{"@type":"WebSite","@id":"https:\/\/www.em.com.br\/emfoco\/#website","url":"https:\/\/www.em.com.br\/emfoco\/","name":"Estado de Minas - Em foco","description":"Acompanhe as \u00faltimas not\u00edcias e fique bem informado sobre tudo o que acontece em Minas Gerais, Brasil e no mundo.","potentialAction":[{"@type":"SearchAction","target":{"@type":"EntryPoint","urlTemplate":"https:\/\/www.em.com.br\/emfoco\/?s={search_term_string}"},"query-input":{"@type":"PropertyValueSpecification","valueRequired":true,"valueName":"search_term_string"}}],"inLanguage":"pt-BR"},{"@type":"Person","@id":"https:\/\/www.em.com.br\/emfoco\/#\/schema\/person\/60eda09c1fedf0d6891f4cef4b60b8b8","name":"Andre\u0301 Rangel\u00a0","image":{"@type":"ImageObject","inLanguage":"pt-BR","@id":"https:\/\/www.em.com.br\/emfoco\/#\/schema\/person\/image\/","url":"https:\/\/secure.gravatar.com\/avatar\/6234dc814c77c8ef6d8bba622c787efc?s=96&d=mm&r=g","contentUrl":"https:\/\/secure.gravatar.com\/avatar\/6234dc814c77c8ef6d8bba622c787efc?s=96&d=mm&r=g","caption":"Andre\u0301 Rangel\u00a0"},"url":"https:\/\/www.em.com.br\/emfoco\/author\/luizmyth\/"}]}},"_links":{"self":[{"href":"https:\/\/www.em.com.br\/emfoco\/wp-json\/wp\/v2\/posts\/181091","targetHints":{"allow":["GET"]}}],"collection":[{"href":"https:\/\/www.em.com.br\/emfoco\/wp-json\/wp\/v2\/posts"}],"about":[{"href":"https:\/\/www.em.com.br\/emfoco\/wp-json\/wp\/v2\/types\/post"}],"author":[{"embeddable":true,"href":"https:\/\/www.em.com.br\/emfoco\/wp-json\/wp\/v2\/users\/11"}],"replies":[{"embeddable":true,"href":"https:\/\/www.em.com.br\/emfoco\/wp-json\/wp\/v2\/comments?post=181091"}],"version-history":[{"count":3,"href":"https:\/\/www.em.com.br\/emfoco\/wp-json\/wp\/v2\/posts\/181091\/revisions"}],"predecessor-version":[{"id":181094,"href":"https:\/\/www.em.com.br\/emfoco\/wp-json\/wp\/v2\/posts\/181091\/revisions\/181094"}],"wp:featuredmedia":[{"embeddable":true,"href":"https:\/\/www.em.com.br\/emfoco\/wp-json\/wp\/v2\/media\/171238"}],"wp:attachment":[{"href":"https:\/\/www.em.com.br\/emfoco\/wp-json\/wp\/v2\/media?parent=181091"}],"wp:term":[{"taxonomy":"category","embeddable":true,"href":"https:\/\/www.em.com.br\/emfoco\/wp-json\/wp\/v2\/categories?post=181091"},{"taxonomy":"post_tag","embeddable":true,"href":"https:\/\/www.em.com.br\/emfoco\/wp-json\/wp\/v2\/tags?post=181091"}],"curies":[{"name":"wp","href":"https:\/\/api.w.org\/{rel}","templated":true}]}}