{"id":181072,"date":"2026-03-15T11:15:00","date_gmt":"2026-03-15T14:15:00","guid":{"rendered":"https:\/\/www.em.com.br\/emfoco\/?p=181072"},"modified":"2026-03-14T22:44:35","modified_gmt":"2026-03-15T01:44:35","slug":"adeus-aos-eletrodomesticos-na-bancada-os-3-novos-moveis-que-otimizam-o-espaco-e-ja-sao-tendencia","status":"publish","type":"post","link":"https:\/\/www.em.com.br\/emfoco\/2026\/03\/15\/adeus-aos-eletrodomesticos-na-bancada-os-3-novos-moveis-que-otimizam-o-espaco-e-ja-sao-tendencia\/","title":{"rendered":"Adeus aos eletrodom\u00e9sticos na bancada: os 3 novos m\u00f3veis que otimizam o espa\u00e7o e j\u00e1 s\u00e3o tend\u00eancia"},"content":{"rendered":"\n<p>Organizar os pequenos eletrodom\u00e9sticos na cozinha deixou de ser s\u00f3 uma quest\u00e3o de espa\u00e7o e passou a ser sin\u00f4nimo de praticidade, visual clean e rotina mais fluida, principalmente em cozinhas integradas e apartamentos compactos, onde cada cent\u00edmetro precisa ser pensado com intelig\u00eancia para esconder fios, liberar bancada e manter tudo sempre \u00e0 m\u00e3o.<\/p>\n\n\n\n<h2 class=\"wp-block-heading\">Por que o m\u00f3vel para pequenos eletrodom\u00e9sticos virou prioridade na cozinha?<\/h2>\n\n\n\n<p>Em muitos lares, a cozinha funciona como ponto central de conviv\u00eancia, especialmente em plantas abertas e cozinhas americanas. Nesses casos, o excesso de itens sobre a bancada interfere na est\u00e9tica do ambiente e at\u00e9 na valoriza\u00e7\u00e3o do im\u00f3vel.<\/p>\n\n\n\n<p>O\u00a0<a href=\"https:\/\/br.pinterest.com\/gy_sasso\/arm%C3%A1rios-para-esconder-eletrodom%C3%A9sticos\/\" target=\"_blank\" rel=\"noreferrer noopener\"><strong>m\u00f3vel para organizar eletrodom\u00e9sticos<\/strong>\u00a0<\/a>surge como alternativa para conciliar rotina intensa com um espa\u00e7o limpo, com menos cabos aparentes e superf\u00edcies livres para preparo dos alimentos. Em apartamentos compactos, o planejamento de arm\u00e1rios estrat\u00e9gicos faz toda a diferen\u00e7a na agilidade do dia a dia.<\/p>\n\n\n\n<figure class=\"wp-block-image size-large\"><img loading=\"lazy\" decoding=\"async\" width=\"1024\" height=\"196\" src=\"https:\/\/www.em.com.br\/emfoco\/wp-content\/uploads\/2026\/03\/convertido-20-1024x196.jpg\" alt=\"\" class=\"wp-image-181073\" srcset=\"https:\/\/www.em.com.br\/emfoco\/wp-content\/uploads\/2026\/03\/convertido-20-1024x196.jpg 1024w, https:\/\/www.em.com.br\/emfoco\/wp-content\/uploads\/2026\/03\/convertido-20-300x57.jpg 300w, https:\/\/www.em.com.br\/emfoco\/wp-content\/uploads\/2026\/03\/convertido-20-768x147.jpg 768w, https:\/\/www.em.com.br\/emfoco\/wp-content\/uploads\/2026\/03\/convertido-20-750x144.jpg 750w, https:\/\/www.em.com.br\/emfoco\/wp-content\/uploads\/2026\/03\/convertido-20-1140x218.jpg 1140w, https:\/\/www.em.com.br\/emfoco\/wp-content\/uploads\/2026\/03\/convertido-20.jpg 1280w\" sizes=\"auto, (max-width: 1024px) 100vw, 1024px\" \/><\/figure>\n\n\n\n<h2 class=\"wp-block-heading\">Como funciona na pr\u00e1tica o m\u00f3vel para pequenos eletrodom\u00e9sticos?<\/h2>\n\n\n\n<p>O chamado&nbsp;<strong>m\u00f3vel para eletrodom\u00e9sticos de bancada<\/strong>&nbsp;costuma ser projetado como um m\u00f3dulo fechado, com portas basculantes, de correr ou de abrir convencionalmente. Por fora, lembra um arm\u00e1rio comum; por dentro, traz prateleiras refor\u00e7adas, nichos espec\u00edficos e, muitas vezes, tomadas embutidas.<\/p>\n\n\n\n<p>Esse tipo de solu\u00e7\u00e3o reduz o vai e vem de equipamentos, minimiza o risco de quedas e ajuda a controlar fios e extens\u00f5es. Em projetos mais elaborados, \u00e9 comum encontrar recursos que potencializam o uso di\u00e1rio dos aparelhos:<\/p>\n\n\n\n<ul class=\"wp-block-list\">\n<li><strong>Prateleiras deslizantes<\/strong>, que permitem puxar a cafeteira ou torradeira para frente durante o uso.<\/li>\n\n\n\n<li><strong>Tomadas internas<\/strong>, com prote\u00e7\u00e3o adequada, evitando extens\u00f5es sobre a bancada.<\/li>\n\n\n\n<li><strong>Nichos ventilados<\/strong>, importantes para aparelhos que aquecem, como fornos el\u00e9tricos compactos e fritadeiras.<\/li>\n\n\n\n<li><strong>Portas com boa altura de v\u00e3o<\/strong>, permitindo abrir e fechar sem deslocar o equipamento.<\/li>\n<\/ul>\n\n\n\n<h2 class=\"wp-block-heading\">Quais tipos de m\u00f3veis ajudam a esconder pequenos eletrodom\u00e9sticos?<\/h2>\n\n\n\n<p>O m\u00f3vel para pequenos eletrodom\u00e9sticos pode aparecer em diferentes formatos dentro da <a href=\"https:\/\/www.em.com.br\/emfoco\/2026\/03\/11\/adeus-cozinhas-fechadas-ambientes-amplos-e-abertos-sao-a-nova-tendencia\/\" target=\"_blank\" rel=\"noreferrer noopener\">cozinha <\/a>planejada, adaptando-se \u00e0 \u00e1rea dispon\u00edvel e ao estilo de vida dos moradores. A ideia \u00e9 que cada aparelho tenha um \u201cendere\u00e7o fixo\u201d, evitando ac\u00famulo sobre a bancada.<\/p>\n\n\n\n<p>Entre as op\u00e7\u00f5es mais comuns, vale considerar m\u00f3dulo tipo despenseiro em coluna alta, arm\u00e1rio tipo cristaleira fechada pr\u00f3ximo \u00e0 \u00e1rea de refei\u00e7\u00f5es, gabinete sob a bancada para itens mais pesados e esta\u00e7\u00f5es espec\u00edficas, como a&nbsp;<em>coffee station<\/em>&nbsp;embutida para bebidas e caf\u00e9s.<\/p>\n\n\n\n<iframe loading=\"lazy\" src=\"https:\/\/assets.pinterest.com\/ext\/embed.html?id=741194051163574018\" height=\"582\" width=\"345\" frameborder=\"0\" scrolling=\"no\" ><\/iframe>\n\n\n\n<h2 class=\"wp-block-heading\">Como planejar um m\u00f3vel eficiente para eletrodom\u00e9sticos de bancada?<\/h2>\n\n\n\n<p>O planejamento adequado \u00e9 decisivo para que o m\u00f3vel realmente facilite a rotina e n\u00e3o vire apenas um dep\u00f3sito. Profissionais de marcenaria ou design de interiores costumam medir cada aparelho e mapear necessidades de ventila\u00e7\u00e3o, tomadas e profundidade das prateleiras.<\/p>\n\n\n\n<p>Alguns crit\u00e9rios pr\u00e1ticos ajudam a organizar melhor o m\u00f3vel e manter tudo funcional por muitos anos, mesmo com a compra de novos eletroport\u00e1teis e mudan\u00e7as na rotina da casa:<\/p>\n\n\n\n<ul class=\"wp-block-list\">\n<li><strong>Avaliar a frequ\u00eancia de uso<\/strong>, deixando os aparelhos do dia a dia nas \u00e1reas mais acess\u00edveis.<\/li>\n\n\n\n<li><strong>Separar por fun\u00e7\u00e3o<\/strong>, agrupando itens de bebidas, panifica\u00e7\u00e3o ou refei\u00e7\u00f5es r\u00e1pidas.<\/li>\n\n\n\n<li><strong>Prever espa\u00e7o extra<\/strong>, garantindo folga para futuros aparelhos sem apertar o arm\u00e1rio.<\/li>\n\n\n\n<li><strong>Cuidar da ergonomia<\/strong>, posicionando equipamentos pesados em n\u00edveis mais baixos.<\/li>\n<\/ul>\n\n\n\n<iframe loading=\"lazy\" src=\"https:\/\/assets.pinterest.com\/ext\/embed.html?id=741194051163573926\" height=\"618\" width=\"345\" frameborder=\"0\" scrolling=\"no\" ><\/iframe>\n\n\n\n<h2 class=\"wp-block-heading\">Vale a pena investir em m\u00f3vel para pequenos eletrodom\u00e9sticos em cozinhas pequenas?<\/h2>\n\n\n\n<p>Mesmo em cozinhas compactas, o&nbsp;<strong>m\u00f3vel para pequenos eletrodom\u00e9sticos<\/strong>&nbsp;traz benef\u00edcios relevantes ao liberar a bancada, aproveitar a altura das paredes e criar um visual cont\u00ednuo e organizado. A sensa\u00e7\u00e3o de amplitude aumenta e o ambiente ganha cara de projeto profissional, valorizando o im\u00f3vel.<\/p>\n\n\n\n<p>Se voc\u00ea est\u00e1 reformando ou montando a primeira cozinha, n\u00e3o espere o caos de cabos e aparelhos acumulados aparecer: inclua agora ao menos um m\u00f3dulo dedicado aos eletroport\u00e1teis e garanta uma rotina mais leve, funcional e bonita desde o primeiro dia de uso.<\/p>\n\n\n\n<p><\/p>\n","protected":false},"excerpt":{"rendered":"<p>Organizar os pequenos eletrodom\u00e9sticos na cozinha deixou de ser s\u00f3 uma quest\u00e3o de espa\u00e7o e passou a ser sin\u00f4nimo de praticidade, visual clean e rotina mais fluida, principalmente em cozinhas integradas e apartamentos compactos, onde cada cent\u00edmetro precisa ser pensado com intelig\u00eancia para esconder fios, liberar bancada e manter tudo sempre \u00e0 m\u00e3o. Por que [&hellip;]<\/p>\n","protected":false},"author":11,"featured_media":181075,"comment_status":"open","ping_status":"open","sticky":false,"template":"","format":"standard","meta":{"jnews-multi-image_gallery":[],"jnews_single_post":{"format":"standard"},"jnews_primary_category":[],"jnews_social_meta":[],"jnews_override_counter":[],"footnotes":""},"categories":[8819,1],"tags":[16358,13918,5675,26127,16220],"class_list":["post-181072","post","type-post","status-publish","format-standard","has-post-thumbnail","hentry","category-curiosidades","category-noticias","tag-bancada","tag-cozinhas","tag-eletrodomesticos","tag-moveis-planejados","tag-movel"],"yoast_head":"<!-- This site is optimized with the Yoast SEO plugin v23.8 - https:\/\/yoast.com\/wordpress\/plugins\/seo\/ -->\n<title>Adeus aos eletrodom\u00e9sticos na bancada: os 3 novos m\u00f3veis que otimizam o espa\u00e7o e j\u00e1 s\u00e3o tend\u00eancia - Estado de Minas - Em foco<\/title>\n<meta name=\"description\" content=\"O m\u00f3vel para pequenos eletrodom\u00e9sticos est\u00e1 transformando cozinhas modernas. A solu\u00e7\u00e3o ajuda a esconder fios e liberar espa\u00e7o na bancada.\" \/>\n<meta name=\"robots\" content=\"index, follow, max-snippet:-1, max-image-preview:large, max-video-preview:-1\" \/>\n<link rel=\"canonical\" href=\"https:\/\/www.em.com.br\/emfoco\/2026\/03\/15\/adeus-aos-eletrodomesticos-na-bancada-os-3-novos-moveis-que-otimizam-o-espaco-e-ja-sao-tendencia\/\" \/>\n<meta property=\"og:locale\" content=\"pt_BR\" \/>\n<meta property=\"og:type\" content=\"article\" \/>\n<meta property=\"og:title\" content=\"Adeus aos eletrodom\u00e9sticos na bancada: os 3 novos m\u00f3veis que otimizam o espa\u00e7o e j\u00e1 s\u00e3o tend\u00eancia - Estado de Minas - Em foco\" \/>\n<meta property=\"og:description\" content=\"O m\u00f3vel para pequenos eletrodom\u00e9sticos est\u00e1 transformando cozinhas modernas. A solu\u00e7\u00e3o ajuda a esconder fios e liberar espa\u00e7o na bancada.\" \/>\n<meta property=\"og:url\" content=\"https:\/\/www.em.com.br\/emfoco\/2026\/03\/15\/adeus-aos-eletrodomesticos-na-bancada-os-3-novos-moveis-que-otimizam-o-espaco-e-ja-sao-tendencia\/\" \/>\n<meta property=\"og:site_name\" content=\"Estado de Minas - Em foco\" \/>\n<meta property=\"article:published_time\" content=\"2026-03-15T14:15:00+00:00\" \/>\n<meta property=\"article:modified_time\" content=\"2026-03-15T01:44:35+00:00\" \/>\n<meta property=\"og:image\" content=\"https:\/\/www.em.com.br\/emfoco\/wp-content\/uploads\/2026\/03\/Gemini_Generated_Image_ui2ha5ui2ha5ui2h-1.png\" \/>\n\t<meta property=\"og:image:width\" content=\"1280\" \/>\n\t<meta property=\"og:image:height\" content=\"720\" \/>\n\t<meta property=\"og:image:type\" content=\"image\/png\" \/>\n<meta name=\"author\" content=\"Andre\u0301 Rangel\u00a0\" \/>\n<meta name=\"twitter:card\" content=\"summary_large_image\" \/>\n<meta name=\"twitter:label1\" content=\"Escrito por\" \/>\n\t<meta name=\"twitter:data1\" content=\"Andre\u0301 Rangel\u00a0\" \/>\n\t<meta name=\"twitter:label2\" content=\"Est. tempo de leitura\" \/>\n\t<meta name=\"twitter:data2\" content=\"4 minutos\" \/>\n<!-- \/ Yoast SEO plugin. -->","yoast_head_json":{"title":"Adeus aos eletrodom\u00e9sticos na bancada: os 3 novos m\u00f3veis que otimizam o espa\u00e7o e j\u00e1 s\u00e3o tend\u00eancia - Estado de Minas - Em foco","description":"O m\u00f3vel para pequenos eletrodom\u00e9sticos est\u00e1 transformando cozinhas modernas. A solu\u00e7\u00e3o ajuda a esconder fios e liberar espa\u00e7o na bancada.","robots":{"index":"index","follow":"follow","max-snippet":"max-snippet:-1","max-image-preview":"max-image-preview:large","max-video-preview":"max-video-preview:-1"},"canonical":"https:\/\/www.em.com.br\/emfoco\/2026\/03\/15\/adeus-aos-eletrodomesticos-na-bancada-os-3-novos-moveis-que-otimizam-o-espaco-e-ja-sao-tendencia\/","og_locale":"pt_BR","og_type":"article","og_title":"Adeus aos eletrodom\u00e9sticos na bancada: os 3 novos m\u00f3veis que otimizam o espa\u00e7o e j\u00e1 s\u00e3o tend\u00eancia - Estado de Minas - Em foco","og_description":"O m\u00f3vel para pequenos eletrodom\u00e9sticos est\u00e1 transformando cozinhas modernas. A solu\u00e7\u00e3o ajuda a esconder fios e liberar espa\u00e7o na bancada.","og_url":"https:\/\/www.em.com.br\/emfoco\/2026\/03\/15\/adeus-aos-eletrodomesticos-na-bancada-os-3-novos-moveis-que-otimizam-o-espaco-e-ja-sao-tendencia\/","og_site_name":"Estado de Minas - Em foco","article_published_time":"2026-03-15T14:15:00+00:00","article_modified_time":"2026-03-15T01:44:35+00:00","og_image":[{"width":1280,"height":720,"url":"https:\/\/www.em.com.br\/emfoco\/wp-content\/uploads\/2026\/03\/Gemini_Generated_Image_ui2ha5ui2ha5ui2h-1.png","type":"image\/png"}],"author":"Andre\u0301 Rangel\u00a0","twitter_card":"summary_large_image","twitter_misc":{"Escrito por":"Andre\u0301 Rangel\u00a0","Est. tempo de leitura":"4 minutos"},"schema":{"@context":"https:\/\/schema.org","@graph":[{"@type":"WebPage","@id":"https:\/\/www.em.com.br\/emfoco\/2026\/03\/15\/adeus-aos-eletrodomesticos-na-bancada-os-3-novos-moveis-que-otimizam-o-espaco-e-ja-sao-tendencia\/","url":"https:\/\/www.em.com.br\/emfoco\/2026\/03\/15\/adeus-aos-eletrodomesticos-na-bancada-os-3-novos-moveis-que-otimizam-o-espaco-e-ja-sao-tendencia\/","name":"Adeus aos eletrodom\u00e9sticos na bancada: os 3 novos m\u00f3veis que otimizam o espa\u00e7o e j\u00e1 s\u00e3o tend\u00eancia - Estado de Minas - Em foco","isPartOf":{"@id":"https:\/\/www.em.com.br\/emfoco\/#website"},"primaryImageOfPage":{"@id":"https:\/\/www.em.com.br\/emfoco\/2026\/03\/15\/adeus-aos-eletrodomesticos-na-bancada-os-3-novos-moveis-que-otimizam-o-espaco-e-ja-sao-tendencia\/#primaryimage"},"image":{"@id":"https:\/\/www.em.com.br\/emfoco\/2026\/03\/15\/adeus-aos-eletrodomesticos-na-bancada-os-3-novos-moveis-que-otimizam-o-espaco-e-ja-sao-tendencia\/#primaryimage"},"thumbnailUrl":"https:\/\/www.em.com.br\/emfoco\/wp-content\/uploads\/2026\/03\/Gemini_Generated_Image_ui2ha5ui2ha5ui2h-1.png","datePublished":"2026-03-15T14:15:00+00:00","dateModified":"2026-03-15T01:44:35+00:00","author":{"@id":"https:\/\/www.em.com.br\/emfoco\/#\/schema\/person\/60eda09c1fedf0d6891f4cef4b60b8b8"},"description":"O m\u00f3vel para pequenos eletrodom\u00e9sticos est\u00e1 transformando cozinhas modernas. A solu\u00e7\u00e3o ajuda a esconder fios e liberar espa\u00e7o na bancada.","breadcrumb":{"@id":"https:\/\/www.em.com.br\/emfoco\/2026\/03\/15\/adeus-aos-eletrodomesticos-na-bancada-os-3-novos-moveis-que-otimizam-o-espaco-e-ja-sao-tendencia\/#breadcrumb"},"inLanguage":"pt-BR","potentialAction":[{"@type":"ReadAction","target":["https:\/\/www.em.com.br\/emfoco\/2026\/03\/15\/adeus-aos-eletrodomesticos-na-bancada-os-3-novos-moveis-que-otimizam-o-espaco-e-ja-sao-tendencia\/"]}]},{"@type":"ImageObject","inLanguage":"pt-BR","@id":"https:\/\/www.em.com.br\/emfoco\/2026\/03\/15\/adeus-aos-eletrodomesticos-na-bancada-os-3-novos-moveis-que-otimizam-o-espaco-e-ja-sao-tendencia\/#primaryimage","url":"https:\/\/www.em.com.br\/emfoco\/wp-content\/uploads\/2026\/03\/Gemini_Generated_Image_ui2ha5ui2ha5ui2h-1.png","contentUrl":"https:\/\/www.em.com.br\/emfoco\/wp-content\/uploads\/2026\/03\/Gemini_Generated_Image_ui2ha5ui2ha5ui2h-1.png","width":1280,"height":720,"caption":"Transforme sua cozinha com um m\u00f3vel pr\u00e1tico para eletrodom\u00e9sticos"},{"@type":"BreadcrumbList","@id":"https:\/\/www.em.com.br\/emfoco\/2026\/03\/15\/adeus-aos-eletrodomesticos-na-bancada-os-3-novos-moveis-que-otimizam-o-espaco-e-ja-sao-tendencia\/#breadcrumb","itemListElement":[{"@type":"ListItem","position":1,"name":"In\u00edcio","item":"https:\/\/www.em.com.br\/emfoco\/"},{"@type":"ListItem","position":2,"name":"Adeus aos eletrodom\u00e9sticos na bancada: os 3 novos m\u00f3veis que otimizam o espa\u00e7o e j\u00e1 s\u00e3o tend\u00eancia"}]},{"@type":"WebSite","@id":"https:\/\/www.em.com.br\/emfoco\/#website","url":"https:\/\/www.em.com.br\/emfoco\/","name":"Estado de Minas - Em foco","description":"Acompanhe as \u00faltimas not\u00edcias e fique bem informado sobre tudo o que acontece em Minas Gerais, Brasil e no mundo.","potentialAction":[{"@type":"SearchAction","target":{"@type":"EntryPoint","urlTemplate":"https:\/\/www.em.com.br\/emfoco\/?s={search_term_string}"},"query-input":{"@type":"PropertyValueSpecification","valueRequired":true,"valueName":"search_term_string"}}],"inLanguage":"pt-BR"},{"@type":"Person","@id":"https:\/\/www.em.com.br\/emfoco\/#\/schema\/person\/60eda09c1fedf0d6891f4cef4b60b8b8","name":"Andre\u0301 Rangel\u00a0","image":{"@type":"ImageObject","inLanguage":"pt-BR","@id":"https:\/\/www.em.com.br\/emfoco\/#\/schema\/person\/image\/","url":"https:\/\/secure.gravatar.com\/avatar\/6234dc814c77c8ef6d8bba622c787efc?s=96&d=mm&r=g","contentUrl":"https:\/\/secure.gravatar.com\/avatar\/6234dc814c77c8ef6d8bba622c787efc?s=96&d=mm&r=g","caption":"Andre\u0301 Rangel\u00a0"},"url":"https:\/\/www.em.com.br\/emfoco\/author\/luizmyth\/"}]}},"_links":{"self":[{"href":"https:\/\/www.em.com.br\/emfoco\/wp-json\/wp\/v2\/posts\/181072","targetHints":{"allow":["GET"]}}],"collection":[{"href":"https:\/\/www.em.com.br\/emfoco\/wp-json\/wp\/v2\/posts"}],"about":[{"href":"https:\/\/www.em.com.br\/emfoco\/wp-json\/wp\/v2\/types\/post"}],"author":[{"embeddable":true,"href":"https:\/\/www.em.com.br\/emfoco\/wp-json\/wp\/v2\/users\/11"}],"replies":[{"embeddable":true,"href":"https:\/\/www.em.com.br\/emfoco\/wp-json\/wp\/v2\/comments?post=181072"}],"version-history":[{"count":2,"href":"https:\/\/www.em.com.br\/emfoco\/wp-json\/wp\/v2\/posts\/181072\/revisions"}],"predecessor-version":[{"id":181076,"href":"https:\/\/www.em.com.br\/emfoco\/wp-json\/wp\/v2\/posts\/181072\/revisions\/181076"}],"wp:featuredmedia":[{"embeddable":true,"href":"https:\/\/www.em.com.br\/emfoco\/wp-json\/wp\/v2\/media\/181075"}],"wp:attachment":[{"href":"https:\/\/www.em.com.br\/emfoco\/wp-json\/wp\/v2\/media?parent=181072"}],"wp:term":[{"taxonomy":"category","embeddable":true,"href":"https:\/\/www.em.com.br\/emfoco\/wp-json\/wp\/v2\/categories?post=181072"},{"taxonomy":"post_tag","embeddable":true,"href":"https:\/\/www.em.com.br\/emfoco\/wp-json\/wp\/v2\/tags?post=181072"}],"curies":[{"name":"wp","href":"https:\/\/api.w.org\/{rel}","templated":true}]}}