{"id":181068,"date":"2026-03-14T20:15:00","date_gmt":"2026-03-14T23:15:00","guid":{"rendered":"https:\/\/www.em.com.br\/emfoco\/?p=181068"},"modified":"2026-03-13T22:40:33","modified_gmt":"2026-03-14T01:40:33","slug":"adeus-ao-guarda-roupa-com-portas-tendencia-de-2026-aposta-em-solucao-mais-pratica-e-moderna-para-o-quarto","status":"publish","type":"post","link":"https:\/\/www.em.com.br\/emfoco\/2026\/03\/14\/adeus-ao-guarda-roupa-com-portas-tendencia-de-2026-aposta-em-solucao-mais-pratica-e-moderna-para-o-quarto\/","title":{"rendered":"Adeus ao guarda-roupa com portas: tend\u00eancia de 2026 aposta em solu\u00e7\u00e3o mais pr\u00e1tica e moderna para o quarto"},"content":{"rendered":"\n<p>Nos quartos atuais, o tradicional guarda-roupa fechado vem perdendo espa\u00e7o para solu\u00e7\u00f5es mais leves, abertas e funcionais. Em 2026, o guarda-roupa aberto aparece em apartamentos compactos e casas amplas, ampliando visualmente o ambiente, facilitando a rotina e refor\u00e7ando um estilo de decora\u00e7\u00e3o mais contempor\u00e2neo e descomplicado.<\/p>\n\n\n\n<h2 class=\"wp-block-heading\">Por que o guarda-roupa aberto \u00e9 uma forte tend\u00eancia em 2026<\/h2>\n\n\n\n<p>A tend\u00eancia do <a href=\"https:\/\/br.pinterest.com\/seabraleticia\/guarda-roupa-aberto\/\" target=\"_blank\" rel=\"noreferrer noopener\">guarda-roupa aberto<\/a> ganha for\u00e7a pela sensa\u00e7\u00e3o de amplitude e leveza que proporciona. Sem portas, o arm\u00e1rio deixa de formar um bloco visual pesado e passa a se integrar \u00e0s paredes, ajudando o dormit\u00f3rio a parecer maior, mais iluminado e fluido.<\/p>\n\n\n\n<p>Outro ponto-chave \u00e9 a praticidade no dia a dia. Com todas as pe\u00e7as \u00e0 vista, a escolha das roupas fica mais r\u00e1pida, assim como a combina\u00e7\u00e3o de looks e o controle do que realmente \u00e9 usado. Muitos moradores adotam um consumo mais enxuto, evitando ac\u00famulo e deixando o quarto visualmente mais calmo.<\/p>\n\n\n\n<iframe loading=\"lazy\" src=\"https:\/\/assets.pinterest.com\/ext\/embed.html?id=415316396867887034\" height=\"359\" width=\"345\" frameborder=\"0\" scrolling=\"no\" ><\/iframe>\n\n\n\n<h2 class=\"wp-block-heading\">Como organizar o guarda-roupa aberto sem perder o visual<\/h2>\n\n\n\n<p>Para que o arm\u00e1rio aberto funcione bem, a organiza\u00e7\u00e3o precisa ser intencional, pois tudo fica \u00e0 mostra e impacta diretamente a est\u00e9tica do quarto. Uma estrat\u00e9gia eficiente \u00e9 dividir o espa\u00e7o por tipos de roupa ou por cores, criando um efeito alinhado, leve e agrad\u00e1vel.<\/p>\n\n\n\n<p>Alguns recursos pr\u00e1ticos ajudam a manter o guarda-roupa aberto sempre harm\u00f4nico e funcional no dia a dia:<\/p>\n\n\n\n<ul class=\"wp-block-list\">\n<li>Separar camisas, cal\u00e7as, vestidos e casacos em setores espec\u00edficos do cabideiro.<\/li>\n\n\n\n<li>Agrupar pe\u00e7as por tonalidade, formando blocos claros, m\u00e9dios e escuros.<\/li>\n\n\n\n<li>Usar caixas e cestos para itens pequenos, como cintos, len\u00e7os e roupas \u00edntimas.<\/li>\n\n\n\n<li>Reservar prateleiras para bolsas e sapatos, mantendo-os ventilados e acess\u00edveis.<\/li>\n<\/ul>\n\n\n\n<p>O uso de <a href=\"https:\/\/www.em.com.br\/emfoco\/2025\/12\/30\/veja-como-organizar-seu-guarda-roupa-e-ganhar-espaco-com-cabides-e-caixas\/\" target=\"_blank\" rel=\"noreferrer noopener\">cabides <\/a>iguais tamb\u00e9m traz unidade visual ao closet aberto. Modelos finos, de mesma cor e material, criam uma linha cont\u00ednua e elegante. Em muitos projetos, trilhos ou fitas de LED s\u00e3o instalados na estrutura, destacando texturas de tecidos e facilitando a visualiza\u00e7\u00e3o das pe\u00e7as \u00e0 noite.<\/p>\n\n\n\n<h2 class=\"wp-block-heading\">Em quais quartos o guarda-roupa aberto funciona melhor<\/h2>\n\n\n\n<p>Antes de adotar o guarda-roupa sem portas, \u00e9 essencial avaliar o ambiente. Poeira, sol direto e ventila\u00e7\u00e3o influenciam na conserva\u00e7\u00e3o das roupas, e em quartos muito expostos \u00e0 rua pode ser necess\u00e1rio refor\u00e7ar a limpeza ou combinar m\u00f3dulos abertos com partes fechadas.<\/p>\n\n\n\n<ol class=\"wp-block-list\">\n<li><strong>Tamanho do quarto:<\/strong>\u00a0em dormit\u00f3rios pequenos, estruturas lineares ou em \u201cL\u201d ocupam paredes inteiras sem prejudicar a circula\u00e7\u00e3o.<\/li>\n\n\n\n<li><strong>Estilo de decora\u00e7\u00e3o:<\/strong>\u00a0propostas minimalistas, industriais ou escandinavas integram o closet aberto com naturalidade.<\/li>\n\n\n\n<li><strong>H\u00e1bito de organiza\u00e7\u00e3o:<\/strong>\u00a0quem organiza o arm\u00e1rio com frequ\u00eancia aproveita melhor a proposta, j\u00e1 que qualquer excesso fica evidente.<\/li>\n\n\n\n<li><strong>Or\u00e7amento:<\/strong>\u00a0sistemas modulares e estruturas met\u00e1licas costumam ser mais competitivos que marcenaria sob medida com portas.<\/li>\n<\/ol>\n\n\n\n<iframe loading=\"lazy\" src=\"https:\/\/assets.pinterest.com\/ext\/embed.html?id=39195459253972339\" height=\"618\" width=\"345\" frameborder=\"0\" scrolling=\"no\" ><\/iframe>\n\n\n\n<p>Uma solu\u00e7\u00e3o intermedi\u00e1ria \u00e9 muito usada: parte do espa\u00e7o fica aberta para cabideiros principais e outra parte \u00e9 fechada para itens que n\u00e3o precisam ficar \u00e0 vista. Assim, \u00e9 poss\u00edvel equilibrar exposi\u00e7\u00e3o e discri\u00e7\u00e3o, mantendo a est\u00e9tica moderna sem abandonar totalmente o modelo tradicional.<\/p>\n\n\n\n<h2 class=\"wp-block-heading\">Recursos que valorizam o guarda-roupa aberto no quarto<\/h2>\n\n\n\n<p>O guarda-roupa aberto pode se tornar o grande destaque do quarto quando bem planejado. Al\u00e9m da organiza\u00e7\u00e3o, alguns elementos refor\u00e7am o visual, trazem sensa\u00e7\u00e3o de conforto e mant\u00eam o uso pr\u00e1tico ao longo do tempo.<\/p>\n\n\n\n<ul class=\"wp-block-list\">\n<li><strong>Estruturas met\u00e1licas e madeira clara:<\/strong>\u00a0criam um visual leve e atual, que conversa bem com paredes neutras.<\/li>\n\n\n\n<li><strong>Cortinas leves:<\/strong>\u00a0um trilho com cortina permite ocultar o conte\u00fado quando desejado, sem perder a sensa\u00e7\u00e3o de leveza.<\/li>\n\n\n\n<li><strong>Espelhos pr\u00f3ximos:<\/strong>\u00a0ampliam o espa\u00e7o, refletem luz e s\u00e3o essenciais na hora de se vestir.<\/li>\n\n\n\n<li><strong>Prateleiras decorativas:<\/strong>\u00a0perfumes, chap\u00e9us e caixas bem escolhidas passam a compor a decora\u00e7\u00e3o do dormit\u00f3rio.<\/li>\n<\/ul>\n\n\n\n<iframe loading=\"lazy\" src=\"https:\/\/assets.pinterest.com\/ext\/embed.html?id=142074563240016780\" height=\"618\" width=\"345\" frameborder=\"0\" scrolling=\"no\" ><\/iframe>\n\n\n\n<p>Essa solu\u00e7\u00e3o acompanha a busca por ambientes mais abertos e integrados, tend\u00eancia que tamb\u00e9m aparece em cozinhas, salas e \u00e1reas de servi\u00e7o. Com o projeto certo, o guarda-roupa aberto transforma o quarto sem grandes reformas, atualizando o espa\u00e7o com rapidez.<\/p>\n\n\n\n<h2 class=\"wp-block-heading\">Como decidir agora se o guarda-roupa aberto \u00e9 a escolha certa<\/h2>\n\n\n\n<p>Ao considerar o guarda-roupa aberto para 2026, avalie com sinceridade seu estilo de vida, n\u00edvel de organiza\u00e7\u00e3o e caracter\u00edsticas do quarto. Se voc\u00ea busca amplitude, praticidade e um visual contempor\u00e2neo, essa pode ser a mudan\u00e7a que vai revolucionar seu dia a dia e sua rela\u00e7\u00e3o com o espa\u00e7o.<\/p>\n\n\n\n<p>N\u00e3o adie essa decis\u00e3o: observe seu quarto hoje, identifique o que pesa, e comece a planejar um layout mais leve e aberto. Quanto antes voc\u00ea adaptar o ambiente, mais r\u00e1pido sentir\u00e1 a diferen\u00e7a na rotina, no bem-estar e na sensa\u00e7\u00e3o de ter um quarto realmente funcional e atualizado.<\/p>\n","protected":false},"excerpt":{"rendered":"<p>Nos quartos atuais, o tradicional guarda-roupa fechado vem perdendo espa\u00e7o para solu\u00e7\u00f5es mais leves, abertas e funcionais. Em 2026, o guarda-roupa aberto aparece em apartamentos compactos e casas amplas, ampliando visualmente o ambiente, facilitando a rotina e refor\u00e7ando um estilo de decora\u00e7\u00e3o mais contempor\u00e2neo e descomplicado. Por que o guarda-roupa aberto \u00e9 uma forte tend\u00eancia [&hellip;]<\/p>\n","protected":false},"author":11,"featured_media":178644,"comment_status":"open","ping_status":"open","sticky":false,"template":"","format":"standard","meta":{"jnews-multi-image_gallery":[],"jnews_single_post":{"format":"standard"},"jnews_primary_category":[],"jnews_social_meta":[],"jnews_override_counter":[],"footnotes":""},"categories":[8819,1],"tags":[4687,6118,13874,1920],"class_list":["post-181068","post","type-post","status-publish","format-standard","has-post-thumbnail","hentry","category-curiosidades","category-noticias","tag-decoracao","tag-guarda-roupa","tag-quarto","tag-tendencia"],"yoast_head":"<!-- This site is optimized with the Yoast SEO plugin v23.8 - https:\/\/yoast.com\/wordpress\/plugins\/seo\/ -->\n<title>Adeus ao guarda-roupa com portas: tend\u00eancia de 2026 aposta em solu\u00e7\u00e3o mais pr\u00e1tica e moderna para o quarto - Estado de Minas - Em foco<\/title>\n<meta name=\"description\" content=\"O guarda-roupa aberto est\u00e1 dominando a decora\u00e7\u00e3o dos quartos. A solu\u00e7\u00e3o moderna traz praticidade, leveza e amplia o ambiente.\" \/>\n<meta name=\"robots\" content=\"index, follow, max-snippet:-1, max-image-preview:large, max-video-preview:-1\" \/>\n<link rel=\"canonical\" href=\"https:\/\/www.em.com.br\/emfoco\/2026\/03\/14\/adeus-ao-guarda-roupa-com-portas-tendencia-de-2026-aposta-em-solucao-mais-pratica-e-moderna-para-o-quarto\/\" \/>\n<meta property=\"og:locale\" content=\"pt_BR\" \/>\n<meta property=\"og:type\" content=\"article\" \/>\n<meta property=\"og:title\" content=\"Adeus ao guarda-roupa com portas: tend\u00eancia de 2026 aposta em solu\u00e7\u00e3o mais pr\u00e1tica e moderna para o quarto - Estado de Minas - Em foco\" \/>\n<meta property=\"og:description\" content=\"O guarda-roupa aberto est\u00e1 dominando a decora\u00e7\u00e3o dos quartos. A solu\u00e7\u00e3o moderna traz praticidade, leveza e amplia o ambiente.\" \/>\n<meta property=\"og:url\" content=\"https:\/\/www.em.com.br\/emfoco\/2026\/03\/14\/adeus-ao-guarda-roupa-com-portas-tendencia-de-2026-aposta-em-solucao-mais-pratica-e-moderna-para-o-quarto\/\" \/>\n<meta property=\"og:site_name\" content=\"Estado de Minas - Em foco\" \/>\n<meta property=\"article:published_time\" content=\"2026-03-14T23:15:00+00:00\" \/>\n<meta property=\"article:modified_time\" content=\"2026-03-14T01:40:33+00:00\" \/>\n<meta property=\"og:image\" content=\"https:\/\/www.em.com.br\/emfoco\/wp-content\/uploads\/2026\/03\/ChatGPT-Image-6-de-mar.-de-2026-19_36_15-1.png\" \/>\n\t<meta property=\"og:image:width\" content=\"1280\" \/>\n\t<meta property=\"og:image:height\" content=\"720\" \/>\n\t<meta property=\"og:image:type\" content=\"image\/png\" \/>\n<meta name=\"author\" content=\"Andre\u0301 Rangel\u00a0\" \/>\n<meta name=\"twitter:card\" content=\"summary_large_image\" \/>\n<meta name=\"twitter:label1\" content=\"Escrito por\" \/>\n\t<meta name=\"twitter:data1\" content=\"Andre\u0301 Rangel\u00a0\" \/>\n\t<meta name=\"twitter:label2\" content=\"Est. tempo de leitura\" \/>\n\t<meta name=\"twitter:data2\" content=\"5 minutos\" \/>\n<!-- \/ Yoast SEO plugin. -->","yoast_head_json":{"title":"Adeus ao guarda-roupa com portas: tend\u00eancia de 2026 aposta em solu\u00e7\u00e3o mais pr\u00e1tica e moderna para o quarto - Estado de Minas - Em foco","description":"O guarda-roupa aberto est\u00e1 dominando a decora\u00e7\u00e3o dos quartos. A solu\u00e7\u00e3o moderna traz praticidade, leveza e amplia o ambiente.","robots":{"index":"index","follow":"follow","max-snippet":"max-snippet:-1","max-image-preview":"max-image-preview:large","max-video-preview":"max-video-preview:-1"},"canonical":"https:\/\/www.em.com.br\/emfoco\/2026\/03\/14\/adeus-ao-guarda-roupa-com-portas-tendencia-de-2026-aposta-em-solucao-mais-pratica-e-moderna-para-o-quarto\/","og_locale":"pt_BR","og_type":"article","og_title":"Adeus ao guarda-roupa com portas: tend\u00eancia de 2026 aposta em solu\u00e7\u00e3o mais pr\u00e1tica e moderna para o quarto - Estado de Minas - Em foco","og_description":"O guarda-roupa aberto est\u00e1 dominando a decora\u00e7\u00e3o dos quartos. A solu\u00e7\u00e3o moderna traz praticidade, leveza e amplia o ambiente.","og_url":"https:\/\/www.em.com.br\/emfoco\/2026\/03\/14\/adeus-ao-guarda-roupa-com-portas-tendencia-de-2026-aposta-em-solucao-mais-pratica-e-moderna-para-o-quarto\/","og_site_name":"Estado de Minas - Em foco","article_published_time":"2026-03-14T23:15:00+00:00","article_modified_time":"2026-03-14T01:40:33+00:00","og_image":[{"width":1280,"height":720,"url":"https:\/\/www.em.com.br\/emfoco\/wp-content\/uploads\/2026\/03\/ChatGPT-Image-6-de-mar.-de-2026-19_36_15-1.png","type":"image\/png"}],"author":"Andre\u0301 Rangel\u00a0","twitter_card":"summary_large_image","twitter_misc":{"Escrito por":"Andre\u0301 Rangel\u00a0","Est. tempo de leitura":"5 minutos"},"schema":{"@context":"https:\/\/schema.org","@graph":[{"@type":"WebPage","@id":"https:\/\/www.em.com.br\/emfoco\/2026\/03\/14\/adeus-ao-guarda-roupa-com-portas-tendencia-de-2026-aposta-em-solucao-mais-pratica-e-moderna-para-o-quarto\/","url":"https:\/\/www.em.com.br\/emfoco\/2026\/03\/14\/adeus-ao-guarda-roupa-com-portas-tendencia-de-2026-aposta-em-solucao-mais-pratica-e-moderna-para-o-quarto\/","name":"Adeus ao guarda-roupa com portas: tend\u00eancia de 2026 aposta em solu\u00e7\u00e3o mais pr\u00e1tica e moderna para o quarto - Estado de Minas - Em foco","isPartOf":{"@id":"https:\/\/www.em.com.br\/emfoco\/#website"},"primaryImageOfPage":{"@id":"https:\/\/www.em.com.br\/emfoco\/2026\/03\/14\/adeus-ao-guarda-roupa-com-portas-tendencia-de-2026-aposta-em-solucao-mais-pratica-e-moderna-para-o-quarto\/#primaryimage"},"image":{"@id":"https:\/\/www.em.com.br\/emfoco\/2026\/03\/14\/adeus-ao-guarda-roupa-com-portas-tendencia-de-2026-aposta-em-solucao-mais-pratica-e-moderna-para-o-quarto\/#primaryimage"},"thumbnailUrl":"https:\/\/www.em.com.br\/emfoco\/wp-content\/uploads\/2026\/03\/ChatGPT-Image-6-de-mar.-de-2026-19_36_15-1.png","datePublished":"2026-03-14T23:15:00+00:00","dateModified":"2026-03-14T01:40:33+00:00","author":{"@id":"https:\/\/www.em.com.br\/emfoco\/#\/schema\/person\/60eda09c1fedf0d6891f4cef4b60b8b8"},"description":"O guarda-roupa aberto est\u00e1 dominando a decora\u00e7\u00e3o dos quartos. A solu\u00e7\u00e3o moderna traz praticidade, leveza e amplia o ambiente.","breadcrumb":{"@id":"https:\/\/www.em.com.br\/emfoco\/2026\/03\/14\/adeus-ao-guarda-roupa-com-portas-tendencia-de-2026-aposta-em-solucao-mais-pratica-e-moderna-para-o-quarto\/#breadcrumb"},"inLanguage":"pt-BR","potentialAction":[{"@type":"ReadAction","target":["https:\/\/www.em.com.br\/emfoco\/2026\/03\/14\/adeus-ao-guarda-roupa-com-portas-tendencia-de-2026-aposta-em-solucao-mais-pratica-e-moderna-para-o-quarto\/"]}]},{"@type":"ImageObject","inLanguage":"pt-BR","@id":"https:\/\/www.em.com.br\/emfoco\/2026\/03\/14\/adeus-ao-guarda-roupa-com-portas-tendencia-de-2026-aposta-em-solucao-mais-pratica-e-moderna-para-o-quarto\/#primaryimage","url":"https:\/\/www.em.com.br\/emfoco\/wp-content\/uploads\/2026\/03\/ChatGPT-Image-6-de-mar.-de-2026-19_36_15-1.png","contentUrl":"https:\/\/www.em.com.br\/emfoco\/wp-content\/uploads\/2026\/03\/ChatGPT-Image-6-de-mar.-de-2026-19_36_15-1.png","width":1280,"height":720,"caption":"Quartos modernos apostam em arm\u00e1rios sem portas"},{"@type":"BreadcrumbList","@id":"https:\/\/www.em.com.br\/emfoco\/2026\/03\/14\/adeus-ao-guarda-roupa-com-portas-tendencia-de-2026-aposta-em-solucao-mais-pratica-e-moderna-para-o-quarto\/#breadcrumb","itemListElement":[{"@type":"ListItem","position":1,"name":"In\u00edcio","item":"https:\/\/www.em.com.br\/emfoco\/"},{"@type":"ListItem","position":2,"name":"Adeus ao guarda-roupa com portas: tend\u00eancia de 2026 aposta em solu\u00e7\u00e3o mais pr\u00e1tica e moderna para o quarto"}]},{"@type":"WebSite","@id":"https:\/\/www.em.com.br\/emfoco\/#website","url":"https:\/\/www.em.com.br\/emfoco\/","name":"Estado de Minas - Em foco","description":"Acompanhe as \u00faltimas not\u00edcias e fique bem informado sobre tudo o que acontece em Minas Gerais, Brasil e no mundo.","potentialAction":[{"@type":"SearchAction","target":{"@type":"EntryPoint","urlTemplate":"https:\/\/www.em.com.br\/emfoco\/?s={search_term_string}"},"query-input":{"@type":"PropertyValueSpecification","valueRequired":true,"valueName":"search_term_string"}}],"inLanguage":"pt-BR"},{"@type":"Person","@id":"https:\/\/www.em.com.br\/emfoco\/#\/schema\/person\/60eda09c1fedf0d6891f4cef4b60b8b8","name":"Andre\u0301 Rangel\u00a0","image":{"@type":"ImageObject","inLanguage":"pt-BR","@id":"https:\/\/www.em.com.br\/emfoco\/#\/schema\/person\/image\/","url":"https:\/\/secure.gravatar.com\/avatar\/6234dc814c77c8ef6d8bba622c787efc?s=96&d=mm&r=g","contentUrl":"https:\/\/secure.gravatar.com\/avatar\/6234dc814c77c8ef6d8bba622c787efc?s=96&d=mm&r=g","caption":"Andre\u0301 Rangel\u00a0"},"url":"https:\/\/www.em.com.br\/emfoco\/author\/luizmyth\/"}]}},"_links":{"self":[{"href":"https:\/\/www.em.com.br\/emfoco\/wp-json\/wp\/v2\/posts\/181068","targetHints":{"allow":["GET"]}}],"collection":[{"href":"https:\/\/www.em.com.br\/emfoco\/wp-json\/wp\/v2\/posts"}],"about":[{"href":"https:\/\/www.em.com.br\/emfoco\/wp-json\/wp\/v2\/types\/post"}],"author":[{"embeddable":true,"href":"https:\/\/www.em.com.br\/emfoco\/wp-json\/wp\/v2\/users\/11"}],"replies":[{"embeddable":true,"href":"https:\/\/www.em.com.br\/emfoco\/wp-json\/wp\/v2\/comments?post=181068"}],"version-history":[{"count":3,"href":"https:\/\/www.em.com.br\/emfoco\/wp-json\/wp\/v2\/posts\/181068\/revisions"}],"predecessor-version":[{"id":181071,"href":"https:\/\/www.em.com.br\/emfoco\/wp-json\/wp\/v2\/posts\/181068\/revisions\/181071"}],"wp:featuredmedia":[{"embeddable":true,"href":"https:\/\/www.em.com.br\/emfoco\/wp-json\/wp\/v2\/media\/178644"}],"wp:attachment":[{"href":"https:\/\/www.em.com.br\/emfoco\/wp-json\/wp\/v2\/media?parent=181068"}],"wp:term":[{"taxonomy":"category","embeddable":true,"href":"https:\/\/www.em.com.br\/emfoco\/wp-json\/wp\/v2\/categories?post=181068"},{"taxonomy":"post_tag","embeddable":true,"href":"https:\/\/www.em.com.br\/emfoco\/wp-json\/wp\/v2\/tags?post=181068"}],"curies":[{"name":"wp","href":"https:\/\/api.w.org\/{rel}","templated":true}]}}