{"id":181056,"date":"2026-03-14T11:15:00","date_gmt":"2026-03-14T14:15:00","guid":{"rendered":"https:\/\/www.em.com.br\/emfoco\/?p=181056"},"modified":"2026-03-13T22:32:24","modified_gmt":"2026-03-14T01:32:24","slug":"nao-jogue-fora-a-borra-de-cafe-guarde-e-transforme-nessas-ideias-maravilhosas-para-a-casa","status":"publish","type":"post","link":"https:\/\/www.em.com.br\/emfoco\/2026\/03\/14\/nao-jogue-fora-a-borra-de-cafe-guarde-e-transforme-nessas-ideias-maravilhosas-para-a-casa\/","title":{"rendered":"N\u00e3o jogue fora a borra de caf\u00e9, guarde e transforme nessas ideias maravilhosas para a casa"},"content":{"rendered":"\n<p>O caf\u00e9 faz parte da rotina de muitas pessoas, mas pouca gente aproveita todo o potencial da borra que sobra ap\u00f3s o preparo. Em vez de ir direto para o lixo, esse res\u00edduo pode ser reciclado de forma simples para ajudar no cuidado com plantas, na limpeza leve, na neutraliza\u00e7\u00e3o de odores e at\u00e9 em receitas caseiras de beleza, reduzindo o desperd\u00edcio no dia a dia.<\/p>\n\n\n\n<h2 class=\"wp-block-heading\">Como preparar a borra de caf\u00e9 para reutiliza\u00e7\u00e3o correta<\/h2>\n\n\n\n<p>Para reciclar a <a href=\"https:\/\/www.em.com.br\/emfoco\/2026\/02\/03\/como-uma-borra-de-cafe-pode-salvar-as-suas-plantas\/\" target=\"_blank\" rel=\"noreferrer noopener\">borra de caf\u00e9<\/a> com seguran\u00e7a, o primeiro passo \u00e9 controlar a umidade, j\u00e1 que o material sai da cafeteira quente e molhado, favorecendo o mofo. Se a borra for armazenada ainda \u00famida em potes fechados, fungos e mau cheiro aparecem rapidamente.<\/p>\n\n\n\n<p>Uma solu\u00e7\u00e3o pr\u00e1tica \u00e9 espalhar a borra em uma assadeira, em camada fina, e deixar secar em local bem ventilado, mexendo de vez em quando. Tamb\u00e9m \u00e9 poss\u00edvel levar ao forno em temperatura baixa por alguns minutos; depois de fria e seca, armazene em frascos de vidro limpos ou saquinhos de papel, sempre em lugar seco e arejado.<\/p>\n\n\n\n<figure class=\"wp-block-image\"><img decoding=\"async\" src=\"https:\/\/www.em.com.br\/emfoco\/wp-content\/uploads\/2025\/05\/borra-de-cafe_1747345482021-1024x576.jpg\" alt=\"\"\/><figcaption class=\"wp-element-caption\">Borra de caf\u00e9 nas plantas &#8211; Cr\u00e9ditos: depositphotos.com \/ modesto3<\/figcaption><\/figure>\n\n\n\n<h2 class=\"wp-block-heading\">Como usar a reciclagem de caf\u00e9 no jardim como adubo<\/h2>\n\n\n\n<p>A <a href=\"https:\/\/www.gardenersworld.com\/how-to\/maintain-the-garden\/coffee-grounds-for-plants\/\" target=\"_blank\" rel=\"noreferrer noopener\">reciclagem de caf\u00e9 no jardim<\/a> aproveita nutrientes presentes na borra usada, que podem beneficiar plantas que preferem solos levemente \u00e1cidos. O segredo \u00e9 aplicar em pequenas quantidades, evitando excesso para n\u00e3o compactar a terra e prejudicar a aera\u00e7\u00e3o das ra\u00edzes.<\/p>\n\n\n\n<p>Existem formas simples e eficientes de incorporar a borra de caf\u00e9 ao cultivo dom\u00e9stico, combinando-a com outros res\u00edduos org\u00e2nicos para enriquecer o solo ao longo do tempo.<\/p>\n\n\n\n<ul class=\"wp-block-list\">\n<li><strong>Camada no solo:<\/strong>\u00a0espalhe uma fina camada de borra seca ao redor das plantas, sem acumular.<\/li>\n\n\n\n<li><strong>Mistura em vasos:<\/strong>\u00a0incorpore pequenas por\u00e7\u00f5es ao substrato, misturando bem.<\/li>\n\n\n\n<li><strong>Composteira:<\/strong>\u00a0adicione a borra ao composto org\u00e2nico junto com restos de frutas, legumes e folhas secas.<\/li>\n<\/ul>\n\n\n\n<h2 class=\"wp-block-heading\">Como o caf\u00e9 reciclado ajuda a eliminar maus odores<\/h2>\n\n\n\n<p>A borra de caf\u00e9 seca \u00e9 naturalmente porosa e funciona como um tipo de filtro de odores, ajudando a neutralizar cheiros fortes em ambientes pequenos e fechados. Para manter a efici\u00eancia, \u00e9 importante substituir o conte\u00fado de tempos em tempos, j\u00e1 que a capacidade de absor\u00e7\u00e3o diminui com o uso.<\/p>\n\n\n\n<figure class=\"wp-block-image\"><img decoding=\"async\" src=\"https:\/\/www.em.com.br\/emfoco\/wp-content\/uploads\/2025\/10\/unnamed-5-3-1024x576.png\" alt=\"\"\/><figcaption class=\"wp-element-caption\">Borra de caf\u00e9 uma solu\u00e7\u00e3o sustent\u00e1vel<\/figcaption><\/figure>\n\n\n\n<p>Esse recurso simples pode ser um aliado na rotina dom\u00e9stica, evitando produtos qu\u00edmicos mais agressivos e aproveitando um res\u00edduo que normalmente seria descartado.<\/p>\n\n\n\n<ol class=\"wp-block-list\">\n<li><strong>Geladeira e freezer:<\/strong>\u00a0um potinho com borra seca ajuda a reduzir odores de alimentos armazenados.<\/li>\n\n\n\n<li><strong>Arm\u00e1rios e despensas:<\/strong>\u00a0saquinhos de tecido com caf\u00e9 reciclado amenizam cheiro de umidade.<\/li>\n\n\n\n<li><strong>Cheiro nas m\u00e3os:<\/strong>\u00a0friccione borra levemente \u00famida nas m\u00e3os ap\u00f3s manusear alho, cebola ou peixe e enx\u00e1gue em seguida.<\/li>\n<\/ol>\n\n\n\n<h2 class=\"wp-block-heading\">Como transformar a borra de caf\u00e9 em esfoliante caseiro seguro<\/h2>\n\n\n\n<p>No cuidado pessoal, a borra de caf\u00e9 pode ser base para esfoliantes simples para corpo, p\u00e9s e \u00e1reas com pele mais grossa. A textura granulada ajuda na remo\u00e7\u00e3o de c\u00e9lulas mortas, deixando a superf\u00edcie da pele mais lisa e com sensa\u00e7\u00e3o de renova\u00e7\u00e3o.<\/p>\n\n\n\n<p>Basta misturar a borra fria com \u00f3leo vegetal (como oliva, coco ou girassol), formando uma pasta f\u00e1cil de espalhar sobre a pele \u00famida. Fa\u00e7a movimentos suaves e circulares, enx\u00e1gue bem e, se tiver pele sens\u00edvel ou irritada, teste antes em uma pequena \u00e1rea ou procure orienta\u00e7\u00e3o de um dermatologista.<\/p>\n\n\n\n<iframe loading=\"lazy\" src=\"https:\/\/assets.pinterest.com\/ext\/embed.html?id=601723200242534484\" height=\"764\" width=\"345\" frameborder=\"0\" scrolling=\"no\" ><\/iframe>\n\n\n\n<h2 class=\"wp-block-heading\">Quais outras formas de reutilizar o caf\u00e9 em casa e por que come\u00e7ar agora<\/h2>\n\n\n\n<p>Al\u00e9m de adubo, desodorizante e esfoliante, o caf\u00e9 reciclado pode ser usado na limpeza leve de panelas e grelhas (com cuidado para n\u00e3o riscar), em velas artesanais, sach\u00eas decorativos e at\u00e9 como tinta natural para papel e tecido. Incluir esse h\u00e1bito na rotina reduz o volume de lixo org\u00e2nico e estimula solu\u00e7\u00f5es criativas e sustent\u00e1veis dentro de casa.<\/p>\n\n\n\n<p>N\u00e3o espere a pr\u00f3xima garrafa de caf\u00e9 acabar para mudar: comece hoje a separar, secar e reciclar sua borra, testando ao menos um dos usos propostos. Cada pequena a\u00e7\u00e3o de reaproveitamento faz diferen\u00e7a para o meio ambiente e transforma um simples res\u00edduo em um recurso dom\u00e9stico valioso e vers\u00e1til.<\/p>\n","protected":false},"excerpt":{"rendered":"<p>O caf\u00e9 faz parte da rotina de muitas pessoas, mas pouca gente aproveita todo o potencial da borra que sobra ap\u00f3s o preparo. Em vez de ir direto para o lixo, esse res\u00edduo pode ser reciclado de forma simples para ajudar no cuidado com plantas, na limpeza leve, na neutraliza\u00e7\u00e3o de odores e at\u00e9 em [&hellip;]<\/p>\n","protected":false},"author":11,"featured_media":181066,"comment_status":"open","ping_status":"open","sticky":false,"template":"","format":"standard","meta":{"jnews-multi-image_gallery":[],"jnews_single_post":{"format":"standard"},"jnews_primary_category":[],"jnews_social_meta":[],"jnews_override_counter":[],"footnotes":""},"categories":[8819,1],"tags":[8173,1579,26125,3337,3324],"class_list":["post-181056","post","type-post","status-publish","format-standard","has-post-thumbnail","hentry","category-curiosidades","category-noticias","tag-borra-de-cafe","tag-cafe","tag-cafe-no-jardim","tag-limpeza","tag-plantas"],"yoast_head":"<!-- This site is optimized with the Yoast SEO plugin v23.8 - https:\/\/yoast.com\/wordpress\/plugins\/seo\/ -->\n<title>N\u00e3o jogue fora a borra de caf\u00e9, guarde e transforme nessas ideias maravilhosas para a casa - Estado de Minas - Em foco<\/title>\n<meta name=\"description\" content=\"A borra de caf\u00e9 pode ganhar nova vida em casa. Ela ajuda nas plantas, neutraliza odores e ainda pode virar esfoliante natural.\" \/>\n<meta name=\"robots\" content=\"index, follow, max-snippet:-1, max-image-preview:large, max-video-preview:-1\" \/>\n<link rel=\"canonical\" href=\"https:\/\/www.em.com.br\/emfoco\/2026\/03\/14\/nao-jogue-fora-a-borra-de-cafe-guarde-e-transforme-nessas-ideias-maravilhosas-para-a-casa\/\" \/>\n<meta property=\"og:locale\" content=\"pt_BR\" \/>\n<meta property=\"og:type\" content=\"article\" \/>\n<meta property=\"og:title\" content=\"N\u00e3o jogue fora a borra de caf\u00e9, guarde e transforme nessas ideias maravilhosas para a casa - Estado de Minas - Em foco\" \/>\n<meta property=\"og:description\" content=\"A borra de caf\u00e9 pode ganhar nova vida em casa. Ela ajuda nas plantas, neutraliza odores e ainda pode virar esfoliante natural.\" \/>\n<meta property=\"og:url\" content=\"https:\/\/www.em.com.br\/emfoco\/2026\/03\/14\/nao-jogue-fora-a-borra-de-cafe-guarde-e-transforme-nessas-ideias-maravilhosas-para-a-casa\/\" \/>\n<meta property=\"og:site_name\" content=\"Estado de Minas - Em foco\" \/>\n<meta property=\"article:published_time\" content=\"2026-03-14T14:15:00+00:00\" \/>\n<meta property=\"article:modified_time\" content=\"2026-03-14T01:32:24+00:00\" \/>\n<meta property=\"og:image\" content=\"https:\/\/www.em.com.br\/emfoco\/wp-content\/uploads\/2026\/03\/Gemini_Generated_Image_xtk62zxtk62zxtk6-1.png\" \/>\n\t<meta property=\"og:image:width\" content=\"1280\" \/>\n\t<meta property=\"og:image:height\" content=\"720\" \/>\n\t<meta property=\"og:image:type\" content=\"image\/png\" \/>\n<meta name=\"author\" content=\"Andre\u0301 Rangel\u00a0\" \/>\n<meta name=\"twitter:card\" content=\"summary_large_image\" \/>\n<meta name=\"twitter:label1\" content=\"Escrito por\" \/>\n\t<meta name=\"twitter:data1\" content=\"Andre\u0301 Rangel\u00a0\" \/>\n\t<meta name=\"twitter:label2\" content=\"Est. tempo de leitura\" \/>\n\t<meta name=\"twitter:data2\" content=\"5 minutos\" \/>\n<!-- \/ Yoast SEO plugin. -->","yoast_head_json":{"title":"N\u00e3o jogue fora a borra de caf\u00e9, guarde e transforme nessas ideias maravilhosas para a casa - Estado de Minas - Em foco","description":"A borra de caf\u00e9 pode ganhar nova vida em casa. Ela ajuda nas plantas, neutraliza odores e ainda pode virar esfoliante natural.","robots":{"index":"index","follow":"follow","max-snippet":"max-snippet:-1","max-image-preview":"max-image-preview:large","max-video-preview":"max-video-preview:-1"},"canonical":"https:\/\/www.em.com.br\/emfoco\/2026\/03\/14\/nao-jogue-fora-a-borra-de-cafe-guarde-e-transforme-nessas-ideias-maravilhosas-para-a-casa\/","og_locale":"pt_BR","og_type":"article","og_title":"N\u00e3o jogue fora a borra de caf\u00e9, guarde e transforme nessas ideias maravilhosas para a casa - Estado de Minas - Em foco","og_description":"A borra de caf\u00e9 pode ganhar nova vida em casa. Ela ajuda nas plantas, neutraliza odores e ainda pode virar esfoliante natural.","og_url":"https:\/\/www.em.com.br\/emfoco\/2026\/03\/14\/nao-jogue-fora-a-borra-de-cafe-guarde-e-transforme-nessas-ideias-maravilhosas-para-a-casa\/","og_site_name":"Estado de Minas - Em foco","article_published_time":"2026-03-14T14:15:00+00:00","article_modified_time":"2026-03-14T01:32:24+00:00","og_image":[{"width":1280,"height":720,"url":"https:\/\/www.em.com.br\/emfoco\/wp-content\/uploads\/2026\/03\/Gemini_Generated_Image_xtk62zxtk62zxtk6-1.png","type":"image\/png"}],"author":"Andre\u0301 Rangel\u00a0","twitter_card":"summary_large_image","twitter_misc":{"Escrito por":"Andre\u0301 Rangel\u00a0","Est. tempo de leitura":"5 minutos"},"schema":{"@context":"https:\/\/schema.org","@graph":[{"@type":"WebPage","@id":"https:\/\/www.em.com.br\/emfoco\/2026\/03\/14\/nao-jogue-fora-a-borra-de-cafe-guarde-e-transforme-nessas-ideias-maravilhosas-para-a-casa\/","url":"https:\/\/www.em.com.br\/emfoco\/2026\/03\/14\/nao-jogue-fora-a-borra-de-cafe-guarde-e-transforme-nessas-ideias-maravilhosas-para-a-casa\/","name":"N\u00e3o jogue fora a borra de caf\u00e9, guarde e transforme nessas ideias maravilhosas para a casa - Estado de Minas - Em foco","isPartOf":{"@id":"https:\/\/www.em.com.br\/emfoco\/#website"},"primaryImageOfPage":{"@id":"https:\/\/www.em.com.br\/emfoco\/2026\/03\/14\/nao-jogue-fora-a-borra-de-cafe-guarde-e-transforme-nessas-ideias-maravilhosas-para-a-casa\/#primaryimage"},"image":{"@id":"https:\/\/www.em.com.br\/emfoco\/2026\/03\/14\/nao-jogue-fora-a-borra-de-cafe-guarde-e-transforme-nessas-ideias-maravilhosas-para-a-casa\/#primaryimage"},"thumbnailUrl":"https:\/\/www.em.com.br\/emfoco\/wp-content\/uploads\/2026\/03\/Gemini_Generated_Image_xtk62zxtk62zxtk6-1.png","datePublished":"2026-03-14T14:15:00+00:00","dateModified":"2026-03-14T01:32:24+00:00","author":{"@id":"https:\/\/www.em.com.br\/emfoco\/#\/schema\/person\/60eda09c1fedf0d6891f4cef4b60b8b8"},"description":"A borra de caf\u00e9 pode ganhar nova vida em casa. Ela ajuda nas plantas, neutraliza odores e ainda pode virar esfoliante natural.","breadcrumb":{"@id":"https:\/\/www.em.com.br\/emfoco\/2026\/03\/14\/nao-jogue-fora-a-borra-de-cafe-guarde-e-transforme-nessas-ideias-maravilhosas-para-a-casa\/#breadcrumb"},"inLanguage":"pt-BR","potentialAction":[{"@type":"ReadAction","target":["https:\/\/www.em.com.br\/emfoco\/2026\/03\/14\/nao-jogue-fora-a-borra-de-cafe-guarde-e-transforme-nessas-ideias-maravilhosas-para-a-casa\/"]}]},{"@type":"ImageObject","inLanguage":"pt-BR","@id":"https:\/\/www.em.com.br\/emfoco\/2026\/03\/14\/nao-jogue-fora-a-borra-de-cafe-guarde-e-transforme-nessas-ideias-maravilhosas-para-a-casa\/#primaryimage","url":"https:\/\/www.em.com.br\/emfoco\/wp-content\/uploads\/2026\/03\/Gemini_Generated_Image_xtk62zxtk62zxtk6-1.png","contentUrl":"https:\/\/www.em.com.br\/emfoco\/wp-content\/uploads\/2026\/03\/Gemini_Generated_Image_xtk62zxtk62zxtk6-1.png","width":1280,"height":720,"caption":"Transforme a borra de caf\u00e9 em solu\u00e7\u00e3o pr\u00e1tica"},{"@type":"BreadcrumbList","@id":"https:\/\/www.em.com.br\/emfoco\/2026\/03\/14\/nao-jogue-fora-a-borra-de-cafe-guarde-e-transforme-nessas-ideias-maravilhosas-para-a-casa\/#breadcrumb","itemListElement":[{"@type":"ListItem","position":1,"name":"In\u00edcio","item":"https:\/\/www.em.com.br\/emfoco\/"},{"@type":"ListItem","position":2,"name":"N\u00e3o jogue fora a borra de caf\u00e9, guarde e transforme nessas ideias maravilhosas para a casa"}]},{"@type":"WebSite","@id":"https:\/\/www.em.com.br\/emfoco\/#website","url":"https:\/\/www.em.com.br\/emfoco\/","name":"Estado de Minas - Em foco","description":"Acompanhe as \u00faltimas not\u00edcias e fique bem informado sobre tudo o que acontece em Minas Gerais, Brasil e no mundo.","potentialAction":[{"@type":"SearchAction","target":{"@type":"EntryPoint","urlTemplate":"https:\/\/www.em.com.br\/emfoco\/?s={search_term_string}"},"query-input":{"@type":"PropertyValueSpecification","valueRequired":true,"valueName":"search_term_string"}}],"inLanguage":"pt-BR"},{"@type":"Person","@id":"https:\/\/www.em.com.br\/emfoco\/#\/schema\/person\/60eda09c1fedf0d6891f4cef4b60b8b8","name":"Andre\u0301 Rangel\u00a0","image":{"@type":"ImageObject","inLanguage":"pt-BR","@id":"https:\/\/www.em.com.br\/emfoco\/#\/schema\/person\/image\/","url":"https:\/\/secure.gravatar.com\/avatar\/6234dc814c77c8ef6d8bba622c787efc?s=96&d=mm&r=g","contentUrl":"https:\/\/secure.gravatar.com\/avatar\/6234dc814c77c8ef6d8bba622c787efc?s=96&d=mm&r=g","caption":"Andre\u0301 Rangel\u00a0"},"url":"https:\/\/www.em.com.br\/emfoco\/author\/luizmyth\/"}]}},"_links":{"self":[{"href":"https:\/\/www.em.com.br\/emfoco\/wp-json\/wp\/v2\/posts\/181056","targetHints":{"allow":["GET"]}}],"collection":[{"href":"https:\/\/www.em.com.br\/emfoco\/wp-json\/wp\/v2\/posts"}],"about":[{"href":"https:\/\/www.em.com.br\/emfoco\/wp-json\/wp\/v2\/types\/post"}],"author":[{"embeddable":true,"href":"https:\/\/www.em.com.br\/emfoco\/wp-json\/wp\/v2\/users\/11"}],"replies":[{"embeddable":true,"href":"https:\/\/www.em.com.br\/emfoco\/wp-json\/wp\/v2\/comments?post=181056"}],"version-history":[{"count":4,"href":"https:\/\/www.em.com.br\/emfoco\/wp-json\/wp\/v2\/posts\/181056\/revisions"}],"predecessor-version":[{"id":181060,"href":"https:\/\/www.em.com.br\/emfoco\/wp-json\/wp\/v2\/posts\/181056\/revisions\/181060"}],"wp:featuredmedia":[{"embeddable":true,"href":"https:\/\/www.em.com.br\/emfoco\/wp-json\/wp\/v2\/media\/181066"}],"wp:attachment":[{"href":"https:\/\/www.em.com.br\/emfoco\/wp-json\/wp\/v2\/media?parent=181056"}],"wp:term":[{"taxonomy":"category","embeddable":true,"href":"https:\/\/www.em.com.br\/emfoco\/wp-json\/wp\/v2\/categories?post=181056"},{"taxonomy":"post_tag","embeddable":true,"href":"https:\/\/www.em.com.br\/emfoco\/wp-json\/wp\/v2\/tags?post=181056"}],"curies":[{"name":"wp","href":"https:\/\/api.w.org\/{rel}","templated":true}]}}