{"id":181050,"date":"2026-03-13T20:15:00","date_gmt":"2026-03-13T23:15:00","guid":{"rendered":"https:\/\/www.em.com.br\/emfoco\/?p=181050"},"modified":"2026-03-12T23:54:38","modified_gmt":"2026-03-13T02:54:38","slug":"adeus-a-prateleira-reta-a-tendencia-que-vai-dominar-a-decoracao-das-casas-ainda-em-2026","status":"publish","type":"post","link":"https:\/\/www.em.com.br\/emfoco\/2026\/03\/13\/adeus-a-prateleira-reta-a-tendencia-que-vai-dominar-a-decoracao-das-casas-ainda-em-2026\/","title":{"rendered":"Adeus \u00e0 prateleira reta: a tend\u00eancia que vai dominar a decora\u00e7\u00e3o das casas ainda em 2026"},"content":{"rendered":"\n<p>O interiorismo em 2026 se inclina com for\u00e7a para um estilo mais humano e relaxado, e as prateleiras curvas se tornam pe\u00e7a-chave dessa transforma\u00e7\u00e3o. Mais do que simples superf\u00edcies para apoiar objetos, essas prateleiras de linhas org\u00e2nicas ganham protagonismo como elementos decorativos que suavizam os ambientes, trazem aconchego visual e conectam a casa a um estilo de vida mais leve e pessoal, tendo as&nbsp;<strong>prateleiras curvas<\/strong>&nbsp;como palavra-chave dessa nova est\u00e9tica.<\/p>\n\n\n\n<h2 class=\"wp-block-heading\">O que s\u00e3o prateleiras curvas na decora\u00e7\u00e3o contempor\u00e2nea<\/h2>\n\n\n\n<p>Quando se fala de prateleiras curvas, n\u00e3o se trata apenas de estantes com bordas arredondadas. O conceito abrange toda estrutura que se afasta do ret\u00e2ngulo cl\u00e1ssico: onduladas, semicirculares, em arco ou combinando v\u00e1rios raios de curvatura em uma mesma pe\u00e7a.<\/p>\n\n\n\n<p>Esse tipo de&nbsp;<strong>estante curva<\/strong>&nbsp;funciona quase como uma escultura funcional, ajudando a organizar o espa\u00e7o e, ao mesmo tempo, decor\u00e1-lo. Em muitos projetos, elas se integram \u00e0 parede como extens\u00e3o da arquitetura, criando nichos suaves e percursos visuais cont\u00ednuos.<\/p>\n\n\n\n<iframe loading=\"lazy\" src=\"https:\/\/assets.pinterest.com\/ext\/embed.html?id=17451517302556494\" height=\"530\" width=\"345\" frameborder=\"0\" scrolling=\"no\" ><\/iframe>\n\n\n\n<h2 class=\"wp-block-heading\">Por que as prateleiras curvas s\u00e3o tend\u00eancia em 2026<\/h2>\n\n\n\n<p>A popularidade das\u00a0<strong>prateleiras curvas em 2026<\/strong>\u00a0est\u00e1 ligada \u00e0 prefer\u00eancia pelo org\u00e2nico e pelo natural. <a href=\"https:\/\/www.em.com.br\/emfoco\/2026\/03\/12\/o-jeito-mais-facil-de-fazer-capa-de-sofa-em-casa-esta-neste-truque-de-costura-que-ajuda-a-ajustar-o-tecido-sem-complicacao\/\" target=\"_blank\" rel=\"noreferrer noopener\">Sof\u00e1s <\/a>arredondados, mesas ovais, espelhos irregulares e lumin\u00e1rias suaves seguem a mesma l\u00f3gica, reduzindo ao m\u00ednimo os \u00e2ngulos duros e a sensa\u00e7\u00e3o de frieza.<\/p>\n\n\n\n<p>Profissionais de interiores destacam que as linhas onduladas guiam o olhar de forma gradual e criam uma circula\u00e7\u00e3o visual mais fluida. Isso \u00e9 ideal para salas, corredores e dormit\u00f3rios, onde se busca descanso e aconchego, do minimalismo acolhedor a propostas boho ou escandinavas renovadas.<\/p>\n\n\n\n<h2 class=\"wp-block-heading\">Quais materiais e acabamentos valorizam as prateleiras curvas<\/h2>\n\n\n\n<p>A escolha de materiais refor\u00e7a a sensa\u00e7\u00e3o de proximidade e conforto que essas estantes buscam transmitir. Em 2026, ganham destaque superf\u00edcies agrad\u00e1veis ao toque e acabamentos que remetem \u00e0 natureza, unindo forma org\u00e2nica e textura quente.<\/p>\n\n\n\n<iframe loading=\"lazy\" src=\"https:\/\/assets.pinterest.com\/ext\/embed.html?id=27232772742090275\" height=\"618\" width=\"345\" frameborder=\"0\" scrolling=\"no\" ><\/iframe>\n\n\n\n<p>Entre os materiais mais usados nas\u00a0<strong><a href=\"https:\/\/de.pinterest.com\/pin\/24558760465376630\/\" target=\"_blank\" rel=\"noreferrer noopener\">prateleiras curvas para sala<\/a>, cozinha ou dormit\u00f3rio<\/strong>, alguns se destacam pela versatilidade e pelo apelo est\u00e9tico:<\/p>\n\n\n\n<ul class=\"wp-block-list\">\n<li><strong>Madeira natural:<\/strong>\u00a0Carvalho claro, freixo, nogueira e outras madeiras com veios aparentes trazem aconchego e combinam com quase qualquer estilo.<\/li>\n\n\n\n<li><strong>Cer\u00e2mica artesanal:<\/strong>\u00a0Muito presente em nichos curvos embutidos, cria superf\u00edcies suaves em tons neutros ou terrosos.<\/li>\n\n\n\n<li><strong>Pedra e m\u00e1rmore:<\/strong>\u00a0Em tampos semicirculares ou estantes robustas, garantem sofistica\u00e7\u00e3o sem perder a naturalidade.<\/li>\n\n\n\n<li><strong>Metais com acabamento fosco:<\/strong>\u00a0Perfis arredondados em preto, branco ou dourado suave complementam a estrutura com discri\u00e7\u00e3o.<\/li>\n<\/ul>\n\n\n\n<iframe loading=\"lazy\" src=\"https:\/\/assets.pinterest.com\/ext\/embed.html?id=422281212337920\" height=\"618\" width=\"345\" frameborder=\"0\" scrolling=\"no\" ><\/iframe>\n\n\n\n<h2 class=\"wp-block-heading\">Como usar prateleiras curvas em diferentes ambientes da casa<\/h2>\n\n\n\n<p>A aplica\u00e7\u00e3o das&nbsp;<strong>prateleiras curvas na decora\u00e7\u00e3o<\/strong>&nbsp;varia conforme o c\u00f4modo e a rotina de uso. Em \u00e1reas sociais, elas funcionam como vitrine para livros, plantas e objetos afetivos; em quartos, como apoio discreto; em cozinhas e banheiros, como solu\u00e7\u00e3o funcional e est\u00e9tica ao mesmo tempo.<\/p>\n\n\n\n<ol class=\"wp-block-list\">\n<li><strong>Sala de estar:<\/strong>\u00a0Estantes onduladas sobre o sof\u00e1 ou em uma parede lateral criam um ponto focal suave para livros e adornos.<\/li>\n\n\n\n<li><strong>Quarto:<\/strong>\u00a0Nichos semicirculares ao lado da cama podem substituir criados-mudos tradicionais, liberando espa\u00e7o no piso.<\/li>\n\n\n\n<li><strong>Cozinha:<\/strong>\u00a0Prateleiras curvas em madeira ou metal fosco organizam potes, x\u00edcaras e temperos, quebrando a rigidez dos arm\u00e1rios retos.<\/li>\n\n\n\n<li><strong>Banheiro:<\/strong>\u00a0Pequenas prateleiras arredondadas apoiam cosm\u00e9ticos e plantas, criando um clima de spa dom\u00e9stico.<\/li>\n\n\n\n<li><strong>Corredores e entradas:<\/strong>\u00a0Estantes estreitas e curvas evitam cantos pontiagudos e oferecem apoio para chaves, carteiras e detalhes decorativos.<\/li>\n<\/ol>\n\n\n\n<iframe loading=\"lazy\" src=\"https:\/\/assets.pinterest.com\/ext\/embed.html?id=1125968743180411\" height=\"445\" width=\"345\" frameborder=\"0\" scrolling=\"no\" ><\/iframe>\n\n\n\n<h2 class=\"wp-block-heading\">Como concluir o projeto com prateleiras curvas e agir agora<\/h2>\n\n\n\n<p>Ao escolher o modelo, vale observar propor\u00e7\u00f5es, altura de instala\u00e7\u00e3o e quantidade de objetos expostos para equilibrar fun\u00e7\u00e3o e est\u00e9tica. Assim, as prateleiras curvas acompanham a tend\u00eancia de interiores mais acolhedores e personalizados que marca 2026, sem exigir grandes reformas.<\/p>\n\n\n\n<p>Se voc\u00ea quer que sua casa reflita essa nova linguagem mais org\u00e2nica e humana, o momento de agir \u00e9 agora: comece escolhendo uma parede-chave, defina o material que mais combina com seu estilo e planeje hoje mesmo suas&nbsp;<strong>prateleiras curvas<\/strong>, antes que essa tend\u00eancia se torne padr\u00e3o e sua decora\u00e7\u00e3o fique para tr\u00e1s.<\/p>\n\n\n\n<p><\/p>\n","protected":false},"excerpt":{"rendered":"<p>O interiorismo em 2026 se inclina com for\u00e7a para um estilo mais humano e relaxado, e as prateleiras curvas se tornam pe\u00e7a-chave dessa transforma\u00e7\u00e3o. Mais do que simples superf\u00edcies para apoiar objetos, essas prateleiras de linhas org\u00e2nicas ganham protagonismo como elementos decorativos que suavizam os ambientes, trazem aconchego visual e conectam a casa a um [&hellip;]<\/p>\n","protected":false},"author":11,"featured_media":181053,"comment_status":"open","ping_status":"open","sticky":false,"template":"","format":"standard","meta":{"jnews-multi-image_gallery":[],"jnews_single_post":{"format":"standard"},"jnews_primary_category":[],"jnews_social_meta":[],"jnews_override_counter":[],"footnotes":""},"categories":[8819,1],"tags":[4687,26124,26122,1920,26123],"class_list":["post-181050","post","type-post","status-publish","format-standard","has-post-thumbnail","hentry","category-curiosidades","category-noticias","tag-decoracao","tag-decoracao-moderna","tag-prateleiras","tag-tendencia","tag-tendencia-da-decoracao"],"yoast_head":"<!-- This site is optimized with the Yoast SEO plugin v23.8 - https:\/\/yoast.com\/wordpress\/plugins\/seo\/ -->\n<title>Adeus \u00e0 prateleira reta: a tend\u00eancia que vai dominar a decora\u00e7\u00e3o das casas ainda em 2026 - Estado de Minas - Em foco<\/title>\n<meta name=\"description\" content=\"A tend\u00eancia das prateleiras curvas est\u00e1 conquistando projetos de interiores. Um detalhe simples pode deixar sua casa mais acolhedora.\" \/>\n<meta name=\"robots\" content=\"index, follow, max-snippet:-1, max-image-preview:large, max-video-preview:-1\" \/>\n<link rel=\"canonical\" href=\"https:\/\/www.em.com.br\/emfoco\/2026\/03\/13\/adeus-a-prateleira-reta-a-tendencia-que-vai-dominar-a-decoracao-das-casas-ainda-em-2026\/\" \/>\n<meta property=\"og:locale\" content=\"pt_BR\" \/>\n<meta property=\"og:type\" content=\"article\" \/>\n<meta property=\"og:title\" content=\"Adeus \u00e0 prateleira reta: a tend\u00eancia que vai dominar a decora\u00e7\u00e3o das casas ainda em 2026 - Estado de Minas - Em foco\" \/>\n<meta property=\"og:description\" content=\"A tend\u00eancia das prateleiras curvas est\u00e1 conquistando projetos de interiores. Um detalhe simples pode deixar sua casa mais acolhedora.\" \/>\n<meta property=\"og:url\" content=\"https:\/\/www.em.com.br\/emfoco\/2026\/03\/13\/adeus-a-prateleira-reta-a-tendencia-que-vai-dominar-a-decoracao-das-casas-ainda-em-2026\/\" \/>\n<meta property=\"og:site_name\" content=\"Estado de Minas - Em foco\" \/>\n<meta property=\"article:published_time\" content=\"2026-03-13T23:15:00+00:00\" \/>\n<meta property=\"article:modified_time\" content=\"2026-03-13T02:54:38+00:00\" \/>\n<meta property=\"og:image\" content=\"https:\/\/www.em.com.br\/emfoco\/wp-content\/uploads\/2026\/03\/Gemini_Generated_Image_xg61onxg61onxg61-1.png\" \/>\n\t<meta property=\"og:image:width\" content=\"1280\" \/>\n\t<meta property=\"og:image:height\" content=\"720\" \/>\n\t<meta property=\"og:image:type\" content=\"image\/png\" \/>\n<meta name=\"author\" content=\"Andre\u0301 Rangel\u00a0\" \/>\n<meta name=\"twitter:card\" content=\"summary_large_image\" \/>\n<meta name=\"twitter:label1\" content=\"Escrito por\" \/>\n\t<meta name=\"twitter:data1\" content=\"Andre\u0301 Rangel\u00a0\" \/>\n\t<meta name=\"twitter:label2\" content=\"Est. tempo de leitura\" \/>\n\t<meta name=\"twitter:data2\" content=\"4 minutos\" \/>\n<!-- \/ Yoast SEO plugin. -->","yoast_head_json":{"title":"Adeus \u00e0 prateleira reta: a tend\u00eancia que vai dominar a decora\u00e7\u00e3o das casas ainda em 2026 - Estado de Minas - Em foco","description":"A tend\u00eancia das prateleiras curvas est\u00e1 conquistando projetos de interiores. Um detalhe simples pode deixar sua casa mais acolhedora.","robots":{"index":"index","follow":"follow","max-snippet":"max-snippet:-1","max-image-preview":"max-image-preview:large","max-video-preview":"max-video-preview:-1"},"canonical":"https:\/\/www.em.com.br\/emfoco\/2026\/03\/13\/adeus-a-prateleira-reta-a-tendencia-que-vai-dominar-a-decoracao-das-casas-ainda-em-2026\/","og_locale":"pt_BR","og_type":"article","og_title":"Adeus \u00e0 prateleira reta: a tend\u00eancia que vai dominar a decora\u00e7\u00e3o das casas ainda em 2026 - Estado de Minas - Em foco","og_description":"A tend\u00eancia das prateleiras curvas est\u00e1 conquistando projetos de interiores. Um detalhe simples pode deixar sua casa mais acolhedora.","og_url":"https:\/\/www.em.com.br\/emfoco\/2026\/03\/13\/adeus-a-prateleira-reta-a-tendencia-que-vai-dominar-a-decoracao-das-casas-ainda-em-2026\/","og_site_name":"Estado de Minas - Em foco","article_published_time":"2026-03-13T23:15:00+00:00","article_modified_time":"2026-03-13T02:54:38+00:00","og_image":[{"width":1280,"height":720,"url":"https:\/\/www.em.com.br\/emfoco\/wp-content\/uploads\/2026\/03\/Gemini_Generated_Image_xg61onxg61onxg61-1.png","type":"image\/png"}],"author":"Andre\u0301 Rangel\u00a0","twitter_card":"summary_large_image","twitter_misc":{"Escrito por":"Andre\u0301 Rangel\u00a0","Est. tempo de leitura":"4 minutos"},"schema":{"@context":"https:\/\/schema.org","@graph":[{"@type":"WebPage","@id":"https:\/\/www.em.com.br\/emfoco\/2026\/03\/13\/adeus-a-prateleira-reta-a-tendencia-que-vai-dominar-a-decoracao-das-casas-ainda-em-2026\/","url":"https:\/\/www.em.com.br\/emfoco\/2026\/03\/13\/adeus-a-prateleira-reta-a-tendencia-que-vai-dominar-a-decoracao-das-casas-ainda-em-2026\/","name":"Adeus \u00e0 prateleira reta: a tend\u00eancia que vai dominar a decora\u00e7\u00e3o das casas ainda em 2026 - Estado de Minas - Em foco","isPartOf":{"@id":"https:\/\/www.em.com.br\/emfoco\/#website"},"primaryImageOfPage":{"@id":"https:\/\/www.em.com.br\/emfoco\/2026\/03\/13\/adeus-a-prateleira-reta-a-tendencia-que-vai-dominar-a-decoracao-das-casas-ainda-em-2026\/#primaryimage"},"image":{"@id":"https:\/\/www.em.com.br\/emfoco\/2026\/03\/13\/adeus-a-prateleira-reta-a-tendencia-que-vai-dominar-a-decoracao-das-casas-ainda-em-2026\/#primaryimage"},"thumbnailUrl":"https:\/\/www.em.com.br\/emfoco\/wp-content\/uploads\/2026\/03\/Gemini_Generated_Image_xg61onxg61onxg61-1.png","datePublished":"2026-03-13T23:15:00+00:00","dateModified":"2026-03-13T02:54:38+00:00","author":{"@id":"https:\/\/www.em.com.br\/emfoco\/#\/schema\/person\/60eda09c1fedf0d6891f4cef4b60b8b8"},"description":"A tend\u00eancia das prateleiras curvas est\u00e1 conquistando projetos de interiores. Um detalhe simples pode deixar sua casa mais acolhedora.","breadcrumb":{"@id":"https:\/\/www.em.com.br\/emfoco\/2026\/03\/13\/adeus-a-prateleira-reta-a-tendencia-que-vai-dominar-a-decoracao-das-casas-ainda-em-2026\/#breadcrumb"},"inLanguage":"pt-BR","potentialAction":[{"@type":"ReadAction","target":["https:\/\/www.em.com.br\/emfoco\/2026\/03\/13\/adeus-a-prateleira-reta-a-tendencia-que-vai-dominar-a-decoracao-das-casas-ainda-em-2026\/"]}]},{"@type":"ImageObject","inLanguage":"pt-BR","@id":"https:\/\/www.em.com.br\/emfoco\/2026\/03\/13\/adeus-a-prateleira-reta-a-tendencia-que-vai-dominar-a-decoracao-das-casas-ainda-em-2026\/#primaryimage","url":"https:\/\/www.em.com.br\/emfoco\/wp-content\/uploads\/2026\/03\/Gemini_Generated_Image_xg61onxg61onxg61-1.png","contentUrl":"https:\/\/www.em.com.br\/emfoco\/wp-content\/uploads\/2026\/03\/Gemini_Generated_Image_xg61onxg61onxg61-1.png","width":1280,"height":720,"caption":"Prateleiras curvas viram a tend\u00eancia mais elegante da decora\u00e7\u00e3o"},{"@type":"BreadcrumbList","@id":"https:\/\/www.em.com.br\/emfoco\/2026\/03\/13\/adeus-a-prateleira-reta-a-tendencia-que-vai-dominar-a-decoracao-das-casas-ainda-em-2026\/#breadcrumb","itemListElement":[{"@type":"ListItem","position":1,"name":"In\u00edcio","item":"https:\/\/www.em.com.br\/emfoco\/"},{"@type":"ListItem","position":2,"name":"Adeus \u00e0 prateleira reta: a tend\u00eancia que vai dominar a decora\u00e7\u00e3o das casas ainda em 2026"}]},{"@type":"WebSite","@id":"https:\/\/www.em.com.br\/emfoco\/#website","url":"https:\/\/www.em.com.br\/emfoco\/","name":"Estado de Minas - Em foco","description":"Acompanhe as \u00faltimas not\u00edcias e fique bem informado sobre tudo o que acontece em Minas Gerais, Brasil e no mundo.","potentialAction":[{"@type":"SearchAction","target":{"@type":"EntryPoint","urlTemplate":"https:\/\/www.em.com.br\/emfoco\/?s={search_term_string}"},"query-input":{"@type":"PropertyValueSpecification","valueRequired":true,"valueName":"search_term_string"}}],"inLanguage":"pt-BR"},{"@type":"Person","@id":"https:\/\/www.em.com.br\/emfoco\/#\/schema\/person\/60eda09c1fedf0d6891f4cef4b60b8b8","name":"Andre\u0301 Rangel\u00a0","image":{"@type":"ImageObject","inLanguage":"pt-BR","@id":"https:\/\/www.em.com.br\/emfoco\/#\/schema\/person\/image\/","url":"https:\/\/secure.gravatar.com\/avatar\/6234dc814c77c8ef6d8bba622c787efc?s=96&d=mm&r=g","contentUrl":"https:\/\/secure.gravatar.com\/avatar\/6234dc814c77c8ef6d8bba622c787efc?s=96&d=mm&r=g","caption":"Andre\u0301 Rangel\u00a0"},"url":"https:\/\/www.em.com.br\/emfoco\/author\/luizmyth\/"}]}},"_links":{"self":[{"href":"https:\/\/www.em.com.br\/emfoco\/wp-json\/wp\/v2\/posts\/181050","targetHints":{"allow":["GET"]}}],"collection":[{"href":"https:\/\/www.em.com.br\/emfoco\/wp-json\/wp\/v2\/posts"}],"about":[{"href":"https:\/\/www.em.com.br\/emfoco\/wp-json\/wp\/v2\/types\/post"}],"author":[{"embeddable":true,"href":"https:\/\/www.em.com.br\/emfoco\/wp-json\/wp\/v2\/users\/11"}],"replies":[{"embeddable":true,"href":"https:\/\/www.em.com.br\/emfoco\/wp-json\/wp\/v2\/comments?post=181050"}],"version-history":[{"count":3,"href":"https:\/\/www.em.com.br\/emfoco\/wp-json\/wp\/v2\/posts\/181050\/revisions"}],"predecessor-version":[{"id":181055,"href":"https:\/\/www.em.com.br\/emfoco\/wp-json\/wp\/v2\/posts\/181050\/revisions\/181055"}],"wp:featuredmedia":[{"embeddable":true,"href":"https:\/\/www.em.com.br\/emfoco\/wp-json\/wp\/v2\/media\/181053"}],"wp:attachment":[{"href":"https:\/\/www.em.com.br\/emfoco\/wp-json\/wp\/v2\/media?parent=181050"}],"wp:term":[{"taxonomy":"category","embeddable":true,"href":"https:\/\/www.em.com.br\/emfoco\/wp-json\/wp\/v2\/categories?post=181050"},{"taxonomy":"post_tag","embeddable":true,"href":"https:\/\/www.em.com.br\/emfoco\/wp-json\/wp\/v2\/tags?post=181050"}],"curies":[{"name":"wp","href":"https:\/\/api.w.org\/{rel}","templated":true}]}}