{"id":18102,"date":"2025-02-11T14:00:07","date_gmt":"2025-02-11T17:00:07","guid":{"rendered":"https:\/\/www.em.com.br\/emfoco\/?p=18102"},"modified":"2025-02-11T14:00:09","modified_gmt":"2025-02-11T17:00:09","slug":"beneficiarios-comemoram-o-novo-calendario-bolsa-familia-2025-definitivo","status":"publish","type":"post","link":"https:\/\/www.em.com.br\/emfoco\/2025\/02\/11\/beneficiarios-comemoram-o-novo-calendario-bolsa-familia-2025-definitivo\/","title":{"rendered":"Benefici\u00e1rios comemoram o novo calend\u00e1rio Bolsa Fam\u00edlia 2025 definitivo!"},"content":{"rendered":"\n<p>O <strong>Bolsa Fam\u00edlia<\/strong>, um dos principais programas sociais do <strong>Brasil<\/strong>, continua a desempenhar um papel essencial no suporte a fam\u00edlias em situa\u00e7\u00e3o de vulnerabilidade. Em 2025, o programa n\u00e3o apenas manteve seu compromisso com a transfer\u00eancia de renda, mas tamb\u00e9m aprimorou suas diretrizes para facilitar o acesso dos benefici\u00e1rios \u00e0s informa\u00e7\u00f5es sobre pagamentos e benef\u00edcios.<\/p>\n\n\n\n<p>Com um calend\u00e1rio de pagamentos bem definido, o programa garante que as fam\u00edlias possam planejar suas finan\u00e7as com anteced\u00eancia. Al\u00e9m disso, o Bolsa Fam\u00edlia oferece uma variedade de benef\u00edcios que atendem a diferentes necessidades, refor\u00e7ando seu papel como uma rede de prote\u00e7\u00e3o social abrangente.<\/p>\n\n\n\n<h2 class=\"wp-block-heading\">Como funciona o calend\u00e1rio de pagamentos do Bolsa Fam\u00edlia?<\/h2>\n\n\n\n<p>O calend\u00e1rio de pagamentos do Bolsa Fam\u00edlia para 2025 foi cuidadosamente estruturado para garantir que os benefici\u00e1rios recebam seus recursos de forma regular e previs\u00edvel. As datas de pagamento s\u00e3o distribu\u00eddas ao longo de cada m\u00eas, permitindo que as fam\u00edlias organizem suas despesas de maneira eficiente. Veja as datas de pagamento para cada m\u00eas:<\/p>\n\n\n\n<ul class=\"wp-block-list\">\n<li><strong>Janeiro: de 20 a 31<\/strong><\/li>\n\n\n\n<li><strong>Fevereiro: de 17 a 28<\/strong><\/li>\n\n\n\n<li><strong>Mar\u00e7o: de 18 a 31<\/strong><\/li>\n\n\n\n<li><strong>Abril: de 15 a 30<\/strong><\/li>\n\n\n\n<li><strong>Maio: de 19 a 30<\/strong><\/li>\n\n\n\n<li><strong>Junho: de 16 a 30<\/strong><\/li>\n\n\n\n<li><strong>Julho: de 18 a 31<\/strong><\/li>\n\n\n\n<li><strong>Agosto: de 18 a 29<\/strong><\/li>\n\n\n\n<li><strong>Setembro: de 17 a 30<\/strong><\/li>\n\n\n\n<li><strong>Outubro: de 20 a 31<\/strong><\/li>\n\n\n\n<li><strong>Novembro: de 14 a 28<\/strong><\/li>\n\n\n\n<li><strong>Dezembro: de 10 a 23<\/strong><\/li>\n<\/ul>\n\n\n\n<p>Essas datas foram definidas para proporcionar um fluxo constante de recursos, ajudando as fam\u00edlias a manterem a estabilidade financeira ao longo do ano.<\/p>\n\n\n\n<figure class=\"wp-block-image size-large\"><img loading=\"lazy\" decoding=\"async\" width=\"1024\" height=\"576\" src=\"https:\/\/www.em.com.br\/emfoco\/wp-content\/uploads\/2025\/01\/Quilombo_Biritinga_16237541286-1-1024x576.jpg\" alt=\"URGENTE! Bolsa Fam\u00edlia: Novo Valor, Benef\u00edcios Extras e Mudan\u00e7as Que Voc\u00ea Precisa Saber!\" class=\"wp-image-10030\" srcset=\"https:\/\/www.em.com.br\/emfoco\/wp-content\/uploads\/2025\/01\/Quilombo_Biritinga_16237541286-1-1024x576.jpg 1024w, https:\/\/www.em.com.br\/emfoco\/wp-content\/uploads\/2025\/01\/Quilombo_Biritinga_16237541286-1-300x169.jpg 300w, https:\/\/www.em.com.br\/emfoco\/wp-content\/uploads\/2025\/01\/Quilombo_Biritinga_16237541286-1-768x432.jpg 768w, https:\/\/www.em.com.br\/emfoco\/wp-content\/uploads\/2025\/01\/Quilombo_Biritinga_16237541286-1-750x422.jpg 750w, https:\/\/www.em.com.br\/emfoco\/wp-content\/uploads\/2025\/01\/Quilombo_Biritinga_16237541286-1-1140x641.jpg 1140w, https:\/\/www.em.com.br\/emfoco\/wp-content\/uploads\/2025\/01\/Quilombo_Biritinga_16237541286-1.jpg 1200w\" sizes=\"auto, (max-width: 1024px) 100vw, 1024px\" \/><figcaption class=\"wp-element-caption\">Imagem Ilustrativa de Bolsa Fam\u00edlia &#8211; Cr\u00e9ditos: wikimedia commons<\/figcaption><\/figure>\n\n\n\n<h2 class=\"wp-block-heading\">Quais s\u00e3o os benef\u00edcios oferecidos pelo Bolsa Fam\u00edlia?<\/h2>\n\n\n\n<p>O Bolsa Fam\u00edlia em 2025 \u00e9 composto por diversos benef\u00edcios que visam atender \u00e0s diferentes necessidades das fam\u00edlias benefici\u00e1rias. Entre os principais est\u00e3o:<\/p>\n\n\n\n<ul class=\"wp-block-list\">\n<li><strong>Benef\u00edcio de Renda de Cidadania:<\/strong> Um valor b\u00e1sico por membro da fam\u00edlia, garantindo um suporte financeiro m\u00ednimo.<\/li>\n\n\n\n<li><strong>Benef\u00edcio Complementar:<\/strong> Um adicional que assegura que cada fam\u00edlia receba um valor m\u00ednimo mensal.<\/li>\n\n\n\n<li><strong>Benef\u00edcio Primeira Inf\u00e2ncia:<\/strong> Um valor extra para fam\u00edlias com crian\u00e7as pequenas, incentivando o cuidado e desenvolvimento na primeira inf\u00e2ncia.<\/li>\n\n\n\n<li><strong>Benef\u00edcio Vari\u00e1vel Familiar:<\/strong> Destinado a gestantes e jovens, promovendo o fortalecimento do n\u00facleo familiar.<\/li>\n\n\n\n<li><strong>Benef\u00edcio Vari\u00e1vel Familiar Nutriz:<\/strong> Um adicional para fam\u00edlias com beb\u00eas, refor\u00e7ando a import\u00e2ncia da nutri\u00e7\u00e3o nos primeiros meses de vida.<\/li>\n\n\n\n<li><strong>Benef\u00edcio Extraordin\u00e1rio de Transi\u00e7\u00e3o:<\/strong> Garante que nenhuma fam\u00edlia receba menos do que o valor anteriormente concedido por programas sociais anteriores.<\/li>\n<\/ul>\n\n\n\n<p>Esses benef\u00edcios s\u00e3o projetados para oferecer suporte abrangente, atendendo desde necessidades b\u00e1sicas at\u00e9 incentivos para o desenvolvimento infantil e juvenil.<\/p>\n\n\n\n<h2 class=\"wp-block-heading\">Como consultar informa\u00e7\u00f5es do Bolsa Fam\u00edlia?<\/h2>\n\n\n\n<p>Os benefici\u00e1rios do Bolsa Fam\u00edlia t\u00eam v\u00e1rias op\u00e7\u00f5es para consultar informa\u00e7\u00f5es sobre seus benef\u00edcios. O portal oficial do <strong>Minist\u00e9rio da Cidadania<\/strong> e o aplicativo &#8220;<strong>Meu Bolsa Fam\u00edlia<\/strong>&#8221; s\u00e3o ferramentas essenciais para verificar saldos, datas de pagamento e extratos. Para acessar essas informa\u00e7\u00f5es, \u00e9 necess\u00e1rio utilizar o <strong>CPF<\/strong> ou o n\u00famero do <strong>NIS<\/strong>.<\/p>\n\n\n\n<p>Al\u00e9m dos canais digitais, os benefici\u00e1rios podem buscar atendimento presencial em ag\u00eancias da <strong>Caixa Econ\u00f4mica Federal<\/strong> ou em postos do Minist\u00e9rio da Cidadania. As centrais de atendimento por telefone tamb\u00e9m est\u00e3o dispon\u00edveis para esclarecer d\u00favidas e fornecer suporte adicional.<\/p>\n\n\n\n<h2 class=\"wp-block-heading\">Requisitos para permanecer no programa<\/h2>\n\n\n\n<p>Para garantir a continuidade dos benef\u00edcios, as fam\u00edlias devem cumprir certos requisitos que promovem melhorias na sa\u00fade e educa\u00e7\u00e3o. Entre as condi\u00e7\u00f5es est\u00e3o:<\/p>\n\n\n\n<ol class=\"wp-block-list\">\n<li>Manter a frequ\u00eancia escolar de crian\u00e7as e adolescentes.<\/li>\n\n\n\n<li>Realizar acompanhamento pr\u00e9-natal para gestantes.<\/li>\n\n\n\n<li>Monitorar o estado nutricional de crian\u00e7as pequenas.<\/li>\n\n\n\n<li>Seguir o calend\u00e1rio de vacina\u00e7\u00e3o do Minist\u00e9rio da Sa\u00fade.<\/li>\n<\/ol>\n\n\n\n<p>Essas condi\u00e7\u00f5es s\u00e3o fundamentais para assegurar que o programa n\u00e3o apenas ofere\u00e7a suporte financeiro, mas tamb\u00e9m contribua para o desenvolvimento social e econ\u00f4mico das fam\u00edlias beneficiadas.<\/p>\n","protected":false},"excerpt":{"rendered":"<p>O Bolsa Fam\u00edlia, um dos principais programas sociais do Brasil, continua a desempenhar um papel essencial no suporte a fam\u00edlias em situa\u00e7\u00e3o de vulnerabilidade. Em 2025, o programa n\u00e3o apenas manteve seu compromisso com a transfer\u00eancia de renda, mas tamb\u00e9m aprimorou suas diretrizes para facilitar o acesso dos benefici\u00e1rios \u00e0s informa\u00e7\u00f5es sobre pagamentos e benef\u00edcios. [&hellip;]<\/p>\n","protected":false},"author":5,"featured_media":14997,"comment_status":"open","ping_status":"open","sticky":false,"template":"","format":"standard","meta":{"jnews-multi-image_gallery":[],"jnews_single_post":{"format":"standard"},"jnews_primary_category":[],"jnews_social_meta":[],"jnews_override_counter":[],"footnotes":""},"categories":[28,1],"tags":[256,209,1523,1342],"class_list":["post-18102","post","type-post","status-publish","format-standard","has-post-thumbnail","hentry","category-economia","category-noticias","tag-beneficios","tag-bolsa-familia","tag-brasileiros","tag-direitos"],"yoast_head":"<!-- This site is optimized with the Yoast SEO plugin v23.8 - https:\/\/yoast.com\/wordpress\/plugins\/seo\/ -->\n<title>Benefici\u00e1rios comemoram o novo calend\u00e1rio Bolsa Fam\u00edlia 2025 definitivo! - Estado de Minas - Em foco<\/title>\n<meta name=\"description\" content=\"Governo libera calend\u00e1rio do bolsa fam\u00edlia 2025. Veja as datas de pagamento e quem tem direito aos novos benef\u00edcios!\" \/>\n<meta name=\"robots\" content=\"index, follow, max-snippet:-1, max-image-preview:large, max-video-preview:-1\" \/>\n<link rel=\"canonical\" href=\"https:\/\/www.em.com.br\/emfoco\/2025\/02\/11\/beneficiarios-comemoram-o-novo-calendario-bolsa-familia-2025-definitivo\/\" \/>\n<meta property=\"og:locale\" content=\"pt_BR\" \/>\n<meta property=\"og:type\" content=\"article\" \/>\n<meta property=\"og:title\" content=\"Benefici\u00e1rios comemoram o novo calend\u00e1rio Bolsa Fam\u00edlia 2025 definitivo! - Estado de Minas - Em foco\" \/>\n<meta property=\"og:description\" content=\"Governo libera calend\u00e1rio do bolsa fam\u00edlia 2025. Veja as datas de pagamento e quem tem direito aos novos benef\u00edcios!\" \/>\n<meta property=\"og:url\" content=\"https:\/\/www.em.com.br\/emfoco\/2025\/02\/11\/beneficiarios-comemoram-o-novo-calendario-bolsa-familia-2025-definitivo\/\" \/>\n<meta property=\"og:site_name\" content=\"Estado de Minas - Em foco\" \/>\n<meta property=\"article:published_time\" content=\"2025-02-11T17:00:07+00:00\" \/>\n<meta property=\"article:modified_time\" content=\"2025-02-11T17:00:09+00:00\" \/>\n<meta property=\"og:image\" content=\"https:\/\/www.em.com.br\/emfoco\/wp-content\/uploads\/2025\/01\/bolsa-familia_1738271729523.jpg\" \/>\n\t<meta property=\"og:image:width\" content=\"1280\" \/>\n\t<meta property=\"og:image:height\" content=\"720\" \/>\n\t<meta property=\"og:image:type\" content=\"image\/jpeg\" \/>\n<meta name=\"author\" content=\"N\u00fabia Rangel\" \/>\n<meta name=\"twitter:card\" content=\"summary_large_image\" \/>\n<meta name=\"twitter:label1\" content=\"Escrito por\" \/>\n\t<meta name=\"twitter:data1\" content=\"N\u00fabia Rangel\" \/>\n\t<meta name=\"twitter:label2\" content=\"Est. tempo de leitura\" \/>\n\t<meta name=\"twitter:data2\" content=\"4 minutos\" \/>\n<!-- \/ Yoast SEO plugin. -->","yoast_head_json":{"title":"Benefici\u00e1rios comemoram o novo calend\u00e1rio Bolsa Fam\u00edlia 2025 definitivo! - Estado de Minas - Em foco","description":"Governo libera calend\u00e1rio do bolsa fam\u00edlia 2025. Veja as datas de pagamento e quem tem direito aos novos benef\u00edcios!","robots":{"index":"index","follow":"follow","max-snippet":"max-snippet:-1","max-image-preview":"max-image-preview:large","max-video-preview":"max-video-preview:-1"},"canonical":"https:\/\/www.em.com.br\/emfoco\/2025\/02\/11\/beneficiarios-comemoram-o-novo-calendario-bolsa-familia-2025-definitivo\/","og_locale":"pt_BR","og_type":"article","og_title":"Benefici\u00e1rios comemoram o novo calend\u00e1rio Bolsa Fam\u00edlia 2025 definitivo! - Estado de Minas - Em foco","og_description":"Governo libera calend\u00e1rio do bolsa fam\u00edlia 2025. Veja as datas de pagamento e quem tem direito aos novos benef\u00edcios!","og_url":"https:\/\/www.em.com.br\/emfoco\/2025\/02\/11\/beneficiarios-comemoram-o-novo-calendario-bolsa-familia-2025-definitivo\/","og_site_name":"Estado de Minas - Em foco","article_published_time":"2025-02-11T17:00:07+00:00","article_modified_time":"2025-02-11T17:00:09+00:00","og_image":[{"width":1280,"height":720,"url":"https:\/\/www.em.com.br\/emfoco\/wp-content\/uploads\/2025\/01\/bolsa-familia_1738271729523.jpg","type":"image\/jpeg"}],"author":"N\u00fabia Rangel","twitter_card":"summary_large_image","twitter_misc":{"Escrito por":"N\u00fabia Rangel","Est. tempo de leitura":"4 minutos"},"schema":{"@context":"https:\/\/schema.org","@graph":[{"@type":"WebPage","@id":"https:\/\/www.em.com.br\/emfoco\/2025\/02\/11\/beneficiarios-comemoram-o-novo-calendario-bolsa-familia-2025-definitivo\/","url":"https:\/\/www.em.com.br\/emfoco\/2025\/02\/11\/beneficiarios-comemoram-o-novo-calendario-bolsa-familia-2025-definitivo\/","name":"Benefici\u00e1rios comemoram o novo calend\u00e1rio Bolsa Fam\u00edlia 2025 definitivo! - Estado de Minas - Em foco","isPartOf":{"@id":"https:\/\/www.em.com.br\/emfoco\/#website"},"primaryImageOfPage":{"@id":"https:\/\/www.em.com.br\/emfoco\/2025\/02\/11\/beneficiarios-comemoram-o-novo-calendario-bolsa-familia-2025-definitivo\/#primaryimage"},"image":{"@id":"https:\/\/www.em.com.br\/emfoco\/2025\/02\/11\/beneficiarios-comemoram-o-novo-calendario-bolsa-familia-2025-definitivo\/#primaryimage"},"thumbnailUrl":"https:\/\/www.em.com.br\/emfoco\/wp-content\/uploads\/2025\/01\/bolsa-familia_1738271729523.jpg","datePublished":"2025-02-11T17:00:07+00:00","dateModified":"2025-02-11T17:00:09+00:00","author":{"@id":"https:\/\/www.em.com.br\/emfoco\/#\/schema\/person\/524437ef54f8a5d32591b143307f2e20"},"description":"Governo libera calend\u00e1rio do bolsa fam\u00edlia 2025. Veja as datas de pagamento e quem tem direito aos novos benef\u00edcios!","breadcrumb":{"@id":"https:\/\/www.em.com.br\/emfoco\/2025\/02\/11\/beneficiarios-comemoram-o-novo-calendario-bolsa-familia-2025-definitivo\/#breadcrumb"},"inLanguage":"pt-BR","potentialAction":[{"@type":"ReadAction","target":["https:\/\/www.em.com.br\/emfoco\/2025\/02\/11\/beneficiarios-comemoram-o-novo-calendario-bolsa-familia-2025-definitivo\/"]}]},{"@type":"ImageObject","inLanguage":"pt-BR","@id":"https:\/\/www.em.com.br\/emfoco\/2025\/02\/11\/beneficiarios-comemoram-o-novo-calendario-bolsa-familia-2025-definitivo\/#primaryimage","url":"https:\/\/www.em.com.br\/emfoco\/wp-content\/uploads\/2025\/01\/bolsa-familia_1738271729523.jpg","contentUrl":"https:\/\/www.em.com.br\/emfoco\/wp-content\/uploads\/2025\/01\/bolsa-familia_1738271729523.jpg","width":1280,"height":720,"caption":"Bolsa Familia - Cr\u00e9ditos: depositphotos.com \/ joasouza"},{"@type":"BreadcrumbList","@id":"https:\/\/www.em.com.br\/emfoco\/2025\/02\/11\/beneficiarios-comemoram-o-novo-calendario-bolsa-familia-2025-definitivo\/#breadcrumb","itemListElement":[{"@type":"ListItem","position":1,"name":"In\u00edcio","item":"https:\/\/www.em.com.br\/emfoco\/"},{"@type":"ListItem","position":2,"name":"Benefici\u00e1rios comemoram o novo calend\u00e1rio Bolsa Fam\u00edlia 2025 definitivo!"}]},{"@type":"WebSite","@id":"https:\/\/www.em.com.br\/emfoco\/#website","url":"https:\/\/www.em.com.br\/emfoco\/","name":"Estado de Minas - Em foco","description":"Acompanhe as \u00faltimas not\u00edcias e fique bem informado sobre tudo o que acontece em Minas Gerais, Brasil e no mundo.","potentialAction":[{"@type":"SearchAction","target":{"@type":"EntryPoint","urlTemplate":"https:\/\/www.em.com.br\/emfoco\/?s={search_term_string}"},"query-input":{"@type":"PropertyValueSpecification","valueRequired":true,"valueName":"search_term_string"}}],"inLanguage":"pt-BR"},{"@type":"Person","@id":"https:\/\/www.em.com.br\/emfoco\/#\/schema\/person\/524437ef54f8a5d32591b143307f2e20","name":"N\u00fabia Rangel","image":{"@type":"ImageObject","inLanguage":"pt-BR","@id":"https:\/\/www.em.com.br\/emfoco\/#\/schema\/person\/image\/","url":"https:\/\/secure.gravatar.com\/avatar\/47cff2827a5ba23c37e8068c86817ea4?s=96&d=mm&r=g","contentUrl":"https:\/\/secure.gravatar.com\/avatar\/47cff2827a5ba23c37e8068c86817ea4?s=96&d=mm&r=g","caption":"N\u00fabia Rangel"},"sameAs":["https:\/\/www.em.com.br\/emfoco\/"],"url":"https:\/\/www.em.com.br\/emfoco\/author\/nubiamyth\/"}]}},"_links":{"self":[{"href":"https:\/\/www.em.com.br\/emfoco\/wp-json\/wp\/v2\/posts\/18102","targetHints":{"allow":["GET"]}}],"collection":[{"href":"https:\/\/www.em.com.br\/emfoco\/wp-json\/wp\/v2\/posts"}],"about":[{"href":"https:\/\/www.em.com.br\/emfoco\/wp-json\/wp\/v2\/types\/post"}],"author":[{"embeddable":true,"href":"https:\/\/www.em.com.br\/emfoco\/wp-json\/wp\/v2\/users\/5"}],"replies":[{"embeddable":true,"href":"https:\/\/www.em.com.br\/emfoco\/wp-json\/wp\/v2\/comments?post=18102"}],"version-history":[{"count":2,"href":"https:\/\/www.em.com.br\/emfoco\/wp-json\/wp\/v2\/posts\/18102\/revisions"}],"predecessor-version":[{"id":18104,"href":"https:\/\/www.em.com.br\/emfoco\/wp-json\/wp\/v2\/posts\/18102\/revisions\/18104"}],"wp:featuredmedia":[{"embeddable":true,"href":"https:\/\/www.em.com.br\/emfoco\/wp-json\/wp\/v2\/media\/14997"}],"wp:attachment":[{"href":"https:\/\/www.em.com.br\/emfoco\/wp-json\/wp\/v2\/media?parent=18102"}],"wp:term":[{"taxonomy":"category","embeddable":true,"href":"https:\/\/www.em.com.br\/emfoco\/wp-json\/wp\/v2\/categories?post=18102"},{"taxonomy":"post_tag","embeddable":true,"href":"https:\/\/www.em.com.br\/emfoco\/wp-json\/wp\/v2\/tags?post=18102"}],"curies":[{"name":"wp","href":"https:\/\/api.w.org\/{rel}","templated":true}]}}