{"id":181005,"date":"2026-03-14T08:55:00","date_gmt":"2026-03-14T11:55:00","guid":{"rendered":"https:\/\/www.em.com.br\/emfoco\/?p=181005"},"modified":"2026-03-13T22:31:23","modified_gmt":"2026-03-14T01:31:23","slug":"recicle-potes-de-doces-e-crie-um-globo-de-neve-para-decorar-sua-casa","status":"publish","type":"post","link":"https:\/\/www.em.com.br\/emfoco\/2026\/03\/14\/recicle-potes-de-doces-e-crie-um-globo-de-neve-para-decorar-sua-casa\/","title":{"rendered":"Recicle potes de doces e crie um globo de neve para decorar sua casa"},"content":{"rendered":"\n<p>Reaproveitar frascos de doce ou geleia para criar uma bola de neve decorativa \u00e9 uma forma simples e atual de reciclagem criativa, que transforma embalagens esquecidas em enfeites cheios de significado. Al\u00e9m de colaborar com o meio ambiente, essa pr\u00e1tica estimula a criatividade, o reaproveitamento consciente e o cuidado com detalhes que deixam a casa mais acolhedora e personalizada.<\/p>\n\n\n\n<h2 class=\"wp-block-heading\">O que \u00e9 uma bola de neve artesanal com frasco de doce<\/h2>\n\n\n\n<p>A ideia aqui \u00e9\u00a0<strong>bola de neve<\/strong>, entendida como um ornamento transparente, com l\u00edquido em seu interior e pequenos elementos que flutuam quando o objeto \u00e9 chacoalhado. Ao usar frascos de doce ou geleia, essa pe\u00e7a ganha um car\u00e1ter sustent\u00e1vel, pois transforma embalagens j\u00e1 utilizadas em um novo item decorativo.<\/p>\n\n\n\n<p>Nessa vers\u00e3o caseira, o frasco funciona como o globo, o glitter representa a \u201cneve\u201d e um pequeno enfeite interno faz o papel de cen\u00e1rio. A glicerina misturada \u00e0 \u00e1gua deixa a queda das part\u00edculas mais lenta, criando o efeito visual caracter\u00edstico da&nbsp;<em>snow globe<\/em>, que pode ser personalizada por tema, cores ou datas especiais.<\/p>\n\n\n\n<figure class=\"wp-block-image size-large\"><img loading=\"lazy\" decoding=\"async\" width=\"1024\" height=\"576\" src=\"https:\/\/www.em.com.br\/emfoco\/wp-content\/uploads\/2026\/03\/ChatGPT-Image-12-de-mar.-de-2026-19_01_04-1-1024x576.png\" alt=\"Frascos de doce est\u00e3o virando decora\u00e7\u00e3o\" class=\"wp-image-181014\" srcset=\"https:\/\/www.em.com.br\/emfoco\/wp-content\/uploads\/2026\/03\/ChatGPT-Image-12-de-mar.-de-2026-19_01_04-1-1024x576.png 1024w, https:\/\/www.em.com.br\/emfoco\/wp-content\/uploads\/2026\/03\/ChatGPT-Image-12-de-mar.-de-2026-19_01_04-1-300x169.png 300w, https:\/\/www.em.com.br\/emfoco\/wp-content\/uploads\/2026\/03\/ChatGPT-Image-12-de-mar.-de-2026-19_01_04-1-768x432.png 768w, https:\/\/www.em.com.br\/emfoco\/wp-content\/uploads\/2026\/03\/ChatGPT-Image-12-de-mar.-de-2026-19_01_04-1-750x422.png 750w, https:\/\/www.em.com.br\/emfoco\/wp-content\/uploads\/2026\/03\/ChatGPT-Image-12-de-mar.-de-2026-19_01_04-1-1140x641.png 1140w, https:\/\/www.em.com.br\/emfoco\/wp-content\/uploads\/2026\/03\/ChatGPT-Image-12-de-mar.-de-2026-19_01_04-1.png 1280w\" sizes=\"auto, (max-width: 1024px) 100vw, 1024px\" \/><figcaption class=\"wp-element-caption\">Frascos de doce est\u00e3o virando decora\u00e7\u00e3o<\/figcaption><\/figure>\n\n\n\n<h2 class=\"wp-block-heading\">Como fazer bola de neve com frasco de geleia passo a passo<\/h2>\n\n\n\n<p>Para montar uma&nbsp;<strong>bola de neve com frasco de doce<\/strong>, a organiza\u00e7\u00e3o dos materiais facilita bastante o processo. De forma geral, s\u00e3o necess\u00e1rios poucos itens, muitos deles j\u00e1 presentes em casa, o que torna o projeto acess\u00edvel at\u00e9 para iniciantes em trabalhos manuais.<\/p>\n\n\n\n<ul class=\"wp-block-list\">\n<li>Frascos de doce ou geleia de vidro, com tampa em bom estado;<\/li>\n\n\n\n<li>Silicone quente ou frio, ou outra cola resistente \u00e0 \u00e1gua;<\/li>\n\n\n\n<li>Glitter de cores variadas ou em tom \u00fanico, conforme o tema escolhido;<\/li>\n\n\n\n<li>Glicerina l\u00edquida para uso artesanal ou farmac\u00eautico;<\/li>\n\n\n\n<li>\u00c1gua limpa, preferencialmente filtrada;<\/li>\n\n\n\n<li>Tampinha de refrigerante ou outro suporte pequeno (opcional);<\/li>\n\n\n\n<li>Objeto decorativo pequeno, como miniatura, bonequinho ou enfeite;<\/li>\n\n\n\n<li>Pano ou papel toalha para secagem e limpeza.<\/li>\n<\/ul>\n\n\n\n<p>Com tudo separado, \u00e9 poss\u00edvel seguir um roteiro simples: higienizar bem o frasco, remover r\u00f3tulos e secar completamente. Depois, colar o enfeite na parte interna da tampa, esperar secar, adicionar glitter no frasco, completar com \u00e1gua e glicerina, vedar com silicone e testar se h\u00e1 vazamentos antes de usar como decora\u00e7\u00e3o.<\/p>\n\n\n\n<h2 class=\"wp-block-heading\">Quais cuidados deixam a bola de neve reciclada mais dur\u00e1vel<\/h2>\n\n\n\n<p>Alguns cuidados simples ajudam a prolongar a vida \u00fatil da\u00a0<strong><a href=\"https:\/\/br.pinterest.com\/daniellatrivell\/bolas-de-neve\/\" target=\"_blank\" rel=\"noreferrer noopener\">bola de neve decorativa<\/a><\/strong>. A veda\u00e7\u00e3o \u00e9 essencial: refor\u00e7ar a borda com silicone e respeitar o tempo de secagem indicado evita vazamentos e infiltra\u00e7\u00e3o de ar, que podem comprometer o efeito visual interno.<\/p>\n\n\n\n<p>A escolha do objeto interno tamb\u00e9m influencia na durabilidade, por isso evite papel, tecido delicado ou materiais que desbotam com \u00e1gua. Miniaturas de pl\u00e1stico resistente, resina ou metal protegido t\u00eam melhor desempenho, especialmente quando combinadas com \u00e1gua filtrada e glicerina, que reduzem o risco de mau cheiro e altera\u00e7\u00e3o de cor precoce.<\/p>\n\n\n\n<figure class=\"wp-block-image size-large\"><img loading=\"lazy\" decoding=\"async\" width=\"1024\" height=\"576\" src=\"https:\/\/www.em.com.br\/emfoco\/wp-content\/uploads\/2026\/03\/ChatGPT-Image-12-de-mar.-de-2026-19_02_50-1-1024x576.png\" alt=\"Frascos de doce est\u00e3o virando decora\u00e7\u00e3o\" class=\"wp-image-181016\" srcset=\"https:\/\/www.em.com.br\/emfoco\/wp-content\/uploads\/2026\/03\/ChatGPT-Image-12-de-mar.-de-2026-19_02_50-1-1024x576.png 1024w, https:\/\/www.em.com.br\/emfoco\/wp-content\/uploads\/2026\/03\/ChatGPT-Image-12-de-mar.-de-2026-19_02_50-1-300x169.png 300w, https:\/\/www.em.com.br\/emfoco\/wp-content\/uploads\/2026\/03\/ChatGPT-Image-12-de-mar.-de-2026-19_02_50-1-768x432.png 768w, https:\/\/www.em.com.br\/emfoco\/wp-content\/uploads\/2026\/03\/ChatGPT-Image-12-de-mar.-de-2026-19_02_50-1-750x422.png 750w, https:\/\/www.em.com.br\/emfoco\/wp-content\/uploads\/2026\/03\/ChatGPT-Image-12-de-mar.-de-2026-19_02_50-1-1140x641.png 1140w, https:\/\/www.em.com.br\/emfoco\/wp-content\/uploads\/2026\/03\/ChatGPT-Image-12-de-mar.-de-2026-19_02_50-1.png 1280w\" sizes=\"auto, (max-width: 1024px) 100vw, 1024px\" \/><figcaption class=\"wp-element-caption\">Frascos de doce est\u00e3o virando decora\u00e7\u00e3o<\/figcaption><\/figure>\n\n\n\n<h2 class=\"wp-block-heading\">Quais temas e varia\u00e7\u00f5es criativas podem ser usados na sua bola de neve<\/h2>\n\n\n\n<p>Essa t\u00e9cnica de&nbsp;<strong>reciclagem de frascos<\/strong>&nbsp;pode ser adaptada a v\u00e1rios estilos, desde pe\u00e7as minimalistas at\u00e9 produ\u00e7\u00f5es mais divertidas e coloridas. Voc\u00ea pode criar vers\u00f5es para o Natal, anivers\u00e1rios, lembrancinhas de festa, cenas de viagem ou at\u00e9 representar hobbies, como m\u00fasica, cinema ou esportes.<\/p>\n\n\n\n<p>Outra possibilidade \u00e9 montar s\u00e9ries colecion\u00e1veis, com um tema para cada frasco, formando um conjunto decorativo em prateleiras ou mesas. Variar cores de glitter, tipos de miniaturas e formatos de <a href=\"https:\/\/www.em.com.br\/emfoco\/2026\/01\/09\/o-vaso-ainda-e-tendencia-mas-nao-esta-sozinho-garrafas-e-frascos-reaproveitados-ganham-destaque-em-2026\/\" target=\"_blank\" rel=\"noreferrer noopener\">frascos <\/a>torna cada bola de neve \u00fanica, com aspecto artesanal e valor afetivo especial.<\/p>\n\n\n\n<h2 class=\"wp-block-heading\">Por que come\u00e7ar agora a reaproveitar frascos em bolas de neve<\/h2>\n\n\n\n<p>Criar uma bola de neve com frasco de doce \u00e9 mais do que um simples artesanato: \u00e9 uma forma de registrar mem\u00f3rias, reduzir res\u00edduos e transformar o que iria para o lixo em algo que conta hist\u00f3rias. Cada pe\u00e7a pode guardar lembran\u00e7as, servir de presente afetivo ou marcar momentos importantes com um toque totalmente personalizado.<\/p>\n\n\n\n<p>N\u00e3o espere juntar mais embalagens vazias na gaveta: separe um frasco hoje, escolha uma miniatura que tenha significado para voc\u00ea e monte sua primeira bola de neve ainda nesta semana. Quanto antes voc\u00ea come\u00e7ar, mais r\u00e1pido enche sua casa de pe\u00e7as \u00fanicas, sustent\u00e1veis e carregadas de emo\u00e7\u00e3o.<\/p>\n","protected":false},"excerpt":{"rendered":"<p>Reaproveitar frascos de doce ou geleia para criar uma bola de neve decorativa \u00e9 uma forma simples e atual de reciclagem criativa, que transforma embalagens esquecidas em enfeites cheios de significado. Al\u00e9m de colaborar com o meio ambiente, essa pr\u00e1tica estimula a criatividade, o reaproveitamento consciente e o cuidado com detalhes que deixam a casa [&hellip;]<\/p>\n","protected":false},"author":11,"featured_media":181015,"comment_status":"open","ping_status":"open","sticky":false,"template":"","format":"standard","meta":{"jnews-multi-image_gallery":[],"jnews_single_post":{"format":"standard"},"jnews_primary_category":[],"jnews_social_meta":[],"jnews_override_counter":[],"footnotes":""},"categories":[8819,1],"tags":[4687,5115,26119,2595,1920],"class_list":["post-181005","post","type-post","status-publish","format-standard","has-post-thumbnail","hentry","category-curiosidades","category-noticias","tag-decoracao","tag-diy","tag-frasco-de-geleia","tag-reciclagem","tag-tendencia"],"yoast_head":"<!-- This site is optimized with the Yoast SEO plugin v23.8 - https:\/\/yoast.com\/wordpress\/plugins\/seo\/ -->\n<title>Recicle potes de doces e crie um globo de neve para decorar sua casa - Estado de Minas - Em foco<\/title>\n<meta name=\"description\" content=\"Transformar frasco de geleia em bola de neve decorativa virou tend\u00eancia na reciclagem criativa. Um detalhe simples pode mudar sua decora\u00e7\u00e3o.\" \/>\n<meta name=\"robots\" content=\"index, follow, max-snippet:-1, max-image-preview:large, max-video-preview:-1\" \/>\n<link rel=\"canonical\" href=\"https:\/\/www.em.com.br\/emfoco\/2026\/03\/14\/recicle-potes-de-doces-e-crie-um-globo-de-neve-para-decorar-sua-casa\/\" \/>\n<meta property=\"og:locale\" content=\"pt_BR\" \/>\n<meta property=\"og:type\" content=\"article\" \/>\n<meta property=\"og:title\" content=\"Recicle potes de doces e crie um globo de neve para decorar sua casa - Estado de Minas - Em foco\" \/>\n<meta property=\"og:description\" content=\"Transformar frasco de geleia em bola de neve decorativa virou tend\u00eancia na reciclagem criativa. Um detalhe simples pode mudar sua decora\u00e7\u00e3o.\" \/>\n<meta property=\"og:url\" content=\"https:\/\/www.em.com.br\/emfoco\/2026\/03\/14\/recicle-potes-de-doces-e-crie-um-globo-de-neve-para-decorar-sua-casa\/\" \/>\n<meta property=\"og:site_name\" content=\"Estado de Minas - Em foco\" \/>\n<meta property=\"article:published_time\" content=\"2026-03-14T11:55:00+00:00\" \/>\n<meta property=\"article:modified_time\" content=\"2026-03-14T01:31:23+00:00\" \/>\n<meta property=\"og:image\" content=\"https:\/\/www.em.com.br\/emfoco\/wp-content\/uploads\/2026\/03\/Gemini_Generated_Image_yzdsfyzdsfyzdsfy-1.png\" \/>\n\t<meta property=\"og:image:width\" content=\"1280\" \/>\n\t<meta property=\"og:image:height\" content=\"720\" \/>\n\t<meta property=\"og:image:type\" content=\"image\/png\" \/>\n<meta name=\"author\" content=\"Andre\u0301 Rangel\u00a0\" \/>\n<meta name=\"twitter:card\" content=\"summary_large_image\" \/>\n<meta name=\"twitter:label1\" content=\"Escrito por\" \/>\n\t<meta name=\"twitter:data1\" content=\"Andre\u0301 Rangel\u00a0\" \/>\n\t<meta name=\"twitter:label2\" content=\"Est. tempo de leitura\" \/>\n\t<meta name=\"twitter:data2\" content=\"5 minutos\" \/>\n<!-- \/ Yoast SEO plugin. -->","yoast_head_json":{"title":"Recicle potes de doces e crie um globo de neve para decorar sua casa - Estado de Minas - Em foco","description":"Transformar frasco de geleia em bola de neve decorativa virou tend\u00eancia na reciclagem criativa. Um detalhe simples pode mudar sua decora\u00e7\u00e3o.","robots":{"index":"index","follow":"follow","max-snippet":"max-snippet:-1","max-image-preview":"max-image-preview:large","max-video-preview":"max-video-preview:-1"},"canonical":"https:\/\/www.em.com.br\/emfoco\/2026\/03\/14\/recicle-potes-de-doces-e-crie-um-globo-de-neve-para-decorar-sua-casa\/","og_locale":"pt_BR","og_type":"article","og_title":"Recicle potes de doces e crie um globo de neve para decorar sua casa - Estado de Minas - Em foco","og_description":"Transformar frasco de geleia em bola de neve decorativa virou tend\u00eancia na reciclagem criativa. Um detalhe simples pode mudar sua decora\u00e7\u00e3o.","og_url":"https:\/\/www.em.com.br\/emfoco\/2026\/03\/14\/recicle-potes-de-doces-e-crie-um-globo-de-neve-para-decorar-sua-casa\/","og_site_name":"Estado de Minas - Em foco","article_published_time":"2026-03-14T11:55:00+00:00","article_modified_time":"2026-03-14T01:31:23+00:00","og_image":[{"width":1280,"height":720,"url":"https:\/\/www.em.com.br\/emfoco\/wp-content\/uploads\/2026\/03\/Gemini_Generated_Image_yzdsfyzdsfyzdsfy-1.png","type":"image\/png"}],"author":"Andre\u0301 Rangel\u00a0","twitter_card":"summary_large_image","twitter_misc":{"Escrito por":"Andre\u0301 Rangel\u00a0","Est. tempo de leitura":"5 minutos"},"schema":{"@context":"https:\/\/schema.org","@graph":[{"@type":"WebPage","@id":"https:\/\/www.em.com.br\/emfoco\/2026\/03\/14\/recicle-potes-de-doces-e-crie-um-globo-de-neve-para-decorar-sua-casa\/","url":"https:\/\/www.em.com.br\/emfoco\/2026\/03\/14\/recicle-potes-de-doces-e-crie-um-globo-de-neve-para-decorar-sua-casa\/","name":"Recicle potes de doces e crie um globo de neve para decorar sua casa - Estado de Minas - Em foco","isPartOf":{"@id":"https:\/\/www.em.com.br\/emfoco\/#website"},"primaryImageOfPage":{"@id":"https:\/\/www.em.com.br\/emfoco\/2026\/03\/14\/recicle-potes-de-doces-e-crie-um-globo-de-neve-para-decorar-sua-casa\/#primaryimage"},"image":{"@id":"https:\/\/www.em.com.br\/emfoco\/2026\/03\/14\/recicle-potes-de-doces-e-crie-um-globo-de-neve-para-decorar-sua-casa\/#primaryimage"},"thumbnailUrl":"https:\/\/www.em.com.br\/emfoco\/wp-content\/uploads\/2026\/03\/Gemini_Generated_Image_yzdsfyzdsfyzdsfy-1.png","datePublished":"2026-03-14T11:55:00+00:00","dateModified":"2026-03-14T01:31:23+00:00","author":{"@id":"https:\/\/www.em.com.br\/emfoco\/#\/schema\/person\/60eda09c1fedf0d6891f4cef4b60b8b8"},"description":"Transformar frasco de geleia em bola de neve decorativa virou tend\u00eancia na reciclagem criativa. Um detalhe simples pode mudar sua decora\u00e7\u00e3o.","breadcrumb":{"@id":"https:\/\/www.em.com.br\/emfoco\/2026\/03\/14\/recicle-potes-de-doces-e-crie-um-globo-de-neve-para-decorar-sua-casa\/#breadcrumb"},"inLanguage":"pt-BR","potentialAction":[{"@type":"ReadAction","target":["https:\/\/www.em.com.br\/emfoco\/2026\/03\/14\/recicle-potes-de-doces-e-crie-um-globo-de-neve-para-decorar-sua-casa\/"]}]},{"@type":"ImageObject","inLanguage":"pt-BR","@id":"https:\/\/www.em.com.br\/emfoco\/2026\/03\/14\/recicle-potes-de-doces-e-crie-um-globo-de-neve-para-decorar-sua-casa\/#primaryimage","url":"https:\/\/www.em.com.br\/emfoco\/wp-content\/uploads\/2026\/03\/Gemini_Generated_Image_yzdsfyzdsfyzdsfy-1.png","contentUrl":"https:\/\/www.em.com.br\/emfoco\/wp-content\/uploads\/2026\/03\/Gemini_Generated_Image_yzdsfyzdsfyzdsfy-1.png","width":1280,"height":720,"caption":"Frascos de doce est\u00e3o virando decora\u00e7\u00e3o"},{"@type":"BreadcrumbList","@id":"https:\/\/www.em.com.br\/emfoco\/2026\/03\/14\/recicle-potes-de-doces-e-crie-um-globo-de-neve-para-decorar-sua-casa\/#breadcrumb","itemListElement":[{"@type":"ListItem","position":1,"name":"In\u00edcio","item":"https:\/\/www.em.com.br\/emfoco\/"},{"@type":"ListItem","position":2,"name":"Recicle potes de doces e crie um globo de neve para decorar sua casa"}]},{"@type":"WebSite","@id":"https:\/\/www.em.com.br\/emfoco\/#website","url":"https:\/\/www.em.com.br\/emfoco\/","name":"Estado de Minas - Em foco","description":"Acompanhe as \u00faltimas not\u00edcias e fique bem informado sobre tudo o que acontece em Minas Gerais, Brasil e no mundo.","potentialAction":[{"@type":"SearchAction","target":{"@type":"EntryPoint","urlTemplate":"https:\/\/www.em.com.br\/emfoco\/?s={search_term_string}"},"query-input":{"@type":"PropertyValueSpecification","valueRequired":true,"valueName":"search_term_string"}}],"inLanguage":"pt-BR"},{"@type":"Person","@id":"https:\/\/www.em.com.br\/emfoco\/#\/schema\/person\/60eda09c1fedf0d6891f4cef4b60b8b8","name":"Andre\u0301 Rangel\u00a0","image":{"@type":"ImageObject","inLanguage":"pt-BR","@id":"https:\/\/www.em.com.br\/emfoco\/#\/schema\/person\/image\/","url":"https:\/\/secure.gravatar.com\/avatar\/6234dc814c77c8ef6d8bba622c787efc?s=96&d=mm&r=g","contentUrl":"https:\/\/secure.gravatar.com\/avatar\/6234dc814c77c8ef6d8bba622c787efc?s=96&d=mm&r=g","caption":"Andre\u0301 Rangel\u00a0"},"url":"https:\/\/www.em.com.br\/emfoco\/author\/luizmyth\/"}]}},"_links":{"self":[{"href":"https:\/\/www.em.com.br\/emfoco\/wp-json\/wp\/v2\/posts\/181005","targetHints":{"allow":["GET"]}}],"collection":[{"href":"https:\/\/www.em.com.br\/emfoco\/wp-json\/wp\/v2\/posts"}],"about":[{"href":"https:\/\/www.em.com.br\/emfoco\/wp-json\/wp\/v2\/types\/post"}],"author":[{"embeddable":true,"href":"https:\/\/www.em.com.br\/emfoco\/wp-json\/wp\/v2\/users\/11"}],"replies":[{"embeddable":true,"href":"https:\/\/www.em.com.br\/emfoco\/wp-json\/wp\/v2\/comments?post=181005"}],"version-history":[{"count":3,"href":"https:\/\/www.em.com.br\/emfoco\/wp-json\/wp\/v2\/posts\/181005\/revisions"}],"predecessor-version":[{"id":181029,"href":"https:\/\/www.em.com.br\/emfoco\/wp-json\/wp\/v2\/posts\/181005\/revisions\/181029"}],"wp:featuredmedia":[{"embeddable":true,"href":"https:\/\/www.em.com.br\/emfoco\/wp-json\/wp\/v2\/media\/181015"}],"wp:attachment":[{"href":"https:\/\/www.em.com.br\/emfoco\/wp-json\/wp\/v2\/media?parent=181005"}],"wp:term":[{"taxonomy":"category","embeddable":true,"href":"https:\/\/www.em.com.br\/emfoco\/wp-json\/wp\/v2\/categories?post=181005"},{"taxonomy":"post_tag","embeddable":true,"href":"https:\/\/www.em.com.br\/emfoco\/wp-json\/wp\/v2\/tags?post=181005"}],"curies":[{"name":"wp","href":"https:\/\/api.w.org\/{rel}","templated":true}]}}