{"id":180943,"date":"2026-03-13T20:45:59","date_gmt":"2026-03-13T23:45:59","guid":{"rendered":"https:\/\/www.em.com.br\/emfoco\/?p=180943"},"modified":"2026-03-12T18:33:30","modified_gmt":"2026-03-12T21:33:30","slug":"as-bacterias-que-se-escondem-nos-seus-cilios-quando-voce-dorme-de-maquiagem","status":"publish","type":"post","link":"https:\/\/www.em.com.br\/emfoco\/2026\/03\/13\/as-bacterias-que-se-escondem-nos-seus-cilios-quando-voce-dorme-de-maquiagem\/","title":{"rendered":"As bact\u00e9rias que se escondem nos seus c\u00edlios quando voc\u00ea dorme de maquiagem"},"content":{"rendered":"\n<p>Voc\u00ea j\u00e1 chegou em casa exausta, deitou na cama \u201cs\u00f3 por cinco minutinhos\u201d e acordou no dia seguinte ainda de maquiagem? Esse h\u00e1bito \u00e9 mais comum do que parece, mas pode trazer v\u00e1rios <strong>problemas de pele<\/strong> e at\u00e9 desconfortos nos <strong>olhos<\/strong> ao longo do tempo. Entender por que isso faz mal \u00e9 o primeiro passo para cuidar melhor do seu rosto sem complica\u00e7\u00e3o.<\/p>\n\n\n\n<h2 class=\"wp-block-heading\">Quais s\u00e3o os perigos de dormir com maquiagem<\/h2>\n\n\n\n<p>Os <strong>perigos de dormir<\/strong> com maquiagem v\u00e3o muito al\u00e9m da apar\u00eancia. Bases, corretivos e p\u00f3 formam uma esp\u00e9cie de \u201cpel\u00edcula\u201d que impede a pele de <strong>respirar direito<\/strong>, facilitando o entupimento dos poros. Com isso, aumentam os cravos, espinhas e aquela vermelhid\u00e3o chata, especialmente em quem tem pele oleosa ou mista.<\/p>\n\n\n\n<p>Na \u00e1rea dos olhos, o risco \u00e9 ainda mais <strong>delicado e desconfort\u00e1vel<\/strong>. M\u00e1scaras de c\u00edlios, l\u00e1pis e delineadores podem se soltar durante o sono e chegar at\u00e9 a superf\u00edcie ocular, causando irrita\u00e7\u00e3o, conjuntivite e inflama\u00e7\u00e3o nas <strong>p\u00e1lpebras sens\u00edveis<\/strong>. Com o tempo, os c\u00edlios tamb\u00e9m podem ficar mais fracos, quebradi\u00e7os e cair com mais facilidade.<\/p>\n\n\n\n<figure class=\"wp-block-embed is-type-rich is-provider-pinterest wp-block-embed-pinterest\"><div class=\"wp-block-embed__wrapper\">\n<iframe loading=\"lazy\" title=\"Cosm\u00e9ticos e maquiagens est\u00e3o no dia a dia de mulheres e homens que desejam real\u00e7ar caracter\u00edsticas faciais, esconder pequenas imperfei\u00e7\u00f5es ou simplesmente compor um visual diferente para uma ocasi\u00e3o especial. No entanto, dormir sem tirar a maquiagem pode causar problemas e isso independe se sua pele \u00e9 seca ou oleosa. Veja algumas situa\u00e7\u00f5es que est\u00e3o associadas \u00e0 distra\u00e7\u00e3o ou vergonha do novo peguete: - Entupimento dos poros - Envelhecimento precoce - Cravos e espinhas - Infec\u00e7\u00f5es e alergias\" src=\"https:\/\/assets.pinterest.com\/ext\/embed.html?id=964966657646285109&#038;src=oembed\" height=\"899\" width=\"450\" frameborder=\"0\" scrolling=\"no\" ><\/iframe>\n<\/div><\/figure>\n\n\n\n<p>Leia tamb\u00e9m:&nbsp;<a href=\"https:\/\/www.em.com.br\/emfoco\/2026\/03\/12\/o-erro-de-maquiagem-que-envelhece-e-como-corrigir\/\" target=\"_blank\" rel=\"noopener\">O erro de maquiagem que envelhece e como corrigir<\/a><\/p>\n\n\n\n<h2 class=\"wp-block-heading\">Como a maquiagem influencia no envelhecimento precoce<\/h2>\n\n\n\n<p>Enquanto voc\u00ea dorme, a pele tenta se <strong>renovar e se<\/strong> recuperar dos danos do dia. Quando h\u00e1 restos de maquiagem misturados com suor e polui\u00e7\u00e3o, esse processo fica prejudicado e os radicais livres permanecem mais tempo em contato com o <strong>rosto desprotegido<\/strong>. Isso favorece a perda de col\u00e1geno e acelera o aparecimento de linhas finas e manchas.<\/p>\n\n\n\n<p>Com o passar dos anos, quem costuma dormir maquiada percebe mais textura irregular, poros aparente e aspecto cansado, mesmo ap\u00f3s uma noite de <strong>sono completo<\/strong>. Cuidar da limpeza di\u00e1ria \u00e9 uma forma simples de preservar a firmeza, a luminosidade e o vi\u00e7o natural da <strong>pele facial<\/strong>.<\/p>\n\n\n\n<figure class=\"wp-block-embed is-type-rich is-provider-pinterest wp-block-embed-pinterest\"><div class=\"wp-block-embed__wrapper\">\n<iframe loading=\"lazy\" title=\"Voc\u00eas j\u00e1 usaram Cleasing Oil? \ud83d\udc40\u2728 Eu confesso que ameiEle remove t\u00e3o f\u00e1cil a maquiagem e n\u00e3o arde nadica no olho\u2026. T\u00f4 apaixonada\ud83e\udd79Esse que usei \u00e9 da @hadalabo_brasil \ud83e\ude75 #daily #rotina #rotinaskincare #skincare #beleza #cleasingoil\" src=\"https:\/\/assets.pinterest.com\/ext\/embed.html?id=377458012540050129&#038;src=oembed\" height=\"899\" width=\"450\" frameborder=\"0\" scrolling=\"no\" ><\/iframe>\n<\/div><\/figure>\n\n\n\n<h2 class=\"wp-block-heading\">Como a remo\u00e7\u00e3o incorreta da maquiagem prejudica a pele<\/h2>\n\n\n\n<p>N\u00e3o basta tirar a maquiagem \u201cde qualquer jeito\u201d para resolver o <strong>problema por<\/strong> completo. Produtos muito agressivos, com muito \u00e1lcool ou fragr\u00e2ncia forte, podem ressecar, arder e descamar a pele, especialmente se voc\u00ea tem rosto <strong>sens\u00edvel ou<\/strong> reativo. Esfregar o rosto com for\u00e7a usando algod\u00e3o, len\u00e7o umedecido ou toalha tamb\u00e9m agride a superf\u00edcie e causa microles\u00f5es.<\/p>\n\n\n\n<p>Na regi\u00e3o dos olhos, puxar os c\u00edlios para remover m\u00e1scara \u00e0 prova d\u2019\u00e1gua aumenta a chance de quebra e falhas na linha dos <strong>pelos naturais<\/strong>. Usar produtos que n\u00e3o s\u00e3o espec\u00edficos para os olhos pode causar ardor, alergias e vermelhid\u00e3o. Quando a limpeza fica incompleta, restos de r\u00edmel e delineador se acumulam na base dos c\u00edlios, facilitando a entrada de <strong>bact\u00e9rias indesejadas<\/strong>.<\/p>\n\n\n\n<p>Para voc\u00ea que gosta de se cuidar, separamos um v\u00eddeo do canal <a href=\"https:\/\/www.youtube.com\/@DraGreiceMoraes\" target=\"_blank\" rel=\"noreferrer noopener\">Dra. Greice Moraes<\/a> com dicas para demaquilar de forma correta:<\/p>\n\n\n\n<figure class=\"wp-block-embed is-type-video is-provider-youtube wp-block-embed-youtube wp-embed-aspect-16-9 wp-has-aspect-ratio\"><div class=\"wp-block-embed__wrapper\">\n<div class=\"jeg_video_container jeg_video_content\"><iframe loading=\"lazy\" title=\"Segredos da Pele Linda: Como Retirar Protetor Solar e Maquiagem de Forma Ideal | Dra. Greice Moraes\" width=\"500\" height=\"281\" src=\"https:\/\/www.youtube.com\/embed\/EP4dHvy3NXc?feature=oembed\" frameborder=\"0\" allow=\"accelerometer; autoplay; clipboard-write; encrypted-media; gyroscope; picture-in-picture; web-share\" referrerpolicy=\"strict-origin-when-cross-origin\" allowfullscreen><\/iframe><\/div>\n<\/div><\/figure>\n\n\n\n<h2 class=\"wp-block-heading\">Como remover a maquiagem da forma correta no dia a dia<\/h2>\n\n\n\n<p>Uma boa rotina de remo\u00e7\u00e3o de maquiagem n\u00e3o precisa ser complicada nem <strong>cheia de<\/strong> passos. O ideal \u00e9 focar em tirar as impurezas com calma, sem machucar a pele e escolhendo produtos que combinem com o seu tipo de <strong>pele espec\u00edfica<\/strong>. Assim, voc\u00ea reduz tanto os perigos de dormir maquiada quanto os danos de uma limpeza mal feita.<\/p>\n\n\n\n<ol class=\"wp-block-list\">\n<li><strong>Come\u00e7ar pelos olhos:<\/strong> usar demaquilante espec\u00edfico para a regi\u00e3o, de prefer\u00eancia bif\u00e1sico para produtos \u00e0 prova d\u2019\u00e1gua. Molhe o algod\u00e3o, deixe alguns segundos sobre os olhos e evite esfregar com for\u00e7a.<\/li>\n\n\n\n<li><strong>Remover a maquiagem do rosto:<\/strong> optar por \u00e1gua micelar, \u00f3leo de limpeza ou demaquilante suave. Passe com movimentos delicados at\u00e9 o algod\u00e3o sair quase limpo.<\/li>\n\n\n\n<li><strong>Lavar o rosto:<\/strong> aplicar um sabonete facial adequado ao seu tipo de pele, massagear levemente e enxaguar com \u00e1gua em temperatura ambiente.<\/li>\n\n\n\n<li><strong>Tonificar, se necess\u00e1rio:<\/strong> em peles que aceitam bem esse tipo de produto, o t\u00f4nico ajuda a complementar a limpeza e equilibrar o pH.<\/li>\n\n\n\n<li><strong>Hidratar:<\/strong> finalizar com hidratante facial e, \u00e0 noite, usar produtos indicados por profissional de sa\u00fade se houver algum tratamento em andamento.<\/li>\n<\/ol>\n\n\n\n<figure class=\"wp-block-embed is-type-rich is-provider-pinterest wp-block-embed-pinterest\"><div class=\"wp-block-embed__wrapper\">\n<iframe loading=\"lazy\" title=\"O melhor produto para remover maquiagem \ud83d\udc97 \ud83d\udd0d Cole este ID no buscador do Mercado Livre: 3IPWXO-DWAZ  \ud83d\udd17 Ou acesse este link: https:\/\/mercadolivre.com\/sec\/2BDMj2A  @mercadolivremoda  #MercadoLivreModa #OMelhorDaBeleza  #maquiagem #makeup #fyp #fypage #fy\" src=\"https:\/\/assets.pinterest.com\/ext\/embed.html?id=876653883731275236&#038;src=oembed\" height=\"898\" width=\"450\" frameborder=\"0\" scrolling=\"no\" ><\/iframe>\n<\/div><\/figure>\n\n\n\n<h2 class=\"wp-block-heading\">Quais atitudes simples ajudam quem usa maquiagem todo dia<\/h2>\n\n\n\n<p>Para quem usa maquiagem diariamente, pequenos cuidados fazem muita diferen\u00e7a em <strong>longo prazo<\/strong>. Preferir f\u00f3rmulas n\u00e3o comedog\u00eanicas, evitar excesso de camadas e reservar alguns minutos antes de dormir apenas para a higiene do rosto ajudam a manter a pele mais equilibrada e com menos <strong>brilho excessivo<\/strong>.<\/p>\n\n\n\n<p>Tamb\u00e9m vale prestar aten\u00e7\u00e3o em como sua pele reage aos <strong>produtos usados<\/strong>. Se notar aumento de espinhas, coceira ou ard\u00eancia, pode ser um sinal de que algo n\u00e3o est\u00e1 funcionando bem. Nessas situa\u00e7\u00f5es, ajustar a rotina de cuidados ou buscar orienta\u00e7\u00e3o profissional \u00e9 uma forma de evitar que o problema fique <strong>mais intenso<\/strong>.<\/p>\n","protected":false},"excerpt":{"rendered":"<p>Voc\u00ea j\u00e1 chegou em casa exausta, deitou na cama \u201cs\u00f3 por cinco minutinhos\u201d e acordou no dia seguinte ainda de maquiagem? Esse h\u00e1bito \u00e9 mais comum do que parece, mas pode trazer v\u00e1rios problemas de pele e at\u00e9 desconfortos nos olhos ao longo do tempo. Entender por que isso faz mal \u00e9 o primeiro passo [&hellip;]<\/p>\n","protected":false},"author":9,"featured_media":150877,"comment_status":"open","ping_status":"open","sticky":false,"template":"","format":"standard","meta":{"jnews-multi-image_gallery":[],"jnews_single_post":{"format":"standard"},"jnews_primary_category":[],"jnews_social_meta":[],"jnews_override_counter":[],"footnotes":""},"categories":[8691,1],"tags":[22121,6394,4914],"class_list":["post-180943","post","type-post","status-publish","format-standard","has-post-thumbnail","hentry","category-bem-estar","category-noticias","tag-auto-cuidado","tag-cuidado-com-a-pele","tag-maquiagem"],"yoast_head":"<!-- This site is optimized with the Yoast SEO plugin v23.8 - https:\/\/yoast.com\/wordpress\/plugins\/seo\/ -->\n<title>As bact\u00e9rias que se escondem nos seus c\u00edlios quando voc\u00ea dorme de maquiagem - Estado de Minas - Em foco<\/title>\n<meta name=\"description\" content=\"Dormir de maquiagem destr\u00f3i o col\u00e1geno e causa inflama\u00e7\u00f5es s\u00e9rias. Aprenda a rotina certa para salvar sua pele agora.\" \/>\n<meta name=\"robots\" content=\"index, follow, max-snippet:-1, max-image-preview:large, max-video-preview:-1\" \/>\n<link rel=\"canonical\" href=\"https:\/\/www.em.com.br\/emfoco\/2026\/03\/13\/as-bacterias-que-se-escondem-nos-seus-cilios-quando-voce-dorme-de-maquiagem\/\" \/>\n<meta property=\"og:locale\" content=\"pt_BR\" \/>\n<meta property=\"og:type\" content=\"article\" \/>\n<meta property=\"og:title\" content=\"As bact\u00e9rias que se escondem nos seus c\u00edlios quando voc\u00ea dorme de maquiagem - Estado de Minas - Em foco\" \/>\n<meta property=\"og:description\" content=\"Dormir de maquiagem destr\u00f3i o col\u00e1geno e causa inflama\u00e7\u00f5es s\u00e9rias. Aprenda a rotina certa para salvar sua pele agora.\" \/>\n<meta property=\"og:url\" content=\"https:\/\/www.em.com.br\/emfoco\/2026\/03\/13\/as-bacterias-que-se-escondem-nos-seus-cilios-quando-voce-dorme-de-maquiagem\/\" \/>\n<meta property=\"og:site_name\" content=\"Estado de Minas - Em foco\" \/>\n<meta property=\"article:published_time\" content=\"2026-03-13T23:45:59+00:00\" \/>\n<meta property=\"article:modified_time\" content=\"2026-03-12T21:33:30+00:00\" \/>\n<meta property=\"og:image\" content=\"https:\/\/www.em.com.br\/emfoco\/wp-content\/uploads\/2026\/01\/Gemini_Generated_Image_5du9r65du9r65du9-1.png\" \/>\n\t<meta property=\"og:image:width\" content=\"1280\" \/>\n\t<meta property=\"og:image:height\" content=\"720\" \/>\n\t<meta property=\"og:image:type\" content=\"image\/png\" \/>\n<meta name=\"author\" content=\"Daniely Cardoso\" \/>\n<meta name=\"twitter:card\" content=\"summary_large_image\" \/>\n<meta name=\"twitter:label1\" content=\"Escrito por\" \/>\n\t<meta name=\"twitter:data1\" content=\"Daniely Cardoso\" \/>\n\t<meta name=\"twitter:label2\" content=\"Est. tempo de leitura\" \/>\n\t<meta name=\"twitter:data2\" content=\"5 minutos\" \/>\n<!-- \/ Yoast SEO plugin. -->","yoast_head_json":{"title":"As bact\u00e9rias que se escondem nos seus c\u00edlios quando voc\u00ea dorme de maquiagem - Estado de Minas - Em foco","description":"Dormir de maquiagem destr\u00f3i o col\u00e1geno e causa inflama\u00e7\u00f5es s\u00e9rias. Aprenda a rotina certa para salvar sua pele agora.","robots":{"index":"index","follow":"follow","max-snippet":"max-snippet:-1","max-image-preview":"max-image-preview:large","max-video-preview":"max-video-preview:-1"},"canonical":"https:\/\/www.em.com.br\/emfoco\/2026\/03\/13\/as-bacterias-que-se-escondem-nos-seus-cilios-quando-voce-dorme-de-maquiagem\/","og_locale":"pt_BR","og_type":"article","og_title":"As bact\u00e9rias que se escondem nos seus c\u00edlios quando voc\u00ea dorme de maquiagem - Estado de Minas - Em foco","og_description":"Dormir de maquiagem destr\u00f3i o col\u00e1geno e causa inflama\u00e7\u00f5es s\u00e9rias. Aprenda a rotina certa para salvar sua pele agora.","og_url":"https:\/\/www.em.com.br\/emfoco\/2026\/03\/13\/as-bacterias-que-se-escondem-nos-seus-cilios-quando-voce-dorme-de-maquiagem\/","og_site_name":"Estado de Minas - Em foco","article_published_time":"2026-03-13T23:45:59+00:00","article_modified_time":"2026-03-12T21:33:30+00:00","og_image":[{"width":1280,"height":720,"url":"https:\/\/www.em.com.br\/emfoco\/wp-content\/uploads\/2026\/01\/Gemini_Generated_Image_5du9r65du9r65du9-1.png","type":"image\/png"}],"author":"Daniely Cardoso","twitter_card":"summary_large_image","twitter_misc":{"Escrito por":"Daniely Cardoso","Est. tempo de leitura":"5 minutos"},"schema":{"@context":"https:\/\/schema.org","@graph":[{"@type":"WebPage","@id":"https:\/\/www.em.com.br\/emfoco\/2026\/03\/13\/as-bacterias-que-se-escondem-nos-seus-cilios-quando-voce-dorme-de-maquiagem\/","url":"https:\/\/www.em.com.br\/emfoco\/2026\/03\/13\/as-bacterias-que-se-escondem-nos-seus-cilios-quando-voce-dorme-de-maquiagem\/","name":"As bact\u00e9rias que se escondem nos seus c\u00edlios quando voc\u00ea dorme de maquiagem - Estado de Minas - Em foco","isPartOf":{"@id":"https:\/\/www.em.com.br\/emfoco\/#website"},"primaryImageOfPage":{"@id":"https:\/\/www.em.com.br\/emfoco\/2026\/03\/13\/as-bacterias-que-se-escondem-nos-seus-cilios-quando-voce-dorme-de-maquiagem\/#primaryimage"},"image":{"@id":"https:\/\/www.em.com.br\/emfoco\/2026\/03\/13\/as-bacterias-que-se-escondem-nos-seus-cilios-quando-voce-dorme-de-maquiagem\/#primaryimage"},"thumbnailUrl":"https:\/\/www.em.com.br\/emfoco\/wp-content\/uploads\/2026\/01\/Gemini_Generated_Image_5du9r65du9r65du9-1.png","datePublished":"2026-03-13T23:45:59+00:00","dateModified":"2026-03-12T21:33:30+00:00","author":{"@id":"https:\/\/www.em.com.br\/emfoco\/#\/schema\/person\/0a8186d72f2c3a5c6276d90b41f271a0"},"description":"Dormir de maquiagem destr\u00f3i o col\u00e1geno e causa inflama\u00e7\u00f5es s\u00e9rias. Aprenda a rotina certa para salvar sua pele agora.","breadcrumb":{"@id":"https:\/\/www.em.com.br\/emfoco\/2026\/03\/13\/as-bacterias-que-se-escondem-nos-seus-cilios-quando-voce-dorme-de-maquiagem\/#breadcrumb"},"inLanguage":"pt-BR","potentialAction":[{"@type":"ReadAction","target":["https:\/\/www.em.com.br\/emfoco\/2026\/03\/13\/as-bacterias-que-se-escondem-nos-seus-cilios-quando-voce-dorme-de-maquiagem\/"]}]},{"@type":"ImageObject","inLanguage":"pt-BR","@id":"https:\/\/www.em.com.br\/emfoco\/2026\/03\/13\/as-bacterias-que-se-escondem-nos-seus-cilios-quando-voce-dorme-de-maquiagem\/#primaryimage","url":"https:\/\/www.em.com.br\/emfoco\/wp-content\/uploads\/2026\/01\/Gemini_Generated_Image_5du9r65du9r65du9-1.png","contentUrl":"https:\/\/www.em.com.br\/emfoco\/wp-content\/uploads\/2026\/01\/Gemini_Generated_Image_5du9r65du9r65du9-1.png","width":1280,"height":720,"caption":"Tamb\u00e9m d\u00e1 para aumentar a boca usando sombra como aliada"},{"@type":"BreadcrumbList","@id":"https:\/\/www.em.com.br\/emfoco\/2026\/03\/13\/as-bacterias-que-se-escondem-nos-seus-cilios-quando-voce-dorme-de-maquiagem\/#breadcrumb","itemListElement":[{"@type":"ListItem","position":1,"name":"In\u00edcio","item":"https:\/\/www.em.com.br\/emfoco\/"},{"@type":"ListItem","position":2,"name":"As bact\u00e9rias que se escondem nos seus c\u00edlios quando voc\u00ea dorme de maquiagem"}]},{"@type":"WebSite","@id":"https:\/\/www.em.com.br\/emfoco\/#website","url":"https:\/\/www.em.com.br\/emfoco\/","name":"Estado de Minas - Em foco","description":"Acompanhe as \u00faltimas not\u00edcias e fique bem informado sobre tudo o que acontece em Minas Gerais, Brasil e no mundo.","potentialAction":[{"@type":"SearchAction","target":{"@type":"EntryPoint","urlTemplate":"https:\/\/www.em.com.br\/emfoco\/?s={search_term_string}"},"query-input":{"@type":"PropertyValueSpecification","valueRequired":true,"valueName":"search_term_string"}}],"inLanguage":"pt-BR"},{"@type":"Person","@id":"https:\/\/www.em.com.br\/emfoco\/#\/schema\/person\/0a8186d72f2c3a5c6276d90b41f271a0","name":"Daniely Cardoso","image":{"@type":"ImageObject","inLanguage":"pt-BR","@id":"https:\/\/www.em.com.br\/emfoco\/#\/schema\/person\/image\/","url":"https:\/\/secure.gravatar.com\/avatar\/4b80ddbd124d1f071b626d52d62e5dff?s=96&d=mm&r=g","contentUrl":"https:\/\/secure.gravatar.com\/avatar\/4b80ddbd124d1f071b626d52d62e5dff?s=96&d=mm&r=g","caption":"Daniely Cardoso"},"url":"https:\/\/www.em.com.br\/emfoco\/author\/danielymyth\/"}]}},"_links":{"self":[{"href":"https:\/\/www.em.com.br\/emfoco\/wp-json\/wp\/v2\/posts\/180943","targetHints":{"allow":["GET"]}}],"collection":[{"href":"https:\/\/www.em.com.br\/emfoco\/wp-json\/wp\/v2\/posts"}],"about":[{"href":"https:\/\/www.em.com.br\/emfoco\/wp-json\/wp\/v2\/types\/post"}],"author":[{"embeddable":true,"href":"https:\/\/www.em.com.br\/emfoco\/wp-json\/wp\/v2\/users\/9"}],"replies":[{"embeddable":true,"href":"https:\/\/www.em.com.br\/emfoco\/wp-json\/wp\/v2\/comments?post=180943"}],"version-history":[{"count":2,"href":"https:\/\/www.em.com.br\/emfoco\/wp-json\/wp\/v2\/posts\/180943\/revisions"}],"predecessor-version":[{"id":180973,"href":"https:\/\/www.em.com.br\/emfoco\/wp-json\/wp\/v2\/posts\/180943\/revisions\/180973"}],"wp:featuredmedia":[{"embeddable":true,"href":"https:\/\/www.em.com.br\/emfoco\/wp-json\/wp\/v2\/media\/150877"}],"wp:attachment":[{"href":"https:\/\/www.em.com.br\/emfoco\/wp-json\/wp\/v2\/media?parent=180943"}],"wp:term":[{"taxonomy":"category","embeddable":true,"href":"https:\/\/www.em.com.br\/emfoco\/wp-json\/wp\/v2\/categories?post=180943"},{"taxonomy":"post_tag","embeddable":true,"href":"https:\/\/www.em.com.br\/emfoco\/wp-json\/wp\/v2\/tags?post=180943"}],"curies":[{"name":"wp","href":"https:\/\/api.w.org\/{rel}","templated":true}]}}