{"id":180942,"date":"2026-03-13T19:45:53","date_gmt":"2026-03-13T22:45:53","guid":{"rendered":"https:\/\/www.em.com.br\/emfoco\/?p=180942"},"modified":"2026-03-12T18:14:03","modified_gmt":"2026-03-12T21:14:03","slug":"o-pensador-mais-influente-do-mundo-que-morreu-sem-escrever-uma-unica-linha","status":"publish","type":"post","link":"https:\/\/www.em.com.br\/emfoco\/2026\/03\/13\/o-pensador-mais-influente-do-mundo-que-morreu-sem-escrever-uma-unica-linha\/","title":{"rendered":"O pensador mais influente do mundo que morreu sem escrever uma \u00fanica linha"},"content":{"rendered":"\n<p>Imagine algu\u00e9m que nunca escreveu uma linha sequer e, mesmo assim, ainda hoje \u00e9 citado em debates sobre \u00e9tica, pol\u00edtica e educa\u00e7\u00e3o. Esse algu\u00e9m \u00e9 <strong>S\u00f3crates<\/strong>, presen\u00e7a marcante nas ruas de Atenas e nas p\u00e1ginas da filosofia, cuja voz ecoa at\u00e9 2026 gra\u00e7as \u00e0 for\u00e7a de seus di\u00e1logos e ao trabalho de seus disc\u00edpulos que registraram suas ideias.<\/p>\n\n\n\n<h2 class=\"wp-block-heading\">Por que S\u00f3crates decidiu n\u00e3o escrever seus pr\u00f3prios pensamentos<\/h2>\n\n\n\n<p>Para muitos estudiosos, <strong>S\u00f3crates<\/strong> via a escrita como algo limitado para o tipo de conversa profunda que ele buscava. Ele valorizava o encontro cara a cara, a troca viva de perguntas e respostas, onde cada obje\u00e7\u00e3o podia ser explorada e cada argumento podia ser <strong>reformulado<\/strong> na hora.<\/p>\n\n\n\n<p>Relatos apontam que ele desconfiava do impacto da escrita sobre a <strong>mem\u00f3ria<\/strong> e sobre o jeito de aprender. Um texto pode dar a sensa\u00e7\u00e3o de conhecimento pronto, sem exigir esfor\u00e7o real de reflex\u00e3o, enquanto a conversa obriga a pensar, a se expor e a revisar cren\u00e7as de forma <strong>ativa<\/strong> e constante.<\/p>\n\n\n\n<figure class=\"wp-block-embed is-type-rich is-provider-pinterest wp-block-embed-pinterest\"><div class=\"wp-block-embed__wrapper\">\n<iframe loading=\"lazy\" title=\"Was Socrates REALLY guilty of his charges?\" src=\"https:\/\/assets.pinterest.com\/ext\/embed.html?id=330662797659175240&#038;src=oembed\" height=\"709\" width=\"450\" frameborder=\"0\" scrolling=\"no\" ><\/iframe>\n<\/div><\/figure>\n\n\n\n<p>Leia tamb\u00e9m:&nbsp;<a href=\"https:\/\/www.em.com.br\/emfoco\/2026\/02\/15\/alem-dos-8-848-metros-descubra-por-que-a-altura-do-everest-nunca-para-de-mudar\/\" target=\"_blank\" rel=\"noopener\">Al\u00e9m dos 8.848 metros: descubra por que a altura do Everest nunca para de mudar<\/a><\/p>\n\n\n\n<h2 class=\"wp-block-heading\">Como funcionava a filosofia oral e o m\u00e9todo da mai\u00eautica<\/h2>\n\n\n\n<p>A palavra-chave aqui \u00e9 <strong>mai\u00eautica<\/strong>, o famoso m\u00e9todo associado a S\u00f3crates, em que ele \u201cajudava a nascer\u201d ideias por meio de perguntas sucessivas. Em vez de entregar respostas prontas, ele levava a pessoa a perceber contradi\u00e7\u00f5es e a reconstruir o que pensava com mais <strong>clareza<\/strong> e honestidade.<\/p>\n\n\n\n<p>Cada di\u00e1logo era \u00fanico, moldado pelo contexto, pela personalidade do interlocutor e pelo tema em jogo, como justi\u00e7a, coragem ou pol\u00edtica. Esse jeito oral e flex\u00edvel de filosofar, que cabia nas ruas de <strong>Atenas<\/strong> e cabe hoje em salas de aula, virou um modelo duradouro de investiga\u00e7\u00e3o cr\u00edtica e conversa <strong>profunda<\/strong>.<\/p>\n\n\n\n<ul class=\"wp-block-list\">\n<li><strong>Perguntas em cadeia:<\/strong> questionar defini\u00e7\u00f5es, pedir exemplos e testar a coer\u00eancia das ideias expostas.<\/li>\n\n\n\n<li><strong>Exposi\u00e7\u00e3o de contradi\u00e7\u00f5es:<\/strong> mostrar com calma onde certas opini\u00f5es n\u00e3o se sustentam na pr\u00e1tica.<\/li>\n\n\n\n<li><strong>Reconhecimento da ignor\u00e2ncia:<\/strong> admitir o que n\u00e3o se sabe para poder continuar aprendendo.<\/li>\n\n\n\n<li><strong>Busca por defini\u00e7\u00f5es gerais:<\/strong> tentar entender o que conceitos como justi\u00e7a significam de forma ampla.<\/li>\n<\/ul>\n\n\n\n<p>Para voc\u00ea que gosta de hist\u00f3rias, separamos um v\u00eddeo do canal do <a href=\"https:\/\/www.youtube.com\/c\/Hist%C3%B3riadomundoyt\" target=\"_blank\" rel=\"noreferrer noopener\">Prof. Pedro<\/a> com a hist\u00f3ria do s\u00f3crates:<\/p>\n\n\n\n<figure class=\"wp-block-embed is-type-video is-provider-youtube wp-block-embed-youtube wp-embed-aspect-16-9 wp-has-aspect-ratio\"><div class=\"wp-block-embed__wrapper\">\n<div class=\"jeg_video_container jeg_video_content\"><iframe loading=\"lazy\" title=\"QUEM FOI S\u00d3CRATES? | A HIST\u00d3RIA E SEUS PENSAMENTOS\" width=\"500\" height=\"281\" src=\"https:\/\/www.youtube.com\/embed\/ctHpEaKgbEI?feature=oembed\" frameborder=\"0\" allow=\"accelerometer; autoplay; clipboard-write; encrypted-media; gyroscope; picture-in-picture; web-share\" referrerpolicy=\"strict-origin-when-cross-origin\" allowfullscreen><\/iframe><\/div>\n<\/div><\/figure>\n\n\n\n<h2 class=\"wp-block-heading\">Como as ideias de S\u00f3crates sobreviveram sem textos pr\u00f3prios<\/h2>\n\n\n\n<p>A for\u00e7a de <strong>S\u00f3crates<\/strong> est\u00e1 ligada aos registros deixados por quem conviveu com ele, principalmente Plat\u00e3o. Em muitos di\u00e1logos plat\u00f4nicos, ele aparece como personagem central, conversando com jovens, pol\u00edticos e pensadores, o que transformou suas falas em textos que atravessaram <strong>s\u00e9culos<\/strong>.<\/p>\n\n\n\n<p>Xenofonte tamb\u00e9m escreveu mem\u00f3rias e relatos, oferecendo outra vis\u00e3o, mais pr\u00e1tica, sobre o fil\u00f3sofo. Depois, autores como <strong>Arist\u00f3teles<\/strong> comentaram seu foco na \u00e9tica e na busca por defini\u00e7\u00f5es gerais, ajudando a misturar dados hist\u00f3ricos e interpreta\u00e7\u00f5es, o que torna sua figura t\u00e3o rica e, ao mesmo tempo, um pouco <strong>enigm\u00e1tica<\/strong>.<\/p>\n\n\n\n<ol class=\"wp-block-list\">\n<li><strong>Experi\u00eancia oral em Atenas:<\/strong> conversas di\u00e1rias em pra\u00e7as, ruas e espa\u00e7os p\u00fablicos variados.<\/li>\n\n\n\n<li><strong>Registro por disc\u00edpulos:<\/strong> di\u00e1logos filos\u00f3ficos de Plat\u00e3o e mem\u00f3rias de Xenofonte.<\/li>\n\n\n\n<li><strong>Debates posteriores:<\/strong> an\u00e1lises de Arist\u00f3teles e de pensadores de escolas helen\u00edsticas.<\/li>\n\n\n\n<li><strong>Tradi\u00e7\u00e3o ocidental:<\/strong> ado\u00e7\u00e3o do questionamento socr\u00e1tico em diversos campos do saber.<\/li>\n<\/ol>\n\n\n\n<figure class=\"wp-block-embed is-type-rich is-provider-pinterest wp-block-embed-pinterest\"><div class=\"wp-block-embed__wrapper\">\n<iframe loading=\"lazy\" title=\" \" src=\"https:\/\/assets.pinterest.com\/ext\/embed.html?id=3870349673511544&#038;src=oembed\" height=\"899\" width=\"450\" frameborder=\"0\" scrolling=\"no\" ><\/iframe>\n<\/div><\/figure>\n\n\n\n<h2 class=\"wp-block-heading\">Por que o pensamento de S\u00f3crates ainda influencia a vida em 2026<\/h2>\n\n\n\n<p>O legado de <strong>S\u00f3crates<\/strong> aparece na filosofia, na educa\u00e7\u00e3o, no direito e at\u00e9 em conversas cotidianas sobre como viver melhor. Seu jeito de questionar autoridades, leis e costumes inspira quem busca uma postura cr\u00edtica diante do poder e valoriza a ideia de uma vida mais <strong>examinada<\/strong> e consciente.<\/p>\n\n\n\n<p>Na escola, o \u201cm\u00e9todo socr\u00e1tico\u201d inspira aulas baseadas em perguntas, roda de conversa e debate, n\u00e3o s\u00f3 em exposi\u00e7\u00e3o de conte\u00fado. Em tribunais, alguns profissionais citam sua forma de interrogar e analisar <strong>argumentos<\/strong>; nas ci\u00eancias humanas, seu nome est\u00e1 ligado \u00e0 reflex\u00e3o \u00e9tica sobre nossas a\u00e7\u00f5es, mostrando que filosofia \u00e9 pr\u00e1tica viva, feita de di\u00e1logo, d\u00favida e busca por maior <strong>lucidez<\/strong>.<\/p>\n","protected":false},"excerpt":{"rendered":"<p>Imagine algu\u00e9m que nunca escreveu uma linha sequer e, mesmo assim, ainda hoje \u00e9 citado em debates sobre \u00e9tica, pol\u00edtica e educa\u00e7\u00e3o. Esse algu\u00e9m \u00e9 S\u00f3crates, presen\u00e7a marcante nas ruas de Atenas e nas p\u00e1ginas da filosofia, cuja voz ecoa at\u00e9 2026 gra\u00e7as \u00e0 for\u00e7a de seus di\u00e1logos e ao trabalho de seus disc\u00edpulos que [&hellip;]<\/p>\n","protected":false},"author":9,"featured_media":180963,"comment_status":"open","ping_status":"open","sticky":false,"template":"","format":"standard","meta":{"jnews-multi-image_gallery":[],"jnews_single_post":{"format":"standard"},"jnews_primary_category":[],"jnews_social_meta":[],"jnews_override_counter":[],"footnotes":""},"categories":[8819,1],"tags":[9518,232,26115],"class_list":["post-180942","post","type-post","status-publish","format-standard","has-post-thumbnail","hentry","category-curiosidades","category-noticias","tag-filosofia","tag-livros","tag-socrates"],"yoast_head":"<!-- This site is optimized with the Yoast SEO plugin v23.8 - https:\/\/yoast.com\/wordpress\/plugins\/seo\/ -->\n<title>O pensador mais influente do mundo que morreu sem escrever uma \u00fanica linha - Estado de Minas - Em foco<\/title>\n<meta name=\"description\" content=\"Entenda por que S\u00f3crates nunca escreveu livros e como seu m\u00e9todo de perguntas revoluciona a educa\u00e7\u00e3o at\u00e9 2026.\" \/>\n<meta name=\"robots\" content=\"index, follow, max-snippet:-1, max-image-preview:large, max-video-preview:-1\" \/>\n<link rel=\"canonical\" href=\"https:\/\/www.em.com.br\/emfoco\/2026\/03\/13\/o-pensador-mais-influente-do-mundo-que-morreu-sem-escrever-uma-unica-linha\/\" \/>\n<meta property=\"og:locale\" content=\"pt_BR\" \/>\n<meta property=\"og:type\" content=\"article\" \/>\n<meta property=\"og:title\" content=\"O pensador mais influente do mundo que morreu sem escrever uma \u00fanica linha - Estado de Minas - Em foco\" \/>\n<meta property=\"og:description\" content=\"Entenda por que S\u00f3crates nunca escreveu livros e como seu m\u00e9todo de perguntas revoluciona a educa\u00e7\u00e3o at\u00e9 2026.\" \/>\n<meta property=\"og:url\" content=\"https:\/\/www.em.com.br\/emfoco\/2026\/03\/13\/o-pensador-mais-influente-do-mundo-que-morreu-sem-escrever-uma-unica-linha\/\" \/>\n<meta property=\"og:site_name\" content=\"Estado de Minas - Em foco\" \/>\n<meta property=\"article:published_time\" content=\"2026-03-13T22:45:53+00:00\" \/>\n<meta property=\"article:modified_time\" content=\"2026-03-12T21:14:03+00:00\" \/>\n<meta property=\"og:image\" content=\"https:\/\/www.em.com.br\/emfoco\/wp-content\/uploads\/2026\/03\/socrates_1773350016151.jpg\" \/>\n\t<meta property=\"og:image:width\" content=\"1280\" \/>\n\t<meta property=\"og:image:height\" content=\"720\" \/>\n\t<meta property=\"og:image:type\" content=\"image\/jpeg\" \/>\n<meta name=\"author\" content=\"Daniely Cardoso\" \/>\n<meta name=\"twitter:card\" content=\"summary_large_image\" \/>\n<meta name=\"twitter:label1\" content=\"Escrito por\" \/>\n\t<meta name=\"twitter:data1\" content=\"Daniely Cardoso\" \/>\n\t<meta name=\"twitter:label2\" content=\"Est. tempo de leitura\" \/>\n\t<meta name=\"twitter:data2\" content=\"4 minutos\" \/>\n<!-- \/ Yoast SEO plugin. -->","yoast_head_json":{"title":"O pensador mais influente do mundo que morreu sem escrever uma \u00fanica linha - Estado de Minas - Em foco","description":"Entenda por que S\u00f3crates nunca escreveu livros e como seu m\u00e9todo de perguntas revoluciona a educa\u00e7\u00e3o at\u00e9 2026.","robots":{"index":"index","follow":"follow","max-snippet":"max-snippet:-1","max-image-preview":"max-image-preview:large","max-video-preview":"max-video-preview:-1"},"canonical":"https:\/\/www.em.com.br\/emfoco\/2026\/03\/13\/o-pensador-mais-influente-do-mundo-que-morreu-sem-escrever-uma-unica-linha\/","og_locale":"pt_BR","og_type":"article","og_title":"O pensador mais influente do mundo que morreu sem escrever uma \u00fanica linha - Estado de Minas - Em foco","og_description":"Entenda por que S\u00f3crates nunca escreveu livros e como seu m\u00e9todo de perguntas revoluciona a educa\u00e7\u00e3o at\u00e9 2026.","og_url":"https:\/\/www.em.com.br\/emfoco\/2026\/03\/13\/o-pensador-mais-influente-do-mundo-que-morreu-sem-escrever-uma-unica-linha\/","og_site_name":"Estado de Minas - Em foco","article_published_time":"2026-03-13T22:45:53+00:00","article_modified_time":"2026-03-12T21:14:03+00:00","og_image":[{"width":1280,"height":720,"url":"https:\/\/www.em.com.br\/emfoco\/wp-content\/uploads\/2026\/03\/socrates_1773350016151.jpg","type":"image\/jpeg"}],"author":"Daniely Cardoso","twitter_card":"summary_large_image","twitter_misc":{"Escrito por":"Daniely Cardoso","Est. tempo de leitura":"4 minutos"},"schema":{"@context":"https:\/\/schema.org","@graph":[{"@type":"WebPage","@id":"https:\/\/www.em.com.br\/emfoco\/2026\/03\/13\/o-pensador-mais-influente-do-mundo-que-morreu-sem-escrever-uma-unica-linha\/","url":"https:\/\/www.em.com.br\/emfoco\/2026\/03\/13\/o-pensador-mais-influente-do-mundo-que-morreu-sem-escrever-uma-unica-linha\/","name":"O pensador mais influente do mundo que morreu sem escrever uma \u00fanica linha - Estado de Minas - Em foco","isPartOf":{"@id":"https:\/\/www.em.com.br\/emfoco\/#website"},"primaryImageOfPage":{"@id":"https:\/\/www.em.com.br\/emfoco\/2026\/03\/13\/o-pensador-mais-influente-do-mundo-que-morreu-sem-escrever-uma-unica-linha\/#primaryimage"},"image":{"@id":"https:\/\/www.em.com.br\/emfoco\/2026\/03\/13\/o-pensador-mais-influente-do-mundo-que-morreu-sem-escrever-uma-unica-linha\/#primaryimage"},"thumbnailUrl":"https:\/\/www.em.com.br\/emfoco\/wp-content\/uploads\/2026\/03\/socrates_1773350016151.jpg","datePublished":"2026-03-13T22:45:53+00:00","dateModified":"2026-03-12T21:14:03+00:00","author":{"@id":"https:\/\/www.em.com.br\/emfoco\/#\/schema\/person\/0a8186d72f2c3a5c6276d90b41f271a0"},"description":"Entenda por que S\u00f3crates nunca escreveu livros e como seu m\u00e9todo de perguntas revoluciona a educa\u00e7\u00e3o at\u00e9 2026.","breadcrumb":{"@id":"https:\/\/www.em.com.br\/emfoco\/2026\/03\/13\/o-pensador-mais-influente-do-mundo-que-morreu-sem-escrever-uma-unica-linha\/#breadcrumb"},"inLanguage":"pt-BR","potentialAction":[{"@type":"ReadAction","target":["https:\/\/www.em.com.br\/emfoco\/2026\/03\/13\/o-pensador-mais-influente-do-mundo-que-morreu-sem-escrever-uma-unica-linha\/"]}]},{"@type":"ImageObject","inLanguage":"pt-BR","@id":"https:\/\/www.em.com.br\/emfoco\/2026\/03\/13\/o-pensador-mais-influente-do-mundo-que-morreu-sem-escrever-uma-unica-linha\/#primaryimage","url":"https:\/\/www.em.com.br\/emfoco\/wp-content\/uploads\/2026\/03\/socrates_1773350016151.jpg","contentUrl":"https:\/\/www.em.com.br\/emfoco\/wp-content\/uploads\/2026\/03\/socrates_1773350016151.jpg","width":1280,"height":720,"caption":"Para muitos estudiosos, S\u00f3crates via a escrita como algo limitado para o tipo de conversa profunda que ele buscava - Cr\u00e9ditos: depositphotos.com \/ jorisvo"},{"@type":"BreadcrumbList","@id":"https:\/\/www.em.com.br\/emfoco\/2026\/03\/13\/o-pensador-mais-influente-do-mundo-que-morreu-sem-escrever-uma-unica-linha\/#breadcrumb","itemListElement":[{"@type":"ListItem","position":1,"name":"In\u00edcio","item":"https:\/\/www.em.com.br\/emfoco\/"},{"@type":"ListItem","position":2,"name":"O pensador mais influente do mundo que morreu sem escrever uma \u00fanica linha"}]},{"@type":"WebSite","@id":"https:\/\/www.em.com.br\/emfoco\/#website","url":"https:\/\/www.em.com.br\/emfoco\/","name":"Estado de Minas - Em foco","description":"Acompanhe as \u00faltimas not\u00edcias e fique bem informado sobre tudo o que acontece em Minas Gerais, Brasil e no mundo.","potentialAction":[{"@type":"SearchAction","target":{"@type":"EntryPoint","urlTemplate":"https:\/\/www.em.com.br\/emfoco\/?s={search_term_string}"},"query-input":{"@type":"PropertyValueSpecification","valueRequired":true,"valueName":"search_term_string"}}],"inLanguage":"pt-BR"},{"@type":"Person","@id":"https:\/\/www.em.com.br\/emfoco\/#\/schema\/person\/0a8186d72f2c3a5c6276d90b41f271a0","name":"Daniely Cardoso","image":{"@type":"ImageObject","inLanguage":"pt-BR","@id":"https:\/\/www.em.com.br\/emfoco\/#\/schema\/person\/image\/","url":"https:\/\/secure.gravatar.com\/avatar\/4b80ddbd124d1f071b626d52d62e5dff?s=96&d=mm&r=g","contentUrl":"https:\/\/secure.gravatar.com\/avatar\/4b80ddbd124d1f071b626d52d62e5dff?s=96&d=mm&r=g","caption":"Daniely Cardoso"},"url":"https:\/\/www.em.com.br\/emfoco\/author\/danielymyth\/"}]}},"_links":{"self":[{"href":"https:\/\/www.em.com.br\/emfoco\/wp-json\/wp\/v2\/posts\/180942","targetHints":{"allow":["GET"]}}],"collection":[{"href":"https:\/\/www.em.com.br\/emfoco\/wp-json\/wp\/v2\/posts"}],"about":[{"href":"https:\/\/www.em.com.br\/emfoco\/wp-json\/wp\/v2\/types\/post"}],"author":[{"embeddable":true,"href":"https:\/\/www.em.com.br\/emfoco\/wp-json\/wp\/v2\/users\/9"}],"replies":[{"embeddable":true,"href":"https:\/\/www.em.com.br\/emfoco\/wp-json\/wp\/v2\/comments?post=180942"}],"version-history":[{"count":2,"href":"https:\/\/www.em.com.br\/emfoco\/wp-json\/wp\/v2\/posts\/180942\/revisions"}],"predecessor-version":[{"id":180964,"href":"https:\/\/www.em.com.br\/emfoco\/wp-json\/wp\/v2\/posts\/180942\/revisions\/180964"}],"wp:featuredmedia":[{"embeddable":true,"href":"https:\/\/www.em.com.br\/emfoco\/wp-json\/wp\/v2\/media\/180963"}],"wp:attachment":[{"href":"https:\/\/www.em.com.br\/emfoco\/wp-json\/wp\/v2\/media?parent=180942"}],"wp:term":[{"taxonomy":"category","embeddable":true,"href":"https:\/\/www.em.com.br\/emfoco\/wp-json\/wp\/v2\/categories?post=180942"},{"taxonomy":"post_tag","embeddable":true,"href":"https:\/\/www.em.com.br\/emfoco\/wp-json\/wp\/v2\/tags?post=180942"}],"curies":[{"name":"wp","href":"https:\/\/api.w.org\/{rel}","templated":true}]}}